{"id":1,"date":"2016-11-07T07:30:34","date_gmt":"2016-11-07T06:30:34","guid":{"rendered":"http:\/\/s246674822.mialojamiento.es\/?p=1"},"modified":"2018-03-29T23:43:51","modified_gmt":"2018-03-29T21:43:51","slug":"hola-mundo","status":"publish","type":"post","link":"https:\/\/blog.redeacampa.org\/es\/hola-mundo\/","title":{"rendered":"Rescatemos #NuestroMediterr\u00e1neo"},"content":{"rendered":"<p>[et_pb_section bb_built=\u00bb1&#8243; admin_label=\u00bbsection\u00bb][et_pb_row admin_label=\u00bbrow\u00bb background_position=\u00bbtop_left\u00bb background_repeat=\u00bbrepeat\u00bb background_size=\u00bbinitial\u00bb][et_pb_column type=\u00bb4_4&#8243;][et_pb_text background_layout=\u00bblight\u00bb text_orientation=\u00bbleft\u00bb use_border_color=\u00bboff\u00bb border_color=\u00bb#ffffff\u00bb border_style=\u00bbsolid\u00bb background_position=\u00bbtop_left\u00bb background_repeat=\u00bbrepeat\u00bb background_size=\u00bbinitial\u00bb _builder_version=\u00bb3.0.106&#8243;]<\/p>\n<p>Una orquesta da un concierto sorpresa en un parque.<br \/>\nPoco a poco muchas personas se acercan atra\u00eddas por una melod\u00eda conocida por todos; el &#8216;Mediterr\u00e1neo&#8217; de Serrat.<\/p>\n<p>[\/et_pb_text][et_pb_video src=\u00bbhttps:\/\/youtu.be\/PMdjF3DSEnY\u00bb]<br \/>\n[\/et_pb_video][et_pb_text background_layout=\u00bblight\u00bb text_orientation=\u00bbleft\u00bb use_border_color=\u00bboff\u00bb border_color=\u00bb#ffffff\u00bb border_style=\u00bbsolid\u00bb background_position=\u00bbtop_left\u00bb background_repeat=\u00bbrepeat\u00bb background_size=\u00bbinitial\u00bb _builder_version=\u00bb3.0.106&#8243;]<\/p>\n<p>Comparte Comisi\u00f3n Espa\u00f1ola de Ayuda al Refugiado.<\/p>\n<p>[\/et_pb_text][\/et_pb_column][\/et_pb_row][\/et_pb_section]<\/p>\n","protected":false},"excerpt":{"rendered":"<p>Una orquesta da un concierto sorpresa en un parque. Poco a poco muchas personas se acercan atra\u00eddas por una melod\u00eda conocida por todos; el &#8216;Mediterr\u00e1neo&#8217; de Serrat. Comparte Comisi\u00f3n Espa\u00f1ola de Ayuda al Refugiado.<\/p>\n","protected":false},"author":1,"featured_media":0,"comment_status":"open","ping_status":"open","sticky":false,"template":"","format":"standard","meta":{"_et_pb_use_builder":"on","_et_pb_old_content":"<p>Una orquesta da un concierto sorpresa en un parque.<br \/> Poco a poco muchas personas se acercan atra\u00eddas por una melod\u00eda conocida por todos; el 'Mediterr\u00e1neo' de Serrat.<br \/> Comparte Comisi\u00f3n Espa\u00f1ola de Ayuda al Refugiado.<\/p><p><iframe width=\"1280\" height=\"720\" src=\"https:\/\/www.youtube.com\/embed\/PMdjF3DSEnY?rel=0&showinfo=0\" frameborder=\"0\" allowfullscreen><\/iframe><\/p><p>\u00a0<\/p>","_et_gb_content_width":"","inline_featured_image":false,"footnotes":""},"categories":[7],"tags":[9,10],"class_list":["post-1","post","type-post","status-publish","format-standard","hentry","category-noticias","tag-sensibilizacion","tag-video"],"yoast_head":"<!-- This site is optimized with the Yoast SEO plugin v27.4 - https:\/\/yoast.com\/product\/yoast-seo-wordpress\/ -->\n<title>Rescatemos #NuestroMediterr\u00e1neo | Rede Acampa - Pola paz e o dereito a refuxio<\/title>\n<meta name=\"robots\" content=\"index, follow, max-snippet:-1, max-image-preview:large, max-video-preview:-1\" \/>\n<link rel=\"canonical\" href=\"https:\/\/blog.redeacampa.org\/es\/hola-mundo\/\" \/>\n<meta property=\"og:locale\" content=\"es_ES\" \/>\n<meta property=\"og:type\" content=\"article\" \/>\n<meta property=\"og:title\" content=\"Rescatemos #NuestroMediterr\u00e1neo | Rede Acampa - Pola paz e o dereito a refuxio\" \/>\n<meta property=\"og:description\" content=\"Una orquesta da un concierto sorpresa en un parque. Poco a poco muchas personas se acercan atra\u00eddas por una melod\u00eda conocida por todos; el &#039;Mediterr\u00e1neo&#039; de Serrat. Comparte Comisi\u00f3n Espa\u00f1ola de Ayuda al Refugiado.\" \/>\n<meta property=\"og:url\" content=\"https:\/\/blog.redeacampa.org\/es\/hola-mundo\/\" \/>\n<meta property=\"og:site_name\" content=\"Rede Acampa - Pola paz e o dereito a refuxio\" \/>\n<meta property=\"article:publisher\" content=\"https:\/\/www.facebook.com\/acampapolapazeodereitoarefuxio\" \/>\n<meta property=\"article:published_time\" content=\"2016-11-07T06:30:34+00:00\" \/>\n<meta property=\"article:modified_time\" content=\"2018-03-29T21:43:51+00:00\" \/>\n<meta name=\"author\" content=\"Acampa\" \/>\n<meta name=\"twitter:card\" content=\"summary_large_image\" \/>\n<meta name=\"twitter:creator\" content=\"@Acampa_polapaz\" \/>\n<meta name=\"twitter:site\" content=\"@Acampa_polapaz\" \/>\n<meta name=\"twitter:label1\" content=\"Escrito por\" \/>\n\t<meta name=\"twitter:data1\" content=\"Acampa\" \/>\n\t<meta name=\"twitter:label2\" content=\"Tiempo de lectura\" \/>\n\t<meta name=\"twitter:data2\" content=\"1 minuto\" \/>\n<script type=\"application\/ld+json\" class=\"yoast-schema-graph\">{\"@context\":\"https:\\\/\\\/schema.org\",\"@graph\":[{\"@type\":\"Article\",\"@id\":\"https:\\\/\\\/blog.redeacampa.org\\\/es\\\/hola-mundo\\\/#article\",\"isPartOf\":{\"@id\":\"https:\\\/\\\/blog.redeacampa.org\\\/es\\\/hola-mundo\\\/\"},\"author\":{\"name\":\"Acampa\",\"@id\":\"https:\\\/\\\/blog.redeacampa.org\\\/es\\\/#\\\/schema\\\/person\\\/e0116deb18c46c82878269ac5c9b67af\"},\"headline\":\"Rescatemos #NuestroMediterr\u00e1neo\",\"datePublished\":\"2016-11-07T06:30:34+00:00\",\"dateModified\":\"2018-03-29T21:43:51+00:00\",\"mainEntityOfPage\":{\"@id\":\"https:\\\/\\\/blog.redeacampa.org\\\/es\\\/hola-mundo\\\/\"},\"wordCount\":159,\"commentCount\":0,\"keywords\":[\"Sensibilizaci\u00f3n\",\"V\u00eddeo\"],\"articleSection\":[\"Noticias\"],\"inLanguage\":\"es\",\"potentialAction\":[{\"@type\":\"CommentAction\",\"name\":\"Comment\",\"target\":[\"https:\\\/\\\/blog.redeacampa.org\\\/es\\\/hola-mundo\\\/#respond\"]}]},{\"@type\":\"WebPage\",\"@id\":\"https:\\\/\\\/blog.redeacampa.org\\\/es\\\/hola-mundo\\\/\",\"url\":\"https:\\\/\\\/blog.redeacampa.org\\\/es\\\/hola-mundo\\\/\",\"name\":\"Rescatemos #NuestroMediterr\u00e1neo | Rede Acampa - Pola paz e o dereito a refuxio\",\"isPartOf\":{\"@id\":\"https:\\\/\\\/blog.redeacampa.org\\\/es\\\/#website\"},\"datePublished\":\"2016-11-07T06:30:34+00:00\",\"dateModified\":\"2018-03-29T21:43:51+00:00\",\"author\":{\"@id\":\"https:\\\/\\\/blog.redeacampa.org\\\/es\\\/#\\\/schema\\\/person\\\/e0116deb18c46c82878269ac5c9b67af\"},\"breadcrumb\":{\"@id\":\"https:\\\/\\\/blog.redeacampa.org\\\/es\\\/hola-mundo\\\/#breadcrumb\"},\"inLanguage\":\"es\",\"potentialAction\":[{\"@type\":\"ReadAction\",\"target\":[\"https:\\\/\\\/blog.redeacampa.org\\\/es\\\/hola-mundo\\\/\"]}]},{\"@type\":\"BreadcrumbList\",\"@id\":\"https:\\\/\\\/blog.redeacampa.org\\\/es\\\/hola-mundo\\\/#breadcrumb\",\"itemListElement\":[{\"@type\":\"ListItem\",\"position\":1,\"name\":\"Portada\",\"item\":\"https:\\\/\\\/blog.redeacampa.org\\\/es\\\/\"},{\"@type\":\"ListItem\",\"position\":2,\"name\":\"Rescatemos #NuestroMediterr\u00e1neo\"}]},{\"@type\":\"WebSite\",\"@id\":\"https:\\\/\\\/blog.redeacampa.org\\\/es\\\/#website\",\"url\":\"https:\\\/\\\/blog.redeacampa.org\\\/es\\\/\",\"name\":\"Rede Acampa - Por la paz y el derecho a refugio\",\"description\":\"Unha iniciativa cidad\u00e1 sen fins de lucro integrada por colectivos sociais, culturais, educativos, veci\u00f1ais, pol\u00edticos, sindicais, art\u00edsticos, de persoas solidarias, de instituci\u00f3ns e empresas con responsabilidade social que te\u00f1en como obxectivo a defensa dos dereitos humanos, o Dereito Internacional Humanitario e o Dereito a Refuxio.\",\"potentialAction\":[{\"@type\":\"SearchAction\",\"target\":{\"@type\":\"EntryPoint\",\"urlTemplate\":\"https:\\\/\\\/blog.redeacampa.org\\\/es\\\/?s={search_term_string}\"},\"query-input\":{\"@type\":\"PropertyValueSpecification\",\"valueRequired\":true,\"valueName\":\"search_term_string\"}}],\"inLanguage\":\"es\"},{\"@type\":\"Person\",\"@id\":\"https:\\\/\\\/blog.redeacampa.org\\\/es\\\/#\\\/schema\\\/person\\\/e0116deb18c46c82878269ac5c9b67af\",\"name\":\"Acampa\",\"image\":{\"@type\":\"ImageObject\",\"inLanguage\":\"es\",\"@id\":\"https:\\\/\\\/secure.gravatar.com\\\/avatar\\\/d46c4a8e1596f95adc7cfd6a153300b744f3b125acc340f15588ad5b06b61bf7?s=96&d=mm&r=g\",\"url\":\"https:\\\/\\\/secure.gravatar.com\\\/avatar\\\/d46c4a8e1596f95adc7cfd6a153300b744f3b125acc340f15588ad5b06b61bf7?s=96&d=mm&r=g\",\"contentUrl\":\"https:\\\/\\\/secure.gravatar.com\\\/avatar\\\/d46c4a8e1596f95adc7cfd6a153300b744f3b125acc340f15588ad5b06b61bf7?s=96&d=mm&r=g\",\"caption\":\"Acampa\"}}]}<\/script>\n<!-- \/ Yoast SEO plugin. -->","yoast_head_json":{"title":"Rescatemos #NuestroMediterr\u00e1neo | Rede Acampa - Pola paz e o dereito a refuxio","robots":{"index":"index","follow":"follow","max-snippet":"max-snippet:-1","max-image-preview":"max-image-preview:large","max-video-preview":"max-video-preview:-1"},"canonical":"https:\/\/blog.redeacampa.org\/es\/hola-mundo\/","og_locale":"es_ES","og_type":"article","og_title":"Rescatemos #NuestroMediterr\u00e1neo | Rede Acampa - Pola paz e o dereito a refuxio","og_description":"Una orquesta da un concierto sorpresa en un parque. Poco a poco muchas personas se acercan atra\u00eddas por una melod\u00eda conocida por todos; el 'Mediterr\u00e1neo' de Serrat. Comparte Comisi\u00f3n Espa\u00f1ola de Ayuda al Refugiado.","og_url":"https:\/\/blog.redeacampa.org\/es\/hola-mundo\/","og_site_name":"Rede Acampa - Pola paz e o dereito a refuxio","article_publisher":"https:\/\/www.facebook.com\/acampapolapazeodereitoarefuxio","article_published_time":"2016-11-07T06:30:34+00:00","article_modified_time":"2018-03-29T21:43:51+00:00","author":"Acampa","twitter_card":"summary_large_image","twitter_creator":"@Acampa_polapaz","twitter_site":"@Acampa_polapaz","twitter_misc":{"Escrito por":"Acampa","Tiempo de lectura":"1 minuto"},"schema":{"@context":"https:\/\/schema.org","@graph":[{"@type":"Article","@id":"https:\/\/blog.redeacampa.org\/es\/hola-mundo\/#article","isPartOf":{"@id":"https:\/\/blog.redeacampa.org\/es\/hola-mundo\/"},"author":{"name":"Acampa","@id":"https:\/\/blog.redeacampa.org\/es\/#\/schema\/person\/e0116deb18c46c82878269ac5c9b67af"},"headline":"Rescatemos #NuestroMediterr\u00e1neo","datePublished":"2016-11-07T06:30:34+00:00","dateModified":"2018-03-29T21:43:51+00:00","mainEntityOfPage":{"@id":"https:\/\/blog.redeacampa.org\/es\/hola-mundo\/"},"wordCount":159,"commentCount":0,"keywords":["Sensibilizaci\u00f3n","V\u00eddeo"],"articleSection":["Noticias"],"inLanguage":"es","potentialAction":[{"@type":"CommentAction","name":"Comment","target":["https:\/\/blog.redeacampa.org\/es\/hola-mundo\/#respond"]}]},{"@type":"WebPage","@id":"https:\/\/blog.redeacampa.org\/es\/hola-mundo\/","url":"https:\/\/blog.redeacampa.org\/es\/hola-mundo\/","name":"Rescatemos #NuestroMediterr\u00e1neo | Rede Acampa - Pola paz e o dereito a refuxio","isPartOf":{"@id":"https:\/\/blog.redeacampa.org\/es\/#website"},"datePublished":"2016-11-07T06:30:34+00:00","dateModified":"2018-03-29T21:43:51+00:00","author":{"@id":"https:\/\/blog.redeacampa.org\/es\/#\/schema\/person\/e0116deb18c46c82878269ac5c9b67af"},"breadcrumb":{"@id":"https:\/\/blog.redeacampa.org\/es\/hola-mundo\/#breadcrumb"},"inLanguage":"es","potentialAction":[{"@type":"ReadAction","target":["https:\/\/blog.redeacampa.org\/es\/hola-mundo\/"]}]},{"@type":"BreadcrumbList","@id":"https:\/\/blog.redeacampa.org\/es\/hola-mundo\/#breadcrumb","itemListElement":[{"@type":"ListItem","position":1,"name":"Portada","item":"https:\/\/blog.redeacampa.org\/es\/"},{"@type":"ListItem","position":2,"name":"Rescatemos #NuestroMediterr\u00e1neo"}]},{"@type":"WebSite","@id":"https:\/\/blog.redeacampa.org\/es\/#website","url":"https:\/\/blog.redeacampa.org\/es\/","name":"Rede Acampa - Por la paz y el derecho a refugio","description":"Unha iniciativa cidad\u00e1 sen fins de lucro integrada por colectivos sociais, culturais, educativos, veci\u00f1ais, pol\u00edticos, sindicais, art\u00edsticos, de persoas solidarias, de instituci\u00f3ns e empresas con responsabilidade social que te\u00f1en como obxectivo a defensa dos dereitos humanos, o Dereito Internacional Humanitario e o Dereito a Refuxio.","potentialAction":[{"@type":"SearchAction","target":{"@type":"EntryPoint","urlTemplate":"https:\/\/blog.redeacampa.org\/es\/?s={search_term_string}"},"query-input":{"@type":"PropertyValueSpecification","valueRequired":true,"valueName":"search_term_string"}}],"inLanguage":"es"},{"@type":"Person","@id":"https:\/\/blog.redeacampa.org\/es\/#\/schema\/person\/e0116deb18c46c82878269ac5c9b67af","name":"Acampa","image":{"@type":"ImageObject","inLanguage":"es","@id":"https:\/\/secure.gravatar.com\/avatar\/d46c4a8e1596f95adc7cfd6a153300b744f3b125acc340f15588ad5b06b61bf7?s=96&d=mm&r=g","url":"https:\/\/secure.gravatar.com\/avatar\/d46c4a8e1596f95adc7cfd6a153300b744f3b125acc340f15588ad5b06b61bf7?s=96&d=mm&r=g","contentUrl":"https:\/\/secure.gravatar.com\/avatar\/d46c4a8e1596f95adc7cfd6a153300b744f3b125acc340f15588ad5b06b61bf7?s=96&d=mm&r=g","caption":"Acampa"}}]}},"_links":{"self":[{"href":"https:\/\/blog.redeacampa.org\/es\/wp-json\/wp\/v2\/posts\/1","targetHints":{"allow":["GET"]}}],"collection":[{"href":"https:\/\/blog.redeacampa.org\/es\/wp-json\/wp\/v2\/posts"}],"about":[{"href":"https:\/\/blog.redeacampa.org\/es\/wp-json\/wp\/v2\/types\/post"}],"author":[{"embeddable":true,"href":"https:\/\/blog.redeacampa.org\/es\/wp-json\/wp\/v2\/users\/1"}],"replies":[{"embeddable":true,"href":"https:\/\/blog.redeacampa.org\/es\/wp-json\/wp\/v2\/comments?post=1"}],"version-history":[{"count":0,"href":"https:\/\/blog.redeacampa.org\/es\/wp-json\/wp\/v2\/posts\/1\/revisions"}],"wp:attachment":[{"href":"https:\/\/blog.redeacampa.org\/es\/wp-json\/wp\/v2\/media?parent=1"}],"wp:term":[{"taxonomy":"category","embeddable":true,"href":"https:\/\/blog.redeacampa.org\/es\/wp-json\/wp\/v2\/categories?post=1"},{"taxonomy":"post_tag","embeddable":true,"href":"https:\/\/blog.redeacampa.org\/es\/wp-json\/wp\/v2\/tags?post=1"}],"curies":[{"name":"wp","href":"https:\/\/api.w.org\/{rel}","templated":true}]}}