{"id":37541,"date":"2020-03-09T13:27:35","date_gmt":"2020-03-09T12:27:35","guid":{"rendered":"https:\/\/blog.redeacampa.org\/?p=37541"},"modified":"2020-03-09T13:27:35","modified_gmt":"2020-03-09T12:27:35","slug":"enxeneria-sen-fronteiras-galicia-se-suma-a-las-cerca-de-setenta-ong-colectivos-entidades-partidos-y-particulares-que-forman-la-red-acampa-pola-paz-y-el-derecho-a-refugi","status":"publish","type":"post","link":"https:\/\/blog.redeacampa.org\/es\/enxeneria-sen-fronteiras-galicia-se-suma-a-las-cerca-de-setenta-ong-colectivos-entidades-partidos-y-particulares-que-forman-la-red-acampa-pola-paz-y-el-derecho-a-refugi\/","title":{"rendered":"ENXE\u00d1ER\u00cdA SEN FRONTEIRAS GALICIA SE SUMA A LAS CERCA DE SETENTA ONG, COLECTIVOS, ENTIDADES, PARTIDOS Y PARTICULARES QUE FORMAN LA RED ACAMPA POLA PAZ Y EL DERECHO A REFUGI"},"content":{"rendered":"<ul>\n<li>ESFGalicia, con sede en A Coru\u00f1a, trabaja desde principios de los noventa en proyectos solidarios que ponen la tecnolog\u00eda al servicio del desarrollo humano.<\/li>\n<li>Esta nueva incorporaci\u00f3n coincide con la recta final de los preparativos de la cuarta edici\u00f3n que el pr\u00f3ximo mes de junio (11, 12 y 13) volver\u00e1 a acercar la ciudadan\u00eda coru\u00f1esa el drama de las personas refugiadas y migrantes. Este a\u00f1o el tema central ser\u00e1 el expolio de recursos que est\u00e1 detr\u00e1s del destrozo ambiental, la pobreza, la violencia y las guerras que obligan a las personas al desplazamiento forzoso de sus hogares y sus pa\u00edses<\/li>\n<\/ul>\n<p>La organizaci\u00f3n solidaria Enxe\u00f1er\u00eda Sen Fronteiras Galicia ( ESFGalicia) se incorpora a la red Acampa. Se suma as\u00ed a los cerca de setenta colectivos sociales, culturales, educativos, vecinales, pol\u00edticos y sindicales, ONGS, instituciones, empresas y personas particulares que forman esta plataforma transversal, nacida en A Coru\u00f1a en 2016 con el objetivo de defender los Derechos Humanos, el Derecho Internacional Humanitario y el Derecho a Refugio.<\/p>\n<p>ESFGalicia, se define como \u201cuna asociaci\u00f3n que busca construir una sociedad mundial justa y solidaria poniendo la tecnolog\u00eda al servicio del desarrollo humano\u201d. Trabaja desde principios de los a\u00f1os noventa en la dotaci\u00f3n de servicios b\u00e1sicos universales como agua, alimentaci\u00f3n, energ\u00eda, tecnolog\u00edas de la informaci\u00f3n y h\u00e1bitat en todo el mundo. Forma parte de la Federaci\u00f3n Espa\u00f1ola de Ingenier\u00eda Sin Fronteras y de la Coordinadora Galega de Organizaci\u00f3ns Non Gobernamentais para o Desenvolvemento. \u201cNos preocupamos por conseguir maneras de empleo de la tecnolog\u00eda para mejorar la vida de las personas y asegurar los derechos en nuestro entorno, no solo en otros pa\u00edses\u201d.<\/p>\n<p>La incorporaci\u00f3n de Enxe\u00f1er\u00eda Sen Fronteiras Galicia, con sede en A Coru\u00f1a, se produce en la recta final de los preparativos de la cuarta edici\u00f3n de Acampa pola paz e o dereito a refuxio que este a\u00f1o pondr\u00e1 el foco en el expolio de recursos que est\u00e1 tantas veces detr\u00e1s de lo que obliga al desplazamiento forzoso de millones de personas en todo el planeta: destrucci\u00f3n ambiental, pobreza, esclavitud, violencia, persecuci\u00f3n y guerras.<\/p>\n<p><strong>Espacio de denuncia y visibilizaci\u00f3n<\/strong><\/p>\n<p>La cita ser\u00e1 los d\u00edas 11, 12 y 13 de junio. En esas fechas, el centro de la ciudad de A Coru\u00f1a volver\u00e1 a ser un espacio de denuncia de la situaci\u00f3n de las personas refugiadas y migrantes y las causas que las empujan a huir de sus hogares y pa\u00edses. Una llamada de atenci\u00f3n hoy m\u00e1s necesaria que nunca ante lo que est\u00e1 pasando en las fronteras europeas. Habr\u00e1 exposiciones fotogr\u00e1ficas en todas las salas municipales, presencia de activistas de reconocido prestigio y todo tipo de actividades paralelas para visibilizar el tema de la edici\u00f3n. Como cada a\u00f1o, todas estas actividades girar\u00e1n alrededor de un campo simb\u00f3lico de personas refugiadas, instalado en los c\u00e9ntricos Jardines de M\u00e9ndez N\u00fa\u00f1ez, que reproducir\u00e1 las condiciones en las que viven aquellos que tienen que huir en busca de una vida mejor y en paz.<\/p>\n<p>Acampa es ya una cita imprescindible que convierte A Coru\u00f1a en una de las urbes m\u00e1s emp\u00e1ticas con la problem\u00e1tica de las personas refugiadas y migrantes, obligadas al desplazamiento forzoso para escapar de la pobreza, las guerras, la violencia o las cada vez m\u00e1s frecuentes cat\u00e1strofes naturales producidas por la crisis clim\u00e1tica, en la que tiene una responsabilidad bien clara la explotaci\u00f3n salvaje de los recursos. En cada edici\u00f3n, Acampa pola paz e o dereito a refuxio pone el foco en un aspecto concreto. En 2017, la primera, fue la crisis de los refugiados a causa de la guerra en Siria; en 2018 el tema central fueron las migraciones derivadas del cambio clim\u00e1tico y el a\u00f1o pasado, 2019, el drama espec\u00edfico de las mujeres y ni\u00f1as refugiada<\/p>\n","protected":false},"excerpt":{"rendered":"<p>ESFGalicia, con sede en A Coru\u00f1a, trabaja desde principios de los noventa en proyectos solidarios que ponen la tecnolog\u00eda al servicio del desarrollo humano. Esta nueva incorporaci\u00f3n coincide con la recta final de los preparativos de la cuarta edici\u00f3n que el pr\u00f3ximo mes de junio (11, 12 y 13) volver\u00e1 a acercar la ciudadan\u00eda coru\u00f1esa [&hellip;]<\/p>\n","protected":false},"author":25,"featured_media":37538,"comment_status":"open","ping_status":"open","sticky":false,"template":"","format":"standard","meta":{"_et_pb_use_builder":"","_et_pb_old_content":"","_et_gb_content_width":"","inline_featured_image":false,"footnotes":""},"categories":[7],"tags":[],"class_list":["post-37541","post","type-post","status-publish","format-standard","has-post-thumbnail","hentry","category-noticias"],"yoast_head":"<!-- This site is optimized with the Yoast SEO plugin v27.4 - https:\/\/yoast.com\/product\/yoast-seo-wordpress\/ -->\n<title>ENXE\u00d1ER\u00cdA SEN FRONTEIRAS GALICIA SE SUMA A LAS CERCA DE SETENTA ONG, COLECTIVOS, ENTIDADES, PARTIDOS Y PARTICULARES QUE FORMAN LA RED ACAMPA POLA PAZ Y EL DERECHO A REFUGI | Rede Acampa - Pola paz e o dereito a refuxio<\/title>\n<meta name=\"robots\" content=\"index, follow, max-snippet:-1, max-image-preview:large, max-video-preview:-1\" \/>\n<link rel=\"canonical\" href=\"https:\/\/blog.redeacampa.org\/es\/enxeneria-sen-fronteiras-galicia-se-suma-a-las-cerca-de-setenta-ong-colectivos-entidades-partidos-y-particulares-que-forman-la-red-acampa-pola-paz-y-el-derecho-a-refugi\/\" \/>\n<meta property=\"og:locale\" content=\"es_ES\" \/>\n<meta property=\"og:type\" content=\"article\" \/>\n<meta property=\"og:title\" content=\"ENXE\u00d1ER\u00cdA SEN FRONTEIRAS GALICIA SE SUMA A LAS CERCA DE SETENTA ONG, COLECTIVOS, ENTIDADES, PARTIDOS Y PARTICULARES QUE FORMAN LA RED ACAMPA POLA PAZ Y EL DERECHO A REFUGI | Rede Acampa - Pola paz e o dereito a refuxio\" \/>\n<meta property=\"og:description\" content=\"ESFGalicia, con sede en A Coru\u00f1a, trabaja desde principios de los noventa en proyectos solidarios que ponen la tecnolog\u00eda al servicio del desarrollo humano. Esta nueva incorporaci\u00f3n coincide con la recta final de los preparativos de la cuarta edici\u00f3n que el pr\u00f3ximo mes de junio (11, 12 y 13) volver\u00e1 a acercar la ciudadan\u00eda coru\u00f1esa [&hellip;]\" \/>\n<meta property=\"og:url\" content=\"https:\/\/blog.redeacampa.org\/es\/enxeneria-sen-fronteiras-galicia-se-suma-a-las-cerca-de-setenta-ong-colectivos-entidades-partidos-y-particulares-que-forman-la-red-acampa-pola-paz-y-el-derecho-a-refugi\/\" \/>\n<meta property=\"og:site_name\" content=\"Rede Acampa - Pola paz e o dereito a refuxio\" \/>\n<meta property=\"article:publisher\" content=\"https:\/\/www.facebook.com\/acampapolapazeodereitoarefuxio\" \/>\n<meta property=\"article:published_time\" content=\"2020-03-09T12:27:35+00:00\" \/>\n<meta property=\"og:image\" content=\"https:\/\/blog.redeacampa.org\/wp-content\/uploads\/\u00a9-Matilde-Gattoni_-WEB_26_005-BN5B7972_def-3-1.jpg\" \/>\n\t<meta property=\"og:image:width\" content=\"1134\" \/>\n\t<meta property=\"og:image:height\" content=\"756\" \/>\n\t<meta property=\"og:image:type\" content=\"image\/jpeg\" \/>\n<meta name=\"author\" content=\"Comunicaci\u00f3n\" \/>\n<meta name=\"twitter:card\" content=\"summary_large_image\" \/>\n<meta name=\"twitter:creator\" content=\"@Acampa_polapaz\" \/>\n<meta name=\"twitter:site\" content=\"@Acampa_polapaz\" \/>\n<meta name=\"twitter:label1\" content=\"Escrito por\" \/>\n\t<meta name=\"twitter:data1\" content=\"Comunicaci\u00f3n\" \/>\n\t<meta name=\"twitter:label2\" content=\"Tiempo de lectura\" \/>\n\t<meta name=\"twitter:data2\" content=\"3 minutos\" \/>\n<script type=\"application\/ld+json\" class=\"yoast-schema-graph\">{\"@context\":\"https:\\\/\\\/schema.org\",\"@graph\":[{\"@type\":\"Article\",\"@id\":\"https:\\\/\\\/blog.redeacampa.org\\\/es\\\/enxeneria-sen-fronteiras-galicia-se-suma-a-las-cerca-de-setenta-ong-colectivos-entidades-partidos-y-particulares-que-forman-la-red-acampa-pola-paz-y-el-derecho-a-refugi\\\/#article\",\"isPartOf\":{\"@id\":\"https:\\\/\\\/blog.redeacampa.org\\\/es\\\/enxeneria-sen-fronteiras-galicia-se-suma-a-las-cerca-de-setenta-ong-colectivos-entidades-partidos-y-particulares-que-forman-la-red-acampa-pola-paz-y-el-derecho-a-refugi\\\/\"},\"author\":{\"name\":\"Comunicaci\u00f3n\",\"@id\":\"https:\\\/\\\/blog.redeacampa.org\\\/es\\\/#\\\/schema\\\/person\\\/4af0729a8614cbed1e7078bcc7be966b\"},\"headline\":\"ENXE\u00d1ER\u00cdA SEN FRONTEIRAS GALICIA SE SUMA A LAS CERCA DE SETENTA ONG, COLECTIVOS, ENTIDADES, PARTIDOS Y PARTICULARES QUE FORMAN LA RED ACAMPA POLA PAZ Y EL DERECHO A REFUGI\",\"datePublished\":\"2020-03-09T12:27:35+00:00\",\"mainEntityOfPage\":{\"@id\":\"https:\\\/\\\/blog.redeacampa.org\\\/es\\\/enxeneria-sen-fronteiras-galicia-se-suma-a-las-cerca-de-setenta-ong-colectivos-entidades-partidos-y-particulares-que-forman-la-red-acampa-pola-paz-y-el-derecho-a-refugi\\\/\"},\"wordCount\":701,\"commentCount\":0,\"image\":{\"@id\":\"https:\\\/\\\/blog.redeacampa.org\\\/es\\\/enxeneria-sen-fronteiras-galicia-se-suma-a-las-cerca-de-setenta-ong-colectivos-entidades-partidos-y-particulares-que-forman-la-red-acampa-pola-paz-y-el-derecho-a-refugi\\\/#primaryimage\"},\"thumbnailUrl\":\"https:\\\/\\\/blog.redeacampa.org\\\/wp-content\\\/uploads\\\/\u00a9-Matilde-Gattoni_-WEB_26_005-BN5B7972_def-3-1.jpg\",\"articleSection\":[\"Noticias\"],\"inLanguage\":\"es\",\"potentialAction\":[{\"@type\":\"CommentAction\",\"name\":\"Comment\",\"target\":[\"https:\\\/\\\/blog.redeacampa.org\\\/es\\\/enxeneria-sen-fronteiras-galicia-se-suma-a-las-cerca-de-setenta-ong-colectivos-entidades-partidos-y-particulares-que-forman-la-red-acampa-pola-paz-y-el-derecho-a-refugi\\\/#respond\"]}]},{\"@type\":\"WebPage\",\"@id\":\"https:\\\/\\\/blog.redeacampa.org\\\/es\\\/enxeneria-sen-fronteiras-galicia-se-suma-a-las-cerca-de-setenta-ong-colectivos-entidades-partidos-y-particulares-que-forman-la-red-acampa-pola-paz-y-el-derecho-a-refugi\\\/\",\"url\":\"https:\\\/\\\/blog.redeacampa.org\\\/es\\\/enxeneria-sen-fronteiras-galicia-se-suma-a-las-cerca-de-setenta-ong-colectivos-entidades-partidos-y-particulares-que-forman-la-red-acampa-pola-paz-y-el-derecho-a-refugi\\\/\",\"name\":\"ENXE\u00d1ER\u00cdA SEN FRONTEIRAS GALICIA SE SUMA A LAS CERCA DE SETENTA ONG, COLECTIVOS, ENTIDADES, PARTIDOS Y PARTICULARES QUE FORMAN LA RED ACAMPA POLA PAZ Y EL DERECHO A REFUGI | Rede Acampa - Pola paz e o dereito a refuxio\",\"isPartOf\":{\"@id\":\"https:\\\/\\\/blog.redeacampa.org\\\/es\\\/#website\"},\"primaryImageOfPage\":{\"@id\":\"https:\\\/\\\/blog.redeacampa.org\\\/es\\\/enxeneria-sen-fronteiras-galicia-se-suma-a-las-cerca-de-setenta-ong-colectivos-entidades-partidos-y-particulares-que-forman-la-red-acampa-pola-paz-y-el-derecho-a-refugi\\\/#primaryimage\"},\"image\":{\"@id\":\"https:\\\/\\\/blog.redeacampa.org\\\/es\\\/enxeneria-sen-fronteiras-galicia-se-suma-a-las-cerca-de-setenta-ong-colectivos-entidades-partidos-y-particulares-que-forman-la-red-acampa-pola-paz-y-el-derecho-a-refugi\\\/#primaryimage\"},\"thumbnailUrl\":\"https:\\\/\\\/blog.redeacampa.org\\\/wp-content\\\/uploads\\\/\u00a9-Matilde-Gattoni_-WEB_26_005-BN5B7972_def-3-1.jpg\",\"datePublished\":\"2020-03-09T12:27:35+00:00\",\"author\":{\"@id\":\"https:\\\/\\\/blog.redeacampa.org\\\/es\\\/#\\\/schema\\\/person\\\/4af0729a8614cbed1e7078bcc7be966b\"},\"breadcrumb\":{\"@id\":\"https:\\\/\\\/blog.redeacampa.org\\\/es\\\/enxeneria-sen-fronteiras-galicia-se-suma-a-las-cerca-de-setenta-ong-colectivos-entidades-partidos-y-particulares-que-forman-la-red-acampa-pola-paz-y-el-derecho-a-refugi\\\/#breadcrumb\"},\"inLanguage\":\"es\",\"potentialAction\":[{\"@type\":\"ReadAction\",\"target\":[\"https:\\\/\\\/blog.redeacampa.org\\\/es\\\/enxeneria-sen-fronteiras-galicia-se-suma-a-las-cerca-de-setenta-ong-colectivos-entidades-partidos-y-particulares-que-forman-la-red-acampa-pola-paz-y-el-derecho-a-refugi\\\/\"]}]},{\"@type\":\"ImageObject\",\"inLanguage\":\"es\",\"@id\":\"https:\\\/\\\/blog.redeacampa.org\\\/es\\\/enxeneria-sen-fronteiras-galicia-se-suma-a-las-cerca-de-setenta-ong-colectivos-entidades-partidos-y-particulares-que-forman-la-red-acampa-pola-paz-y-el-derecho-a-refugi\\\/#primaryimage\",\"url\":\"https:\\\/\\\/blog.redeacampa.org\\\/wp-content\\\/uploads\\\/\u00a9-Matilde-Gattoni_-WEB_26_005-BN5B7972_def-3-1.jpg\",\"contentUrl\":\"https:\\\/\\\/blog.redeacampa.org\\\/wp-content\\\/uploads\\\/\u00a9-Matilde-Gattoni_-WEB_26_005-BN5B7972_def-3-1.jpg\",\"width\":1134,\"height\":756,\"caption\":\"Indonesia - Bangka Island - Outskirts of Sungai Liat - Thousands of miners scratching the lake bed looking for tin. Makeshift pontoons are floating on the water, bamboo sticks are used to scratch the bed and plastic pipes suck the black gold and pump it to the surface. Miners work from 8am until 5 pm surrounded by the undearable noise and black smoke provoked by the engines used to pump the black gold. They earn 15US$ per day. At least one miner die every week.\"},{\"@type\":\"BreadcrumbList\",\"@id\":\"https:\\\/\\\/blog.redeacampa.org\\\/es\\\/enxeneria-sen-fronteiras-galicia-se-suma-a-las-cerca-de-setenta-ong-colectivos-entidades-partidos-y-particulares-que-forman-la-red-acampa-pola-paz-y-el-derecho-a-refugi\\\/#breadcrumb\",\"itemListElement\":[{\"@type\":\"ListItem\",\"position\":1,\"name\":\"Portada\",\"item\":\"https:\\\/\\\/blog.redeacampa.org\\\/es\\\/\"},{\"@type\":\"ListItem\",\"position\":2,\"name\":\"ENXE\u00d1ER\u00cdA SEN FRONTEIRAS GALICIA SE SUMA A LAS CERCA DE SETENTA ONG, COLECTIVOS, ENTIDADES, PARTIDOS Y PARTICULARES QUE FORMAN LA RED ACAMPA POLA PAZ Y EL DERECHO A REFUGI\"}]},{\"@type\":\"WebSite\",\"@id\":\"https:\\\/\\\/blog.redeacampa.org\\\/es\\\/#website\",\"url\":\"https:\\\/\\\/blog.redeacampa.org\\\/es\\\/\",\"name\":\"Rede Acampa - Por la paz y el derecho a refugio\",\"description\":\"Unha iniciativa cidad\u00e1 sen fins de lucro integrada por colectivos sociais, culturais, educativos, veci\u00f1ais, pol\u00edticos, sindicais, art\u00edsticos, de persoas solidarias, de instituci\u00f3ns e empresas con responsabilidade social que te\u00f1en como obxectivo a defensa dos dereitos humanos, o Dereito Internacional Humanitario e o Dereito a Refuxio.\",\"potentialAction\":[{\"@type\":\"SearchAction\",\"target\":{\"@type\":\"EntryPoint\",\"urlTemplate\":\"https:\\\/\\\/blog.redeacampa.org\\\/es\\\/?s={search_term_string}\"},\"query-input\":{\"@type\":\"PropertyValueSpecification\",\"valueRequired\":true,\"valueName\":\"search_term_string\"}}],\"inLanguage\":\"es\"},{\"@type\":\"Person\",\"@id\":\"https:\\\/\\\/blog.redeacampa.org\\\/es\\\/#\\\/schema\\\/person\\\/4af0729a8614cbed1e7078bcc7be966b\",\"name\":\"Comunicaci\u00f3n\",\"image\":{\"@type\":\"ImageObject\",\"inLanguage\":\"es\",\"@id\":\"https:\\\/\\\/secure.gravatar.com\\\/avatar\\\/8e8fea06f5f2696e331aacd588d2000164152c9aa47459d1e52be3c1ab5f5ca5?s=96&d=mm&r=g\",\"url\":\"https:\\\/\\\/secure.gravatar.com\\\/avatar\\\/8e8fea06f5f2696e331aacd588d2000164152c9aa47459d1e52be3c1ab5f5ca5?s=96&d=mm&r=g\",\"contentUrl\":\"https:\\\/\\\/secure.gravatar.com\\\/avatar\\\/8e8fea06f5f2696e331aacd588d2000164152c9aa47459d1e52be3c1ab5f5ca5?s=96&d=mm&r=g\",\"caption\":\"Comunicaci\u00f3n\"}}]}<\/script>\n<!-- \/ Yoast SEO plugin. -->","yoast_head_json":{"title":"ENXE\u00d1ER\u00cdA SEN FRONTEIRAS GALICIA SE SUMA A LAS CERCA DE SETENTA ONG, COLECTIVOS, ENTIDADES, PARTIDOS Y PARTICULARES QUE FORMAN LA RED ACAMPA POLA PAZ Y EL DERECHO A REFUGI | Rede Acampa - Pola paz e o dereito a refuxio","robots":{"index":"index","follow":"follow","max-snippet":"max-snippet:-1","max-image-preview":"max-image-preview:large","max-video-preview":"max-video-preview:-1"},"canonical":"https:\/\/blog.redeacampa.org\/es\/enxeneria-sen-fronteiras-galicia-se-suma-a-las-cerca-de-setenta-ong-colectivos-entidades-partidos-y-particulares-que-forman-la-red-acampa-pola-paz-y-el-derecho-a-refugi\/","og_locale":"es_ES","og_type":"article","og_title":"ENXE\u00d1ER\u00cdA SEN FRONTEIRAS GALICIA SE SUMA A LAS CERCA DE SETENTA ONG, COLECTIVOS, ENTIDADES, PARTIDOS Y PARTICULARES QUE FORMAN LA RED ACAMPA POLA PAZ Y EL DERECHO A REFUGI | Rede Acampa - Pola paz e o dereito a refuxio","og_description":"ESFGalicia, con sede en A Coru\u00f1a, trabaja desde principios de los noventa en proyectos solidarios que ponen la tecnolog\u00eda al servicio del desarrollo humano. Esta nueva incorporaci\u00f3n coincide con la recta final de los preparativos de la cuarta edici\u00f3n que el pr\u00f3ximo mes de junio (11, 12 y 13) volver\u00e1 a acercar la ciudadan\u00eda coru\u00f1esa [&hellip;]","og_url":"https:\/\/blog.redeacampa.org\/es\/enxeneria-sen-fronteiras-galicia-se-suma-a-las-cerca-de-setenta-ong-colectivos-entidades-partidos-y-particulares-que-forman-la-red-acampa-pola-paz-y-el-derecho-a-refugi\/","og_site_name":"Rede Acampa - Pola paz e o dereito a refuxio","article_publisher":"https:\/\/www.facebook.com\/acampapolapazeodereitoarefuxio","article_published_time":"2020-03-09T12:27:35+00:00","og_image":[{"width":1134,"height":756,"url":"https:\/\/blog.redeacampa.org\/wp-content\/uploads\/\u00a9-Matilde-Gattoni_-WEB_26_005-BN5B7972_def-3-1.jpg","type":"image\/jpeg"}],"author":"Comunicaci\u00f3n","twitter_card":"summary_large_image","twitter_creator":"@Acampa_polapaz","twitter_site":"@Acampa_polapaz","twitter_misc":{"Escrito por":"Comunicaci\u00f3n","Tiempo de lectura":"3 minutos"},"schema":{"@context":"https:\/\/schema.org","@graph":[{"@type":"Article","@id":"https:\/\/blog.redeacampa.org\/es\/enxeneria-sen-fronteiras-galicia-se-suma-a-las-cerca-de-setenta-ong-colectivos-entidades-partidos-y-particulares-que-forman-la-red-acampa-pola-paz-y-el-derecho-a-refugi\/#article","isPartOf":{"@id":"https:\/\/blog.redeacampa.org\/es\/enxeneria-sen-fronteiras-galicia-se-suma-a-las-cerca-de-setenta-ong-colectivos-entidades-partidos-y-particulares-que-forman-la-red-acampa-pola-paz-y-el-derecho-a-refugi\/"},"author":{"name":"Comunicaci\u00f3n","@id":"https:\/\/blog.redeacampa.org\/es\/#\/schema\/person\/4af0729a8614cbed1e7078bcc7be966b"},"headline":"ENXE\u00d1ER\u00cdA SEN FRONTEIRAS GALICIA SE SUMA A LAS CERCA DE SETENTA ONG, COLECTIVOS, ENTIDADES, PARTIDOS Y PARTICULARES QUE FORMAN LA RED ACAMPA POLA PAZ Y EL DERECHO A REFUGI","datePublished":"2020-03-09T12:27:35+00:00","mainEntityOfPage":{"@id":"https:\/\/blog.redeacampa.org\/es\/enxeneria-sen-fronteiras-galicia-se-suma-a-las-cerca-de-setenta-ong-colectivos-entidades-partidos-y-particulares-que-forman-la-red-acampa-pola-paz-y-el-derecho-a-refugi\/"},"wordCount":701,"commentCount":0,"image":{"@id":"https:\/\/blog.redeacampa.org\/es\/enxeneria-sen-fronteiras-galicia-se-suma-a-las-cerca-de-setenta-ong-colectivos-entidades-partidos-y-particulares-que-forman-la-red-acampa-pola-paz-y-el-derecho-a-refugi\/#primaryimage"},"thumbnailUrl":"https:\/\/blog.redeacampa.org\/wp-content\/uploads\/\u00a9-Matilde-Gattoni_-WEB_26_005-BN5B7972_def-3-1.jpg","articleSection":["Noticias"],"inLanguage":"es","potentialAction":[{"@type":"CommentAction","name":"Comment","target":["https:\/\/blog.redeacampa.org\/es\/enxeneria-sen-fronteiras-galicia-se-suma-a-las-cerca-de-setenta-ong-colectivos-entidades-partidos-y-particulares-que-forman-la-red-acampa-pola-paz-y-el-derecho-a-refugi\/#respond"]}]},{"@type":"WebPage","@id":"https:\/\/blog.redeacampa.org\/es\/enxeneria-sen-fronteiras-galicia-se-suma-a-las-cerca-de-setenta-ong-colectivos-entidades-partidos-y-particulares-que-forman-la-red-acampa-pola-paz-y-el-derecho-a-refugi\/","url":"https:\/\/blog.redeacampa.org\/es\/enxeneria-sen-fronteiras-galicia-se-suma-a-las-cerca-de-setenta-ong-colectivos-entidades-partidos-y-particulares-que-forman-la-red-acampa-pola-paz-y-el-derecho-a-refugi\/","name":"ENXE\u00d1ER\u00cdA SEN FRONTEIRAS GALICIA SE SUMA A LAS CERCA DE SETENTA ONG, COLECTIVOS, ENTIDADES, PARTIDOS Y PARTICULARES QUE FORMAN LA RED ACAMPA POLA PAZ Y EL DERECHO A REFUGI | Rede Acampa - Pola paz e o dereito a refuxio","isPartOf":{"@id":"https:\/\/blog.redeacampa.org\/es\/#website"},"primaryImageOfPage":{"@id":"https:\/\/blog.redeacampa.org\/es\/enxeneria-sen-fronteiras-galicia-se-suma-a-las-cerca-de-setenta-ong-colectivos-entidades-partidos-y-particulares-que-forman-la-red-acampa-pola-paz-y-el-derecho-a-refugi\/#primaryimage"},"image":{"@id":"https:\/\/blog.redeacampa.org\/es\/enxeneria-sen-fronteiras-galicia-se-suma-a-las-cerca-de-setenta-ong-colectivos-entidades-partidos-y-particulares-que-forman-la-red-acampa-pola-paz-y-el-derecho-a-refugi\/#primaryimage"},"thumbnailUrl":"https:\/\/blog.redeacampa.org\/wp-content\/uploads\/\u00a9-Matilde-Gattoni_-WEB_26_005-BN5B7972_def-3-1.jpg","datePublished":"2020-03-09T12:27:35+00:00","author":{"@id":"https:\/\/blog.redeacampa.org\/es\/#\/schema\/person\/4af0729a8614cbed1e7078bcc7be966b"},"breadcrumb":{"@id":"https:\/\/blog.redeacampa.org\/es\/enxeneria-sen-fronteiras-galicia-se-suma-a-las-cerca-de-setenta-ong-colectivos-entidades-partidos-y-particulares-que-forman-la-red-acampa-pola-paz-y-el-derecho-a-refugi\/#breadcrumb"},"inLanguage":"es","potentialAction":[{"@type":"ReadAction","target":["https:\/\/blog.redeacampa.org\/es\/enxeneria-sen-fronteiras-galicia-se-suma-a-las-cerca-de-setenta-ong-colectivos-entidades-partidos-y-particulares-que-forman-la-red-acampa-pola-paz-y-el-derecho-a-refugi\/"]}]},{"@type":"ImageObject","inLanguage":"es","@id":"https:\/\/blog.redeacampa.org\/es\/enxeneria-sen-fronteiras-galicia-se-suma-a-las-cerca-de-setenta-ong-colectivos-entidades-partidos-y-particulares-que-forman-la-red-acampa-pola-paz-y-el-derecho-a-refugi\/#primaryimage","url":"https:\/\/blog.redeacampa.org\/wp-content\/uploads\/\u00a9-Matilde-Gattoni_-WEB_26_005-BN5B7972_def-3-1.jpg","contentUrl":"https:\/\/blog.redeacampa.org\/wp-content\/uploads\/\u00a9-Matilde-Gattoni_-WEB_26_005-BN5B7972_def-3-1.jpg","width":1134,"height":756,"caption":"Indonesia - Bangka Island - Outskirts of Sungai Liat - Thousands of miners scratching the lake bed looking for tin. Makeshift pontoons are floating on the water, bamboo sticks are used to scratch the bed and plastic pipes suck the black gold and pump it to the surface. Miners work from 8am until 5 pm surrounded by the undearable noise and black smoke provoked by the engines used to pump the black gold. They earn 15US$ per day. At least one miner die every week."},{"@type":"BreadcrumbList","@id":"https:\/\/blog.redeacampa.org\/es\/enxeneria-sen-fronteiras-galicia-se-suma-a-las-cerca-de-setenta-ong-colectivos-entidades-partidos-y-particulares-que-forman-la-red-acampa-pola-paz-y-el-derecho-a-refugi\/#breadcrumb","itemListElement":[{"@type":"ListItem","position":1,"name":"Portada","item":"https:\/\/blog.redeacampa.org\/es\/"},{"@type":"ListItem","position":2,"name":"ENXE\u00d1ER\u00cdA SEN FRONTEIRAS GALICIA SE SUMA A LAS CERCA DE SETENTA ONG, COLECTIVOS, ENTIDADES, PARTIDOS Y PARTICULARES QUE FORMAN LA RED ACAMPA POLA PAZ Y EL DERECHO A REFUGI"}]},{"@type":"WebSite","@id":"https:\/\/blog.redeacampa.org\/es\/#website","url":"https:\/\/blog.redeacampa.org\/es\/","name":"Rede Acampa - Por la paz y el derecho a refugio","description":"Unha iniciativa cidad\u00e1 sen fins de lucro integrada por colectivos sociais, culturais, educativos, veci\u00f1ais, pol\u00edticos, sindicais, art\u00edsticos, de persoas solidarias, de instituci\u00f3ns e empresas con responsabilidade social que te\u00f1en como obxectivo a defensa dos dereitos humanos, o Dereito Internacional Humanitario e o Dereito a Refuxio.","potentialAction":[{"@type":"SearchAction","target":{"@type":"EntryPoint","urlTemplate":"https:\/\/blog.redeacampa.org\/es\/?s={search_term_string}"},"query-input":{"@type":"PropertyValueSpecification","valueRequired":true,"valueName":"search_term_string"}}],"inLanguage":"es"},{"@type":"Person","@id":"https:\/\/blog.redeacampa.org\/es\/#\/schema\/person\/4af0729a8614cbed1e7078bcc7be966b","name":"Comunicaci\u00f3n","image":{"@type":"ImageObject","inLanguage":"es","@id":"https:\/\/secure.gravatar.com\/avatar\/8e8fea06f5f2696e331aacd588d2000164152c9aa47459d1e52be3c1ab5f5ca5?s=96&d=mm&r=g","url":"https:\/\/secure.gravatar.com\/avatar\/8e8fea06f5f2696e331aacd588d2000164152c9aa47459d1e52be3c1ab5f5ca5?s=96&d=mm&r=g","contentUrl":"https:\/\/secure.gravatar.com\/avatar\/8e8fea06f5f2696e331aacd588d2000164152c9aa47459d1e52be3c1ab5f5ca5?s=96&d=mm&r=g","caption":"Comunicaci\u00f3n"}}]}},"_links":{"self":[{"href":"https:\/\/blog.redeacampa.org\/es\/wp-json\/wp\/v2\/posts\/37541","targetHints":{"allow":["GET"]}}],"collection":[{"href":"https:\/\/blog.redeacampa.org\/es\/wp-json\/wp\/v2\/posts"}],"about":[{"href":"https:\/\/blog.redeacampa.org\/es\/wp-json\/wp\/v2\/types\/post"}],"author":[{"embeddable":true,"href":"https:\/\/blog.redeacampa.org\/es\/wp-json\/wp\/v2\/users\/25"}],"replies":[{"embeddable":true,"href":"https:\/\/blog.redeacampa.org\/es\/wp-json\/wp\/v2\/comments?post=37541"}],"version-history":[{"count":0,"href":"https:\/\/blog.redeacampa.org\/es\/wp-json\/wp\/v2\/posts\/37541\/revisions"}],"wp:featuredmedia":[{"embeddable":true,"href":"https:\/\/blog.redeacampa.org\/es\/wp-json\/wp\/v2\/media\/37538"}],"wp:attachment":[{"href":"https:\/\/blog.redeacampa.org\/es\/wp-json\/wp\/v2\/media?parent=37541"}],"wp:term":[{"taxonomy":"category","embeddable":true,"href":"https:\/\/blog.redeacampa.org\/es\/wp-json\/wp\/v2\/categories?post=37541"},{"taxonomy":"post_tag","embeddable":true,"href":"https:\/\/blog.redeacampa.org\/es\/wp-json\/wp\/v2\/tags?post=37541"}],"curies":[{"name":"wp","href":"https:\/\/api.w.org\/{rel}","templated":true}]}}