{"id":37722,"date":"2020-11-17T11:43:42","date_gmt":"2020-11-17T10:43:42","guid":{"rendered":"https:\/\/blog.redeacampa.org\/?p=37722"},"modified":"2020-11-17T11:43:42","modified_gmt":"2020-11-17T10:43:42","slug":"acampa-condena-la-ultima-ofensiva-militar-de-marruecos-contra-el-pueblo-saharaui-y-recuerda-el-expolio-de-recursos-que-hay-detras-de-la-ocupacion","status":"publish","type":"post","link":"https:\/\/blog.redeacampa.org\/es\/acampa-condena-la-ultima-ofensiva-militar-de-marruecos-contra-el-pueblo-saharaui-y-recuerda-el-expolio-de-recursos-que-hay-detras-de-la-ocupacion\/","title":{"rendered":"ACAMPA CONDENA LA \u00daLTIMA OFENSIVA MILITAR DE MARRUECOS CONTRA EL PUEBLO SAHARAUI Y RECUERDA EL EXPOLIO DE RECURSOS QUE HAY DETR\u00c1S DE LA OCUPACI\u00d3N"},"content":{"rendered":"<ul>\n<li><em>La explotaci\u00f3n de recursos naturales del S\u00e1hara Occidental est\u00e1 presente en la muestra fotogr\u00e1fica Expolio, instalada en los Jardines de M\u00e9ndez N\u00fa\u00f1ez, en el centro de A Coru\u00f1a<\/em><\/li>\n<li><em>La red de organizaciones en defensa del Derecho a Refugio recrimina al tiempo el silencio c\u00f3mplice de la ONU y del Gobierno espa\u00f1ol respeto a la poblaci\u00f3n de la que fue la \u00faltima colonia de nuestro pa\u00eds<\/em><\/li>\n<\/ul>\n<p><em>Acampa por la paz y el Derecho a Refugio<\/em> condena el ataque militar de Marruecos contra el pueblo saharaui en Guerguerat (la \u00fanica salida al mar de los saharauis) y recrimina el silencio c\u00f3mplice de la ONU y tambi\u00e9n del Gobierno espa\u00f1ol respecto a situaci\u00f3n de la que fue la \u00faltima colonia de nuestro pa\u00eds. La ocupaci\u00f3n del S\u00e1hara Occidental por el reino alau\u00ed hace ya 45 a\u00f1os (Marcha Verde) no es ajena a la explotaci\u00f3n y el expolio de sus abundantes recursos naturales como la pesca, los fosfatos, los hidrocarburos o la propia arena del desierto, bienes de los que primero se aprovech\u00f3 Espa\u00f1a durante la etapa colonial y ahora lo hace Marruecos.<\/p>\n<p>El expolio de recursos y sus consecuencias para las poblaciones aut\u00f3ctonas es el tema sobre el que orbitan este a\u00f1o las actividades de <em>Acampa<\/em> en su cuarto encuentro internacional, que se desarrolla hasta el 14 de diciembre en A Coru\u00f1a. La situaci\u00f3n del pueblo saharaui, refugiado en los campos de Tinduf (Argelia) \u2013unos de los m\u00e1s longevos del mundo- y el muro que levant\u00f3 el Reino marroqu\u00ed contra ellos forman parte de la exposici\u00f3n fotogr\u00e1fica Expolio, elemento central de esta edici\u00f3n de Acampa por la Paz, una muestra que puede visitarse en los c\u00e9ntricos Jardines de M\u00e9ndez N\u00fa\u00f1ez de la ciudad coru\u00f1esa.<\/p>\n<p><em>Acampa<\/em> es especialmente cr\u00edtica con la postura de nuestro pa\u00eds respecto a este dilatado conflicto, tanto por su nula intervenci\u00f3n en su resoluci\u00f3n a lo largo de este casi medio siglo, como por el bochorno hist\u00f3rico de abandonar a su suerte y no reconocer la nacionalidad de los habitantes de la provincia espa\u00f1ola del S\u00e1hara tras la ocupaci\u00f3n marroqu\u00ed. Los antiguos documentos de identidad espa\u00f1oles que conservan muchas de las personas refugiadas de Tinduf son un testimonio gr\u00e1fico del vergonzoso proceso de descolonizaci\u00f3n de Espa\u00f1a y sus consecuencias para el pueblo saharaui. No menos condenable para la red <em>Acampa<\/em> es la actitud de la ONU, que lleva 45 a\u00f1os jugando al despiste con la convocatoria del prometido refer\u00e9ndum de autodeterminaci\u00f3n y sin intervenir contra Marruecos, lo que viene a significar, de facto, un apoyo a la ocupaci\u00f3n.<\/p>\n<p>La muestra \u201cLos dos lados del muro\u201d, que firma el fotoperiodista sevillano <strong>Luis de Vega<\/strong>, documenta en la exposici\u00f3n Expolio la vida alrededor del largu\u00edsimo \u201cmuro de la verg\u00fcenza\u201d, levantado en medio del desierto por Marruecos para intentar impedir el regreso de los saharauis y evitar posibles ataques de un Frente Polisario \u00a0cuya capacidad militar, sin apoyo externo, es casi nula. Un escenario en el que conviven el drama de las personas refugiadas abandonadas durante d\u00e9cadas en los campos de Argelia y la explotaci\u00f3n de los grandes recursos de la zona ocupada por parte de Rabat. \u201cEspa\u00f1a, como potencia oficialmente responsable del territorio, y Marruecos, como ocupante de facto, se sienten c\u00f3modos en medio de la indiferencia de la comunidad internacional. La colonia m\u00e1s antigua de \u00c1frica no es noticia habitual\u201d, escribe en la descripci\u00f3n de su muestra en Acampa el fotoperiodista que firma las instant\u00e1neas.<\/p>\n<p>La exposici\u00f3n Expolio es el n\u00facleo central de esta edici\u00f3n de <em>Acampa<\/em>, condicionada por la pandemia del Covid-19, que oblig\u00f3 a la organizaci\u00f3n a restringir al m\u00ednimo las actividades y a prescindir de la presencia en la ciudad de activistas y especialistas de primero nivel mundial como ocurri\u00f3 en a\u00f1os anteriores. El encuentro internacional cuenta con el apoyo del Ayuntamiento de A Coru\u00f1a, la Diputaci\u00f3n Provincial y la Universidad coru\u00f1esa.<\/p>\n<p>Esta exposici\u00f3n urbana de gran formato, puede tambi\u00e9n visitarse de manera virtual a trav\u00e9s de la web de Acampa www.redeacampa.org o de la plataforma <a href=\"http:\/\/www.peopleartfactory.com\">www.peopleartfactory.com<\/a><\/p>\n","protected":false},"excerpt":{"rendered":"<p>La explotaci\u00f3n de recursos naturales del S\u00e1hara Occidental est\u00e1 presente en la muestra fotogr\u00e1fica Expolio, instalada en los Jardines de M\u00e9ndez N\u00fa\u00f1ez, en el centro de A Coru\u00f1a La red de organizaciones en defensa del Derecho a Refugio recrimina al tiempo el silencio c\u00f3mplice de la ONU y del Gobierno espa\u00f1ol respeto a la poblaci\u00f3n [&hellip;]<\/p>\n","protected":false},"author":25,"featured_media":37721,"comment_status":"open","ping_status":"open","sticky":false,"template":"","format":"standard","meta":{"_et_pb_use_builder":"","_et_pb_old_content":"","_et_gb_content_width":"","inline_featured_image":false,"footnotes":""},"categories":[18],"tags":[124,56,83,57,97,85,94,108,120,110,61,55,77,58,95,96,59,116],"class_list":["post-37722","post","type-post","status-publish","format-standard","has-post-thumbnail","hentry","category-presentaciones","tag-a-coruna-2","tag-derecho-a-refugio","tag-derecho-de-asilo-2","tag-derechos-humanos","tag-desplazamientos-forzosos","tag-expolio-2","tag-expolio-de-recursos","tag-fotografia","tag-fotos","tag-galicia-2","tag-inmigracion","tag-migraciones","tag-migrantes","tag-refugiadas","tag-refugiado-climatico","tag-refugiado-por-expolio","tag-refugiados","tag-sahara-2"],"yoast_head":"<!-- This site is optimized with the Yoast SEO plugin v27.4 - https:\/\/yoast.com\/product\/yoast-seo-wordpress\/ -->\n<title>ACAMPA CONDENA LA \u00daLTIMA OFENSIVA MILITAR DE MARRUECOS CONTRA EL PUEBLO SAHARAUI Y RECUERDA EL EXPOLIO DE RECURSOS QUE HAY DETR\u00c1S DE LA OCUPACI\u00d3N | Rede Acampa - Pola paz e o dereito a refuxio<\/title>\n<meta name=\"robots\" content=\"index, follow, max-snippet:-1, max-image-preview:large, max-video-preview:-1\" \/>\n<link rel=\"canonical\" href=\"https:\/\/blog.redeacampa.org\/es\/acampa-condena-la-ultima-ofensiva-militar-de-marruecos-contra-el-pueblo-saharaui-y-recuerda-el-expolio-de-recursos-que-hay-detras-de-la-ocupacion\/\" \/>\n<meta property=\"og:locale\" content=\"es_ES\" \/>\n<meta property=\"og:type\" content=\"article\" \/>\n<meta property=\"og:title\" content=\"ACAMPA CONDENA LA \u00daLTIMA OFENSIVA MILITAR DE MARRUECOS CONTRA EL PUEBLO SAHARAUI Y RECUERDA EL EXPOLIO DE RECURSOS QUE HAY DETR\u00c1S DE LA OCUPACI\u00d3N | Rede Acampa - Pola paz e o dereito a refuxio\" \/>\n<meta property=\"og:description\" content=\"La explotaci\u00f3n de recursos naturales del S\u00e1hara Occidental est\u00e1 presente en la muestra fotogr\u00e1fica Expolio, instalada en los Jardines de M\u00e9ndez N\u00fa\u00f1ez, en el centro de A Coru\u00f1a La red de organizaciones en defensa del Derecho a Refugio recrimina al tiempo el silencio c\u00f3mplice de la ONU y del Gobierno espa\u00f1ol respeto a la poblaci\u00f3n [&hellip;]\" \/>\n<meta property=\"og:url\" content=\"https:\/\/blog.redeacampa.org\/es\/acampa-condena-la-ultima-ofensiva-militar-de-marruecos-contra-el-pueblo-saharaui-y-recuerda-el-expolio-de-recursos-que-hay-detras-de-la-ocupacion\/\" \/>\n<meta property=\"og:site_name\" content=\"Rede Acampa - Pola paz e o dereito a refuxio\" \/>\n<meta property=\"article:publisher\" content=\"https:\/\/www.facebook.com\/acampapolapazeodereitoarefuxio\" \/>\n<meta property=\"article:published_time\" content=\"2020-11-17T10:43:42+00:00\" \/>\n<meta property=\"og:image\" content=\"https:\/\/blog.redeacampa.org\/wp-content\/uploads\/Sello.jpg\" \/>\n\t<meta property=\"og:image:width\" content=\"500\" \/>\n\t<meta property=\"og:image:height\" content=\"582\" \/>\n\t<meta property=\"og:image:type\" content=\"image\/jpeg\" \/>\n<meta name=\"author\" content=\"Comunicaci\u00f3n\" \/>\n<meta name=\"twitter:card\" content=\"summary_large_image\" \/>\n<meta name=\"twitter:creator\" content=\"@Acampa_polapaz\" \/>\n<meta name=\"twitter:site\" content=\"@Acampa_polapaz\" \/>\n<meta name=\"twitter:label1\" content=\"Escrito por\" \/>\n\t<meta name=\"twitter:data1\" content=\"Comunicaci\u00f3n\" \/>\n\t<meta name=\"twitter:label2\" content=\"Tiempo de lectura\" \/>\n\t<meta name=\"twitter:data2\" content=\"4 minutos\" \/>\n<script type=\"application\/ld+json\" class=\"yoast-schema-graph\">{\"@context\":\"https:\\\/\\\/schema.org\",\"@graph\":[{\"@type\":\"Article\",\"@id\":\"https:\\\/\\\/blog.redeacampa.org\\\/es\\\/acampa-condena-la-ultima-ofensiva-militar-de-marruecos-contra-el-pueblo-saharaui-y-recuerda-el-expolio-de-recursos-que-hay-detras-de-la-ocupacion\\\/#article\",\"isPartOf\":{\"@id\":\"https:\\\/\\\/blog.redeacampa.org\\\/es\\\/acampa-condena-la-ultima-ofensiva-militar-de-marruecos-contra-el-pueblo-saharaui-y-recuerda-el-expolio-de-recursos-que-hay-detras-de-la-ocupacion\\\/\"},\"author\":{\"name\":\"Comunicaci\u00f3n\",\"@id\":\"https:\\\/\\\/blog.redeacampa.org\\\/es\\\/#\\\/schema\\\/person\\\/4af0729a8614cbed1e7078bcc7be966b\"},\"headline\":\"ACAMPA CONDENA LA \u00daLTIMA OFENSIVA MILITAR DE MARRUECOS CONTRA EL PUEBLO SAHARAUI Y RECUERDA EL EXPOLIO DE RECURSOS QUE HAY DETR\u00c1S DE LA OCUPACI\u00d3N\",\"datePublished\":\"2020-11-17T10:43:42+00:00\",\"mainEntityOfPage\":{\"@id\":\"https:\\\/\\\/blog.redeacampa.org\\\/es\\\/acampa-condena-la-ultima-ofensiva-militar-de-marruecos-contra-el-pueblo-saharaui-y-recuerda-el-expolio-de-recursos-que-hay-detras-de-la-ocupacion\\\/\"},\"wordCount\":756,\"commentCount\":0,\"image\":{\"@id\":\"https:\\\/\\\/blog.redeacampa.org\\\/es\\\/acampa-condena-la-ultima-ofensiva-militar-de-marruecos-contra-el-pueblo-saharaui-y-recuerda-el-expolio-de-recursos-que-hay-detras-de-la-ocupacion\\\/#primaryimage\"},\"thumbnailUrl\":\"https:\\\/\\\/blog.redeacampa.org\\\/wp-content\\\/uploads\\\/Sello.jpg\",\"keywords\":[\"A Coru\u00f1a\",\"derecho a refugio\",\"derecho de asilo\",\"Derechos Humanos\",\"desplazamientos forzosos\",\"expolio\",\"expolio de recursos\",\"Fotograf\u00eda\",\"fotos\",\"Galicia\",\"inmigraci\u00f3n\",\"Migraciones\",\"migrantes\",\"Refugiadas\",\"refugiado clim\u00e1tico\",\"refugiado por expolio\",\"Refugiados\",\"S\u00e1hara\"],\"articleSection\":[\"Presentaciones\"],\"inLanguage\":\"es\",\"potentialAction\":[{\"@type\":\"CommentAction\",\"name\":\"Comment\",\"target\":[\"https:\\\/\\\/blog.redeacampa.org\\\/es\\\/acampa-condena-la-ultima-ofensiva-militar-de-marruecos-contra-el-pueblo-saharaui-y-recuerda-el-expolio-de-recursos-que-hay-detras-de-la-ocupacion\\\/#respond\"]}]},{\"@type\":\"WebPage\",\"@id\":\"https:\\\/\\\/blog.redeacampa.org\\\/es\\\/acampa-condena-la-ultima-ofensiva-militar-de-marruecos-contra-el-pueblo-saharaui-y-recuerda-el-expolio-de-recursos-que-hay-detras-de-la-ocupacion\\\/\",\"url\":\"https:\\\/\\\/blog.redeacampa.org\\\/es\\\/acampa-condena-la-ultima-ofensiva-militar-de-marruecos-contra-el-pueblo-saharaui-y-recuerda-el-expolio-de-recursos-que-hay-detras-de-la-ocupacion\\\/\",\"name\":\"ACAMPA CONDENA LA \u00daLTIMA OFENSIVA MILITAR DE MARRUECOS CONTRA EL PUEBLO SAHARAUI Y RECUERDA EL EXPOLIO DE RECURSOS QUE HAY DETR\u00c1S DE LA OCUPACI\u00d3N | Rede Acampa - Pola paz e o dereito a refuxio\",\"isPartOf\":{\"@id\":\"https:\\\/\\\/blog.redeacampa.org\\\/es\\\/#website\"},\"primaryImageOfPage\":{\"@id\":\"https:\\\/\\\/blog.redeacampa.org\\\/es\\\/acampa-condena-la-ultima-ofensiva-militar-de-marruecos-contra-el-pueblo-saharaui-y-recuerda-el-expolio-de-recursos-que-hay-detras-de-la-ocupacion\\\/#primaryimage\"},\"image\":{\"@id\":\"https:\\\/\\\/blog.redeacampa.org\\\/es\\\/acampa-condena-la-ultima-ofensiva-militar-de-marruecos-contra-el-pueblo-saharaui-y-recuerda-el-expolio-de-recursos-que-hay-detras-de-la-ocupacion\\\/#primaryimage\"},\"thumbnailUrl\":\"https:\\\/\\\/blog.redeacampa.org\\\/wp-content\\\/uploads\\\/Sello.jpg\",\"datePublished\":\"2020-11-17T10:43:42+00:00\",\"author\":{\"@id\":\"https:\\\/\\\/blog.redeacampa.org\\\/es\\\/#\\\/schema\\\/person\\\/4af0729a8614cbed1e7078bcc7be966b\"},\"breadcrumb\":{\"@id\":\"https:\\\/\\\/blog.redeacampa.org\\\/es\\\/acampa-condena-la-ultima-ofensiva-militar-de-marruecos-contra-el-pueblo-saharaui-y-recuerda-el-expolio-de-recursos-que-hay-detras-de-la-ocupacion\\\/#breadcrumb\"},\"inLanguage\":\"es\",\"potentialAction\":[{\"@type\":\"ReadAction\",\"target\":[\"https:\\\/\\\/blog.redeacampa.org\\\/es\\\/acampa-condena-la-ultima-ofensiva-militar-de-marruecos-contra-el-pueblo-saharaui-y-recuerda-el-expolio-de-recursos-que-hay-detras-de-la-ocupacion\\\/\"]}]},{\"@type\":\"ImageObject\",\"inLanguage\":\"es\",\"@id\":\"https:\\\/\\\/blog.redeacampa.org\\\/es\\\/acampa-condena-la-ultima-ofensiva-militar-de-marruecos-contra-el-pueblo-saharaui-y-recuerda-el-expolio-de-recursos-que-hay-detras-de-la-ocupacion\\\/#primaryimage\",\"url\":\"https:\\\/\\\/blog.redeacampa.org\\\/wp-content\\\/uploads\\\/Sello.jpg\",\"contentUrl\":\"https:\\\/\\\/blog.redeacampa.org\\\/wp-content\\\/uploads\\\/Sello.jpg\",\"width\":500,\"height\":582},{\"@type\":\"BreadcrumbList\",\"@id\":\"https:\\\/\\\/blog.redeacampa.org\\\/es\\\/acampa-condena-la-ultima-ofensiva-militar-de-marruecos-contra-el-pueblo-saharaui-y-recuerda-el-expolio-de-recursos-que-hay-detras-de-la-ocupacion\\\/#breadcrumb\",\"itemListElement\":[{\"@type\":\"ListItem\",\"position\":1,\"name\":\"Portada\",\"item\":\"https:\\\/\\\/blog.redeacampa.org\\\/es\\\/\"},{\"@type\":\"ListItem\",\"position\":2,\"name\":\"ACAMPA CONDENA LA \u00daLTIMA OFENSIVA MILITAR DE MARRUECOS CONTRA EL PUEBLO SAHARAUI Y RECUERDA EL EXPOLIO DE RECURSOS QUE HAY DETR\u00c1S DE LA OCUPACI\u00d3N\"}]},{\"@type\":\"WebSite\",\"@id\":\"https:\\\/\\\/blog.redeacampa.org\\\/es\\\/#website\",\"url\":\"https:\\\/\\\/blog.redeacampa.org\\\/es\\\/\",\"name\":\"Rede Acampa - Por la paz y el derecho a refugio\",\"description\":\"Unha iniciativa cidad\u00e1 sen fins de lucro integrada por colectivos sociais, culturais, educativos, veci\u00f1ais, pol\u00edticos, sindicais, art\u00edsticos, de persoas solidarias, de instituci\u00f3ns e empresas con responsabilidade social que te\u00f1en como obxectivo a defensa dos dereitos humanos, o Dereito Internacional Humanitario e o Dereito a Refuxio.\",\"potentialAction\":[{\"@type\":\"SearchAction\",\"target\":{\"@type\":\"EntryPoint\",\"urlTemplate\":\"https:\\\/\\\/blog.redeacampa.org\\\/es\\\/?s={search_term_string}\"},\"query-input\":{\"@type\":\"PropertyValueSpecification\",\"valueRequired\":true,\"valueName\":\"search_term_string\"}}],\"inLanguage\":\"es\"},{\"@type\":\"Person\",\"@id\":\"https:\\\/\\\/blog.redeacampa.org\\\/es\\\/#\\\/schema\\\/person\\\/4af0729a8614cbed1e7078bcc7be966b\",\"name\":\"Comunicaci\u00f3n\",\"image\":{\"@type\":\"ImageObject\",\"inLanguage\":\"es\",\"@id\":\"https:\\\/\\\/secure.gravatar.com\\\/avatar\\\/8e8fea06f5f2696e331aacd588d2000164152c9aa47459d1e52be3c1ab5f5ca5?s=96&d=mm&r=g\",\"url\":\"https:\\\/\\\/secure.gravatar.com\\\/avatar\\\/8e8fea06f5f2696e331aacd588d2000164152c9aa47459d1e52be3c1ab5f5ca5?s=96&d=mm&r=g\",\"contentUrl\":\"https:\\\/\\\/secure.gravatar.com\\\/avatar\\\/8e8fea06f5f2696e331aacd588d2000164152c9aa47459d1e52be3c1ab5f5ca5?s=96&d=mm&r=g\",\"caption\":\"Comunicaci\u00f3n\"}}]}<\/script>\n<!-- \/ Yoast SEO plugin. -->","yoast_head_json":{"title":"ACAMPA CONDENA LA \u00daLTIMA OFENSIVA MILITAR DE MARRUECOS CONTRA EL PUEBLO SAHARAUI Y RECUERDA EL EXPOLIO DE RECURSOS QUE HAY DETR\u00c1S DE LA OCUPACI\u00d3N | Rede Acampa - Pola paz e o dereito a refuxio","robots":{"index":"index","follow":"follow","max-snippet":"max-snippet:-1","max-image-preview":"max-image-preview:large","max-video-preview":"max-video-preview:-1"},"canonical":"https:\/\/blog.redeacampa.org\/es\/acampa-condena-la-ultima-ofensiva-militar-de-marruecos-contra-el-pueblo-saharaui-y-recuerda-el-expolio-de-recursos-que-hay-detras-de-la-ocupacion\/","og_locale":"es_ES","og_type":"article","og_title":"ACAMPA CONDENA LA \u00daLTIMA OFENSIVA MILITAR DE MARRUECOS CONTRA EL PUEBLO SAHARAUI Y RECUERDA EL EXPOLIO DE RECURSOS QUE HAY DETR\u00c1S DE LA OCUPACI\u00d3N | Rede Acampa - Pola paz e o dereito a refuxio","og_description":"La explotaci\u00f3n de recursos naturales del S\u00e1hara Occidental est\u00e1 presente en la muestra fotogr\u00e1fica Expolio, instalada en los Jardines de M\u00e9ndez N\u00fa\u00f1ez, en el centro de A Coru\u00f1a La red de organizaciones en defensa del Derecho a Refugio recrimina al tiempo el silencio c\u00f3mplice de la ONU y del Gobierno espa\u00f1ol respeto a la poblaci\u00f3n [&hellip;]","og_url":"https:\/\/blog.redeacampa.org\/es\/acampa-condena-la-ultima-ofensiva-militar-de-marruecos-contra-el-pueblo-saharaui-y-recuerda-el-expolio-de-recursos-que-hay-detras-de-la-ocupacion\/","og_site_name":"Rede Acampa - Pola paz e o dereito a refuxio","article_publisher":"https:\/\/www.facebook.com\/acampapolapazeodereitoarefuxio","article_published_time":"2020-11-17T10:43:42+00:00","og_image":[{"width":500,"height":582,"url":"https:\/\/blog.redeacampa.org\/wp-content\/uploads\/Sello.jpg","type":"image\/jpeg"}],"author":"Comunicaci\u00f3n","twitter_card":"summary_large_image","twitter_creator":"@Acampa_polapaz","twitter_site":"@Acampa_polapaz","twitter_misc":{"Escrito por":"Comunicaci\u00f3n","Tiempo de lectura":"4 minutos"},"schema":{"@context":"https:\/\/schema.org","@graph":[{"@type":"Article","@id":"https:\/\/blog.redeacampa.org\/es\/acampa-condena-la-ultima-ofensiva-militar-de-marruecos-contra-el-pueblo-saharaui-y-recuerda-el-expolio-de-recursos-que-hay-detras-de-la-ocupacion\/#article","isPartOf":{"@id":"https:\/\/blog.redeacampa.org\/es\/acampa-condena-la-ultima-ofensiva-militar-de-marruecos-contra-el-pueblo-saharaui-y-recuerda-el-expolio-de-recursos-que-hay-detras-de-la-ocupacion\/"},"author":{"name":"Comunicaci\u00f3n","@id":"https:\/\/blog.redeacampa.org\/es\/#\/schema\/person\/4af0729a8614cbed1e7078bcc7be966b"},"headline":"ACAMPA CONDENA LA \u00daLTIMA OFENSIVA MILITAR DE MARRUECOS CONTRA EL PUEBLO SAHARAUI Y RECUERDA EL EXPOLIO DE RECURSOS QUE HAY DETR\u00c1S DE LA OCUPACI\u00d3N","datePublished":"2020-11-17T10:43:42+00:00","mainEntityOfPage":{"@id":"https:\/\/blog.redeacampa.org\/es\/acampa-condena-la-ultima-ofensiva-militar-de-marruecos-contra-el-pueblo-saharaui-y-recuerda-el-expolio-de-recursos-que-hay-detras-de-la-ocupacion\/"},"wordCount":756,"commentCount":0,"image":{"@id":"https:\/\/blog.redeacampa.org\/es\/acampa-condena-la-ultima-ofensiva-militar-de-marruecos-contra-el-pueblo-saharaui-y-recuerda-el-expolio-de-recursos-que-hay-detras-de-la-ocupacion\/#primaryimage"},"thumbnailUrl":"https:\/\/blog.redeacampa.org\/wp-content\/uploads\/Sello.jpg","keywords":["A Coru\u00f1a","derecho a refugio","derecho de asilo","Derechos Humanos","desplazamientos forzosos","expolio","expolio de recursos","Fotograf\u00eda","fotos","Galicia","inmigraci\u00f3n","Migraciones","migrantes","Refugiadas","refugiado clim\u00e1tico","refugiado por expolio","Refugiados","S\u00e1hara"],"articleSection":["Presentaciones"],"inLanguage":"es","potentialAction":[{"@type":"CommentAction","name":"Comment","target":["https:\/\/blog.redeacampa.org\/es\/acampa-condena-la-ultima-ofensiva-militar-de-marruecos-contra-el-pueblo-saharaui-y-recuerda-el-expolio-de-recursos-que-hay-detras-de-la-ocupacion\/#respond"]}]},{"@type":"WebPage","@id":"https:\/\/blog.redeacampa.org\/es\/acampa-condena-la-ultima-ofensiva-militar-de-marruecos-contra-el-pueblo-saharaui-y-recuerda-el-expolio-de-recursos-que-hay-detras-de-la-ocupacion\/","url":"https:\/\/blog.redeacampa.org\/es\/acampa-condena-la-ultima-ofensiva-militar-de-marruecos-contra-el-pueblo-saharaui-y-recuerda-el-expolio-de-recursos-que-hay-detras-de-la-ocupacion\/","name":"ACAMPA CONDENA LA \u00daLTIMA OFENSIVA MILITAR DE MARRUECOS CONTRA EL PUEBLO SAHARAUI Y RECUERDA EL EXPOLIO DE RECURSOS QUE HAY DETR\u00c1S DE LA OCUPACI\u00d3N | Rede Acampa - Pola paz e o dereito a refuxio","isPartOf":{"@id":"https:\/\/blog.redeacampa.org\/es\/#website"},"primaryImageOfPage":{"@id":"https:\/\/blog.redeacampa.org\/es\/acampa-condena-la-ultima-ofensiva-militar-de-marruecos-contra-el-pueblo-saharaui-y-recuerda-el-expolio-de-recursos-que-hay-detras-de-la-ocupacion\/#primaryimage"},"image":{"@id":"https:\/\/blog.redeacampa.org\/es\/acampa-condena-la-ultima-ofensiva-militar-de-marruecos-contra-el-pueblo-saharaui-y-recuerda-el-expolio-de-recursos-que-hay-detras-de-la-ocupacion\/#primaryimage"},"thumbnailUrl":"https:\/\/blog.redeacampa.org\/wp-content\/uploads\/Sello.jpg","datePublished":"2020-11-17T10:43:42+00:00","author":{"@id":"https:\/\/blog.redeacampa.org\/es\/#\/schema\/person\/4af0729a8614cbed1e7078bcc7be966b"},"breadcrumb":{"@id":"https:\/\/blog.redeacampa.org\/es\/acampa-condena-la-ultima-ofensiva-militar-de-marruecos-contra-el-pueblo-saharaui-y-recuerda-el-expolio-de-recursos-que-hay-detras-de-la-ocupacion\/#breadcrumb"},"inLanguage":"es","potentialAction":[{"@type":"ReadAction","target":["https:\/\/blog.redeacampa.org\/es\/acampa-condena-la-ultima-ofensiva-militar-de-marruecos-contra-el-pueblo-saharaui-y-recuerda-el-expolio-de-recursos-que-hay-detras-de-la-ocupacion\/"]}]},{"@type":"ImageObject","inLanguage":"es","@id":"https:\/\/blog.redeacampa.org\/es\/acampa-condena-la-ultima-ofensiva-militar-de-marruecos-contra-el-pueblo-saharaui-y-recuerda-el-expolio-de-recursos-que-hay-detras-de-la-ocupacion\/#primaryimage","url":"https:\/\/blog.redeacampa.org\/wp-content\/uploads\/Sello.jpg","contentUrl":"https:\/\/blog.redeacampa.org\/wp-content\/uploads\/Sello.jpg","width":500,"height":582},{"@type":"BreadcrumbList","@id":"https:\/\/blog.redeacampa.org\/es\/acampa-condena-la-ultima-ofensiva-militar-de-marruecos-contra-el-pueblo-saharaui-y-recuerda-el-expolio-de-recursos-que-hay-detras-de-la-ocupacion\/#breadcrumb","itemListElement":[{"@type":"ListItem","position":1,"name":"Portada","item":"https:\/\/blog.redeacampa.org\/es\/"},{"@type":"ListItem","position":2,"name":"ACAMPA CONDENA LA \u00daLTIMA OFENSIVA MILITAR DE MARRUECOS CONTRA EL PUEBLO SAHARAUI Y RECUERDA EL EXPOLIO DE RECURSOS QUE HAY DETR\u00c1S DE LA OCUPACI\u00d3N"}]},{"@type":"WebSite","@id":"https:\/\/blog.redeacampa.org\/es\/#website","url":"https:\/\/blog.redeacampa.org\/es\/","name":"Rede Acampa - Por la paz y el derecho a refugio","description":"Unha iniciativa cidad\u00e1 sen fins de lucro integrada por colectivos sociais, culturais, educativos, veci\u00f1ais, pol\u00edticos, sindicais, art\u00edsticos, de persoas solidarias, de instituci\u00f3ns e empresas con responsabilidade social que te\u00f1en como obxectivo a defensa dos dereitos humanos, o Dereito Internacional Humanitario e o Dereito a Refuxio.","potentialAction":[{"@type":"SearchAction","target":{"@type":"EntryPoint","urlTemplate":"https:\/\/blog.redeacampa.org\/es\/?s={search_term_string}"},"query-input":{"@type":"PropertyValueSpecification","valueRequired":true,"valueName":"search_term_string"}}],"inLanguage":"es"},{"@type":"Person","@id":"https:\/\/blog.redeacampa.org\/es\/#\/schema\/person\/4af0729a8614cbed1e7078bcc7be966b","name":"Comunicaci\u00f3n","image":{"@type":"ImageObject","inLanguage":"es","@id":"https:\/\/secure.gravatar.com\/avatar\/8e8fea06f5f2696e331aacd588d2000164152c9aa47459d1e52be3c1ab5f5ca5?s=96&d=mm&r=g","url":"https:\/\/secure.gravatar.com\/avatar\/8e8fea06f5f2696e331aacd588d2000164152c9aa47459d1e52be3c1ab5f5ca5?s=96&d=mm&r=g","contentUrl":"https:\/\/secure.gravatar.com\/avatar\/8e8fea06f5f2696e331aacd588d2000164152c9aa47459d1e52be3c1ab5f5ca5?s=96&d=mm&r=g","caption":"Comunicaci\u00f3n"}}]}},"_links":{"self":[{"href":"https:\/\/blog.redeacampa.org\/es\/wp-json\/wp\/v2\/posts\/37722","targetHints":{"allow":["GET"]}}],"collection":[{"href":"https:\/\/blog.redeacampa.org\/es\/wp-json\/wp\/v2\/posts"}],"about":[{"href":"https:\/\/blog.redeacampa.org\/es\/wp-json\/wp\/v2\/types\/post"}],"author":[{"embeddable":true,"href":"https:\/\/blog.redeacampa.org\/es\/wp-json\/wp\/v2\/users\/25"}],"replies":[{"embeddable":true,"href":"https:\/\/blog.redeacampa.org\/es\/wp-json\/wp\/v2\/comments?post=37722"}],"version-history":[{"count":0,"href":"https:\/\/blog.redeacampa.org\/es\/wp-json\/wp\/v2\/posts\/37722\/revisions"}],"wp:featuredmedia":[{"embeddable":true,"href":"https:\/\/blog.redeacampa.org\/es\/wp-json\/wp\/v2\/media\/37721"}],"wp:attachment":[{"href":"https:\/\/blog.redeacampa.org\/es\/wp-json\/wp\/v2\/media?parent=37722"}],"wp:term":[{"taxonomy":"category","embeddable":true,"href":"https:\/\/blog.redeacampa.org\/es\/wp-json\/wp\/v2\/categories?post=37722"},{"taxonomy":"post_tag","embeddable":true,"href":"https:\/\/blog.redeacampa.org\/es\/wp-json\/wp\/v2\/tags?post=37722"}],"curies":[{"name":"wp","href":"https:\/\/api.w.org\/{rel}","templated":true}]}}