{"id":37730,"date":"2020-11-20T12:43:06","date_gmt":"2020-11-20T11:43:06","guid":{"rendered":"https:\/\/blog.redeacampa.org\/?p=37730"},"modified":"2020-11-20T12:43:06","modified_gmt":"2020-11-20T11:43:06","slug":"la-muestra-expolio-de-acampa-plasma-los-estragos-del-saqueo-de-recursos-naturales-en-distintos-paises-de-latinoamerica-como-brasil-argentina-y-colombia","status":"publish","type":"post","link":"https:\/\/blog.redeacampa.org\/es\/la-muestra-expolio-de-acampa-plasma-los-estragos-del-saqueo-de-recursos-naturales-en-distintos-paises-de-latinoamerica-como-brasil-argentina-y-colombia\/","title":{"rendered":"LA MUESTRA \u201cEXPOLIO\u201d DE ACAMPA PLASMA LOS ESTRAGOS DEL SAQUEO DE RECURSOS NATURALES EN DISTINTOS PA\u00cdSES DE LATINOAM\u00c9RICA COMO BRASIL, ARGENTINA Y COLOMBIA"},"content":{"rendered":"<ul>\n<li><em>Am\u00e9rica Latina est\u00e1 entre la zonas del planeta m\u00e1s afectadas por la explotaci\u00f3n a gran escala de recursos naturales por parte de multinacionales for\u00e1neas y peque\u00f1as \u00e9lites. Tambi\u00e9n alberga uno de los principales emblemas por sus efectos devastadores para las poblaciones locales, el planeta y la humanidad en su conjunto: la selva amaz\u00f3nica<\/em><\/li>\n<li><em>Instalada en el frente de los Jardines de M\u00e9ndez N\u00fa\u00f1ez, en el centro de A Coru\u00f1a , y a trav\u00e9s de las im\u00e1genes de destacados fotoperiodistas, la exposici\u00f3n refleja c\u00f3mo unos pocos esquilman la riqueza de millones de personas<\/em><\/li>\n<\/ul>\n<p>La explotaci\u00f3n salvaje de recursos por parte de grandes corporaciones multinacionales tiene muchas caras y est\u00e1 presente en todos los rincones del mundo. Hay, sin embargo, zonas especialmente afectadas por esta pr\u00e1ctica capitalista con consecuencias humanas y medioambientales devastadoras tanto para las poblaciones aut\u00f3ctonas, abocadas en buena parte de las ocasiones al desplazamiento forzado, como para el planeta y la humanidad en su conjunto. Entre ellas est\u00e1, sin duda, Am\u00e9rica Latina, que alberga la selva amaz\u00f3nica, emblema planetario de los efectos de este saqueo masivo de bienes y leitmotiv del cuarto Encuentro Internacional <em>Acampa pola paz e o Dereito a Refuxio<\/em>, que se desarrolla hasta el 14 de diciembre en A Coru\u00f1a. La deforestaci\u00f3n amaz\u00f3nica y la lucha de los pueblos ind\u00edgenas afectados, las consecuencias de la fumigaciones en los cultivo extensivos de soja en Argentina, o la miseria que rodea la explotaci\u00f3n de las minas de jade y esmeralda en Colombia est\u00e1n presentes en la muestra fotogr\u00e1fica <em>Expolio<\/em>, n\u00facleo central de una edici\u00f3n de <em>Acampa <\/em>condicionada por la pandemia de Covid-19. El Encuentro cuenta con el apoyo del Ayuntamiento de A Coru\u00f1a, la Diputaci\u00f3n Provincial y la Universidad coru\u00f1esa.<\/p>\n<p>La exposici\u00f3n, ubicada en el frente de los c\u00e9ntricos Jardines de M\u00e9ndez N\u00fa\u00f1ez, nos acerca a la m\u00e1s reciente realidad de la Amazon\u00eda brasile\u00f1a con las instant\u00e1neas del fot\u00f3grafo documental <strong>V\u00edctor Moriyama, <\/strong>de la fotoperiodista<strong> Clara Belchior<\/strong> y de una muestra colectiva organizada por el <strong>CIMI<\/strong> (Conselho Indigenista Mission\u00e1rio). <em>Deforestaci\u00f3n amaz\u00f3nica de<\/em><strong> Moriyama<\/strong> documenta lo sucedido en 2019 en el pulm\u00f3n del planeta, el peor a\u00f1o en la destrucci\u00f3n de la Amazon\u00eda, con un recrudecimiento de la lucha agraria y la proliferaci\u00f3n de asesinatos de activistas medioambientales e ind\u00edgenas. Todo ello alentado por el discurso del presidente Jair Bolsonaro, alineado con los grupos que operan en la tala ilegal, la miner\u00eda, la ganader\u00eda y la agricultura a gran escala. El a\u00f1o pasado llegaron a detectarse m\u00e1s de 80.000 incendios en la Amazon\u00eda brasile\u00f1a que provocaron una crisis clim\u00e1tica internacional.<\/p>\n<p>Las fotos de <strong>Clara Belchior<\/strong> y la muestra colectiva del <strong>CIMI <\/strong>con fotograf\u00edas de<strong> Guilherme Cavalli<\/strong>,<strong> Tiago Miotto <\/strong>y<strong> Christian Braga <\/strong>sumergen a los visitantes en la <em>Lucha ind\u00edgena,<\/em> en los movimientos y movilizaciones de las poblaciones ind\u00edgenas contra el robo y la destrucci\u00f3n de sus territorios. En ellas queda patente el derroche de dignidad y fortaleza de esas comunidades que interpretan la tenencia de la tierra no como propiedad sino como legado.<\/p>\n<p>Las fotos de argentino<strong> Pablo Ernesto Piovano <\/strong>muestran, en <em>El costo humano de los agrot\u00f3xicos<\/em>, los terror\u00edficos efectos del uso indiscriminado de pesticidas como el glifosato en el cultivo extensivo de soja en Argentina, el tercer productor mundial de este vegetal, despu\u00e9s de Estados Unidos y Brasil. En 1996, el Gobierno de ese pa\u00eds aprob\u00f3, bas\u00e1ndose \u00fanicamente en estudios de la compa\u00f1\u00eda Monsanto, el cultivo de soja transg\u00e9nica y el uso de ese herbicida, prohibido en m\u00e1s de 70 pa\u00edses. Las consecuencias, dos d\u00e9cadas despu\u00e9s, son que un tercio de la poblaci\u00f3n de esa \u00e1rea padece c\u00e1ncer y otras enfermedades graves, malformaciones y afecciones cut\u00e1neas debido a las fumigaciones. Las instant\u00e1neas de <strong>Piovano<\/strong> no dejan lugar a dudas del sufrimiento causado a la ciudadan\u00eda.<\/p>\n<p>La extracci\u00f3n y comercio de jade y esmeraldas en Colombia protagoniza la secci\u00f3n <em>Tierra Verde<\/em>, del fotoperiodista <strong>Javier Corso<\/strong>. \u00a0Sus instant\u00e1neas est\u00e1n focalizadas en la mina de Muzo, capital mundial de la esmeralda y origen de los ejemplares de mayor tama\u00f1o del mundo de esta apreciada piedra preciosa. En ellas refleja la miseria que rodea al complejo minero cuyos beneficios, lejos de revertir en la poblaci\u00f3n, la condena a la pobreza extrema. La b\u00fasqueda de esta piedra preciosa sirvi\u00f3 durante d\u00e9cadas de medio de vida para muchas familias, pero actualmente una de las grandes riquezas naturales del pa\u00eds latinoamericano solo reporta grandes beneficios a empresas for\u00e1neas y \u00e9lites locales.<\/p>\n<p>Esta exposici\u00f3n urbana de gran formato podr\u00e1 tambi\u00e9n visitarse, de manera virtual,\u00a0 a trav\u00e9s de la web de Acampa <a href=\"http:\/\/www.redeacampa.org\">www.redeacampa.org<\/a> o de la plataforma <a href=\"http:\/\/www.peopleartfactory.com\">www.peopleartfactory.com<\/a><\/p>\n<p><strong>Victor Moriyama\/ <\/strong>Deforestaci\u00f3n amaz\u00f3nica<\/p>\n<p>El fotoperiodista brasile\u00f1o, <strong>Victor Moriyama<\/strong> trabaja para distintos medios de comunicaci\u00f3n internacionales y organizaciones humanitarias, cubriendo la situaci\u00f3n de Am\u00e9rica del Sur y la selva amaz\u00f3nica. Su fotograf\u00eda humanista se centra en documentar los procesos de violencia que prevalecen en las relaciones sociales y ambientales en su pa\u00eds. <strong>Moriyama<\/strong> cre\u00f3 en el a\u00f1o 2019 el proyecto @historiasamazonicas. Se trata de una comunidad de fot\u00f3grafos latinoamericanos comprometidos en la documentaci\u00f3n de los procesos que tienen lugar en la Amazon\u00eda en este momento, para expandir su conocimiento en el mundo y tratar de involucrar a la sociedad global.<\/p>\n<p><strong>PABLO Piovano\/ <\/strong>El coste humano de los agrot\u00f3xicos<\/p>\n<p><strong>Pablo Ernesto Piovano<\/strong>\u00a0es fot\u00f3grafo del peri\u00f3dico argentino P\u00e1gina\/12 y ha colaborado en diferentes medios internacionales como Geo, Stern, National Geographic, L\u2019Expresso, Internazionale, Liberation y Bloomberg. En su curr\u00edculo figuran premios y reconocimientos como el Greenpeace award (2019), el Nannen Preis 2018 Reportage- Fotografie y el 6&#215;6 Global Talent Program of World Press Photo South America. Las fotograf\u00edas que se exhiben en Acampa 2020 son el resultado de un trabajo realizado por el fot\u00f3grafo argentino de manera independiente con el apoyo de la Fundaci\u00f3n Manuel Rivera-Ortiz, una organizaci\u00f3n sin fines de lucro con sede en Rochester, Nueva York.<\/p>\n<p><strong>Javier Corso\/ <\/strong>Tierra Verde<\/p>\n<p>El fot\u00f3grafo <strong>Javier<\/strong><strong> C<\/strong><strong>orso<\/strong>, que nos acerca con sus fotos en Acampa 2020 a la explotaci\u00f3n de las minas de jade y esmeralda en Colombia, es asesor creativo de National Geographic Partners (Espa\u00f1a) y el fundador\/ director de Oak Stories, una productora especializada en proyectos documentales que desde 2019 trabaja\u00a0 para National Geographic Partners Espa\u00f1a y otras empresas y organizaciones como Naciones Unidas o el Ayuntamiento de Barcelona. <strong>Corso <\/strong>comenz\u00f3 a trabajar como fot\u00f3grafo documental en 2011, publicando en medios como National Geographic, Al Jazeera, TIME Lightbox, GEO, VICE, PAPEL (El Mundo), El Pa\u00eds o\u00a0 la Revista 5W. Su trabajo documental ha sido reconocido en numerosos cert\u00e1menes internacionales.<\/p>\n<p><strong>Guilherme Cavalli-Tiago Miotto-Christian Braga-Clara Belchior\/<\/strong> Lucha Ind\u00edgena<\/p>\n<p>Los fot\u00f3grafos y fot\u00f3grafas brasile\u00f1as <strong>Guilherme Cavalli<\/strong>,<strong> Tiago Miotto<\/strong>,<strong> Christian Braga y Clara Belchior<\/strong> rubrican las fotograf\u00edas de la muestra <em>Lucha ind\u00edgena<\/em>. Sus instant\u00e1neas documentan a\u00f1os de protestas\u00a0 de las poblaciones originarias de Brasil en la defensa de sus tierras ancestrales y\u00a0 contra el expolio de sus recursos naturales por parte de grandes corporaciones extranjeras que esquilman selvas y otros ecosistemas \u00fanicos para la miner\u00eda, la agricultura y la ganader\u00eda extensivas. Una lucha que se ha intensificado con la llegada de Bolsonaro al poder y su complicidad con la codicia capitalista que amenaza la supervivencia de las comunidades ind\u00edgenas del pa\u00eds.<\/p>\n","protected":false},"excerpt":{"rendered":"<p>Am\u00e9rica Latina est\u00e1 entre la zonas del planeta m\u00e1s afectadas por la explotaci\u00f3n a gran escala de recursos naturales por parte de multinacionales for\u00e1neas y peque\u00f1as \u00e9lites. Tambi\u00e9n alberga uno de los principales emblemas por sus efectos devastadores para las poblaciones locales, el planeta y la humanidad en su conjunto: la selva amaz\u00f3nica Instalada en [&hellip;]<\/p>\n","protected":false},"author":25,"featured_media":37726,"comment_status":"open","ping_status":"open","sticky":false,"template":"","format":"standard","meta":{"_et_pb_use_builder":"","_et_pb_old_content":"","_et_gb_content_width":"","inline_featured_image":false,"footnotes":""},"categories":[18],"tags":[101,123,114,118,78,117,56,83,57,97,126,85,94,108,120,110,125,61,82,55,77,58,95,96,59],"class_list":["post-37730","post","type-post","status-publish","format-standard","has-post-thumbnail","hentry","category-presentaciones","tag-agronegocio-2","tag-amazonia-2","tag-argentina","tag-brasil-2","tag-cambio-climatico","tag-colombia-2","tag-derecho-a-refugio","tag-derecho-de-asilo-2","tag-derechos-humanos","tag-desplazamientos-forzosos","tag-esmeraldas","tag-expolio-2","tag-expolio-de-recursos","tag-fotografia","tag-fotos","tag-galicia-2","tag-glifosato","tag-inmigracion","tag-migracion-2","tag-migraciones","tag-migrantes","tag-refugiadas","tag-refugiado-climatico","tag-refugiado-por-expolio","tag-refugiados"],"yoast_head":"<!-- This site is optimized with the Yoast SEO plugin v27.4 - https:\/\/yoast.com\/product\/yoast-seo-wordpress\/ -->\n<title>LA MUESTRA \u201cEXPOLIO\u201d DE ACAMPA PLASMA LOS ESTRAGOS DEL SAQUEO DE RECURSOS NATURALES EN DISTINTOS PA\u00cdSES DE LATINOAM\u00c9RICA COMO BRASIL, ARGENTINA Y COLOMBIA | Rede Acampa - Pola paz e o dereito a refuxio<\/title>\n<meta name=\"robots\" content=\"index, follow, max-snippet:-1, max-image-preview:large, max-video-preview:-1\" \/>\n<link rel=\"canonical\" href=\"https:\/\/blog.redeacampa.org\/es\/la-muestra-expolio-de-acampa-plasma-los-estragos-del-saqueo-de-recursos-naturales-en-distintos-paises-de-latinoamerica-como-brasil-argentina-y-colombia\/\" \/>\n<meta property=\"og:locale\" content=\"es_ES\" \/>\n<meta property=\"og:type\" content=\"article\" \/>\n<meta property=\"og:title\" content=\"LA MUESTRA \u201cEXPOLIO\u201d DE ACAMPA PLASMA LOS ESTRAGOS DEL SAQUEO DE RECURSOS NATURALES EN DISTINTOS PA\u00cdSES DE LATINOAM\u00c9RICA COMO BRASIL, ARGENTINA Y COLOMBIA | Rede Acampa - Pola paz e o dereito a refuxio\" \/>\n<meta property=\"og:description\" content=\"Am\u00e9rica Latina est\u00e1 entre la zonas del planeta m\u00e1s afectadas por la explotaci\u00f3n a gran escala de recursos naturales por parte de multinacionales for\u00e1neas y peque\u00f1as \u00e9lites. Tambi\u00e9n alberga uno de los principales emblemas por sus efectos devastadores para las poblaciones locales, el planeta y la humanidad en su conjunto: la selva amaz\u00f3nica Instalada en [&hellip;]\" \/>\n<meta property=\"og:url\" content=\"https:\/\/blog.redeacampa.org\/es\/la-muestra-expolio-de-acampa-plasma-los-estragos-del-saqueo-de-recursos-naturales-en-distintos-paises-de-latinoamerica-como-brasil-argentina-y-colombia\/\" \/>\n<meta property=\"og:site_name\" content=\"Rede Acampa - Pola paz e o dereito a refuxio\" \/>\n<meta property=\"article:publisher\" content=\"https:\/\/www.facebook.com\/acampapolapazeodereitoarefuxio\" \/>\n<meta property=\"article:published_time\" content=\"2020-11-20T11:43:06+00:00\" \/>\n<meta property=\"og:image\" content=\"https:\/\/blog.redeacampa.org\/wp-content\/uploads\/Piovano.jpg\" \/>\n\t<meta property=\"og:image:width\" content=\"1280\" \/>\n\t<meta property=\"og:image:height\" content=\"849\" \/>\n\t<meta property=\"og:image:type\" content=\"image\/jpeg\" \/>\n<meta name=\"author\" content=\"Comunicaci\u00f3n\" \/>\n<meta name=\"twitter:card\" content=\"summary_large_image\" \/>\n<meta name=\"twitter:creator\" content=\"@Acampa_polapaz\" \/>\n<meta name=\"twitter:site\" content=\"@Acampa_polapaz\" \/>\n<meta name=\"twitter:label1\" content=\"Escrito por\" \/>\n\t<meta name=\"twitter:data1\" content=\"Comunicaci\u00f3n\" \/>\n\t<meta name=\"twitter:label2\" content=\"Tiempo de lectura\" \/>\n\t<meta name=\"twitter:data2\" content=\"7 minutos\" \/>\n<script type=\"application\/ld+json\" class=\"yoast-schema-graph\">{\"@context\":\"https:\\\/\\\/schema.org\",\"@graph\":[{\"@type\":\"Article\",\"@id\":\"https:\\\/\\\/blog.redeacampa.org\\\/es\\\/la-muestra-expolio-de-acampa-plasma-los-estragos-del-saqueo-de-recursos-naturales-en-distintos-paises-de-latinoamerica-como-brasil-argentina-y-colombia\\\/#article\",\"isPartOf\":{\"@id\":\"https:\\\/\\\/blog.redeacampa.org\\\/es\\\/la-muestra-expolio-de-acampa-plasma-los-estragos-del-saqueo-de-recursos-naturales-en-distintos-paises-de-latinoamerica-como-brasil-argentina-y-colombia\\\/\"},\"author\":{\"name\":\"Comunicaci\u00f3n\",\"@id\":\"https:\\\/\\\/blog.redeacampa.org\\\/es\\\/#\\\/schema\\\/person\\\/4af0729a8614cbed1e7078bcc7be966b\"},\"headline\":\"LA MUESTRA \u201cEXPOLIO\u201d DE ACAMPA PLASMA LOS ESTRAGOS DEL SAQUEO DE RECURSOS NATURALES EN DISTINTOS PA\u00cdSES DE LATINOAM\u00c9RICA COMO BRASIL, ARGENTINA Y COLOMBIA\",\"datePublished\":\"2020-11-20T11:43:06+00:00\",\"mainEntityOfPage\":{\"@id\":\"https:\\\/\\\/blog.redeacampa.org\\\/es\\\/la-muestra-expolio-de-acampa-plasma-los-estragos-del-saqueo-de-recursos-naturales-en-distintos-paises-de-latinoamerica-como-brasil-argentina-y-colombia\\\/\"},\"wordCount\":1327,\"commentCount\":0,\"image\":{\"@id\":\"https:\\\/\\\/blog.redeacampa.org\\\/es\\\/la-muestra-expolio-de-acampa-plasma-los-estragos-del-saqueo-de-recursos-naturales-en-distintos-paises-de-latinoamerica-como-brasil-argentina-y-colombia\\\/#primaryimage\"},\"thumbnailUrl\":\"https:\\\/\\\/blog.redeacampa.org\\\/wp-content\\\/uploads\\\/Piovano.jpg\",\"keywords\":[\"agronegocio\",\"Amazon\u00eda\",\"Argentina\",\"Brasil\",\"Cambio Clim\u00e1tico\",\"Colombia\",\"derecho a refugio\",\"derecho de asilo\",\"Derechos Humanos\",\"desplazamientos forzosos\",\"Esmeraldas\",\"expolio\",\"expolio de recursos\",\"Fotograf\u00eda\",\"fotos\",\"Galicia\",\"glifosato\",\"inmigraci\u00f3n\",\"migraci\u00f3n\",\"Migraciones\",\"migrantes\",\"Refugiadas\",\"refugiado clim\u00e1tico\",\"refugiado por expolio\",\"Refugiados\"],\"articleSection\":[\"Presentaciones\"],\"inLanguage\":\"es\",\"potentialAction\":[{\"@type\":\"CommentAction\",\"name\":\"Comment\",\"target\":[\"https:\\\/\\\/blog.redeacampa.org\\\/es\\\/la-muestra-expolio-de-acampa-plasma-los-estragos-del-saqueo-de-recursos-naturales-en-distintos-paises-de-latinoamerica-como-brasil-argentina-y-colombia\\\/#respond\"]}]},{\"@type\":\"WebPage\",\"@id\":\"https:\\\/\\\/blog.redeacampa.org\\\/es\\\/la-muestra-expolio-de-acampa-plasma-los-estragos-del-saqueo-de-recursos-naturales-en-distintos-paises-de-latinoamerica-como-brasil-argentina-y-colombia\\\/\",\"url\":\"https:\\\/\\\/blog.redeacampa.org\\\/es\\\/la-muestra-expolio-de-acampa-plasma-los-estragos-del-saqueo-de-recursos-naturales-en-distintos-paises-de-latinoamerica-como-brasil-argentina-y-colombia\\\/\",\"name\":\"LA MUESTRA \u201cEXPOLIO\u201d DE ACAMPA PLASMA LOS ESTRAGOS DEL SAQUEO DE RECURSOS NATURALES EN DISTINTOS PA\u00cdSES DE LATINOAM\u00c9RICA COMO BRASIL, ARGENTINA Y COLOMBIA | Rede Acampa - Pola paz e o dereito a refuxio\",\"isPartOf\":{\"@id\":\"https:\\\/\\\/blog.redeacampa.org\\\/es\\\/#website\"},\"primaryImageOfPage\":{\"@id\":\"https:\\\/\\\/blog.redeacampa.org\\\/es\\\/la-muestra-expolio-de-acampa-plasma-los-estragos-del-saqueo-de-recursos-naturales-en-distintos-paises-de-latinoamerica-como-brasil-argentina-y-colombia\\\/#primaryimage\"},\"image\":{\"@id\":\"https:\\\/\\\/blog.redeacampa.org\\\/es\\\/la-muestra-expolio-de-acampa-plasma-los-estragos-del-saqueo-de-recursos-naturales-en-distintos-paises-de-latinoamerica-como-brasil-argentina-y-colombia\\\/#primaryimage\"},\"thumbnailUrl\":\"https:\\\/\\\/blog.redeacampa.org\\\/wp-content\\\/uploads\\\/Piovano.jpg\",\"datePublished\":\"2020-11-20T11:43:06+00:00\",\"author\":{\"@id\":\"https:\\\/\\\/blog.redeacampa.org\\\/es\\\/#\\\/schema\\\/person\\\/4af0729a8614cbed1e7078bcc7be966b\"},\"breadcrumb\":{\"@id\":\"https:\\\/\\\/blog.redeacampa.org\\\/es\\\/la-muestra-expolio-de-acampa-plasma-los-estragos-del-saqueo-de-recursos-naturales-en-distintos-paises-de-latinoamerica-como-brasil-argentina-y-colombia\\\/#breadcrumb\"},\"inLanguage\":\"es\",\"potentialAction\":[{\"@type\":\"ReadAction\",\"target\":[\"https:\\\/\\\/blog.redeacampa.org\\\/es\\\/la-muestra-expolio-de-acampa-plasma-los-estragos-del-saqueo-de-recursos-naturales-en-distintos-paises-de-latinoamerica-como-brasil-argentina-y-colombia\\\/\"]}]},{\"@type\":\"ImageObject\",\"inLanguage\":\"es\",\"@id\":\"https:\\\/\\\/blog.redeacampa.org\\\/es\\\/la-muestra-expolio-de-acampa-plasma-los-estragos-del-saqueo-de-recursos-naturales-en-distintos-paises-de-latinoamerica-como-brasil-argentina-y-colombia\\\/#primaryimage\",\"url\":\"https:\\\/\\\/blog.redeacampa.org\\\/wp-content\\\/uploads\\\/Piovano.jpg\",\"contentUrl\":\"https:\\\/\\\/blog.redeacampa.org\\\/wp-content\\\/uploads\\\/Piovano.jpg\",\"width\":1280,\"height\":849},{\"@type\":\"BreadcrumbList\",\"@id\":\"https:\\\/\\\/blog.redeacampa.org\\\/es\\\/la-muestra-expolio-de-acampa-plasma-los-estragos-del-saqueo-de-recursos-naturales-en-distintos-paises-de-latinoamerica-como-brasil-argentina-y-colombia\\\/#breadcrumb\",\"itemListElement\":[{\"@type\":\"ListItem\",\"position\":1,\"name\":\"Portada\",\"item\":\"https:\\\/\\\/blog.redeacampa.org\\\/es\\\/\"},{\"@type\":\"ListItem\",\"position\":2,\"name\":\"LA MUESTRA \u201cEXPOLIO\u201d DE ACAMPA PLASMA LOS ESTRAGOS DEL SAQUEO DE RECURSOS NATURALES EN DISTINTOS PA\u00cdSES DE LATINOAM\u00c9RICA COMO BRASIL, ARGENTINA Y COLOMBIA\"}]},{\"@type\":\"WebSite\",\"@id\":\"https:\\\/\\\/blog.redeacampa.org\\\/es\\\/#website\",\"url\":\"https:\\\/\\\/blog.redeacampa.org\\\/es\\\/\",\"name\":\"Rede Acampa - Por la paz y el derecho a refugio\",\"description\":\"Unha iniciativa cidad\u00e1 sen fins de lucro integrada por colectivos sociais, culturais, educativos, veci\u00f1ais, pol\u00edticos, sindicais, art\u00edsticos, de persoas solidarias, de instituci\u00f3ns e empresas con responsabilidade social que te\u00f1en como obxectivo a defensa dos dereitos humanos, o Dereito Internacional Humanitario e o Dereito a Refuxio.\",\"potentialAction\":[{\"@type\":\"SearchAction\",\"target\":{\"@type\":\"EntryPoint\",\"urlTemplate\":\"https:\\\/\\\/blog.redeacampa.org\\\/es\\\/?s={search_term_string}\"},\"query-input\":{\"@type\":\"PropertyValueSpecification\",\"valueRequired\":true,\"valueName\":\"search_term_string\"}}],\"inLanguage\":\"es\"},{\"@type\":\"Person\",\"@id\":\"https:\\\/\\\/blog.redeacampa.org\\\/es\\\/#\\\/schema\\\/person\\\/4af0729a8614cbed1e7078bcc7be966b\",\"name\":\"Comunicaci\u00f3n\",\"image\":{\"@type\":\"ImageObject\",\"inLanguage\":\"es\",\"@id\":\"https:\\\/\\\/secure.gravatar.com\\\/avatar\\\/8e8fea06f5f2696e331aacd588d2000164152c9aa47459d1e52be3c1ab5f5ca5?s=96&d=mm&r=g\",\"url\":\"https:\\\/\\\/secure.gravatar.com\\\/avatar\\\/8e8fea06f5f2696e331aacd588d2000164152c9aa47459d1e52be3c1ab5f5ca5?s=96&d=mm&r=g\",\"contentUrl\":\"https:\\\/\\\/secure.gravatar.com\\\/avatar\\\/8e8fea06f5f2696e331aacd588d2000164152c9aa47459d1e52be3c1ab5f5ca5?s=96&d=mm&r=g\",\"caption\":\"Comunicaci\u00f3n\"}}]}<\/script>\n<!-- \/ Yoast SEO plugin. -->","yoast_head_json":{"title":"LA MUESTRA \u201cEXPOLIO\u201d DE ACAMPA PLASMA LOS ESTRAGOS DEL SAQUEO DE RECURSOS NATURALES EN DISTINTOS PA\u00cdSES DE LATINOAM\u00c9RICA COMO BRASIL, ARGENTINA Y COLOMBIA | Rede Acampa - Pola paz e o dereito a refuxio","robots":{"index":"index","follow":"follow","max-snippet":"max-snippet:-1","max-image-preview":"max-image-preview:large","max-video-preview":"max-video-preview:-1"},"canonical":"https:\/\/blog.redeacampa.org\/es\/la-muestra-expolio-de-acampa-plasma-los-estragos-del-saqueo-de-recursos-naturales-en-distintos-paises-de-latinoamerica-como-brasil-argentina-y-colombia\/","og_locale":"es_ES","og_type":"article","og_title":"LA MUESTRA \u201cEXPOLIO\u201d DE ACAMPA PLASMA LOS ESTRAGOS DEL SAQUEO DE RECURSOS NATURALES EN DISTINTOS PA\u00cdSES DE LATINOAM\u00c9RICA COMO BRASIL, ARGENTINA Y COLOMBIA | Rede Acampa - Pola paz e o dereito a refuxio","og_description":"Am\u00e9rica Latina est\u00e1 entre la zonas del planeta m\u00e1s afectadas por la explotaci\u00f3n a gran escala de recursos naturales por parte de multinacionales for\u00e1neas y peque\u00f1as \u00e9lites. Tambi\u00e9n alberga uno de los principales emblemas por sus efectos devastadores para las poblaciones locales, el planeta y la humanidad en su conjunto: la selva amaz\u00f3nica Instalada en [&hellip;]","og_url":"https:\/\/blog.redeacampa.org\/es\/la-muestra-expolio-de-acampa-plasma-los-estragos-del-saqueo-de-recursos-naturales-en-distintos-paises-de-latinoamerica-como-brasil-argentina-y-colombia\/","og_site_name":"Rede Acampa - Pola paz e o dereito a refuxio","article_publisher":"https:\/\/www.facebook.com\/acampapolapazeodereitoarefuxio","article_published_time":"2020-11-20T11:43:06+00:00","og_image":[{"width":1280,"height":849,"url":"https:\/\/blog.redeacampa.org\/wp-content\/uploads\/Piovano.jpg","type":"image\/jpeg"}],"author":"Comunicaci\u00f3n","twitter_card":"summary_large_image","twitter_creator":"@Acampa_polapaz","twitter_site":"@Acampa_polapaz","twitter_misc":{"Escrito por":"Comunicaci\u00f3n","Tiempo de lectura":"7 minutos"},"schema":{"@context":"https:\/\/schema.org","@graph":[{"@type":"Article","@id":"https:\/\/blog.redeacampa.org\/es\/la-muestra-expolio-de-acampa-plasma-los-estragos-del-saqueo-de-recursos-naturales-en-distintos-paises-de-latinoamerica-como-brasil-argentina-y-colombia\/#article","isPartOf":{"@id":"https:\/\/blog.redeacampa.org\/es\/la-muestra-expolio-de-acampa-plasma-los-estragos-del-saqueo-de-recursos-naturales-en-distintos-paises-de-latinoamerica-como-brasil-argentina-y-colombia\/"},"author":{"name":"Comunicaci\u00f3n","@id":"https:\/\/blog.redeacampa.org\/es\/#\/schema\/person\/4af0729a8614cbed1e7078bcc7be966b"},"headline":"LA MUESTRA \u201cEXPOLIO\u201d DE ACAMPA PLASMA LOS ESTRAGOS DEL SAQUEO DE RECURSOS NATURALES EN DISTINTOS PA\u00cdSES DE LATINOAM\u00c9RICA COMO BRASIL, ARGENTINA Y COLOMBIA","datePublished":"2020-11-20T11:43:06+00:00","mainEntityOfPage":{"@id":"https:\/\/blog.redeacampa.org\/es\/la-muestra-expolio-de-acampa-plasma-los-estragos-del-saqueo-de-recursos-naturales-en-distintos-paises-de-latinoamerica-como-brasil-argentina-y-colombia\/"},"wordCount":1327,"commentCount":0,"image":{"@id":"https:\/\/blog.redeacampa.org\/es\/la-muestra-expolio-de-acampa-plasma-los-estragos-del-saqueo-de-recursos-naturales-en-distintos-paises-de-latinoamerica-como-brasil-argentina-y-colombia\/#primaryimage"},"thumbnailUrl":"https:\/\/blog.redeacampa.org\/wp-content\/uploads\/Piovano.jpg","keywords":["agronegocio","Amazon\u00eda","Argentina","Brasil","Cambio Clim\u00e1tico","Colombia","derecho a refugio","derecho de asilo","Derechos Humanos","desplazamientos forzosos","Esmeraldas","expolio","expolio de recursos","Fotograf\u00eda","fotos","Galicia","glifosato","inmigraci\u00f3n","migraci\u00f3n","Migraciones","migrantes","Refugiadas","refugiado clim\u00e1tico","refugiado por expolio","Refugiados"],"articleSection":["Presentaciones"],"inLanguage":"es","potentialAction":[{"@type":"CommentAction","name":"Comment","target":["https:\/\/blog.redeacampa.org\/es\/la-muestra-expolio-de-acampa-plasma-los-estragos-del-saqueo-de-recursos-naturales-en-distintos-paises-de-latinoamerica-como-brasil-argentina-y-colombia\/#respond"]}]},{"@type":"WebPage","@id":"https:\/\/blog.redeacampa.org\/es\/la-muestra-expolio-de-acampa-plasma-los-estragos-del-saqueo-de-recursos-naturales-en-distintos-paises-de-latinoamerica-como-brasil-argentina-y-colombia\/","url":"https:\/\/blog.redeacampa.org\/es\/la-muestra-expolio-de-acampa-plasma-los-estragos-del-saqueo-de-recursos-naturales-en-distintos-paises-de-latinoamerica-como-brasil-argentina-y-colombia\/","name":"LA MUESTRA \u201cEXPOLIO\u201d DE ACAMPA PLASMA LOS ESTRAGOS DEL SAQUEO DE RECURSOS NATURALES EN DISTINTOS PA\u00cdSES DE LATINOAM\u00c9RICA COMO BRASIL, ARGENTINA Y COLOMBIA | Rede Acampa - Pola paz e o dereito a refuxio","isPartOf":{"@id":"https:\/\/blog.redeacampa.org\/es\/#website"},"primaryImageOfPage":{"@id":"https:\/\/blog.redeacampa.org\/es\/la-muestra-expolio-de-acampa-plasma-los-estragos-del-saqueo-de-recursos-naturales-en-distintos-paises-de-latinoamerica-como-brasil-argentina-y-colombia\/#primaryimage"},"image":{"@id":"https:\/\/blog.redeacampa.org\/es\/la-muestra-expolio-de-acampa-plasma-los-estragos-del-saqueo-de-recursos-naturales-en-distintos-paises-de-latinoamerica-como-brasil-argentina-y-colombia\/#primaryimage"},"thumbnailUrl":"https:\/\/blog.redeacampa.org\/wp-content\/uploads\/Piovano.jpg","datePublished":"2020-11-20T11:43:06+00:00","author":{"@id":"https:\/\/blog.redeacampa.org\/es\/#\/schema\/person\/4af0729a8614cbed1e7078bcc7be966b"},"breadcrumb":{"@id":"https:\/\/blog.redeacampa.org\/es\/la-muestra-expolio-de-acampa-plasma-los-estragos-del-saqueo-de-recursos-naturales-en-distintos-paises-de-latinoamerica-como-brasil-argentina-y-colombia\/#breadcrumb"},"inLanguage":"es","potentialAction":[{"@type":"ReadAction","target":["https:\/\/blog.redeacampa.org\/es\/la-muestra-expolio-de-acampa-plasma-los-estragos-del-saqueo-de-recursos-naturales-en-distintos-paises-de-latinoamerica-como-brasil-argentina-y-colombia\/"]}]},{"@type":"ImageObject","inLanguage":"es","@id":"https:\/\/blog.redeacampa.org\/es\/la-muestra-expolio-de-acampa-plasma-los-estragos-del-saqueo-de-recursos-naturales-en-distintos-paises-de-latinoamerica-como-brasil-argentina-y-colombia\/#primaryimage","url":"https:\/\/blog.redeacampa.org\/wp-content\/uploads\/Piovano.jpg","contentUrl":"https:\/\/blog.redeacampa.org\/wp-content\/uploads\/Piovano.jpg","width":1280,"height":849},{"@type":"BreadcrumbList","@id":"https:\/\/blog.redeacampa.org\/es\/la-muestra-expolio-de-acampa-plasma-los-estragos-del-saqueo-de-recursos-naturales-en-distintos-paises-de-latinoamerica-como-brasil-argentina-y-colombia\/#breadcrumb","itemListElement":[{"@type":"ListItem","position":1,"name":"Portada","item":"https:\/\/blog.redeacampa.org\/es\/"},{"@type":"ListItem","position":2,"name":"LA MUESTRA \u201cEXPOLIO\u201d DE ACAMPA PLASMA LOS ESTRAGOS DEL SAQUEO DE RECURSOS NATURALES EN DISTINTOS PA\u00cdSES DE LATINOAM\u00c9RICA COMO BRASIL, ARGENTINA Y COLOMBIA"}]},{"@type":"WebSite","@id":"https:\/\/blog.redeacampa.org\/es\/#website","url":"https:\/\/blog.redeacampa.org\/es\/","name":"Rede Acampa - Por la paz y el derecho a refugio","description":"Unha iniciativa cidad\u00e1 sen fins de lucro integrada por colectivos sociais, culturais, educativos, veci\u00f1ais, pol\u00edticos, sindicais, art\u00edsticos, de persoas solidarias, de instituci\u00f3ns e empresas con responsabilidade social que te\u00f1en como obxectivo a defensa dos dereitos humanos, o Dereito Internacional Humanitario e o Dereito a Refuxio.","potentialAction":[{"@type":"SearchAction","target":{"@type":"EntryPoint","urlTemplate":"https:\/\/blog.redeacampa.org\/es\/?s={search_term_string}"},"query-input":{"@type":"PropertyValueSpecification","valueRequired":true,"valueName":"search_term_string"}}],"inLanguage":"es"},{"@type":"Person","@id":"https:\/\/blog.redeacampa.org\/es\/#\/schema\/person\/4af0729a8614cbed1e7078bcc7be966b","name":"Comunicaci\u00f3n","image":{"@type":"ImageObject","inLanguage":"es","@id":"https:\/\/secure.gravatar.com\/avatar\/8e8fea06f5f2696e331aacd588d2000164152c9aa47459d1e52be3c1ab5f5ca5?s=96&d=mm&r=g","url":"https:\/\/secure.gravatar.com\/avatar\/8e8fea06f5f2696e331aacd588d2000164152c9aa47459d1e52be3c1ab5f5ca5?s=96&d=mm&r=g","contentUrl":"https:\/\/secure.gravatar.com\/avatar\/8e8fea06f5f2696e331aacd588d2000164152c9aa47459d1e52be3c1ab5f5ca5?s=96&d=mm&r=g","caption":"Comunicaci\u00f3n"}}]}},"_links":{"self":[{"href":"https:\/\/blog.redeacampa.org\/es\/wp-json\/wp\/v2\/posts\/37730","targetHints":{"allow":["GET"]}}],"collection":[{"href":"https:\/\/blog.redeacampa.org\/es\/wp-json\/wp\/v2\/posts"}],"about":[{"href":"https:\/\/blog.redeacampa.org\/es\/wp-json\/wp\/v2\/types\/post"}],"author":[{"embeddable":true,"href":"https:\/\/blog.redeacampa.org\/es\/wp-json\/wp\/v2\/users\/25"}],"replies":[{"embeddable":true,"href":"https:\/\/blog.redeacampa.org\/es\/wp-json\/wp\/v2\/comments?post=37730"}],"version-history":[{"count":0,"href":"https:\/\/blog.redeacampa.org\/es\/wp-json\/wp\/v2\/posts\/37730\/revisions"}],"wp:featuredmedia":[{"embeddable":true,"href":"https:\/\/blog.redeacampa.org\/es\/wp-json\/wp\/v2\/media\/37726"}],"wp:attachment":[{"href":"https:\/\/blog.redeacampa.org\/es\/wp-json\/wp\/v2\/media?parent=37730"}],"wp:term":[{"taxonomy":"category","embeddable":true,"href":"https:\/\/blog.redeacampa.org\/es\/wp-json\/wp\/v2\/categories?post=37730"},{"taxonomy":"post_tag","embeddable":true,"href":"https:\/\/blog.redeacampa.org\/es\/wp-json\/wp\/v2\/tags?post=37730"}],"curies":[{"name":"wp","href":"https:\/\/api.w.org\/{rel}","templated":true}]}}