{"id":37814,"date":"2021-01-27T11:42:26","date_gmt":"2021-01-27T10:42:26","guid":{"rendered":"https:\/\/blog.redeacampa.org\/?p=37814"},"modified":"2021-01-27T11:42:26","modified_gmt":"2021-01-27T10:42:26","slug":"la-exposicion-expolio-y-derecho-a-refugio-de-la-iv-edicion-del-encuentro-internacional-de-acampa-en-a-coruna-se-proyecta-en-el-foro-social-mundial","status":"publish","type":"post","link":"https:\/\/blog.redeacampa.org\/es\/la-exposicion-expolio-y-derecho-a-refugio-de-la-iv-edicion-del-encuentro-internacional-de-acampa-en-a-coruna-se-proyecta-en-el-foro-social-mundial\/","title":{"rendered":"LA EXPOSICI\u00d3N \u201cEXPOLIO Y DERECHO A REFUGIO\u201d DE LA IV EDICI\u00d3N DEL ENCUENTRO INTERNACIONAL DE ACAMPA EN A CORU\u00d1A SE PROYECTA EN EL FORO SOCIAL MUNDIAL"},"content":{"rendered":"<ul>\n<li><em>El FSM, que se celebra estos d\u00edas en M\u00e9xico de forma virtual a causa de la pandemia del coronavirus, es un movimiento global no gubernamental, surgido hace 20 a\u00f1os en contraposici\u00f3n al Foro Econ\u00f3mico de Davos, para poner el \u00e9nfasis en los asuntos de \u00edndole social y humano frente a los exclusivamente econ\u00f3micos<\/em><\/li>\n<li><em>Acampa pola Paz e o Dereito a Refuxio tambi\u00e9n\u00a0 presenta en el FSM el v\u00eddeo \u201cTerritorio expoliado. Pueblos Ind\u00edgenas en Brasil\u201d que retrata, a trav\u00e9s de fotograf\u00edas y testimonio sonoros, las consecuencias del agronegocio para las comunidades ind\u00edgenas de los estados de Mato Grosso do Sul y Bah\u00eda<\/em><\/li>\n<\/ul>\n<p>La muestra EXPOLIO<em>, <\/em>elemento central del Encuentro Internacional 2020 de <em>Acampa pola Paz e o Dereito a Refuxi<\/em>o, en A Coru\u00f1a, ser\u00e1 proyectada, en su versi\u00f3n digital, en el <strong>FORO SOCIAL MUNDIAL <\/strong>(FSM) 2021, que se desarrolla desde el pasado s\u00e1bado, d\u00eda 23 de enero y hasta el domingo 31 en M\u00e9xico<strong>,<\/strong> de forma virtual debido a las restricciones derivadas de la Covid-19. El Foro ser\u00e1 tambi\u00e9n escenario del estreno del audiovisual <em>Territorio Expoliado. Pueblos ind\u00edgenas en Brasil<\/em>, elaborado por red Acampa de ese pa\u00eds, que documenta, a trav\u00e9s de im\u00e1genes y testimonios sonoros, las consecuencias del agronegocio para las comunidades ind\u00edgenas brasile\u00f1as. El FSM surgi\u00f3 hace ahora 20 a\u00f1os como contrapeso al Foro Econ\u00f3mico de Davos con la finalidad de oponer al protagonismo del capital, el abordaje \u00a0de las cuestiones sociales, medioambientales y humanitarias.<\/p>\n<p>La primera de las proyecciones tendr\u00e1 lugar ma\u00f1ana jueves 28, a las 20.15 hora espa\u00f1ola y ser\u00e1 presentada por la coordinadora de la Red Acampa en Brasil, C\u00e9lia Regina Rossi. Todos los participantes en el Foro podr\u00e1n visualizar la exposici\u00f3n fotogr\u00e1fica <em>Expolio y derecho a refugio<\/em>, una ventana a distintos escenarios del planeta donde el saqueo de recursos naturales por parte de compa\u00f1\u00edas extranjeras y casi siempre con el apoyo de peque\u00f1as \u00e9lites del propio pa\u00eds, genera sufrimiento humano y \u00a0da\u00f1os ambientales irreparables. Adem\u00e1s de las consecuencias para el Medio Ambiente y la p\u00e9rdida de biodiversidad, estas pr\u00e1cticas capitalistas afectan a centenares de comunidades locales que se ven condenadas a la pobreza extrema y al desplazamiento forzoso por la desaparici\u00f3n de sus territorios y\u00a0 sus recursos vitales. Se trata de la versi\u00f3n virtual de la muestra expuesta en la ciudad de A Coru\u00f1a entre los meses de noviembre y diciembre. Im\u00e1genes de gran formato, firmadas por destacados fotoperiodistas nacionales e internacionales, que reflejan el expolio y sus consecuencias en lugares como Nigeria, la Rep\u00fablica Democr\u00e1tica del Congo, Colombia, Brasil, Argentina o el S\u00e1hara Occidental.<\/p>\n<p><strong>Territorio expoliado<\/strong><\/p>\n<p>El viernes 29, a las ocho de la tarde hora espa\u00f1ola, \u00a0ser\u00e1 el turno de la proyecci\u00f3n del audiovisual <em>Territorio expoliado. Pueblos ind\u00edgenas en Brasil<\/em> que acercar\u00e1 a los participantes del FSM a la situaci\u00f3n social y humana de las comunidades ind\u00edgenas de los estado brasile\u00f1os de Mato Grosso do Sul y Bah\u00eda, cuyos territorios ancestrales han sido pr\u00e1cticamente devastados por el agronegocio. El contenido ser\u00e1 presentado por la fot\u00f3grafa brasile\u00f1a Clara Belchior y por C\u00e9lia Regina Rossi, y discurrir\u00e1 por las im\u00e1genes de la propia Belchior, de la fot\u00f3grafa italiana Chiara Tedeschi y del fotodocumentalista y coordinador de Acampa en Galicia, Xos\u00e9 Abad. El cultivo a gran escala de productos como la soja o la ca\u00f1a de az\u00facar y la ganader\u00eda intensiva por parte de unos pocos grandes terratenientes ha expulsado de sus tierras a la mayor\u00eda de las poblaciones originarias de esta parte del pa\u00eds. Est\u00e1s se ven obligadas a vivir en peque\u00f1as y acotadas reservas sin recursos ni acceso a la m\u00ednima cantidad\u00a0 de tierra para subsistir.<\/p>\n<p>El acercamiento a la crud\u00edsima realidad de estas comunidades ser\u00e1 a trav\u00e9s de los testimonios en primera persona de miembros de las comunidades afectadas y de im\u00e1genes fotogr\u00e1ficas. El audiovisual refleja, entre otros aspectos, las denominadas \u201cretomadas\u201d, los intentos reiterados de las \u00a0familias ind\u00edgenas por recuperar peque\u00f1os trozos de sus tierras, top\u00e1ndose siempre, en un pulso desigual, con la represi\u00f3n normalmente violenta de los miembros armados de los servicios de seguridad de los due\u00f1os de las plantaciones.<\/p>\n<p><strong>Foro Social Mundial<\/strong><\/p>\n<p>El Foro Social Mundial es un encuentro para el intercambio de ideas, propuestas y experiencias entre entidades y movimientos de la sociedad civil, opuestos\u00a0 a los dictados del neoliberalismo y al dominio del capital, que apuestan por \u201cuna globalizaci\u00f3n diferente\u201d. \u00a0Este Foro, que acu\u00f1\u00f3 la emblem\u00e1tica frase \u201cotro mundo es posible\u201d, naci\u00f3 en 2001, en la ciudad brasile\u00f1a de Porto Alegre, de la mano de organizaciones y movimientos sociales y en contraposici\u00f3n al Foro Econ\u00f3mico Mundial, que se celebra desde 1971, en la ciudad suiza de Davos. Las primeras ediciones anuales se desarrollaron en la misma ciudad, pero desde el a\u00f1o 2005, \u00e9stas y otros eventos tem\u00e1ticos peri\u00f3dicos del movimiento rotan por pa\u00edses de todo el mundo, entre ellos Espa\u00f1a, que fue sede \u00a0en los a\u00f1os 2006 y 2008. El encuentro 2021 que se desarrolla esta semana en M\u00e9xico est\u00e1 marcado por el dif\u00edcil contexto internacional actual en el que la pandemia del coronavirus ha venido a complicar m\u00e1s el escenario de crisis econ\u00f3mica, clim\u00e1tica y democr\u00e1tica que ya viv\u00eda el planeta.<\/p>\n","protected":false},"excerpt":{"rendered":"<p>El FSM, que se celebra estos d\u00edas en M\u00e9xico de forma virtual a causa de la pandemia del coronavirus, es un movimiento global no gubernamental, surgido hace 20 a\u00f1os en contraposici\u00f3n al Foro Econ\u00f3mico de Davos, para poner el \u00e9nfasis en los asuntos de \u00edndole social y humano frente a los exclusivamente econ\u00f3micos Acampa pola [&hellip;]<\/p>\n","protected":false},"author":25,"featured_media":37817,"comment_status":"open","ping_status":"open","sticky":false,"template":"","format":"standard","meta":{"_et_pb_use_builder":"","_et_pb_old_content":"","_et_gb_content_width":"","inline_featured_image":false,"footnotes":""},"categories":[18],"tags":[124,101,123,155,118,56,150,57,97,85,152,120,110,154,60,100,151,58,96,59,10,153],"class_list":["post-37814","post","type-post","status-publish","format-standard","has-post-thumbnail","hentry","category-presentaciones","tag-a-coruna-2","tag-agronegocio-2","tag-amazonia-2","tag-bahia-2","tag-brasil-2","tag-derecho-a-refugio","tag-derecho-a-refugio-por-expolio","tag-derechos-humanos","tag-desplazamientos-forzosos","tag-expolio-2","tag-foro-social-mundial","tag-fotos","tag-galicia-2","tag-mato-grosso-do-sul-2","tag-otro-mundo-es-posible","tag-pueblos-indigenas","tag-pueblos-indigenas-de-brasil","tag-refugiadas","tag-refugiado-por-expolio","tag-refugiados","tag-video","tag-videos"],"yoast_head":"<!-- This site is optimized with the Yoast SEO plugin v27.4 - https:\/\/yoast.com\/product\/yoast-seo-wordpress\/ -->\n<title>LA EXPOSICI\u00d3N \u201cEXPOLIO Y DERECHO A REFUGIO\u201d DE LA IV EDICI\u00d3N DEL ENCUENTRO INTERNACIONAL DE ACAMPA EN A CORU\u00d1A SE PROYECTA EN EL FORO SOCIAL MUNDIAL | Rede Acampa - Pola paz e o dereito a refuxio<\/title>\n<meta name=\"robots\" content=\"index, follow, max-snippet:-1, max-image-preview:large, max-video-preview:-1\" \/>\n<link rel=\"canonical\" href=\"https:\/\/blog.redeacampa.org\/es\/la-exposicion-expolio-y-derecho-a-refugio-de-la-iv-edicion-del-encuentro-internacional-de-acampa-en-a-coruna-se-proyecta-en-el-foro-social-mundial\/\" \/>\n<meta property=\"og:locale\" content=\"es_ES\" \/>\n<meta property=\"og:type\" content=\"article\" \/>\n<meta property=\"og:title\" content=\"LA EXPOSICI\u00d3N \u201cEXPOLIO Y DERECHO A REFUGIO\u201d DE LA IV EDICI\u00d3N DEL ENCUENTRO INTERNACIONAL DE ACAMPA EN A CORU\u00d1A SE PROYECTA EN EL FORO SOCIAL MUNDIAL | Rede Acampa - Pola paz e o dereito a refuxio\" \/>\n<meta property=\"og:description\" content=\"El FSM, que se celebra estos d\u00edas en M\u00e9xico de forma virtual a causa de la pandemia del coronavirus, es un movimiento global no gubernamental, surgido hace 20 a\u00f1os en contraposici\u00f3n al Foro Econ\u00f3mico de Davos, para poner el \u00e9nfasis en los asuntos de \u00edndole social y humano frente a los exclusivamente econ\u00f3micos Acampa pola [&hellip;]\" \/>\n<meta property=\"og:url\" content=\"https:\/\/blog.redeacampa.org\/es\/la-exposicion-expolio-y-derecho-a-refugio-de-la-iv-edicion-del-encuentro-internacional-de-acampa-en-a-coruna-se-proyecta-en-el-foro-social-mundial\/\" \/>\n<meta property=\"og:site_name\" content=\"Rede Acampa - Pola paz e o dereito a refuxio\" \/>\n<meta property=\"article:publisher\" content=\"https:\/\/www.facebook.com\/acampapolapazeodereitoarefuxio\" \/>\n<meta property=\"article:published_time\" content=\"2021-01-27T10:42:26+00:00\" \/>\n<meta property=\"og:image\" content=\"https:\/\/blog.redeacampa.org\/wp-content\/uploads\/IMG-20210126-WA0005.jpg\" \/>\n\t<meta property=\"og:image:width\" content=\"1248\" \/>\n\t<meta property=\"og:image:height\" content=\"832\" \/>\n\t<meta property=\"og:image:type\" content=\"image\/jpeg\" \/>\n<meta name=\"author\" content=\"Comunicaci\u00f3n\" \/>\n<meta name=\"twitter:card\" content=\"summary_large_image\" \/>\n<meta name=\"twitter:creator\" content=\"@Acampa_polapaz\" \/>\n<meta name=\"twitter:site\" content=\"@Acampa_polapaz\" \/>\n<meta name=\"twitter:label1\" content=\"Escrito por\" \/>\n\t<meta name=\"twitter:data1\" content=\"Comunicaci\u00f3n\" \/>\n\t<meta name=\"twitter:label2\" content=\"Tiempo de lectura\" \/>\n\t<meta name=\"twitter:data2\" content=\"4 minutos\" \/>\n<script type=\"application\/ld+json\" class=\"yoast-schema-graph\">{\"@context\":\"https:\\\/\\\/schema.org\",\"@graph\":[{\"@type\":\"Article\",\"@id\":\"https:\\\/\\\/blog.redeacampa.org\\\/es\\\/la-exposicion-expolio-y-derecho-a-refugio-de-la-iv-edicion-del-encuentro-internacional-de-acampa-en-a-coruna-se-proyecta-en-el-foro-social-mundial\\\/#article\",\"isPartOf\":{\"@id\":\"https:\\\/\\\/blog.redeacampa.org\\\/es\\\/la-exposicion-expolio-y-derecho-a-refugio-de-la-iv-edicion-del-encuentro-internacional-de-acampa-en-a-coruna-se-proyecta-en-el-foro-social-mundial\\\/\"},\"author\":{\"name\":\"Comunicaci\u00f3n\",\"@id\":\"https:\\\/\\\/blog.redeacampa.org\\\/es\\\/#\\\/schema\\\/person\\\/4af0729a8614cbed1e7078bcc7be966b\"},\"headline\":\"LA EXPOSICI\u00d3N \u201cEXPOLIO Y DERECHO A REFUGIO\u201d DE LA IV EDICI\u00d3N DEL ENCUENTRO INTERNACIONAL DE ACAMPA EN A CORU\u00d1A SE PROYECTA EN EL FORO SOCIAL MUNDIAL\",\"datePublished\":\"2021-01-27T10:42:26+00:00\",\"mainEntityOfPage\":{\"@id\":\"https:\\\/\\\/blog.redeacampa.org\\\/es\\\/la-exposicion-expolio-y-derecho-a-refugio-de-la-iv-edicion-del-encuentro-internacional-de-acampa-en-a-coruna-se-proyecta-en-el-foro-social-mundial\\\/\"},\"wordCount\":953,\"commentCount\":0,\"image\":{\"@id\":\"https:\\\/\\\/blog.redeacampa.org\\\/es\\\/la-exposicion-expolio-y-derecho-a-refugio-de-la-iv-edicion-del-encuentro-internacional-de-acampa-en-a-coruna-se-proyecta-en-el-foro-social-mundial\\\/#primaryimage\"},\"thumbnailUrl\":\"https:\\\/\\\/blog.redeacampa.org\\\/wp-content\\\/uploads\\\/IMG-20210126-WA0005.jpg\",\"keywords\":[\"A Coru\u00f1a\",\"agronegocio\",\"Amazon\u00eda\",\"Bah\u00eda\",\"Brasil\",\"derecho a refugio\",\"derecho a refugio por expolio\",\"Derechos Humanos\",\"desplazamientos forzosos\",\"expolio\",\"Foro Social Mundial\",\"fotos\",\"Galicia\",\"Mato Grosso do Sul\",\"Otro mundo es posible\",\"pueblos ind\u00edgenas\",\"pueblos ind\u00edgenas de Brasil\",\"Refugiadas\",\"refugiado por expolio\",\"Refugiados\",\"V\u00eddeo\",\"v\u00eddeos\"],\"articleSection\":[\"Presentaciones\"],\"inLanguage\":\"es\",\"potentialAction\":[{\"@type\":\"CommentAction\",\"name\":\"Comment\",\"target\":[\"https:\\\/\\\/blog.redeacampa.org\\\/es\\\/la-exposicion-expolio-y-derecho-a-refugio-de-la-iv-edicion-del-encuentro-internacional-de-acampa-en-a-coruna-se-proyecta-en-el-foro-social-mundial\\\/#respond\"]}]},{\"@type\":\"WebPage\",\"@id\":\"https:\\\/\\\/blog.redeacampa.org\\\/es\\\/la-exposicion-expolio-y-derecho-a-refugio-de-la-iv-edicion-del-encuentro-internacional-de-acampa-en-a-coruna-se-proyecta-en-el-foro-social-mundial\\\/\",\"url\":\"https:\\\/\\\/blog.redeacampa.org\\\/es\\\/la-exposicion-expolio-y-derecho-a-refugio-de-la-iv-edicion-del-encuentro-internacional-de-acampa-en-a-coruna-se-proyecta-en-el-foro-social-mundial\\\/\",\"name\":\"LA EXPOSICI\u00d3N \u201cEXPOLIO Y DERECHO A REFUGIO\u201d DE LA IV EDICI\u00d3N DEL ENCUENTRO INTERNACIONAL DE ACAMPA EN A CORU\u00d1A SE PROYECTA EN EL FORO SOCIAL MUNDIAL | Rede Acampa - Pola paz e o dereito a refuxio\",\"isPartOf\":{\"@id\":\"https:\\\/\\\/blog.redeacampa.org\\\/es\\\/#website\"},\"primaryImageOfPage\":{\"@id\":\"https:\\\/\\\/blog.redeacampa.org\\\/es\\\/la-exposicion-expolio-y-derecho-a-refugio-de-la-iv-edicion-del-encuentro-internacional-de-acampa-en-a-coruna-se-proyecta-en-el-foro-social-mundial\\\/#primaryimage\"},\"image\":{\"@id\":\"https:\\\/\\\/blog.redeacampa.org\\\/es\\\/la-exposicion-expolio-y-derecho-a-refugio-de-la-iv-edicion-del-encuentro-internacional-de-acampa-en-a-coruna-se-proyecta-en-el-foro-social-mundial\\\/#primaryimage\"},\"thumbnailUrl\":\"https:\\\/\\\/blog.redeacampa.org\\\/wp-content\\\/uploads\\\/IMG-20210126-WA0005.jpg\",\"datePublished\":\"2021-01-27T10:42:26+00:00\",\"author\":{\"@id\":\"https:\\\/\\\/blog.redeacampa.org\\\/es\\\/#\\\/schema\\\/person\\\/4af0729a8614cbed1e7078bcc7be966b\"},\"breadcrumb\":{\"@id\":\"https:\\\/\\\/blog.redeacampa.org\\\/es\\\/la-exposicion-expolio-y-derecho-a-refugio-de-la-iv-edicion-del-encuentro-internacional-de-acampa-en-a-coruna-se-proyecta-en-el-foro-social-mundial\\\/#breadcrumb\"},\"inLanguage\":\"es\",\"potentialAction\":[{\"@type\":\"ReadAction\",\"target\":[\"https:\\\/\\\/blog.redeacampa.org\\\/es\\\/la-exposicion-expolio-y-derecho-a-refugio-de-la-iv-edicion-del-encuentro-internacional-de-acampa-en-a-coruna-se-proyecta-en-el-foro-social-mundial\\\/\"]}]},{\"@type\":\"ImageObject\",\"inLanguage\":\"es\",\"@id\":\"https:\\\/\\\/blog.redeacampa.org\\\/es\\\/la-exposicion-expolio-y-derecho-a-refugio-de-la-iv-edicion-del-encuentro-internacional-de-acampa-en-a-coruna-se-proyecta-en-el-foro-social-mundial\\\/#primaryimage\",\"url\":\"https:\\\/\\\/blog.redeacampa.org\\\/wp-content\\\/uploads\\\/IMG-20210126-WA0005.jpg\",\"contentUrl\":\"https:\\\/\\\/blog.redeacampa.org\\\/wp-content\\\/uploads\\\/IMG-20210126-WA0005.jpg\",\"width\":1248,\"height\":832},{\"@type\":\"BreadcrumbList\",\"@id\":\"https:\\\/\\\/blog.redeacampa.org\\\/es\\\/la-exposicion-expolio-y-derecho-a-refugio-de-la-iv-edicion-del-encuentro-internacional-de-acampa-en-a-coruna-se-proyecta-en-el-foro-social-mundial\\\/#breadcrumb\",\"itemListElement\":[{\"@type\":\"ListItem\",\"position\":1,\"name\":\"Portada\",\"item\":\"https:\\\/\\\/blog.redeacampa.org\\\/es\\\/\"},{\"@type\":\"ListItem\",\"position\":2,\"name\":\"LA EXPOSICI\u00d3N \u201cEXPOLIO Y DERECHO A REFUGIO\u201d DE LA IV EDICI\u00d3N DEL ENCUENTRO INTERNACIONAL DE ACAMPA EN A CORU\u00d1A SE PROYECTA EN EL FORO SOCIAL MUNDIAL\"}]},{\"@type\":\"WebSite\",\"@id\":\"https:\\\/\\\/blog.redeacampa.org\\\/es\\\/#website\",\"url\":\"https:\\\/\\\/blog.redeacampa.org\\\/es\\\/\",\"name\":\"Rede Acampa - Por la paz y el derecho a refugio\",\"description\":\"Unha iniciativa cidad\u00e1 sen fins de lucro integrada por colectivos sociais, culturais, educativos, veci\u00f1ais, pol\u00edticos, sindicais, art\u00edsticos, de persoas solidarias, de instituci\u00f3ns e empresas con responsabilidade social que te\u00f1en como obxectivo a defensa dos dereitos humanos, o Dereito Internacional Humanitario e o Dereito a Refuxio.\",\"potentialAction\":[{\"@type\":\"SearchAction\",\"target\":{\"@type\":\"EntryPoint\",\"urlTemplate\":\"https:\\\/\\\/blog.redeacampa.org\\\/es\\\/?s={search_term_string}\"},\"query-input\":{\"@type\":\"PropertyValueSpecification\",\"valueRequired\":true,\"valueName\":\"search_term_string\"}}],\"inLanguage\":\"es\"},{\"@type\":\"Person\",\"@id\":\"https:\\\/\\\/blog.redeacampa.org\\\/es\\\/#\\\/schema\\\/person\\\/4af0729a8614cbed1e7078bcc7be966b\",\"name\":\"Comunicaci\u00f3n\",\"image\":{\"@type\":\"ImageObject\",\"inLanguage\":\"es\",\"@id\":\"https:\\\/\\\/secure.gravatar.com\\\/avatar\\\/8e8fea06f5f2696e331aacd588d2000164152c9aa47459d1e52be3c1ab5f5ca5?s=96&d=mm&r=g\",\"url\":\"https:\\\/\\\/secure.gravatar.com\\\/avatar\\\/8e8fea06f5f2696e331aacd588d2000164152c9aa47459d1e52be3c1ab5f5ca5?s=96&d=mm&r=g\",\"contentUrl\":\"https:\\\/\\\/secure.gravatar.com\\\/avatar\\\/8e8fea06f5f2696e331aacd588d2000164152c9aa47459d1e52be3c1ab5f5ca5?s=96&d=mm&r=g\",\"caption\":\"Comunicaci\u00f3n\"}}]}<\/script>\n<!-- \/ Yoast SEO plugin. -->","yoast_head_json":{"title":"LA EXPOSICI\u00d3N \u201cEXPOLIO Y DERECHO A REFUGIO\u201d DE LA IV EDICI\u00d3N DEL ENCUENTRO INTERNACIONAL DE ACAMPA EN A CORU\u00d1A SE PROYECTA EN EL FORO SOCIAL MUNDIAL | Rede Acampa - Pola paz e o dereito a refuxio","robots":{"index":"index","follow":"follow","max-snippet":"max-snippet:-1","max-image-preview":"max-image-preview:large","max-video-preview":"max-video-preview:-1"},"canonical":"https:\/\/blog.redeacampa.org\/es\/la-exposicion-expolio-y-derecho-a-refugio-de-la-iv-edicion-del-encuentro-internacional-de-acampa-en-a-coruna-se-proyecta-en-el-foro-social-mundial\/","og_locale":"es_ES","og_type":"article","og_title":"LA EXPOSICI\u00d3N \u201cEXPOLIO Y DERECHO A REFUGIO\u201d DE LA IV EDICI\u00d3N DEL ENCUENTRO INTERNACIONAL DE ACAMPA EN A CORU\u00d1A SE PROYECTA EN EL FORO SOCIAL MUNDIAL | Rede Acampa - Pola paz e o dereito a refuxio","og_description":"El FSM, que se celebra estos d\u00edas en M\u00e9xico de forma virtual a causa de la pandemia del coronavirus, es un movimiento global no gubernamental, surgido hace 20 a\u00f1os en contraposici\u00f3n al Foro Econ\u00f3mico de Davos, para poner el \u00e9nfasis en los asuntos de \u00edndole social y humano frente a los exclusivamente econ\u00f3micos Acampa pola [&hellip;]","og_url":"https:\/\/blog.redeacampa.org\/es\/la-exposicion-expolio-y-derecho-a-refugio-de-la-iv-edicion-del-encuentro-internacional-de-acampa-en-a-coruna-se-proyecta-en-el-foro-social-mundial\/","og_site_name":"Rede Acampa - Pola paz e o dereito a refuxio","article_publisher":"https:\/\/www.facebook.com\/acampapolapazeodereitoarefuxio","article_published_time":"2021-01-27T10:42:26+00:00","og_image":[{"width":1248,"height":832,"url":"https:\/\/blog.redeacampa.org\/wp-content\/uploads\/IMG-20210126-WA0005.jpg","type":"image\/jpeg"}],"author":"Comunicaci\u00f3n","twitter_card":"summary_large_image","twitter_creator":"@Acampa_polapaz","twitter_site":"@Acampa_polapaz","twitter_misc":{"Escrito por":"Comunicaci\u00f3n","Tiempo de lectura":"4 minutos"},"schema":{"@context":"https:\/\/schema.org","@graph":[{"@type":"Article","@id":"https:\/\/blog.redeacampa.org\/es\/la-exposicion-expolio-y-derecho-a-refugio-de-la-iv-edicion-del-encuentro-internacional-de-acampa-en-a-coruna-se-proyecta-en-el-foro-social-mundial\/#article","isPartOf":{"@id":"https:\/\/blog.redeacampa.org\/es\/la-exposicion-expolio-y-derecho-a-refugio-de-la-iv-edicion-del-encuentro-internacional-de-acampa-en-a-coruna-se-proyecta-en-el-foro-social-mundial\/"},"author":{"name":"Comunicaci\u00f3n","@id":"https:\/\/blog.redeacampa.org\/es\/#\/schema\/person\/4af0729a8614cbed1e7078bcc7be966b"},"headline":"LA EXPOSICI\u00d3N \u201cEXPOLIO Y DERECHO A REFUGIO\u201d DE LA IV EDICI\u00d3N DEL ENCUENTRO INTERNACIONAL DE ACAMPA EN A CORU\u00d1A SE PROYECTA EN EL FORO SOCIAL MUNDIAL","datePublished":"2021-01-27T10:42:26+00:00","mainEntityOfPage":{"@id":"https:\/\/blog.redeacampa.org\/es\/la-exposicion-expolio-y-derecho-a-refugio-de-la-iv-edicion-del-encuentro-internacional-de-acampa-en-a-coruna-se-proyecta-en-el-foro-social-mundial\/"},"wordCount":953,"commentCount":0,"image":{"@id":"https:\/\/blog.redeacampa.org\/es\/la-exposicion-expolio-y-derecho-a-refugio-de-la-iv-edicion-del-encuentro-internacional-de-acampa-en-a-coruna-se-proyecta-en-el-foro-social-mundial\/#primaryimage"},"thumbnailUrl":"https:\/\/blog.redeacampa.org\/wp-content\/uploads\/IMG-20210126-WA0005.jpg","keywords":["A Coru\u00f1a","agronegocio","Amazon\u00eda","Bah\u00eda","Brasil","derecho a refugio","derecho a refugio por expolio","Derechos Humanos","desplazamientos forzosos","expolio","Foro Social Mundial","fotos","Galicia","Mato Grosso do Sul","Otro mundo es posible","pueblos ind\u00edgenas","pueblos ind\u00edgenas de Brasil","Refugiadas","refugiado por expolio","Refugiados","V\u00eddeo","v\u00eddeos"],"articleSection":["Presentaciones"],"inLanguage":"es","potentialAction":[{"@type":"CommentAction","name":"Comment","target":["https:\/\/blog.redeacampa.org\/es\/la-exposicion-expolio-y-derecho-a-refugio-de-la-iv-edicion-del-encuentro-internacional-de-acampa-en-a-coruna-se-proyecta-en-el-foro-social-mundial\/#respond"]}]},{"@type":"WebPage","@id":"https:\/\/blog.redeacampa.org\/es\/la-exposicion-expolio-y-derecho-a-refugio-de-la-iv-edicion-del-encuentro-internacional-de-acampa-en-a-coruna-se-proyecta-en-el-foro-social-mundial\/","url":"https:\/\/blog.redeacampa.org\/es\/la-exposicion-expolio-y-derecho-a-refugio-de-la-iv-edicion-del-encuentro-internacional-de-acampa-en-a-coruna-se-proyecta-en-el-foro-social-mundial\/","name":"LA EXPOSICI\u00d3N \u201cEXPOLIO Y DERECHO A REFUGIO\u201d DE LA IV EDICI\u00d3N DEL ENCUENTRO INTERNACIONAL DE ACAMPA EN A CORU\u00d1A SE PROYECTA EN EL FORO SOCIAL MUNDIAL | Rede Acampa - Pola paz e o dereito a refuxio","isPartOf":{"@id":"https:\/\/blog.redeacampa.org\/es\/#website"},"primaryImageOfPage":{"@id":"https:\/\/blog.redeacampa.org\/es\/la-exposicion-expolio-y-derecho-a-refugio-de-la-iv-edicion-del-encuentro-internacional-de-acampa-en-a-coruna-se-proyecta-en-el-foro-social-mundial\/#primaryimage"},"image":{"@id":"https:\/\/blog.redeacampa.org\/es\/la-exposicion-expolio-y-derecho-a-refugio-de-la-iv-edicion-del-encuentro-internacional-de-acampa-en-a-coruna-se-proyecta-en-el-foro-social-mundial\/#primaryimage"},"thumbnailUrl":"https:\/\/blog.redeacampa.org\/wp-content\/uploads\/IMG-20210126-WA0005.jpg","datePublished":"2021-01-27T10:42:26+00:00","author":{"@id":"https:\/\/blog.redeacampa.org\/es\/#\/schema\/person\/4af0729a8614cbed1e7078bcc7be966b"},"breadcrumb":{"@id":"https:\/\/blog.redeacampa.org\/es\/la-exposicion-expolio-y-derecho-a-refugio-de-la-iv-edicion-del-encuentro-internacional-de-acampa-en-a-coruna-se-proyecta-en-el-foro-social-mundial\/#breadcrumb"},"inLanguage":"es","potentialAction":[{"@type":"ReadAction","target":["https:\/\/blog.redeacampa.org\/es\/la-exposicion-expolio-y-derecho-a-refugio-de-la-iv-edicion-del-encuentro-internacional-de-acampa-en-a-coruna-se-proyecta-en-el-foro-social-mundial\/"]}]},{"@type":"ImageObject","inLanguage":"es","@id":"https:\/\/blog.redeacampa.org\/es\/la-exposicion-expolio-y-derecho-a-refugio-de-la-iv-edicion-del-encuentro-internacional-de-acampa-en-a-coruna-se-proyecta-en-el-foro-social-mundial\/#primaryimage","url":"https:\/\/blog.redeacampa.org\/wp-content\/uploads\/IMG-20210126-WA0005.jpg","contentUrl":"https:\/\/blog.redeacampa.org\/wp-content\/uploads\/IMG-20210126-WA0005.jpg","width":1248,"height":832},{"@type":"BreadcrumbList","@id":"https:\/\/blog.redeacampa.org\/es\/la-exposicion-expolio-y-derecho-a-refugio-de-la-iv-edicion-del-encuentro-internacional-de-acampa-en-a-coruna-se-proyecta-en-el-foro-social-mundial\/#breadcrumb","itemListElement":[{"@type":"ListItem","position":1,"name":"Portada","item":"https:\/\/blog.redeacampa.org\/es\/"},{"@type":"ListItem","position":2,"name":"LA EXPOSICI\u00d3N \u201cEXPOLIO Y DERECHO A REFUGIO\u201d DE LA IV EDICI\u00d3N DEL ENCUENTRO INTERNACIONAL DE ACAMPA EN A CORU\u00d1A SE PROYECTA EN EL FORO SOCIAL MUNDIAL"}]},{"@type":"WebSite","@id":"https:\/\/blog.redeacampa.org\/es\/#website","url":"https:\/\/blog.redeacampa.org\/es\/","name":"Rede Acampa - Por la paz y el derecho a refugio","description":"Unha iniciativa cidad\u00e1 sen fins de lucro integrada por colectivos sociais, culturais, educativos, veci\u00f1ais, pol\u00edticos, sindicais, art\u00edsticos, de persoas solidarias, de instituci\u00f3ns e empresas con responsabilidade social que te\u00f1en como obxectivo a defensa dos dereitos humanos, o Dereito Internacional Humanitario e o Dereito a Refuxio.","potentialAction":[{"@type":"SearchAction","target":{"@type":"EntryPoint","urlTemplate":"https:\/\/blog.redeacampa.org\/es\/?s={search_term_string}"},"query-input":{"@type":"PropertyValueSpecification","valueRequired":true,"valueName":"search_term_string"}}],"inLanguage":"es"},{"@type":"Person","@id":"https:\/\/blog.redeacampa.org\/es\/#\/schema\/person\/4af0729a8614cbed1e7078bcc7be966b","name":"Comunicaci\u00f3n","image":{"@type":"ImageObject","inLanguage":"es","@id":"https:\/\/secure.gravatar.com\/avatar\/8e8fea06f5f2696e331aacd588d2000164152c9aa47459d1e52be3c1ab5f5ca5?s=96&d=mm&r=g","url":"https:\/\/secure.gravatar.com\/avatar\/8e8fea06f5f2696e331aacd588d2000164152c9aa47459d1e52be3c1ab5f5ca5?s=96&d=mm&r=g","contentUrl":"https:\/\/secure.gravatar.com\/avatar\/8e8fea06f5f2696e331aacd588d2000164152c9aa47459d1e52be3c1ab5f5ca5?s=96&d=mm&r=g","caption":"Comunicaci\u00f3n"}}]}},"_links":{"self":[{"href":"https:\/\/blog.redeacampa.org\/es\/wp-json\/wp\/v2\/posts\/37814","targetHints":{"allow":["GET"]}}],"collection":[{"href":"https:\/\/blog.redeacampa.org\/es\/wp-json\/wp\/v2\/posts"}],"about":[{"href":"https:\/\/blog.redeacampa.org\/es\/wp-json\/wp\/v2\/types\/post"}],"author":[{"embeddable":true,"href":"https:\/\/blog.redeacampa.org\/es\/wp-json\/wp\/v2\/users\/25"}],"replies":[{"embeddable":true,"href":"https:\/\/blog.redeacampa.org\/es\/wp-json\/wp\/v2\/comments?post=37814"}],"version-history":[{"count":2,"href":"https:\/\/blog.redeacampa.org\/es\/wp-json\/wp\/v2\/posts\/37814\/revisions"}],"predecessor-version":[{"id":37818,"href":"https:\/\/blog.redeacampa.org\/es\/wp-json\/wp\/v2\/posts\/37814\/revisions\/37818"}],"wp:featuredmedia":[{"embeddable":true,"href":"https:\/\/blog.redeacampa.org\/es\/wp-json\/wp\/v2\/media\/37817"}],"wp:attachment":[{"href":"https:\/\/blog.redeacampa.org\/es\/wp-json\/wp\/v2\/media?parent=37814"}],"wp:term":[{"taxonomy":"category","embeddable":true,"href":"https:\/\/blog.redeacampa.org\/es\/wp-json\/wp\/v2\/categories?post=37814"},{"taxonomy":"post_tag","embeddable":true,"href":"https:\/\/blog.redeacampa.org\/es\/wp-json\/wp\/v2\/tags?post=37814"}],"curies":[{"name":"wp","href":"https:\/\/api.w.org\/{rel}","templated":true}]}}