{"id":37840,"date":"2021-02-12T10:52:40","date_gmt":"2021-02-12T09:52:40","guid":{"rendered":"https:\/\/blog.redeacampa.org\/?p=37840"},"modified":"2021-02-12T10:52:40","modified_gmt":"2021-02-12T09:52:40","slug":"la-red-acampa-reclama-a-los-grupos-parlamentarios-gallegos-su-aval-para-el-reconocimiento-de-la-figura-de-persona-refugiada-por-cambio-climatico","status":"publish","type":"post","link":"https:\/\/blog.redeacampa.org\/es\/la-red-acampa-reclama-a-los-grupos-parlamentarios-gallegos-su-aval-para-el-reconocimiento-de-la-figura-de-persona-refugiada-por-cambio-climatico\/","title":{"rendered":"LA RED ACAMPA RECLAMA A LOS GRUPOS PARLAMENTARIOS GALLEGOS SU AVAL PARA EL RECONOCIMIENTO DE LA FIGURA DE PERSONA REFUGIADA POR CAMBIO CLIM\u00c1TICO"},"content":{"rendered":"<ul>\n<li><em>Desde 2018, en que la red dedic\u00f3 su II Encuentro Internacional Acampa por la Paz y el Derecho al Refugio a\u00a0 los desplazamientos forzosos por cambio clim\u00e1tico, se est\u00e1 reclamando el reconocimiento de esa categor\u00eda<\/em><\/li>\n<li><em>En los pr\u00f3ximos treinta a\u00f1os el n\u00famero de personas desplazadas por la crisis clim\u00e1tica puede llegar, seg\u00fan la ONU, a los 1.000 millones<\/em><\/li>\n<\/ul>\n<p>Los mimbres est\u00e1n. La ONU alerta que en los pr\u00f3ximos treinta a\u00f1os habr\u00e1 entre 250 y 1.000 millones de personas desplazadas por motivos clim\u00e1ticos fuera de sus comunidades y pa\u00edses por no disponer de agua y otros recursos para sobrevivir. ACNUR constat\u00f3 que desde 2009 en adelante, cada segundo, una persona fue desplazada por un desastre ambiental, con una media de 22.5 millones de personas obligadas\u00a0 a desplazarse por el Clima o por eventos relacionados con \u00e9l. En diciembre del 2010 los Estados presentes en la Conferencia de Canc\u00fan adoptaron un acuerdo invitando a los gobiernos a incrementar sus acciones y medidas para mejorar la interpretaci\u00f3n, coordinaci\u00f3n y cooperaci\u00f3n con respeto a los desplazamientos inducidos por el cambio clim\u00e1tico, as\u00ed como a organizar una migraci\u00f3n y reubicaci\u00f3n planificada, cuando corresponda, a nivel nacional, regional o internacional. En la iniciativa Nansen (entre Suiza y Noruega, octubre del 2012) se record\u00f3 a los Estados que sobre ellos reca\u00eda la responsabilidad de proteger a las poblaciones afectadas por el cambio clim\u00e1tico o los peligros ambientales. Doce a\u00f1os despu\u00e9s de que todas esas alarmas comenzasen a sonar, los pasos dados son escasos. Por eso, la Red Acampa est\u00e1 pendiente de reunirse en las pr\u00f3ximas semanas con los grupos pol\u00edticos con representaci\u00f3n en el Parlamento Gallego para reclamarles su aval. Quieren que la C\u00e1mara gallega traslade al Parlamento espa\u00f1ol la exigencia del reconocimiento de la<strong> figura de Persona Refugiada por Cambio Clim\u00e1tico<\/strong> en sus correspondientes leyes de migraci\u00f3n y asilo.<\/p>\n<p>Lo vimos bien a trav\u00e9s del programa que conform\u00f3 el II Encuentro Internacional Acampa por la Paz y el Derecho a Refugio celebrado en A Coru\u00f1a en junio del 2018. \u201cEl crecimiento econ\u00f3mico sin l\u00edmites, sin una regulaci\u00f3n que lo frene, desemboca en una gran tragedia para la humanidad, conduci\u00e9ndonos a una situaci\u00f3n dram\u00e1tica sin vuelta atr\u00e1s\u201d, recuerda el coordinador de la red, Xos\u00e9 Abad. Fuegos sin control en Australia y en los Estados Unidos. El \u00c1rtico perdiendo su g\u00e9lida identidad. Centroam\u00e9rica inundada tras furiosos huracanes. Las m\u00e1s recientes tormentas de nieve que paralizaron el centro de Espa\u00f1a y dejaron por semanas paisajes propios de la Rusia central. Los fen\u00f3menos meteorol\u00f3gicos adversos y extremos desembocan en cat\u00e1strofes naturales y obligan a las administraciones a desembolsar grandes cantidades de dinero para paliarlas. Todo eso es el resultado de la crisis clim\u00e1tica que pocos parecen tomar en serio. Los efectos del da\u00f1o infligido al planeta por los seres humanos, y su incidencia directa en los desplazamientos de millones de personas que ven como su h\u00e1bitat desaparece, haciendo imposible su supervivencia, son palmarios. Para recordar las conclusiones del Encuentro Internacional sobre el tema, en este enlace se accede todo el contenido de Acampa 2018:<\/p>\n<p>https:\/\/ coruna2018. redeacampa. org\/ gl\/programa\/<\/p>\n<p>Desde 2018 Acampa por la Paz reclama el reconocimiento internacional de la figura de Persona Refugiada por Cambio Clim\u00e1tico, no contemplada siquiera por la normativa que regula el Derecho al Asilo. Ahora ser\u00e1 el Parlamento Gallego quien debe asumir una Declaraci\u00f3n Institucional en esa l\u00ednea que pueda ser replicada en el Parlamento nacional y en las instituciones europeas.<\/p>\n","protected":false},"excerpt":{"rendered":"<p>Desde 2018, en que la red dedic\u00f3 su II Encuentro Internacional Acampa por la Paz y el Derecho al Refugio a\u00a0 los desplazamientos forzosos por cambio clim\u00e1tico, se est\u00e1 reclamando el reconocimiento de esa categor\u00eda En los pr\u00f3ximos treinta a\u00f1os el n\u00famero de personas desplazadas por la crisis clim\u00e1tica puede llegar, seg\u00fan la ONU, a [&hellip;]<\/p>\n","protected":false},"author":25,"featured_media":37836,"comment_status":"open","ping_status":"open","sticky":false,"template":"","format":"standard","meta":{"_et_pb_use_builder":"","_et_pb_old_content":"","_et_gb_content_width":"","inline_featured_image":false,"footnotes":""},"categories":[18],"tags":[78,164,56,57,97,55,58,95,59],"class_list":["post-37840","post","type-post","status-publish","format-standard","has-post-thumbnail","hentry","category-presentaciones","tag-cambio-climatico","tag-deforestacion-2","tag-derecho-a-refugio","tag-derechos-humanos","tag-desplazamientos-forzosos","tag-migraciones","tag-refugiadas","tag-refugiado-climatico","tag-refugiados"],"yoast_head":"<!-- This site is optimized with the Yoast SEO plugin v27.4 - https:\/\/yoast.com\/product\/yoast-seo-wordpress\/ -->\n<title>LA RED ACAMPA RECLAMA A LOS GRUPOS PARLAMENTARIOS GALLEGOS SU AVAL PARA EL RECONOCIMIENTO DE LA FIGURA DE PERSONA REFUGIADA POR CAMBIO CLIM\u00c1TICO | Rede Acampa - Pola paz e o dereito a refuxio<\/title>\n<meta name=\"robots\" content=\"index, follow, max-snippet:-1, max-image-preview:large, max-video-preview:-1\" \/>\n<link rel=\"canonical\" href=\"https:\/\/blog.redeacampa.org\/es\/la-red-acampa-reclama-a-los-grupos-parlamentarios-gallegos-su-aval-para-el-reconocimiento-de-la-figura-de-persona-refugiada-por-cambio-climatico\/\" \/>\n<meta property=\"og:locale\" content=\"es_ES\" \/>\n<meta property=\"og:type\" content=\"article\" \/>\n<meta property=\"og:title\" content=\"LA RED ACAMPA RECLAMA A LOS GRUPOS PARLAMENTARIOS GALLEGOS SU AVAL PARA EL RECONOCIMIENTO DE LA FIGURA DE PERSONA REFUGIADA POR CAMBIO CLIM\u00c1TICO | Rede Acampa - Pola paz e o dereito a refuxio\" \/>\n<meta property=\"og:description\" content=\"Desde 2018, en que la red dedic\u00f3 su II Encuentro Internacional Acampa por la Paz y el Derecho al Refugio a\u00a0 los desplazamientos forzosos por cambio clim\u00e1tico, se est\u00e1 reclamando el reconocimiento de esa categor\u00eda En los pr\u00f3ximos treinta a\u00f1os el n\u00famero de personas desplazadas por la crisis clim\u00e1tica puede llegar, seg\u00fan la ONU, a [&hellip;]\" \/>\n<meta property=\"og:url\" content=\"https:\/\/blog.redeacampa.org\/es\/la-red-acampa-reclama-a-los-grupos-parlamentarios-gallegos-su-aval-para-el-reconocimiento-de-la-figura-de-persona-refugiada-por-cambio-climatico\/\" \/>\n<meta property=\"og:site_name\" content=\"Rede Acampa - Pola paz e o dereito a refuxio\" \/>\n<meta property=\"article:publisher\" content=\"https:\/\/www.facebook.com\/acampapolapazeodereitoarefuxio\" \/>\n<meta property=\"article:published_time\" content=\"2021-02-12T09:52:40+00:00\" \/>\n<meta property=\"og:image\" content=\"https:\/\/blog.redeacampa.org\/wp-content\/uploads\/Grassani-3-scaled.jpg\" \/>\n\t<meta property=\"og:image:width\" content=\"2560\" \/>\n\t<meta property=\"og:image:height\" content=\"1703\" \/>\n\t<meta property=\"og:image:type\" content=\"image\/jpeg\" \/>\n<meta name=\"author\" content=\"Comunicaci\u00f3n\" \/>\n<meta name=\"twitter:card\" content=\"summary_large_image\" \/>\n<meta name=\"twitter:creator\" content=\"@Acampa_polapaz\" \/>\n<meta name=\"twitter:site\" content=\"@Acampa_polapaz\" \/>\n<meta name=\"twitter:label1\" content=\"Escrito por\" \/>\n\t<meta name=\"twitter:data1\" content=\"Comunicaci\u00f3n\" \/>\n\t<meta name=\"twitter:label2\" content=\"Tiempo de lectura\" \/>\n\t<meta name=\"twitter:data2\" content=\"3 minutos\" \/>\n<script type=\"application\/ld+json\" class=\"yoast-schema-graph\">{\"@context\":\"https:\\\/\\\/schema.org\",\"@graph\":[{\"@type\":\"Article\",\"@id\":\"https:\\\/\\\/blog.redeacampa.org\\\/es\\\/la-red-acampa-reclama-a-los-grupos-parlamentarios-gallegos-su-aval-para-el-reconocimiento-de-la-figura-de-persona-refugiada-por-cambio-climatico\\\/#article\",\"isPartOf\":{\"@id\":\"https:\\\/\\\/blog.redeacampa.org\\\/es\\\/la-red-acampa-reclama-a-los-grupos-parlamentarios-gallegos-su-aval-para-el-reconocimiento-de-la-figura-de-persona-refugiada-por-cambio-climatico\\\/\"},\"author\":{\"name\":\"Comunicaci\u00f3n\",\"@id\":\"https:\\\/\\\/blog.redeacampa.org\\\/es\\\/#\\\/schema\\\/person\\\/4af0729a8614cbed1e7078bcc7be966b\"},\"headline\":\"LA RED ACAMPA RECLAMA A LOS GRUPOS PARLAMENTARIOS GALLEGOS SU AVAL PARA EL RECONOCIMIENTO DE LA FIGURA DE PERSONA REFUGIADA POR CAMBIO CLIM\u00c1TICO\",\"datePublished\":\"2021-02-12T09:52:40+00:00\",\"mainEntityOfPage\":{\"@id\":\"https:\\\/\\\/blog.redeacampa.org\\\/es\\\/la-red-acampa-reclama-a-los-grupos-parlamentarios-gallegos-su-aval-para-el-reconocimiento-de-la-figura-de-persona-refugiada-por-cambio-climatico\\\/\"},\"wordCount\":633,\"commentCount\":0,\"image\":{\"@id\":\"https:\\\/\\\/blog.redeacampa.org\\\/es\\\/la-red-acampa-reclama-a-los-grupos-parlamentarios-gallegos-su-aval-para-el-reconocimiento-de-la-figura-de-persona-refugiada-por-cambio-climatico\\\/#primaryimage\"},\"thumbnailUrl\":\"https:\\\/\\\/blog.redeacampa.org\\\/wp-content\\\/uploads\\\/Grassani-3-scaled.jpg\",\"keywords\":[\"Cambio Clim\u00e1tico\",\"deforestaci\u00f3n\",\"derecho a refugio\",\"Derechos Humanos\",\"desplazamientos forzosos\",\"Migraciones\",\"Refugiadas\",\"refugiado clim\u00e1tico\",\"Refugiados\"],\"articleSection\":[\"Presentaciones\"],\"inLanguage\":\"es\",\"potentialAction\":[{\"@type\":\"CommentAction\",\"name\":\"Comment\",\"target\":[\"https:\\\/\\\/blog.redeacampa.org\\\/es\\\/la-red-acampa-reclama-a-los-grupos-parlamentarios-gallegos-su-aval-para-el-reconocimiento-de-la-figura-de-persona-refugiada-por-cambio-climatico\\\/#respond\"]}]},{\"@type\":\"WebPage\",\"@id\":\"https:\\\/\\\/blog.redeacampa.org\\\/es\\\/la-red-acampa-reclama-a-los-grupos-parlamentarios-gallegos-su-aval-para-el-reconocimiento-de-la-figura-de-persona-refugiada-por-cambio-climatico\\\/\",\"url\":\"https:\\\/\\\/blog.redeacampa.org\\\/es\\\/la-red-acampa-reclama-a-los-grupos-parlamentarios-gallegos-su-aval-para-el-reconocimiento-de-la-figura-de-persona-refugiada-por-cambio-climatico\\\/\",\"name\":\"LA RED ACAMPA RECLAMA A LOS GRUPOS PARLAMENTARIOS GALLEGOS SU AVAL PARA EL RECONOCIMIENTO DE LA FIGURA DE PERSONA REFUGIADA POR CAMBIO CLIM\u00c1TICO | Rede Acampa - Pola paz e o dereito a refuxio\",\"isPartOf\":{\"@id\":\"https:\\\/\\\/blog.redeacampa.org\\\/es\\\/#website\"},\"primaryImageOfPage\":{\"@id\":\"https:\\\/\\\/blog.redeacampa.org\\\/es\\\/la-red-acampa-reclama-a-los-grupos-parlamentarios-gallegos-su-aval-para-el-reconocimiento-de-la-figura-de-persona-refugiada-por-cambio-climatico\\\/#primaryimage\"},\"image\":{\"@id\":\"https:\\\/\\\/blog.redeacampa.org\\\/es\\\/la-red-acampa-reclama-a-los-grupos-parlamentarios-gallegos-su-aval-para-el-reconocimiento-de-la-figura-de-persona-refugiada-por-cambio-climatico\\\/#primaryimage\"},\"thumbnailUrl\":\"https:\\\/\\\/blog.redeacampa.org\\\/wp-content\\\/uploads\\\/Grassani-3-scaled.jpg\",\"datePublished\":\"2021-02-12T09:52:40+00:00\",\"author\":{\"@id\":\"https:\\\/\\\/blog.redeacampa.org\\\/es\\\/#\\\/schema\\\/person\\\/4af0729a8614cbed1e7078bcc7be966b\"},\"breadcrumb\":{\"@id\":\"https:\\\/\\\/blog.redeacampa.org\\\/es\\\/la-red-acampa-reclama-a-los-grupos-parlamentarios-gallegos-su-aval-para-el-reconocimiento-de-la-figura-de-persona-refugiada-por-cambio-climatico\\\/#breadcrumb\"},\"inLanguage\":\"es\",\"potentialAction\":[{\"@type\":\"ReadAction\",\"target\":[\"https:\\\/\\\/blog.redeacampa.org\\\/es\\\/la-red-acampa-reclama-a-los-grupos-parlamentarios-gallegos-su-aval-para-el-reconocimiento-de-la-figura-de-persona-refugiada-por-cambio-climatico\\\/\"]}]},{\"@type\":\"ImageObject\",\"inLanguage\":\"es\",\"@id\":\"https:\\\/\\\/blog.redeacampa.org\\\/es\\\/la-red-acampa-reclama-a-los-grupos-parlamentarios-gallegos-su-aval-para-el-reconocimiento-de-la-figura-de-persona-refugiada-por-cambio-climatico\\\/#primaryimage\",\"url\":\"https:\\\/\\\/blog.redeacampa.org\\\/wp-content\\\/uploads\\\/Grassani-3-scaled.jpg\",\"contentUrl\":\"https:\\\/\\\/blog.redeacampa.org\\\/wp-content\\\/uploads\\\/Grassani-3-scaled.jpg\",\"width\":2560,\"height\":1703,\"caption\":\"Ethiopia, Seis village, along the Kenyan-Ethiopian border. These villages\u2019 inhabitants are exhausted because of the continuous lack of rainfalls; they have nothing to eat or drink. Elders and children are those who suffer the most from famine and that risk dying because of their poverty. This shot shows a man struggling to stand on his feet and the signs of famine are not visible on his skeletal body.\"},{\"@type\":\"BreadcrumbList\",\"@id\":\"https:\\\/\\\/blog.redeacampa.org\\\/es\\\/la-red-acampa-reclama-a-los-grupos-parlamentarios-gallegos-su-aval-para-el-reconocimiento-de-la-figura-de-persona-refugiada-por-cambio-climatico\\\/#breadcrumb\",\"itemListElement\":[{\"@type\":\"ListItem\",\"position\":1,\"name\":\"Portada\",\"item\":\"https:\\\/\\\/blog.redeacampa.org\\\/es\\\/\"},{\"@type\":\"ListItem\",\"position\":2,\"name\":\"LA RED ACAMPA RECLAMA A LOS GRUPOS PARLAMENTARIOS GALLEGOS SU AVAL PARA EL RECONOCIMIENTO DE LA FIGURA DE PERSONA REFUGIADA POR CAMBIO CLIM\u00c1TICO\"}]},{\"@type\":\"WebSite\",\"@id\":\"https:\\\/\\\/blog.redeacampa.org\\\/es\\\/#website\",\"url\":\"https:\\\/\\\/blog.redeacampa.org\\\/es\\\/\",\"name\":\"Rede Acampa - Por la paz y el derecho a refugio\",\"description\":\"Unha iniciativa cidad\u00e1 sen fins de lucro integrada por colectivos sociais, culturais, educativos, veci\u00f1ais, pol\u00edticos, sindicais, art\u00edsticos, de persoas solidarias, de instituci\u00f3ns e empresas con responsabilidade social que te\u00f1en como obxectivo a defensa dos dereitos humanos, o Dereito Internacional Humanitario e o Dereito a Refuxio.\",\"potentialAction\":[{\"@type\":\"SearchAction\",\"target\":{\"@type\":\"EntryPoint\",\"urlTemplate\":\"https:\\\/\\\/blog.redeacampa.org\\\/es\\\/?s={search_term_string}\"},\"query-input\":{\"@type\":\"PropertyValueSpecification\",\"valueRequired\":true,\"valueName\":\"search_term_string\"}}],\"inLanguage\":\"es\"},{\"@type\":\"Person\",\"@id\":\"https:\\\/\\\/blog.redeacampa.org\\\/es\\\/#\\\/schema\\\/person\\\/4af0729a8614cbed1e7078bcc7be966b\",\"name\":\"Comunicaci\u00f3n\",\"image\":{\"@type\":\"ImageObject\",\"inLanguage\":\"es\",\"@id\":\"https:\\\/\\\/secure.gravatar.com\\\/avatar\\\/8e8fea06f5f2696e331aacd588d2000164152c9aa47459d1e52be3c1ab5f5ca5?s=96&d=mm&r=g\",\"url\":\"https:\\\/\\\/secure.gravatar.com\\\/avatar\\\/8e8fea06f5f2696e331aacd588d2000164152c9aa47459d1e52be3c1ab5f5ca5?s=96&d=mm&r=g\",\"contentUrl\":\"https:\\\/\\\/secure.gravatar.com\\\/avatar\\\/8e8fea06f5f2696e331aacd588d2000164152c9aa47459d1e52be3c1ab5f5ca5?s=96&d=mm&r=g\",\"caption\":\"Comunicaci\u00f3n\"}}]}<\/script>\n<!-- \/ Yoast SEO plugin. -->","yoast_head_json":{"title":"LA RED ACAMPA RECLAMA A LOS GRUPOS PARLAMENTARIOS GALLEGOS SU AVAL PARA EL RECONOCIMIENTO DE LA FIGURA DE PERSONA REFUGIADA POR CAMBIO CLIM\u00c1TICO | Rede Acampa - Pola paz e o dereito a refuxio","robots":{"index":"index","follow":"follow","max-snippet":"max-snippet:-1","max-image-preview":"max-image-preview:large","max-video-preview":"max-video-preview:-1"},"canonical":"https:\/\/blog.redeacampa.org\/es\/la-red-acampa-reclama-a-los-grupos-parlamentarios-gallegos-su-aval-para-el-reconocimiento-de-la-figura-de-persona-refugiada-por-cambio-climatico\/","og_locale":"es_ES","og_type":"article","og_title":"LA RED ACAMPA RECLAMA A LOS GRUPOS PARLAMENTARIOS GALLEGOS SU AVAL PARA EL RECONOCIMIENTO DE LA FIGURA DE PERSONA REFUGIADA POR CAMBIO CLIM\u00c1TICO | Rede Acampa - Pola paz e o dereito a refuxio","og_description":"Desde 2018, en que la red dedic\u00f3 su II Encuentro Internacional Acampa por la Paz y el Derecho al Refugio a\u00a0 los desplazamientos forzosos por cambio clim\u00e1tico, se est\u00e1 reclamando el reconocimiento de esa categor\u00eda En los pr\u00f3ximos treinta a\u00f1os el n\u00famero de personas desplazadas por la crisis clim\u00e1tica puede llegar, seg\u00fan la ONU, a [&hellip;]","og_url":"https:\/\/blog.redeacampa.org\/es\/la-red-acampa-reclama-a-los-grupos-parlamentarios-gallegos-su-aval-para-el-reconocimiento-de-la-figura-de-persona-refugiada-por-cambio-climatico\/","og_site_name":"Rede Acampa - Pola paz e o dereito a refuxio","article_publisher":"https:\/\/www.facebook.com\/acampapolapazeodereitoarefuxio","article_published_time":"2021-02-12T09:52:40+00:00","og_image":[{"width":2560,"height":1703,"url":"https:\/\/blog.redeacampa.org\/wp-content\/uploads\/Grassani-3-scaled.jpg","type":"image\/jpeg"}],"author":"Comunicaci\u00f3n","twitter_card":"summary_large_image","twitter_creator":"@Acampa_polapaz","twitter_site":"@Acampa_polapaz","twitter_misc":{"Escrito por":"Comunicaci\u00f3n","Tiempo de lectura":"3 minutos"},"schema":{"@context":"https:\/\/schema.org","@graph":[{"@type":"Article","@id":"https:\/\/blog.redeacampa.org\/es\/la-red-acampa-reclama-a-los-grupos-parlamentarios-gallegos-su-aval-para-el-reconocimiento-de-la-figura-de-persona-refugiada-por-cambio-climatico\/#article","isPartOf":{"@id":"https:\/\/blog.redeacampa.org\/es\/la-red-acampa-reclama-a-los-grupos-parlamentarios-gallegos-su-aval-para-el-reconocimiento-de-la-figura-de-persona-refugiada-por-cambio-climatico\/"},"author":{"name":"Comunicaci\u00f3n","@id":"https:\/\/blog.redeacampa.org\/es\/#\/schema\/person\/4af0729a8614cbed1e7078bcc7be966b"},"headline":"LA RED ACAMPA RECLAMA A LOS GRUPOS PARLAMENTARIOS GALLEGOS SU AVAL PARA EL RECONOCIMIENTO DE LA FIGURA DE PERSONA REFUGIADA POR CAMBIO CLIM\u00c1TICO","datePublished":"2021-02-12T09:52:40+00:00","mainEntityOfPage":{"@id":"https:\/\/blog.redeacampa.org\/es\/la-red-acampa-reclama-a-los-grupos-parlamentarios-gallegos-su-aval-para-el-reconocimiento-de-la-figura-de-persona-refugiada-por-cambio-climatico\/"},"wordCount":633,"commentCount":0,"image":{"@id":"https:\/\/blog.redeacampa.org\/es\/la-red-acampa-reclama-a-los-grupos-parlamentarios-gallegos-su-aval-para-el-reconocimiento-de-la-figura-de-persona-refugiada-por-cambio-climatico\/#primaryimage"},"thumbnailUrl":"https:\/\/blog.redeacampa.org\/wp-content\/uploads\/Grassani-3-scaled.jpg","keywords":["Cambio Clim\u00e1tico","deforestaci\u00f3n","derecho a refugio","Derechos Humanos","desplazamientos forzosos","Migraciones","Refugiadas","refugiado clim\u00e1tico","Refugiados"],"articleSection":["Presentaciones"],"inLanguage":"es","potentialAction":[{"@type":"CommentAction","name":"Comment","target":["https:\/\/blog.redeacampa.org\/es\/la-red-acampa-reclama-a-los-grupos-parlamentarios-gallegos-su-aval-para-el-reconocimiento-de-la-figura-de-persona-refugiada-por-cambio-climatico\/#respond"]}]},{"@type":"WebPage","@id":"https:\/\/blog.redeacampa.org\/es\/la-red-acampa-reclama-a-los-grupos-parlamentarios-gallegos-su-aval-para-el-reconocimiento-de-la-figura-de-persona-refugiada-por-cambio-climatico\/","url":"https:\/\/blog.redeacampa.org\/es\/la-red-acampa-reclama-a-los-grupos-parlamentarios-gallegos-su-aval-para-el-reconocimiento-de-la-figura-de-persona-refugiada-por-cambio-climatico\/","name":"LA RED ACAMPA RECLAMA A LOS GRUPOS PARLAMENTARIOS GALLEGOS SU AVAL PARA EL RECONOCIMIENTO DE LA FIGURA DE PERSONA REFUGIADA POR CAMBIO CLIM\u00c1TICO | Rede Acampa - Pola paz e o dereito a refuxio","isPartOf":{"@id":"https:\/\/blog.redeacampa.org\/es\/#website"},"primaryImageOfPage":{"@id":"https:\/\/blog.redeacampa.org\/es\/la-red-acampa-reclama-a-los-grupos-parlamentarios-gallegos-su-aval-para-el-reconocimiento-de-la-figura-de-persona-refugiada-por-cambio-climatico\/#primaryimage"},"image":{"@id":"https:\/\/blog.redeacampa.org\/es\/la-red-acampa-reclama-a-los-grupos-parlamentarios-gallegos-su-aval-para-el-reconocimiento-de-la-figura-de-persona-refugiada-por-cambio-climatico\/#primaryimage"},"thumbnailUrl":"https:\/\/blog.redeacampa.org\/wp-content\/uploads\/Grassani-3-scaled.jpg","datePublished":"2021-02-12T09:52:40+00:00","author":{"@id":"https:\/\/blog.redeacampa.org\/es\/#\/schema\/person\/4af0729a8614cbed1e7078bcc7be966b"},"breadcrumb":{"@id":"https:\/\/blog.redeacampa.org\/es\/la-red-acampa-reclama-a-los-grupos-parlamentarios-gallegos-su-aval-para-el-reconocimiento-de-la-figura-de-persona-refugiada-por-cambio-climatico\/#breadcrumb"},"inLanguage":"es","potentialAction":[{"@type":"ReadAction","target":["https:\/\/blog.redeacampa.org\/es\/la-red-acampa-reclama-a-los-grupos-parlamentarios-gallegos-su-aval-para-el-reconocimiento-de-la-figura-de-persona-refugiada-por-cambio-climatico\/"]}]},{"@type":"ImageObject","inLanguage":"es","@id":"https:\/\/blog.redeacampa.org\/es\/la-red-acampa-reclama-a-los-grupos-parlamentarios-gallegos-su-aval-para-el-reconocimiento-de-la-figura-de-persona-refugiada-por-cambio-climatico\/#primaryimage","url":"https:\/\/blog.redeacampa.org\/wp-content\/uploads\/Grassani-3-scaled.jpg","contentUrl":"https:\/\/blog.redeacampa.org\/wp-content\/uploads\/Grassani-3-scaled.jpg","width":2560,"height":1703,"caption":"Ethiopia, Seis village, along the Kenyan-Ethiopian border. These villages\u2019 inhabitants are exhausted because of the continuous lack of rainfalls; they have nothing to eat or drink. Elders and children are those who suffer the most from famine and that risk dying because of their poverty. This shot shows a man struggling to stand on his feet and the signs of famine are not visible on his skeletal body."},{"@type":"BreadcrumbList","@id":"https:\/\/blog.redeacampa.org\/es\/la-red-acampa-reclama-a-los-grupos-parlamentarios-gallegos-su-aval-para-el-reconocimiento-de-la-figura-de-persona-refugiada-por-cambio-climatico\/#breadcrumb","itemListElement":[{"@type":"ListItem","position":1,"name":"Portada","item":"https:\/\/blog.redeacampa.org\/es\/"},{"@type":"ListItem","position":2,"name":"LA RED ACAMPA RECLAMA A LOS GRUPOS PARLAMENTARIOS GALLEGOS SU AVAL PARA EL RECONOCIMIENTO DE LA FIGURA DE PERSONA REFUGIADA POR CAMBIO CLIM\u00c1TICO"}]},{"@type":"WebSite","@id":"https:\/\/blog.redeacampa.org\/es\/#website","url":"https:\/\/blog.redeacampa.org\/es\/","name":"Rede Acampa - Por la paz y el derecho a refugio","description":"Unha iniciativa cidad\u00e1 sen fins de lucro integrada por colectivos sociais, culturais, educativos, veci\u00f1ais, pol\u00edticos, sindicais, art\u00edsticos, de persoas solidarias, de instituci\u00f3ns e empresas con responsabilidade social que te\u00f1en como obxectivo a defensa dos dereitos humanos, o Dereito Internacional Humanitario e o Dereito a Refuxio.","potentialAction":[{"@type":"SearchAction","target":{"@type":"EntryPoint","urlTemplate":"https:\/\/blog.redeacampa.org\/es\/?s={search_term_string}"},"query-input":{"@type":"PropertyValueSpecification","valueRequired":true,"valueName":"search_term_string"}}],"inLanguage":"es"},{"@type":"Person","@id":"https:\/\/blog.redeacampa.org\/es\/#\/schema\/person\/4af0729a8614cbed1e7078bcc7be966b","name":"Comunicaci\u00f3n","image":{"@type":"ImageObject","inLanguage":"es","@id":"https:\/\/secure.gravatar.com\/avatar\/8e8fea06f5f2696e331aacd588d2000164152c9aa47459d1e52be3c1ab5f5ca5?s=96&d=mm&r=g","url":"https:\/\/secure.gravatar.com\/avatar\/8e8fea06f5f2696e331aacd588d2000164152c9aa47459d1e52be3c1ab5f5ca5?s=96&d=mm&r=g","contentUrl":"https:\/\/secure.gravatar.com\/avatar\/8e8fea06f5f2696e331aacd588d2000164152c9aa47459d1e52be3c1ab5f5ca5?s=96&d=mm&r=g","caption":"Comunicaci\u00f3n"}}]}},"_links":{"self":[{"href":"https:\/\/blog.redeacampa.org\/es\/wp-json\/wp\/v2\/posts\/37840","targetHints":{"allow":["GET"]}}],"collection":[{"href":"https:\/\/blog.redeacampa.org\/es\/wp-json\/wp\/v2\/posts"}],"about":[{"href":"https:\/\/blog.redeacampa.org\/es\/wp-json\/wp\/v2\/types\/post"}],"author":[{"embeddable":true,"href":"https:\/\/blog.redeacampa.org\/es\/wp-json\/wp\/v2\/users\/25"}],"replies":[{"embeddable":true,"href":"https:\/\/blog.redeacampa.org\/es\/wp-json\/wp\/v2\/comments?post=37840"}],"version-history":[{"count":4,"href":"https:\/\/blog.redeacampa.org\/es\/wp-json\/wp\/v2\/posts\/37840\/revisions"}],"predecessor-version":[{"id":37845,"href":"https:\/\/blog.redeacampa.org\/es\/wp-json\/wp\/v2\/posts\/37840\/revisions\/37845"}],"wp:featuredmedia":[{"embeddable":true,"href":"https:\/\/blog.redeacampa.org\/es\/wp-json\/wp\/v2\/media\/37836"}],"wp:attachment":[{"href":"https:\/\/blog.redeacampa.org\/es\/wp-json\/wp\/v2\/media?parent=37840"}],"wp:term":[{"taxonomy":"category","embeddable":true,"href":"https:\/\/blog.redeacampa.org\/es\/wp-json\/wp\/v2\/categories?post=37840"},{"taxonomy":"post_tag","embeddable":true,"href":"https:\/\/blog.redeacampa.org\/es\/wp-json\/wp\/v2\/tags?post=37840"}],"curies":[{"name":"wp","href":"https:\/\/api.w.org\/{rel}","templated":true}]}}