{"id":38039,"date":"2021-09-10T16:09:58","date_gmt":"2021-09-10T14:09:58","guid":{"rendered":"https:\/\/blog.redeacampa.org\/?p=38039"},"modified":"2021-09-10T16:09:58","modified_gmt":"2021-09-10T14:09:58","slug":"acampa-entrega-en-el-marco-del-v-encuentro-internacional-a-vida-negadaque-se-celebra-en-a-coruna-sus-reconocimientos-a-la-defensa-de-los-derechos-humanos","status":"publish","type":"post","link":"https:\/\/blog.redeacampa.org\/es\/acampa-entrega-en-el-marco-del-v-encuentro-internacional-a-vida-negadaque-se-celebra-en-a-coruna-sus-reconocimientos-a-la-defensa-de-los-derechos-humanos\/","title":{"rendered":"ACAMPA ENTREGA EN EL MARCO DEL V ENCUENTRO INTERNACIONAL \u00abA VIDA NEGADA\u00bbQUE SE CELEBRA EN A CORU\u00d1A SUS RECONOCIMIENTOS A LA DEFENSA DE LOS DERECHOS HUMANOS"},"content":{"rendered":"<ul>\n<li><em>Recibir\u00e1n la pieza que simboliza este Reconocimiento, creada por la escultora Pilar Sub\u00edas, \u00a0el MST de Brasil, organizaci\u00f3n sobre la que ha reca\u00eddo en su versi\u00f3n internacional y el incombustible activista coru\u00f1\u00e9s Nicanor Acosta, \u00a0destinatario del de \u00e1mbito local \u00a0<\/em><\/li>\n<li><em>La programaci\u00f3n de la jornada incluye tambi\u00e9n las charlas (a partir de las 19 hora en la carpa central) de la dirigente del MST brasile\u00f1o, Marina dos Santos, y del periodista experto en migraciones y crisis humanitarias, Nicol\u00e1s Castellano<\/em><\/li>\n<li><em>En el programa de la \u00a0\u00faltima jornada de Acampa 2021\u00a0 \u201cLa Vida Negada\u201d incluye todo un abanico de propuestas, entre ellas, una visita guiada con la fotoperiodista Judith Prat a su exposici\u00f3n \u201cMatria\u201d, proyecciones audiovisuales como \u201cAzur y Asmar\u201d y \u201cMujeres saharauis, el pilar de la vida\u201d, la obra de teatro \u201cAtrapadas\u201d, sobre la situaci\u00f3n de las mujeres sirias refugiadas y actuaciones musicales como las de A Bule Quartet y Richi Cas\u00e1s. El acto de clausura (20.30 horas) estar\u00e1 conducido por la actriz gallega, Isabel Naveira<\/em><\/li>\n<\/ul>\n<p>El V Encuentro Internacional \u201cLa Vida Negada\u201d que se celebra en A Coru\u00f1a es el marco elegido por la Red Acampa para entregar sus primeros Reconocimientos a la Defensa de los Derechos Humanos. Ma\u00f1ana s\u00e1bado, a las 12.30 horas, en el escenario de la carpa central, recoger\u00e1 la escultura (obra de <strong>Pilar Sub\u00edas<\/strong>) que simboliza este reconocimiento, <strong>Marina dos Santos,<\/strong> miembro de la direcci\u00f3n nacional del Movimento de Trabalhadores Sem Terra (MST) de Brasil, organizaci\u00f3n en la que ha reca\u00eddo la versi\u00f3n internacional. Tambi\u00e9n lo har\u00e1 el veterano e incansable activista coru\u00f1\u00e9s, <strong>Nicanor Acosta<\/strong>, destinatario del Reconocimiento en\u00a0 la categor\u00eda local.<\/p>\n<p><strong>Dos Santos<\/strong> ser\u00e1, adem\u00e1s, una de las protagonistas de las charlas de esta \u00faltima jornada del Encuentro Internacional. Hablar\u00e1 de la labor de recuperaci\u00f3n de tierras que realiza el MST para el campesinado de su pa\u00eds. Compartir\u00e1 mesa con el periodista especializado en desplazamientos forzosos y desastres humanitarios <strong>Nicol\u00e1s Castellano<\/strong>, testigo directo de las principales \u201ccrisis migratorias\u201d que enfrenta el mundo, sobre todo en la Uni\u00f3n Europea y en Espa\u00f1a (Lesbos, Lampedusa, Canarias o Ceuta y Melilla). El coloquio, a las siete de la tarde, ser\u00e1 moderado por la periodista de Radio Voz, <strong>Loreto Silvoso<\/strong>. Podr\u00e1 seguirse en directo a trav\u00e9s de <a href=\"https:\/\/www.youtube.com\/watch?v=vef-cYYcRo8&amp;authuser=0\">https:\/\/www.youtube.com\/watch?v=vef-cYYcRo8&amp;authuser=0<\/a><\/p>\n<p>El MST brasile\u00f1o es uno de los movimientos sociales m\u00e1s potentes de Am\u00e9rica Latina. Lleva desde los a\u00f1os setenta defendiendo el acceso de los y las brasile\u00f1as a la tierra, tal y como\u00a0 recoge\u00a0 la Constituci\u00f3n Federal y \u00a0la Reforma Agraria incumplida. Promueve ocupaciones pac\u00edficas (rurales y urbanas), impulsando \u00a0alrededor de ellas estructuras c\u00edvicas y sociales funcionales, \u201cacampamentos\u201d, a lo largo de todo el pa\u00eds. Nicanor Acosta es una presencia cotidiana en cuanta causa justa sale a la calle en A Coru\u00f1a y Galicia. La voz del activista -82 a\u00f1os- siempre suena tras el meg\u00e1fono de toda reivindicaci\u00f3n a favor de los m\u00e1s desfavorecidos. El acto de entrega de los Reconocimientos contar\u00e1 con la actuaci\u00f3n musical de <em>A Bule Quartet <\/em>(Xos\u00e9 Taboada, Frankie Lafuente, Sapo y Antonio Ya\u00f1ez).<\/p>\n<p>El programa de la \u00faltima jornada del Encuentro Internacional Acampa pola Paz incluye otras muchas propuestas. Adem\u00e1s de una visita guiada (11.30 horas) al campo simulado que en esta ocasi\u00f3n reproduce, en los Jardines de M\u00e9ndez N\u00fa\u00f1ez, un campamento del MST, a lo largo de la ma\u00f1ana habr\u00e1 tambi\u00e9n juegos de mesa en el Kiosco Alfonso (11\/ 12.30 horas), que de la mano de Amnist\u00eda Internacional visibilizan la situaci\u00f3n de las personas refugiadas en el mundo, o la proyecci\u00f3n de cine infantil \u201cAzur y Asmar\u201d (12.30, Kiosco Alfonso), que organiza la ONG Aire. En el stand de Greenpeace, una muestra de carteles recorre el expolio en el continente africano, una de las principales causas de la migraci\u00f3n que llega a nuestras costas en busca de futuro.<\/p>\n<p><strong>\u201cMatria\u201d de Judith Prat<\/strong><\/p>\n<p>El colof\u00f3n de la ma\u00f1ana ser\u00e1 \u00a0una visita guiada con la fotoperiodista <strong>Judith Prat<\/strong> por su exposici\u00f3n \u201cMatria\u201d,\u00a0 un relato visual de la situaci\u00f3n del campesinado en el mundo y\u00a0 un grito de alerta ante las agresiones que sufre la \u201cmadre tierra\u201d a causa de los intereses trasnacionales de la agroindustria o la gran miner\u00eda y las violaciones de los Derechos Humanos que esta explotaci\u00f3n intensiva genera. Es, adem\u00e1s, un homenaje a la mujer campesina, alma mater de la agricultura familiar que, en toda la geograf\u00eda del planeta, garantiza la seguridad y la soberan\u00eda alimentaria.<\/p>\n<p>Las actividades de la tarde comenzar\u00e1n a las 16 horas (carpa central) con la puesta en escena, de la pieza teatral\u00a0 \u201cAtrapadas\u201d, de Maquinaria Teatro. Las actrices ferrolanas <strong>Eugenia Sanmart\u00edn<\/strong> y <strong>Helga M\u00e9ndez<\/strong> se ponen en la piel de mujeres sirias refugiadas en el Pireo. La obra est\u00e1 escrita a partir de testimonios reales y tiene como finalidad visibilizar la situaci\u00f3n de las mujeres refugiadas v\u00edctimas de una doble violencia: la que sufren las personas desplazadas huyendo de una guerra y la de g\u00e9nero. En el mismo escenario, a las 18 horas, los fot\u00f3grafos <strong>Javier Corso<\/strong>, <strong>Xos\u00e9 Abad<\/strong> y <strong>Judith Prat<\/strong> hablar\u00e1n \u00a0en \u201cUna foto, una historia\u201d del drama humano que hay detr\u00e1s de una de las \u00a0im\u00e1genes de sus exposiciones, tres de la siete que jalonan los Jardines. Podr\u00e1 seguirse en el link <a href=\"https:\/\/www.youtube.com\/watch?v=viPRTtKCbts\">https:\/\/www.youtube.com\/watch?v=viPRTtKCbts<\/a><\/p>\n<p>Una hora antes, a las 17 horas, habr\u00e1 tambi\u00e9n una visita guiada a la exposici\u00f3n \u201cRefugiadas en la salud\u201d, en el palco de la m\u00fasica (Jardines),\u00a0 y la proyecci\u00f3n del documental \u201cMujeres saharauis, el pilar de la vida. Hunna Raquizat Alhayat\u00bb, realizados por la creadora\u00a0gallega \u00a0<strong>Eva Neira Carballo<\/strong> para M\u00e9dicos del Mundo (MdM). Ambas propuestas abordan el papel de las mujeres como \u201cpilar de la vida\u201d en los campamentos de personas refugiadas saharauis del desierto de Argelia.<\/p>\n<p>Todas estas propuestas pondr\u00e1n fin a Acampa 2021 \u201cLa Vida Negada\u201d. El acto de clausura de la edici\u00f3n ser\u00e1 conducido, a partir de las 20.30 horas, por la actriz gallega de series tan conocidas como \u201cMareas Vivas\u201d, \u201cVis a Vis\u201d, \u201cFari\u00f1a\u201d o \u201cLas chicas del cable\u201d, <strong>Isabel Naveira<\/strong> y contar\u00e1 con la actuaci\u00f3n musical del saxofonista <strong>Richi Cas\u00e1s<\/strong>. En una asamblea que tendr\u00e1 lugar tambi\u00e9n por la tarde, la red Acampa decidir\u00e1 el tema central sobre el que girar\u00e1 la edici\u00f3n del Encuentro Internacional <em>Acampa pola Paz e o Dereito a Refuxio<\/em> 2022.<\/p>\n<p>La organizaci\u00f3n recomienda a las personas interesadas en acudir a cualquiera de las propuestas que lo haga con un poco de antelaci\u00f3n debido al obligado control de accesos\u00a0 por las medidas sanitarias derivadas de la Covid-19.<\/p>\n","protected":false},"excerpt":{"rendered":"<p>Recibir\u00e1n la pieza que simboliza este Reconocimiento, creada por la escultora Pilar Sub\u00edas, \u00a0el MST de Brasil, organizaci\u00f3n sobre la que ha reca\u00eddo en su versi\u00f3n internacional y el incombustible activista coru\u00f1\u00e9s Nicanor Acosta, \u00a0destinatario del de \u00e1mbito local \u00a0 La programaci\u00f3n de la jornada incluye tambi\u00e9n las charlas (a partir de las 19 hora [&hellip;]<\/p>\n","protected":false},"author":25,"featured_media":38035,"comment_status":"open","ping_status":"open","sticky":false,"template":"","format":"standard","meta":{"_et_pb_use_builder":"","_et_pb_old_content":"","_et_gb_content_width":"","inline_featured_image":false,"footnotes":""},"categories":[7],"tags":[124,118,56,150,83,57,97,85,108,110,61,173,174,100,58,59],"class_list":["post-38039","post","type-post","status-publish","format-standard","has-post-thumbnail","hentry","category-noticias","tag-a-coruna-2","tag-brasil-2","tag-derecho-a-refugio","tag-derecho-a-refugio-por-expolio","tag-derecho-de-asilo-2","tag-derechos-humanos","tag-desplazamientos-forzosos","tag-expolio-2","tag-fotografia","tag-galicia-2","tag-inmigracion","tag-personas-migrantes","tag-personas-refugiadas","tag-pueblos-indigenas","tag-refugiadas","tag-refugiados"],"yoast_head":"<!-- This site is optimized with the Yoast SEO plugin v27.4 - https:\/\/yoast.com\/product\/yoast-seo-wordpress\/ -->\n<title>ACAMPA ENTREGA EN EL MARCO DEL V ENCUENTRO INTERNACIONAL &quot;A VIDA NEGADA&quot;QUE SE CELEBRA EN A CORU\u00d1A SUS RECONOCIMIENTOS A LA DEFENSA DE LOS DERECHOS HUMANOS | Rede Acampa - Pola paz e o dereito a refuxio<\/title>\n<meta name=\"robots\" content=\"index, follow, max-snippet:-1, max-image-preview:large, max-video-preview:-1\" \/>\n<link rel=\"canonical\" href=\"https:\/\/blog.redeacampa.org\/es\/acampa-entrega-en-el-marco-del-v-encuentro-internacional-a-vida-negadaque-se-celebra-en-a-coruna-sus-reconocimientos-a-la-defensa-de-los-derechos-humanos\/\" \/>\n<meta property=\"og:locale\" content=\"es_ES\" \/>\n<meta property=\"og:type\" content=\"article\" \/>\n<meta property=\"og:title\" content=\"ACAMPA ENTREGA EN EL MARCO DEL V ENCUENTRO INTERNACIONAL &quot;A VIDA NEGADA&quot;QUE SE CELEBRA EN A CORU\u00d1A SUS RECONOCIMIENTOS A LA DEFENSA DE LOS DERECHOS HUMANOS | Rede Acampa - Pola paz e o dereito a refuxio\" \/>\n<meta property=\"og:description\" content=\"Recibir\u00e1n la pieza que simboliza este Reconocimiento, creada por la escultora Pilar Sub\u00edas, \u00a0el MST de Brasil, organizaci\u00f3n sobre la que ha reca\u00eddo en su versi\u00f3n internacional y el incombustible activista coru\u00f1\u00e9s Nicanor Acosta, \u00a0destinatario del de \u00e1mbito local \u00a0 La programaci\u00f3n de la jornada incluye tambi\u00e9n las charlas (a partir de las 19 hora [&hellip;]\" \/>\n<meta property=\"og:url\" content=\"https:\/\/blog.redeacampa.org\/es\/acampa-entrega-en-el-marco-del-v-encuentro-internacional-a-vida-negadaque-se-celebra-en-a-coruna-sus-reconocimientos-a-la-defensa-de-los-derechos-humanos\/\" \/>\n<meta property=\"og:site_name\" content=\"Rede Acampa - Pola paz e o dereito a refuxio\" \/>\n<meta property=\"article:publisher\" content=\"https:\/\/www.facebook.com\/acampapolapazeodereitoarefuxio\" \/>\n<meta property=\"article:published_time\" content=\"2021-09-10T14:09:58+00:00\" \/>\n<meta property=\"og:image\" content=\"https:\/\/blog.redeacampa.org\/wp-content\/uploads\/Nico-Castellano.jpg\" \/>\n\t<meta property=\"og:image:width\" content=\"467\" \/>\n\t<meta property=\"og:image:height\" content=\"700\" \/>\n\t<meta property=\"og:image:type\" content=\"image\/jpeg\" \/>\n<meta name=\"author\" content=\"Comunicaci\u00f3n\" \/>\n<meta name=\"twitter:card\" content=\"summary_large_image\" \/>\n<meta name=\"twitter:creator\" content=\"@Acampa_polapaz\" \/>\n<meta name=\"twitter:site\" content=\"@Acampa_polapaz\" \/>\n<meta name=\"twitter:label1\" content=\"Escrito por\" \/>\n\t<meta name=\"twitter:data1\" content=\"Comunicaci\u00f3n\" \/>\n\t<meta name=\"twitter:label2\" content=\"Tiempo de lectura\" \/>\n\t<meta name=\"twitter:data2\" content=\"5 minutos\" \/>\n<script type=\"application\/ld+json\" class=\"yoast-schema-graph\">{\"@context\":\"https:\\\/\\\/schema.org\",\"@graph\":[{\"@type\":\"Article\",\"@id\":\"https:\\\/\\\/blog.redeacampa.org\\\/es\\\/acampa-entrega-en-el-marco-del-v-encuentro-internacional-a-vida-negadaque-se-celebra-en-a-coruna-sus-reconocimientos-a-la-defensa-de-los-derechos-humanos\\\/#article\",\"isPartOf\":{\"@id\":\"https:\\\/\\\/blog.redeacampa.org\\\/es\\\/acampa-entrega-en-el-marco-del-v-encuentro-internacional-a-vida-negadaque-se-celebra-en-a-coruna-sus-reconocimientos-a-la-defensa-de-los-derechos-humanos\\\/\"},\"author\":{\"name\":\"Comunicaci\u00f3n\",\"@id\":\"https:\\\/\\\/blog.redeacampa.org\\\/es\\\/#\\\/schema\\\/person\\\/4af0729a8614cbed1e7078bcc7be966b\"},\"headline\":\"ACAMPA ENTREGA EN EL MARCO DEL V ENCUENTRO INTERNACIONAL \u00abA VIDA NEGADA\u00bbQUE SE CELEBRA EN A CORU\u00d1A SUS RECONOCIMIENTOS A LA DEFENSA DE LOS DERECHOS HUMANOS\",\"datePublished\":\"2021-09-10T14:09:58+00:00\",\"mainEntityOfPage\":{\"@id\":\"https:\\\/\\\/blog.redeacampa.org\\\/es\\\/acampa-entrega-en-el-marco-del-v-encuentro-internacional-a-vida-negadaque-se-celebra-en-a-coruna-sus-reconocimientos-a-la-defensa-de-los-derechos-humanos\\\/\"},\"wordCount\":1181,\"commentCount\":0,\"image\":{\"@id\":\"https:\\\/\\\/blog.redeacampa.org\\\/es\\\/acampa-entrega-en-el-marco-del-v-encuentro-internacional-a-vida-negadaque-se-celebra-en-a-coruna-sus-reconocimientos-a-la-defensa-de-los-derechos-humanos\\\/#primaryimage\"},\"thumbnailUrl\":\"https:\\\/\\\/blog.redeacampa.org\\\/wp-content\\\/uploads\\\/Nico-Castellano.jpg\",\"keywords\":[\"A Coru\u00f1a\",\"Brasil\",\"derecho a refugio\",\"derecho a refugio por expolio\",\"derecho de asilo\",\"Derechos Humanos\",\"desplazamientos forzosos\",\"expolio\",\"Fotograf\u00eda\",\"Galicia\",\"inmigraci\u00f3n\",\"personas migrantes\",\"personas refugiadas\",\"pueblos ind\u00edgenas\",\"Refugiadas\",\"Refugiados\"],\"articleSection\":[\"Noticias\"],\"inLanguage\":\"es\",\"potentialAction\":[{\"@type\":\"CommentAction\",\"name\":\"Comment\",\"target\":[\"https:\\\/\\\/blog.redeacampa.org\\\/es\\\/acampa-entrega-en-el-marco-del-v-encuentro-internacional-a-vida-negadaque-se-celebra-en-a-coruna-sus-reconocimientos-a-la-defensa-de-los-derechos-humanos\\\/#respond\"]}]},{\"@type\":\"WebPage\",\"@id\":\"https:\\\/\\\/blog.redeacampa.org\\\/es\\\/acampa-entrega-en-el-marco-del-v-encuentro-internacional-a-vida-negadaque-se-celebra-en-a-coruna-sus-reconocimientos-a-la-defensa-de-los-derechos-humanos\\\/\",\"url\":\"https:\\\/\\\/blog.redeacampa.org\\\/es\\\/acampa-entrega-en-el-marco-del-v-encuentro-internacional-a-vida-negadaque-se-celebra-en-a-coruna-sus-reconocimientos-a-la-defensa-de-los-derechos-humanos\\\/\",\"name\":\"ACAMPA ENTREGA EN EL MARCO DEL V ENCUENTRO INTERNACIONAL \\\"A VIDA NEGADA\\\"QUE SE CELEBRA EN A CORU\u00d1A SUS RECONOCIMIENTOS A LA DEFENSA DE LOS DERECHOS HUMANOS | Rede Acampa - Pola paz e o dereito a refuxio\",\"isPartOf\":{\"@id\":\"https:\\\/\\\/blog.redeacampa.org\\\/es\\\/#website\"},\"primaryImageOfPage\":{\"@id\":\"https:\\\/\\\/blog.redeacampa.org\\\/es\\\/acampa-entrega-en-el-marco-del-v-encuentro-internacional-a-vida-negadaque-se-celebra-en-a-coruna-sus-reconocimientos-a-la-defensa-de-los-derechos-humanos\\\/#primaryimage\"},\"image\":{\"@id\":\"https:\\\/\\\/blog.redeacampa.org\\\/es\\\/acampa-entrega-en-el-marco-del-v-encuentro-internacional-a-vida-negadaque-se-celebra-en-a-coruna-sus-reconocimientos-a-la-defensa-de-los-derechos-humanos\\\/#primaryimage\"},\"thumbnailUrl\":\"https:\\\/\\\/blog.redeacampa.org\\\/wp-content\\\/uploads\\\/Nico-Castellano.jpg\",\"datePublished\":\"2021-09-10T14:09:58+00:00\",\"author\":{\"@id\":\"https:\\\/\\\/blog.redeacampa.org\\\/es\\\/#\\\/schema\\\/person\\\/4af0729a8614cbed1e7078bcc7be966b\"},\"breadcrumb\":{\"@id\":\"https:\\\/\\\/blog.redeacampa.org\\\/es\\\/acampa-entrega-en-el-marco-del-v-encuentro-internacional-a-vida-negadaque-se-celebra-en-a-coruna-sus-reconocimientos-a-la-defensa-de-los-derechos-humanos\\\/#breadcrumb\"},\"inLanguage\":\"es\",\"potentialAction\":[{\"@type\":\"ReadAction\",\"target\":[\"https:\\\/\\\/blog.redeacampa.org\\\/es\\\/acampa-entrega-en-el-marco-del-v-encuentro-internacional-a-vida-negadaque-se-celebra-en-a-coruna-sus-reconocimientos-a-la-defensa-de-los-derechos-humanos\\\/\"]}]},{\"@type\":\"ImageObject\",\"inLanguage\":\"es\",\"@id\":\"https:\\\/\\\/blog.redeacampa.org\\\/es\\\/acampa-entrega-en-el-marco-del-v-encuentro-internacional-a-vida-negadaque-se-celebra-en-a-coruna-sus-reconocimientos-a-la-defensa-de-los-derechos-humanos\\\/#primaryimage\",\"url\":\"https:\\\/\\\/blog.redeacampa.org\\\/wp-content\\\/uploads\\\/Nico-Castellano.jpg\",\"contentUrl\":\"https:\\\/\\\/blog.redeacampa.org\\\/wp-content\\\/uploads\\\/Nico-Castellano.jpg\",\"width\":467,\"height\":700},{\"@type\":\"BreadcrumbList\",\"@id\":\"https:\\\/\\\/blog.redeacampa.org\\\/es\\\/acampa-entrega-en-el-marco-del-v-encuentro-internacional-a-vida-negadaque-se-celebra-en-a-coruna-sus-reconocimientos-a-la-defensa-de-los-derechos-humanos\\\/#breadcrumb\",\"itemListElement\":[{\"@type\":\"ListItem\",\"position\":1,\"name\":\"Portada\",\"item\":\"https:\\\/\\\/blog.redeacampa.org\\\/es\\\/\"},{\"@type\":\"ListItem\",\"position\":2,\"name\":\"ACAMPA ENTREGA EN EL MARCO DEL V ENCUENTRO INTERNACIONAL \u00abA VIDA NEGADA\u00bbQUE SE CELEBRA EN A CORU\u00d1A SUS RECONOCIMIENTOS A LA DEFENSA DE LOS DERECHOS HUMANOS\"}]},{\"@type\":\"WebSite\",\"@id\":\"https:\\\/\\\/blog.redeacampa.org\\\/es\\\/#website\",\"url\":\"https:\\\/\\\/blog.redeacampa.org\\\/es\\\/\",\"name\":\"Rede Acampa - Por la paz y el derecho a refugio\",\"description\":\"Unha iniciativa cidad\u00e1 sen fins de lucro integrada por colectivos sociais, culturais, educativos, veci\u00f1ais, pol\u00edticos, sindicais, art\u00edsticos, de persoas solidarias, de instituci\u00f3ns e empresas con responsabilidade social que te\u00f1en como obxectivo a defensa dos dereitos humanos, o Dereito Internacional Humanitario e o Dereito a Refuxio.\",\"potentialAction\":[{\"@type\":\"SearchAction\",\"target\":{\"@type\":\"EntryPoint\",\"urlTemplate\":\"https:\\\/\\\/blog.redeacampa.org\\\/es\\\/?s={search_term_string}\"},\"query-input\":{\"@type\":\"PropertyValueSpecification\",\"valueRequired\":true,\"valueName\":\"search_term_string\"}}],\"inLanguage\":\"es\"},{\"@type\":\"Person\",\"@id\":\"https:\\\/\\\/blog.redeacampa.org\\\/es\\\/#\\\/schema\\\/person\\\/4af0729a8614cbed1e7078bcc7be966b\",\"name\":\"Comunicaci\u00f3n\",\"image\":{\"@type\":\"ImageObject\",\"inLanguage\":\"es\",\"@id\":\"https:\\\/\\\/secure.gravatar.com\\\/avatar\\\/8e8fea06f5f2696e331aacd588d2000164152c9aa47459d1e52be3c1ab5f5ca5?s=96&d=mm&r=g\",\"url\":\"https:\\\/\\\/secure.gravatar.com\\\/avatar\\\/8e8fea06f5f2696e331aacd588d2000164152c9aa47459d1e52be3c1ab5f5ca5?s=96&d=mm&r=g\",\"contentUrl\":\"https:\\\/\\\/secure.gravatar.com\\\/avatar\\\/8e8fea06f5f2696e331aacd588d2000164152c9aa47459d1e52be3c1ab5f5ca5?s=96&d=mm&r=g\",\"caption\":\"Comunicaci\u00f3n\"}}]}<\/script>\n<!-- \/ Yoast SEO plugin. -->","yoast_head_json":{"title":"ACAMPA ENTREGA EN EL MARCO DEL V ENCUENTRO INTERNACIONAL \"A VIDA NEGADA\"QUE SE CELEBRA EN A CORU\u00d1A SUS RECONOCIMIENTOS A LA DEFENSA DE LOS DERECHOS HUMANOS | Rede Acampa - Pola paz e o dereito a refuxio","robots":{"index":"index","follow":"follow","max-snippet":"max-snippet:-1","max-image-preview":"max-image-preview:large","max-video-preview":"max-video-preview:-1"},"canonical":"https:\/\/blog.redeacampa.org\/es\/acampa-entrega-en-el-marco-del-v-encuentro-internacional-a-vida-negadaque-se-celebra-en-a-coruna-sus-reconocimientos-a-la-defensa-de-los-derechos-humanos\/","og_locale":"es_ES","og_type":"article","og_title":"ACAMPA ENTREGA EN EL MARCO DEL V ENCUENTRO INTERNACIONAL \"A VIDA NEGADA\"QUE SE CELEBRA EN A CORU\u00d1A SUS RECONOCIMIENTOS A LA DEFENSA DE LOS DERECHOS HUMANOS | Rede Acampa - Pola paz e o dereito a refuxio","og_description":"Recibir\u00e1n la pieza que simboliza este Reconocimiento, creada por la escultora Pilar Sub\u00edas, \u00a0el MST de Brasil, organizaci\u00f3n sobre la que ha reca\u00eddo en su versi\u00f3n internacional y el incombustible activista coru\u00f1\u00e9s Nicanor Acosta, \u00a0destinatario del de \u00e1mbito local \u00a0 La programaci\u00f3n de la jornada incluye tambi\u00e9n las charlas (a partir de las 19 hora [&hellip;]","og_url":"https:\/\/blog.redeacampa.org\/es\/acampa-entrega-en-el-marco-del-v-encuentro-internacional-a-vida-negadaque-se-celebra-en-a-coruna-sus-reconocimientos-a-la-defensa-de-los-derechos-humanos\/","og_site_name":"Rede Acampa - Pola paz e o dereito a refuxio","article_publisher":"https:\/\/www.facebook.com\/acampapolapazeodereitoarefuxio","article_published_time":"2021-09-10T14:09:58+00:00","og_image":[{"width":467,"height":700,"url":"https:\/\/blog.redeacampa.org\/wp-content\/uploads\/Nico-Castellano.jpg","type":"image\/jpeg"}],"author":"Comunicaci\u00f3n","twitter_card":"summary_large_image","twitter_creator":"@Acampa_polapaz","twitter_site":"@Acampa_polapaz","twitter_misc":{"Escrito por":"Comunicaci\u00f3n","Tiempo de lectura":"5 minutos"},"schema":{"@context":"https:\/\/schema.org","@graph":[{"@type":"Article","@id":"https:\/\/blog.redeacampa.org\/es\/acampa-entrega-en-el-marco-del-v-encuentro-internacional-a-vida-negadaque-se-celebra-en-a-coruna-sus-reconocimientos-a-la-defensa-de-los-derechos-humanos\/#article","isPartOf":{"@id":"https:\/\/blog.redeacampa.org\/es\/acampa-entrega-en-el-marco-del-v-encuentro-internacional-a-vida-negadaque-se-celebra-en-a-coruna-sus-reconocimientos-a-la-defensa-de-los-derechos-humanos\/"},"author":{"name":"Comunicaci\u00f3n","@id":"https:\/\/blog.redeacampa.org\/es\/#\/schema\/person\/4af0729a8614cbed1e7078bcc7be966b"},"headline":"ACAMPA ENTREGA EN EL MARCO DEL V ENCUENTRO INTERNACIONAL \u00abA VIDA NEGADA\u00bbQUE SE CELEBRA EN A CORU\u00d1A SUS RECONOCIMIENTOS A LA DEFENSA DE LOS DERECHOS HUMANOS","datePublished":"2021-09-10T14:09:58+00:00","mainEntityOfPage":{"@id":"https:\/\/blog.redeacampa.org\/es\/acampa-entrega-en-el-marco-del-v-encuentro-internacional-a-vida-negadaque-se-celebra-en-a-coruna-sus-reconocimientos-a-la-defensa-de-los-derechos-humanos\/"},"wordCount":1181,"commentCount":0,"image":{"@id":"https:\/\/blog.redeacampa.org\/es\/acampa-entrega-en-el-marco-del-v-encuentro-internacional-a-vida-negadaque-se-celebra-en-a-coruna-sus-reconocimientos-a-la-defensa-de-los-derechos-humanos\/#primaryimage"},"thumbnailUrl":"https:\/\/blog.redeacampa.org\/wp-content\/uploads\/Nico-Castellano.jpg","keywords":["A Coru\u00f1a","Brasil","derecho a refugio","derecho a refugio por expolio","derecho de asilo","Derechos Humanos","desplazamientos forzosos","expolio","Fotograf\u00eda","Galicia","inmigraci\u00f3n","personas migrantes","personas refugiadas","pueblos ind\u00edgenas","Refugiadas","Refugiados"],"articleSection":["Noticias"],"inLanguage":"es","potentialAction":[{"@type":"CommentAction","name":"Comment","target":["https:\/\/blog.redeacampa.org\/es\/acampa-entrega-en-el-marco-del-v-encuentro-internacional-a-vida-negadaque-se-celebra-en-a-coruna-sus-reconocimientos-a-la-defensa-de-los-derechos-humanos\/#respond"]}]},{"@type":"WebPage","@id":"https:\/\/blog.redeacampa.org\/es\/acampa-entrega-en-el-marco-del-v-encuentro-internacional-a-vida-negadaque-se-celebra-en-a-coruna-sus-reconocimientos-a-la-defensa-de-los-derechos-humanos\/","url":"https:\/\/blog.redeacampa.org\/es\/acampa-entrega-en-el-marco-del-v-encuentro-internacional-a-vida-negadaque-se-celebra-en-a-coruna-sus-reconocimientos-a-la-defensa-de-los-derechos-humanos\/","name":"ACAMPA ENTREGA EN EL MARCO DEL V ENCUENTRO INTERNACIONAL \"A VIDA NEGADA\"QUE SE CELEBRA EN A CORU\u00d1A SUS RECONOCIMIENTOS A LA DEFENSA DE LOS DERECHOS HUMANOS | Rede Acampa - Pola paz e o dereito a refuxio","isPartOf":{"@id":"https:\/\/blog.redeacampa.org\/es\/#website"},"primaryImageOfPage":{"@id":"https:\/\/blog.redeacampa.org\/es\/acampa-entrega-en-el-marco-del-v-encuentro-internacional-a-vida-negadaque-se-celebra-en-a-coruna-sus-reconocimientos-a-la-defensa-de-los-derechos-humanos\/#primaryimage"},"image":{"@id":"https:\/\/blog.redeacampa.org\/es\/acampa-entrega-en-el-marco-del-v-encuentro-internacional-a-vida-negadaque-se-celebra-en-a-coruna-sus-reconocimientos-a-la-defensa-de-los-derechos-humanos\/#primaryimage"},"thumbnailUrl":"https:\/\/blog.redeacampa.org\/wp-content\/uploads\/Nico-Castellano.jpg","datePublished":"2021-09-10T14:09:58+00:00","author":{"@id":"https:\/\/blog.redeacampa.org\/es\/#\/schema\/person\/4af0729a8614cbed1e7078bcc7be966b"},"breadcrumb":{"@id":"https:\/\/blog.redeacampa.org\/es\/acampa-entrega-en-el-marco-del-v-encuentro-internacional-a-vida-negadaque-se-celebra-en-a-coruna-sus-reconocimientos-a-la-defensa-de-los-derechos-humanos\/#breadcrumb"},"inLanguage":"es","potentialAction":[{"@type":"ReadAction","target":["https:\/\/blog.redeacampa.org\/es\/acampa-entrega-en-el-marco-del-v-encuentro-internacional-a-vida-negadaque-se-celebra-en-a-coruna-sus-reconocimientos-a-la-defensa-de-los-derechos-humanos\/"]}]},{"@type":"ImageObject","inLanguage":"es","@id":"https:\/\/blog.redeacampa.org\/es\/acampa-entrega-en-el-marco-del-v-encuentro-internacional-a-vida-negadaque-se-celebra-en-a-coruna-sus-reconocimientos-a-la-defensa-de-los-derechos-humanos\/#primaryimage","url":"https:\/\/blog.redeacampa.org\/wp-content\/uploads\/Nico-Castellano.jpg","contentUrl":"https:\/\/blog.redeacampa.org\/wp-content\/uploads\/Nico-Castellano.jpg","width":467,"height":700},{"@type":"BreadcrumbList","@id":"https:\/\/blog.redeacampa.org\/es\/acampa-entrega-en-el-marco-del-v-encuentro-internacional-a-vida-negadaque-se-celebra-en-a-coruna-sus-reconocimientos-a-la-defensa-de-los-derechos-humanos\/#breadcrumb","itemListElement":[{"@type":"ListItem","position":1,"name":"Portada","item":"https:\/\/blog.redeacampa.org\/es\/"},{"@type":"ListItem","position":2,"name":"ACAMPA ENTREGA EN EL MARCO DEL V ENCUENTRO INTERNACIONAL \u00abA VIDA NEGADA\u00bbQUE SE CELEBRA EN A CORU\u00d1A SUS RECONOCIMIENTOS A LA DEFENSA DE LOS DERECHOS HUMANOS"}]},{"@type":"WebSite","@id":"https:\/\/blog.redeacampa.org\/es\/#website","url":"https:\/\/blog.redeacampa.org\/es\/","name":"Rede Acampa - Por la paz y el derecho a refugio","description":"Unha iniciativa cidad\u00e1 sen fins de lucro integrada por colectivos sociais, culturais, educativos, veci\u00f1ais, pol\u00edticos, sindicais, art\u00edsticos, de persoas solidarias, de instituci\u00f3ns e empresas con responsabilidade social que te\u00f1en como obxectivo a defensa dos dereitos humanos, o Dereito Internacional Humanitario e o Dereito a Refuxio.","potentialAction":[{"@type":"SearchAction","target":{"@type":"EntryPoint","urlTemplate":"https:\/\/blog.redeacampa.org\/es\/?s={search_term_string}"},"query-input":{"@type":"PropertyValueSpecification","valueRequired":true,"valueName":"search_term_string"}}],"inLanguage":"es"},{"@type":"Person","@id":"https:\/\/blog.redeacampa.org\/es\/#\/schema\/person\/4af0729a8614cbed1e7078bcc7be966b","name":"Comunicaci\u00f3n","image":{"@type":"ImageObject","inLanguage":"es","@id":"https:\/\/secure.gravatar.com\/avatar\/8e8fea06f5f2696e331aacd588d2000164152c9aa47459d1e52be3c1ab5f5ca5?s=96&d=mm&r=g","url":"https:\/\/secure.gravatar.com\/avatar\/8e8fea06f5f2696e331aacd588d2000164152c9aa47459d1e52be3c1ab5f5ca5?s=96&d=mm&r=g","contentUrl":"https:\/\/secure.gravatar.com\/avatar\/8e8fea06f5f2696e331aacd588d2000164152c9aa47459d1e52be3c1ab5f5ca5?s=96&d=mm&r=g","caption":"Comunicaci\u00f3n"}}]}},"_links":{"self":[{"href":"https:\/\/blog.redeacampa.org\/es\/wp-json\/wp\/v2\/posts\/38039","targetHints":{"allow":["GET"]}}],"collection":[{"href":"https:\/\/blog.redeacampa.org\/es\/wp-json\/wp\/v2\/posts"}],"about":[{"href":"https:\/\/blog.redeacampa.org\/es\/wp-json\/wp\/v2\/types\/post"}],"author":[{"embeddable":true,"href":"https:\/\/blog.redeacampa.org\/es\/wp-json\/wp\/v2\/users\/25"}],"replies":[{"embeddable":true,"href":"https:\/\/blog.redeacampa.org\/es\/wp-json\/wp\/v2\/comments?post=38039"}],"version-history":[{"count":3,"href":"https:\/\/blog.redeacampa.org\/es\/wp-json\/wp\/v2\/posts\/38039\/revisions"}],"predecessor-version":[{"id":38042,"href":"https:\/\/blog.redeacampa.org\/es\/wp-json\/wp\/v2\/posts\/38039\/revisions\/38042"}],"wp:featuredmedia":[{"embeddable":true,"href":"https:\/\/blog.redeacampa.org\/es\/wp-json\/wp\/v2\/media\/38035"}],"wp:attachment":[{"href":"https:\/\/blog.redeacampa.org\/es\/wp-json\/wp\/v2\/media?parent=38039"}],"wp:term":[{"taxonomy":"category","embeddable":true,"href":"https:\/\/blog.redeacampa.org\/es\/wp-json\/wp\/v2\/categories?post=38039"},{"taxonomy":"post_tag","embeddable":true,"href":"https:\/\/blog.redeacampa.org\/es\/wp-json\/wp\/v2\/tags?post=38039"}],"curies":[{"name":"wp","href":"https:\/\/api.w.org\/{rel}","templated":true}]}}