{"id":38064,"date":"2021-09-20T12:14:08","date_gmt":"2021-09-20T10:14:08","guid":{"rendered":"https:\/\/blog.redeacampa.org\/?p=38064"},"modified":"2021-09-20T12:14:08","modified_gmt":"2021-09-20T10:14:08","slug":"el-vandalismo-se-ceba-sobre-la-exposicion-fotografica-a-vida-negada-que-la-red-acampa-pola-paz-tiene-instalada-en-los-jardines-de-mendez-nunez-de-a-coruna","status":"publish","type":"post","link":"https:\/\/blog.redeacampa.org\/es\/el-vandalismo-se-ceba-sobre-la-exposicion-fotografica-a-vida-negada-que-la-red-acampa-pola-paz-tiene-instalada-en-los-jardines-de-mendez-nunez-de-a-coruna\/","title":{"rendered":"EL VANDALISMO SE CEBA SOBRE LA EXPOSICI\u00d3N FOTOGR\u00c1FICA \u201cA VIDA NEGADA\u201d QUE LA RED ACAMPA POLA PAZ TIENE INSTALADA EN LOS JARDINES DE M\u00c9NDEZ N\u00da\u00d1EZ DE A CORU\u00d1A"},"content":{"rendered":"<ul>\n<li><em>En la \u00faltima semana han robado varias lonas con im\u00e1genes a gran formato, da\u00f1ado otras y doblado las estructuras met\u00e1licas que las sostienen.<\/em><\/li>\n<li><em>La muestra, que forma parte del V Encuentro Internacional Acampa pola Paz e o Dereito a Refuxio celebrado entre el 9 y el 11 de este mes, pretende sensibilizar sobre los grav\u00edsimos da\u00f1os que el saqueo de recursos genera en las comunidades locales en distintos puntos del planeta. <\/em><\/li>\n<li><em>\u201cEn estos a\u00f1os y en todas nuestras propuestas concienciadoras la ciudadan\u00eda coru\u00f1esa nos dio ejemplos m\u00e1s que sobrados sobre su compromiso c\u00edvico y su inter\u00e9s por reflexionar en torno a los Derechos Humanos y el Derecho a Refugio, se\u00f1alan desde el Movimiento Acampa. Por eso resulta m\u00e1s triste si cabe comprobar c\u00f3mo la intolerancia o la irresponsabilidad de unos pocos, en medio de la noche, hurta a los coru\u00f1eses de su derecho a estar informados y a asomar al trabajo de fotoperiodistas internacionales que nos acercan mundos en los que los derechos est\u00e1n conculcados.<\/em><\/li>\n<\/ul>\n<p>El vandalismo se est\u00e1 cebando, noche s\u00ed, noche tambi\u00e9n, con la exposici\u00f3n fotogr\u00e1fica \u201cA vida Negada\u201d que la Red Acampa ha desplegado en los Jardines de M\u00e9ndez N\u00fa\u00f1ez en el marco de su V Encuentro Internacional Acampa pola Paz e o Dereito a Refuxio. En la \u00faltima semana han robado varias lonas con im\u00e1genes a gran formato, da\u00f1ado o desprendido otras e incluso doblado las resistentes vallas met\u00e1licas que le dan soporte. \u201cEs bastante desolador\u201d, confiesan desde el Movimiento Acampa, porque lo que nace para invitar a la ciudadan\u00eda a reflexionar sobre los grav\u00edsimos efectos del saqueo de recursos en las comunidades locales de distintos puntos del planeta acaba, inesperadamente, haci\u00e9ndonos reflexionar sobre la sociedad m\u00e1s cercana, sobre esos pocos que creen que es una valent\u00eda llevarse una fotograf\u00eda a casa o que reafirman su liderazgo desprendiendo varias o doblando sus soportes.<\/p>\n<p>Desde el Movimiento Acampa pola Paz insisten en defender y agradecer el comportamiento c\u00edvico de los coru\u00f1eses. \u201cA lo largo de estos \u00faltimos a\u00f1os, la ciudadan\u00eda coru\u00f1esa nos dio ejemplos m\u00e1s que sobrados sobre su compromiso y su inter\u00e9s por reflexionar en torno a nuestras propuestas, participando en cada uno de los cinco Encuentros Internacionales que hemos tenido. Desde el a\u00f1o pasado, forzados por el COVID-19, las exposiciones fotogr\u00e1ficas han salido de las salas de exposiciones y han tomado la calle, una f\u00f3rmula adem\u00e1s que garantiza que miles de coru\u00f1eses puedan disfrutarlas, puedan reflexionar, durante su paseo por el centro. \u201cNos gusta abrir esas ventanas, en este caso a los espacios de expolio, e interpelar a la ciudadan\u00eda\u201d. Sabemos, a\u00f1aden desde la Red Acampa, que el \u00a0\u201cel vandalismo no es responsabilidad m\u00e1s que del que lo practica, pero sin duda se minimiza si las personas que caminan en su grupo, con cuya acci\u00f3n no est\u00e1n de acuerdo, tienen la valent\u00eda de cuestionarle, de afearle la conducta\u201d.<\/p>\n<p>La Red Acampa pola Paz es una organizaci\u00f3n sin \u00e1nimo de lucro que en la actualidad integra a cerca de 70 organizaciones, asociaciones, oeneg\u00e9s que trabajan en el \u00e1mbito social, as\u00ed como a partidos pol\u00edticos, entidades de todo tipo y particulares sensibles a la necesidad de defender los Derechos Humanos y el Derecho a Refugio. Organizar cada a\u00f1o el Encuentro Internacional en el que se enmarca esta propuesta expositiva supone muchas horas y mucho esfuerzo de trabajo voluntario, desinteresado. Por ello es a\u00fan m\u00e1s doloroso comprobar que esa propuesta, asentada en el centro de la ciudad, en uno de los jardines sin duda con m\u00e1s vigilancia por c\u00e1maras de la ciudad, es da\u00f1ada una y otra vez.<\/p>\n<p>Acampa conf\u00eda en que estos ataques dejen de suceder para evitar tener que retirar antes de tiempo las exposiciones de los fotoperiodistas Judith Prat, Javier Corso, Xos\u00e9 Abad, Akinlunde Akinlenye, Luis de Vega, Victor Moriyama y Ernesto Piovano, pues ten\u00edan previsto mantenerse hasta el d\u00eda 10 de octubre. \u201cLo que es inviable es estar todas las ma\u00f1anas arreglando los destrozos, sustituyendo vallas o copiando lonas desaparecidas o tener que pagar vigilancia norcturna\u201d, concluyen.<\/p>\n","protected":false},"excerpt":{"rendered":"<p>En la \u00faltima semana han robado varias lonas con im\u00e1genes a gran formato, da\u00f1ado otras y doblado las estructuras met\u00e1licas que las sostienen. La muestra, que forma parte del V Encuentro Internacional Acampa pola Paz e o Dereito a Refuxio celebrado entre el 9 y el 11 de este mes, pretende sensibilizar sobre los grav\u00edsimos [&hellip;]<\/p>\n","protected":false},"author":25,"featured_media":38057,"comment_status":"open","ping_status":"open","sticky":false,"template":"","format":"standard","meta":{"_et_pb_use_builder":"","_et_pb_old_content":"","_et_gb_content_width":"","inline_featured_image":false,"footnotes":""},"categories":[18],"tags":[124,201,56,83,57,97,85,94,108,120,110,173,174,58,59],"class_list":["post-38064","post","type-post","status-publish","format-standard","has-post-thumbnail","hentry","category-presentaciones","tag-a-coruna-2","tag-acampa-pola-paz-2","tag-derecho-a-refugio","tag-derecho-de-asilo-2","tag-derechos-humanos","tag-desplazamientos-forzosos","tag-expolio-2","tag-expolio-de-recursos","tag-fotografia","tag-fotos","tag-galicia-2","tag-personas-migrantes","tag-personas-refugiadas","tag-refugiadas","tag-refugiados"],"yoast_head":"<!-- This site is optimized with the Yoast SEO plugin v27.4 - https:\/\/yoast.com\/product\/yoast-seo-wordpress\/ -->\n<title>EL VANDALISMO SE CEBA SOBRE LA EXPOSICI\u00d3N FOTOGR\u00c1FICA \u201cA VIDA NEGADA\u201d QUE LA RED ACAMPA POLA PAZ TIENE INSTALADA EN LOS JARDINES DE M\u00c9NDEZ N\u00da\u00d1EZ DE A CORU\u00d1A | Rede Acampa - Pola paz e o dereito a refuxio<\/title>\n<meta name=\"robots\" content=\"index, follow, max-snippet:-1, max-image-preview:large, max-video-preview:-1\" \/>\n<link rel=\"canonical\" href=\"https:\/\/blog.redeacampa.org\/es\/el-vandalismo-se-ceba-sobre-la-exposicion-fotografica-a-vida-negada-que-la-red-acampa-pola-paz-tiene-instalada-en-los-jardines-de-mendez-nunez-de-a-coruna\/\" \/>\n<meta property=\"og:locale\" content=\"es_ES\" \/>\n<meta property=\"og:type\" content=\"article\" \/>\n<meta property=\"og:title\" content=\"EL VANDALISMO SE CEBA SOBRE LA EXPOSICI\u00d3N FOTOGR\u00c1FICA \u201cA VIDA NEGADA\u201d QUE LA RED ACAMPA POLA PAZ TIENE INSTALADA EN LOS JARDINES DE M\u00c9NDEZ N\u00da\u00d1EZ DE A CORU\u00d1A | Rede Acampa - Pola paz e o dereito a refuxio\" \/>\n<meta property=\"og:description\" content=\"En la \u00faltima semana han robado varias lonas con im\u00e1genes a gran formato, da\u00f1ado otras y doblado las estructuras met\u00e1licas que las sostienen. La muestra, que forma parte del V Encuentro Internacional Acampa pola Paz e o Dereito a Refuxio celebrado entre el 9 y el 11 de este mes, pretende sensibilizar sobre los grav\u00edsimos [&hellip;]\" \/>\n<meta property=\"og:url\" content=\"https:\/\/blog.redeacampa.org\/es\/el-vandalismo-se-ceba-sobre-la-exposicion-fotografica-a-vida-negada-que-la-red-acampa-pola-paz-tiene-instalada-en-los-jardines-de-mendez-nunez-de-a-coruna\/\" \/>\n<meta property=\"og:site_name\" content=\"Rede Acampa - Pola paz e o dereito a refuxio\" \/>\n<meta property=\"article:publisher\" content=\"https:\/\/www.facebook.com\/acampapolapazeodereitoarefuxio\" \/>\n<meta property=\"article:published_time\" content=\"2021-09-20T10:14:08+00:00\" \/>\n<meta property=\"og:image\" content=\"https:\/\/blog.redeacampa.org\/wp-content\/uploads\/IMG-20210918-WA0000.jpg\" \/>\n\t<meta property=\"og:image:width\" content=\"1920\" \/>\n\t<meta property=\"og:image:height\" content=\"1080\" \/>\n\t<meta property=\"og:image:type\" content=\"image\/jpeg\" \/>\n<meta name=\"author\" content=\"Comunicaci\u00f3n\" \/>\n<meta name=\"twitter:card\" content=\"summary_large_image\" \/>\n<meta name=\"twitter:creator\" content=\"@Acampa_polapaz\" \/>\n<meta name=\"twitter:site\" content=\"@Acampa_polapaz\" \/>\n<meta name=\"twitter:label1\" content=\"Escrito por\" \/>\n\t<meta name=\"twitter:data1\" content=\"Comunicaci\u00f3n\" \/>\n\t<meta name=\"twitter:label2\" content=\"Tiempo de lectura\" \/>\n\t<meta name=\"twitter:data2\" content=\"3 minutos\" \/>\n<script type=\"application\/ld+json\" class=\"yoast-schema-graph\">{\"@context\":\"https:\\\/\\\/schema.org\",\"@graph\":[{\"@type\":\"Article\",\"@id\":\"https:\\\/\\\/blog.redeacampa.org\\\/es\\\/el-vandalismo-se-ceba-sobre-la-exposicion-fotografica-a-vida-negada-que-la-red-acampa-pola-paz-tiene-instalada-en-los-jardines-de-mendez-nunez-de-a-coruna\\\/#article\",\"isPartOf\":{\"@id\":\"https:\\\/\\\/blog.redeacampa.org\\\/es\\\/el-vandalismo-se-ceba-sobre-la-exposicion-fotografica-a-vida-negada-que-la-red-acampa-pola-paz-tiene-instalada-en-los-jardines-de-mendez-nunez-de-a-coruna\\\/\"},\"author\":{\"name\":\"Comunicaci\u00f3n\",\"@id\":\"https:\\\/\\\/blog.redeacampa.org\\\/es\\\/#\\\/schema\\\/person\\\/4af0729a8614cbed1e7078bcc7be966b\"},\"headline\":\"EL VANDALISMO SE CEBA SOBRE LA EXPOSICI\u00d3N FOTOGR\u00c1FICA \u201cA VIDA NEGADA\u201d QUE LA RED ACAMPA POLA PAZ TIENE INSTALADA EN LOS JARDINES DE M\u00c9NDEZ N\u00da\u00d1EZ DE A CORU\u00d1A\",\"datePublished\":\"2021-09-20T10:14:08+00:00\",\"mainEntityOfPage\":{\"@id\":\"https:\\\/\\\/blog.redeacampa.org\\\/es\\\/el-vandalismo-se-ceba-sobre-la-exposicion-fotografica-a-vida-negada-que-la-red-acampa-pola-paz-tiene-instalada-en-los-jardines-de-mendez-nunez-de-a-coruna\\\/\"},\"wordCount\":753,\"commentCount\":0,\"image\":{\"@id\":\"https:\\\/\\\/blog.redeacampa.org\\\/es\\\/el-vandalismo-se-ceba-sobre-la-exposicion-fotografica-a-vida-negada-que-la-red-acampa-pola-paz-tiene-instalada-en-los-jardines-de-mendez-nunez-de-a-coruna\\\/#primaryimage\"},\"thumbnailUrl\":\"https:\\\/\\\/blog.redeacampa.org\\\/wp-content\\\/uploads\\\/IMG-20210918-WA0000.jpg\",\"keywords\":[\"A Coru\u00f1a\",\"Acampa pola paz\",\"derecho a refugio\",\"derecho de asilo\",\"Derechos Humanos\",\"desplazamientos forzosos\",\"expolio\",\"expolio de recursos\",\"Fotograf\u00eda\",\"fotos\",\"Galicia\",\"personas migrantes\",\"personas refugiadas\",\"Refugiadas\",\"Refugiados\"],\"articleSection\":[\"Presentaciones\"],\"inLanguage\":\"es\",\"potentialAction\":[{\"@type\":\"CommentAction\",\"name\":\"Comment\",\"target\":[\"https:\\\/\\\/blog.redeacampa.org\\\/es\\\/el-vandalismo-se-ceba-sobre-la-exposicion-fotografica-a-vida-negada-que-la-red-acampa-pola-paz-tiene-instalada-en-los-jardines-de-mendez-nunez-de-a-coruna\\\/#respond\"]}]},{\"@type\":\"WebPage\",\"@id\":\"https:\\\/\\\/blog.redeacampa.org\\\/es\\\/el-vandalismo-se-ceba-sobre-la-exposicion-fotografica-a-vida-negada-que-la-red-acampa-pola-paz-tiene-instalada-en-los-jardines-de-mendez-nunez-de-a-coruna\\\/\",\"url\":\"https:\\\/\\\/blog.redeacampa.org\\\/es\\\/el-vandalismo-se-ceba-sobre-la-exposicion-fotografica-a-vida-negada-que-la-red-acampa-pola-paz-tiene-instalada-en-los-jardines-de-mendez-nunez-de-a-coruna\\\/\",\"name\":\"EL VANDALISMO SE CEBA SOBRE LA EXPOSICI\u00d3N FOTOGR\u00c1FICA \u201cA VIDA NEGADA\u201d QUE LA RED ACAMPA POLA PAZ TIENE INSTALADA EN LOS JARDINES DE M\u00c9NDEZ N\u00da\u00d1EZ DE A CORU\u00d1A | Rede Acampa - Pola paz e o dereito a refuxio\",\"isPartOf\":{\"@id\":\"https:\\\/\\\/blog.redeacampa.org\\\/es\\\/#website\"},\"primaryImageOfPage\":{\"@id\":\"https:\\\/\\\/blog.redeacampa.org\\\/es\\\/el-vandalismo-se-ceba-sobre-la-exposicion-fotografica-a-vida-negada-que-la-red-acampa-pola-paz-tiene-instalada-en-los-jardines-de-mendez-nunez-de-a-coruna\\\/#primaryimage\"},\"image\":{\"@id\":\"https:\\\/\\\/blog.redeacampa.org\\\/es\\\/el-vandalismo-se-ceba-sobre-la-exposicion-fotografica-a-vida-negada-que-la-red-acampa-pola-paz-tiene-instalada-en-los-jardines-de-mendez-nunez-de-a-coruna\\\/#primaryimage\"},\"thumbnailUrl\":\"https:\\\/\\\/blog.redeacampa.org\\\/wp-content\\\/uploads\\\/IMG-20210918-WA0000.jpg\",\"datePublished\":\"2021-09-20T10:14:08+00:00\",\"author\":{\"@id\":\"https:\\\/\\\/blog.redeacampa.org\\\/es\\\/#\\\/schema\\\/person\\\/4af0729a8614cbed1e7078bcc7be966b\"},\"breadcrumb\":{\"@id\":\"https:\\\/\\\/blog.redeacampa.org\\\/es\\\/el-vandalismo-se-ceba-sobre-la-exposicion-fotografica-a-vida-negada-que-la-red-acampa-pola-paz-tiene-instalada-en-los-jardines-de-mendez-nunez-de-a-coruna\\\/#breadcrumb\"},\"inLanguage\":\"es\",\"potentialAction\":[{\"@type\":\"ReadAction\",\"target\":[\"https:\\\/\\\/blog.redeacampa.org\\\/es\\\/el-vandalismo-se-ceba-sobre-la-exposicion-fotografica-a-vida-negada-que-la-red-acampa-pola-paz-tiene-instalada-en-los-jardines-de-mendez-nunez-de-a-coruna\\\/\"]}]},{\"@type\":\"ImageObject\",\"inLanguage\":\"es\",\"@id\":\"https:\\\/\\\/blog.redeacampa.org\\\/es\\\/el-vandalismo-se-ceba-sobre-la-exposicion-fotografica-a-vida-negada-que-la-red-acampa-pola-paz-tiene-instalada-en-los-jardines-de-mendez-nunez-de-a-coruna\\\/#primaryimage\",\"url\":\"https:\\\/\\\/blog.redeacampa.org\\\/wp-content\\\/uploads\\\/IMG-20210918-WA0000.jpg\",\"contentUrl\":\"https:\\\/\\\/blog.redeacampa.org\\\/wp-content\\\/uploads\\\/IMG-20210918-WA0000.jpg\",\"width\":1920,\"height\":1080},{\"@type\":\"BreadcrumbList\",\"@id\":\"https:\\\/\\\/blog.redeacampa.org\\\/es\\\/el-vandalismo-se-ceba-sobre-la-exposicion-fotografica-a-vida-negada-que-la-red-acampa-pola-paz-tiene-instalada-en-los-jardines-de-mendez-nunez-de-a-coruna\\\/#breadcrumb\",\"itemListElement\":[{\"@type\":\"ListItem\",\"position\":1,\"name\":\"Portada\",\"item\":\"https:\\\/\\\/blog.redeacampa.org\\\/es\\\/\"},{\"@type\":\"ListItem\",\"position\":2,\"name\":\"EL VANDALISMO SE CEBA SOBRE LA EXPOSICI\u00d3N FOTOGR\u00c1FICA \u201cA VIDA NEGADA\u201d QUE LA RED ACAMPA POLA PAZ TIENE INSTALADA EN LOS JARDINES DE M\u00c9NDEZ N\u00da\u00d1EZ DE A CORU\u00d1A\"}]},{\"@type\":\"WebSite\",\"@id\":\"https:\\\/\\\/blog.redeacampa.org\\\/es\\\/#website\",\"url\":\"https:\\\/\\\/blog.redeacampa.org\\\/es\\\/\",\"name\":\"Rede Acampa - Por la paz y el derecho a refugio\",\"description\":\"Unha iniciativa cidad\u00e1 sen fins de lucro integrada por colectivos sociais, culturais, educativos, veci\u00f1ais, pol\u00edticos, sindicais, art\u00edsticos, de persoas solidarias, de instituci\u00f3ns e empresas con responsabilidade social que te\u00f1en como obxectivo a defensa dos dereitos humanos, o Dereito Internacional Humanitario e o Dereito a Refuxio.\",\"potentialAction\":[{\"@type\":\"SearchAction\",\"target\":{\"@type\":\"EntryPoint\",\"urlTemplate\":\"https:\\\/\\\/blog.redeacampa.org\\\/es\\\/?s={search_term_string}\"},\"query-input\":{\"@type\":\"PropertyValueSpecification\",\"valueRequired\":true,\"valueName\":\"search_term_string\"}}],\"inLanguage\":\"es\"},{\"@type\":\"Person\",\"@id\":\"https:\\\/\\\/blog.redeacampa.org\\\/es\\\/#\\\/schema\\\/person\\\/4af0729a8614cbed1e7078bcc7be966b\",\"name\":\"Comunicaci\u00f3n\",\"image\":{\"@type\":\"ImageObject\",\"inLanguage\":\"es\",\"@id\":\"https:\\\/\\\/secure.gravatar.com\\\/avatar\\\/8e8fea06f5f2696e331aacd588d2000164152c9aa47459d1e52be3c1ab5f5ca5?s=96&d=mm&r=g\",\"url\":\"https:\\\/\\\/secure.gravatar.com\\\/avatar\\\/8e8fea06f5f2696e331aacd588d2000164152c9aa47459d1e52be3c1ab5f5ca5?s=96&d=mm&r=g\",\"contentUrl\":\"https:\\\/\\\/secure.gravatar.com\\\/avatar\\\/8e8fea06f5f2696e331aacd588d2000164152c9aa47459d1e52be3c1ab5f5ca5?s=96&d=mm&r=g\",\"caption\":\"Comunicaci\u00f3n\"}}]}<\/script>\n<!-- \/ Yoast SEO plugin. -->","yoast_head_json":{"title":"EL VANDALISMO SE CEBA SOBRE LA EXPOSICI\u00d3N FOTOGR\u00c1FICA \u201cA VIDA NEGADA\u201d QUE LA RED ACAMPA POLA PAZ TIENE INSTALADA EN LOS JARDINES DE M\u00c9NDEZ N\u00da\u00d1EZ DE A CORU\u00d1A | Rede Acampa - Pola paz e o dereito a refuxio","robots":{"index":"index","follow":"follow","max-snippet":"max-snippet:-1","max-image-preview":"max-image-preview:large","max-video-preview":"max-video-preview:-1"},"canonical":"https:\/\/blog.redeacampa.org\/es\/el-vandalismo-se-ceba-sobre-la-exposicion-fotografica-a-vida-negada-que-la-red-acampa-pola-paz-tiene-instalada-en-los-jardines-de-mendez-nunez-de-a-coruna\/","og_locale":"es_ES","og_type":"article","og_title":"EL VANDALISMO SE CEBA SOBRE LA EXPOSICI\u00d3N FOTOGR\u00c1FICA \u201cA VIDA NEGADA\u201d QUE LA RED ACAMPA POLA PAZ TIENE INSTALADA EN LOS JARDINES DE M\u00c9NDEZ N\u00da\u00d1EZ DE A CORU\u00d1A | Rede Acampa - Pola paz e o dereito a refuxio","og_description":"En la \u00faltima semana han robado varias lonas con im\u00e1genes a gran formato, da\u00f1ado otras y doblado las estructuras met\u00e1licas que las sostienen. La muestra, que forma parte del V Encuentro Internacional Acampa pola Paz e o Dereito a Refuxio celebrado entre el 9 y el 11 de este mes, pretende sensibilizar sobre los grav\u00edsimos [&hellip;]","og_url":"https:\/\/blog.redeacampa.org\/es\/el-vandalismo-se-ceba-sobre-la-exposicion-fotografica-a-vida-negada-que-la-red-acampa-pola-paz-tiene-instalada-en-los-jardines-de-mendez-nunez-de-a-coruna\/","og_site_name":"Rede Acampa - Pola paz e o dereito a refuxio","article_publisher":"https:\/\/www.facebook.com\/acampapolapazeodereitoarefuxio","article_published_time":"2021-09-20T10:14:08+00:00","og_image":[{"width":1920,"height":1080,"url":"https:\/\/blog.redeacampa.org\/wp-content\/uploads\/IMG-20210918-WA0000.jpg","type":"image\/jpeg"}],"author":"Comunicaci\u00f3n","twitter_card":"summary_large_image","twitter_creator":"@Acampa_polapaz","twitter_site":"@Acampa_polapaz","twitter_misc":{"Escrito por":"Comunicaci\u00f3n","Tiempo de lectura":"3 minutos"},"schema":{"@context":"https:\/\/schema.org","@graph":[{"@type":"Article","@id":"https:\/\/blog.redeacampa.org\/es\/el-vandalismo-se-ceba-sobre-la-exposicion-fotografica-a-vida-negada-que-la-red-acampa-pola-paz-tiene-instalada-en-los-jardines-de-mendez-nunez-de-a-coruna\/#article","isPartOf":{"@id":"https:\/\/blog.redeacampa.org\/es\/el-vandalismo-se-ceba-sobre-la-exposicion-fotografica-a-vida-negada-que-la-red-acampa-pola-paz-tiene-instalada-en-los-jardines-de-mendez-nunez-de-a-coruna\/"},"author":{"name":"Comunicaci\u00f3n","@id":"https:\/\/blog.redeacampa.org\/es\/#\/schema\/person\/4af0729a8614cbed1e7078bcc7be966b"},"headline":"EL VANDALISMO SE CEBA SOBRE LA EXPOSICI\u00d3N FOTOGR\u00c1FICA \u201cA VIDA NEGADA\u201d QUE LA RED ACAMPA POLA PAZ TIENE INSTALADA EN LOS JARDINES DE M\u00c9NDEZ N\u00da\u00d1EZ DE A CORU\u00d1A","datePublished":"2021-09-20T10:14:08+00:00","mainEntityOfPage":{"@id":"https:\/\/blog.redeacampa.org\/es\/el-vandalismo-se-ceba-sobre-la-exposicion-fotografica-a-vida-negada-que-la-red-acampa-pola-paz-tiene-instalada-en-los-jardines-de-mendez-nunez-de-a-coruna\/"},"wordCount":753,"commentCount":0,"image":{"@id":"https:\/\/blog.redeacampa.org\/es\/el-vandalismo-se-ceba-sobre-la-exposicion-fotografica-a-vida-negada-que-la-red-acampa-pola-paz-tiene-instalada-en-los-jardines-de-mendez-nunez-de-a-coruna\/#primaryimage"},"thumbnailUrl":"https:\/\/blog.redeacampa.org\/wp-content\/uploads\/IMG-20210918-WA0000.jpg","keywords":["A Coru\u00f1a","Acampa pola paz","derecho a refugio","derecho de asilo","Derechos Humanos","desplazamientos forzosos","expolio","expolio de recursos","Fotograf\u00eda","fotos","Galicia","personas migrantes","personas refugiadas","Refugiadas","Refugiados"],"articleSection":["Presentaciones"],"inLanguage":"es","potentialAction":[{"@type":"CommentAction","name":"Comment","target":["https:\/\/blog.redeacampa.org\/es\/el-vandalismo-se-ceba-sobre-la-exposicion-fotografica-a-vida-negada-que-la-red-acampa-pola-paz-tiene-instalada-en-los-jardines-de-mendez-nunez-de-a-coruna\/#respond"]}]},{"@type":"WebPage","@id":"https:\/\/blog.redeacampa.org\/es\/el-vandalismo-se-ceba-sobre-la-exposicion-fotografica-a-vida-negada-que-la-red-acampa-pola-paz-tiene-instalada-en-los-jardines-de-mendez-nunez-de-a-coruna\/","url":"https:\/\/blog.redeacampa.org\/es\/el-vandalismo-se-ceba-sobre-la-exposicion-fotografica-a-vida-negada-que-la-red-acampa-pola-paz-tiene-instalada-en-los-jardines-de-mendez-nunez-de-a-coruna\/","name":"EL VANDALISMO SE CEBA SOBRE LA EXPOSICI\u00d3N FOTOGR\u00c1FICA \u201cA VIDA NEGADA\u201d QUE LA RED ACAMPA POLA PAZ TIENE INSTALADA EN LOS JARDINES DE M\u00c9NDEZ N\u00da\u00d1EZ DE A CORU\u00d1A | Rede Acampa - Pola paz e o dereito a refuxio","isPartOf":{"@id":"https:\/\/blog.redeacampa.org\/es\/#website"},"primaryImageOfPage":{"@id":"https:\/\/blog.redeacampa.org\/es\/el-vandalismo-se-ceba-sobre-la-exposicion-fotografica-a-vida-negada-que-la-red-acampa-pola-paz-tiene-instalada-en-los-jardines-de-mendez-nunez-de-a-coruna\/#primaryimage"},"image":{"@id":"https:\/\/blog.redeacampa.org\/es\/el-vandalismo-se-ceba-sobre-la-exposicion-fotografica-a-vida-negada-que-la-red-acampa-pola-paz-tiene-instalada-en-los-jardines-de-mendez-nunez-de-a-coruna\/#primaryimage"},"thumbnailUrl":"https:\/\/blog.redeacampa.org\/wp-content\/uploads\/IMG-20210918-WA0000.jpg","datePublished":"2021-09-20T10:14:08+00:00","author":{"@id":"https:\/\/blog.redeacampa.org\/es\/#\/schema\/person\/4af0729a8614cbed1e7078bcc7be966b"},"breadcrumb":{"@id":"https:\/\/blog.redeacampa.org\/es\/el-vandalismo-se-ceba-sobre-la-exposicion-fotografica-a-vida-negada-que-la-red-acampa-pola-paz-tiene-instalada-en-los-jardines-de-mendez-nunez-de-a-coruna\/#breadcrumb"},"inLanguage":"es","potentialAction":[{"@type":"ReadAction","target":["https:\/\/blog.redeacampa.org\/es\/el-vandalismo-se-ceba-sobre-la-exposicion-fotografica-a-vida-negada-que-la-red-acampa-pola-paz-tiene-instalada-en-los-jardines-de-mendez-nunez-de-a-coruna\/"]}]},{"@type":"ImageObject","inLanguage":"es","@id":"https:\/\/blog.redeacampa.org\/es\/el-vandalismo-se-ceba-sobre-la-exposicion-fotografica-a-vida-negada-que-la-red-acampa-pola-paz-tiene-instalada-en-los-jardines-de-mendez-nunez-de-a-coruna\/#primaryimage","url":"https:\/\/blog.redeacampa.org\/wp-content\/uploads\/IMG-20210918-WA0000.jpg","contentUrl":"https:\/\/blog.redeacampa.org\/wp-content\/uploads\/IMG-20210918-WA0000.jpg","width":1920,"height":1080},{"@type":"BreadcrumbList","@id":"https:\/\/blog.redeacampa.org\/es\/el-vandalismo-se-ceba-sobre-la-exposicion-fotografica-a-vida-negada-que-la-red-acampa-pola-paz-tiene-instalada-en-los-jardines-de-mendez-nunez-de-a-coruna\/#breadcrumb","itemListElement":[{"@type":"ListItem","position":1,"name":"Portada","item":"https:\/\/blog.redeacampa.org\/es\/"},{"@type":"ListItem","position":2,"name":"EL VANDALISMO SE CEBA SOBRE LA EXPOSICI\u00d3N FOTOGR\u00c1FICA \u201cA VIDA NEGADA\u201d QUE LA RED ACAMPA POLA PAZ TIENE INSTALADA EN LOS JARDINES DE M\u00c9NDEZ N\u00da\u00d1EZ DE A CORU\u00d1A"}]},{"@type":"WebSite","@id":"https:\/\/blog.redeacampa.org\/es\/#website","url":"https:\/\/blog.redeacampa.org\/es\/","name":"Rede Acampa - Por la paz y el derecho a refugio","description":"Unha iniciativa cidad\u00e1 sen fins de lucro integrada por colectivos sociais, culturais, educativos, veci\u00f1ais, pol\u00edticos, sindicais, art\u00edsticos, de persoas solidarias, de instituci\u00f3ns e empresas con responsabilidade social que te\u00f1en como obxectivo a defensa dos dereitos humanos, o Dereito Internacional Humanitario e o Dereito a Refuxio.","potentialAction":[{"@type":"SearchAction","target":{"@type":"EntryPoint","urlTemplate":"https:\/\/blog.redeacampa.org\/es\/?s={search_term_string}"},"query-input":{"@type":"PropertyValueSpecification","valueRequired":true,"valueName":"search_term_string"}}],"inLanguage":"es"},{"@type":"Person","@id":"https:\/\/blog.redeacampa.org\/es\/#\/schema\/person\/4af0729a8614cbed1e7078bcc7be966b","name":"Comunicaci\u00f3n","image":{"@type":"ImageObject","inLanguage":"es","@id":"https:\/\/secure.gravatar.com\/avatar\/8e8fea06f5f2696e331aacd588d2000164152c9aa47459d1e52be3c1ab5f5ca5?s=96&d=mm&r=g","url":"https:\/\/secure.gravatar.com\/avatar\/8e8fea06f5f2696e331aacd588d2000164152c9aa47459d1e52be3c1ab5f5ca5?s=96&d=mm&r=g","contentUrl":"https:\/\/secure.gravatar.com\/avatar\/8e8fea06f5f2696e331aacd588d2000164152c9aa47459d1e52be3c1ab5f5ca5?s=96&d=mm&r=g","caption":"Comunicaci\u00f3n"}}]}},"_links":{"self":[{"href":"https:\/\/blog.redeacampa.org\/es\/wp-json\/wp\/v2\/posts\/38064","targetHints":{"allow":["GET"]}}],"collection":[{"href":"https:\/\/blog.redeacampa.org\/es\/wp-json\/wp\/v2\/posts"}],"about":[{"href":"https:\/\/blog.redeacampa.org\/es\/wp-json\/wp\/v2\/types\/post"}],"author":[{"embeddable":true,"href":"https:\/\/blog.redeacampa.org\/es\/wp-json\/wp\/v2\/users\/25"}],"replies":[{"embeddable":true,"href":"https:\/\/blog.redeacampa.org\/es\/wp-json\/wp\/v2\/comments?post=38064"}],"version-history":[{"count":3,"href":"https:\/\/blog.redeacampa.org\/es\/wp-json\/wp\/v2\/posts\/38064\/revisions"}],"predecessor-version":[{"id":38067,"href":"https:\/\/blog.redeacampa.org\/es\/wp-json\/wp\/v2\/posts\/38064\/revisions\/38067"}],"wp:featuredmedia":[{"embeddable":true,"href":"https:\/\/blog.redeacampa.org\/es\/wp-json\/wp\/v2\/media\/38057"}],"wp:attachment":[{"href":"https:\/\/blog.redeacampa.org\/es\/wp-json\/wp\/v2\/media?parent=38064"}],"wp:term":[{"taxonomy":"category","embeddable":true,"href":"https:\/\/blog.redeacampa.org\/es\/wp-json\/wp\/v2\/categories?post=38064"},{"taxonomy":"post_tag","embeddable":true,"href":"https:\/\/blog.redeacampa.org\/es\/wp-json\/wp\/v2\/tags?post=38064"}],"curies":[{"name":"wp","href":"https:\/\/api.w.org\/{rel}","templated":true}]}}