{"id":38073,"date":"2021-10-05T15:19:56","date_gmt":"2021-10-05T13:19:56","guid":{"rendered":"https:\/\/blog.redeacampa.org\/?p=38073"},"modified":"2021-10-05T15:19:56","modified_gmt":"2021-10-05T13:19:56","slug":"la-rede-acampa-estima-que-alrededor-de-120-000-ciudadanos-habran-visto-la-exposicion-a-vida-negada-a-su-clausura","status":"publish","type":"post","link":"https:\/\/blog.redeacampa.org\/es\/la-rede-acampa-estima-que-alrededor-de-120-000-ciudadanos-habran-visto-la-exposicion-a-vida-negada-a-su-clausura\/","title":{"rendered":"LA REDE ACAMPA ESTIMA QUE ALREDEDOR DE 120.000 CIUDADANOS HABR\u00c1N VISTO LA EXPOSICI\u00d3N \u201cA VIDA NEGADA\u201d A SU CLAUSURA"},"content":{"rendered":"<ul>\n<li><em>Las fotograf\u00edas de gran formato que jalonan los Jardines de M\u00e9ndez N\u00fa\u00f1ez documentan los da\u00f1os que el expolio de recursos deja tras de s\u00ed en las poblaciones locales de distintas \u00e1reas del planeta<\/em><\/li>\n<li><em>Un paseo reflexivo. Esa fue la pretensi\u00f3n del Movimiento Acampa pola Paz e o Dereito a Refuxio. La Red est\u00e1 convencida de que el impacto visual de las im\u00e1genes es una de las f\u00f3rmulas m\u00e1s adecuadas para crear una conciencia cr\u00edtica en la sociedad.<\/em> <em>El objetivo est\u00e1 alcanzado<\/em><\/li>\n<\/ul>\n<p>Un paseo reflexivo, esto es lo que la Red Acampa se propuso ofrecer a la ciudadan\u00eda cuando decidi\u00f3 sacar la exposici\u00f3n \u201cA Vida Negada\u201d -enmarcada en la celebraci\u00f3n de su V Encuentro Internacional Acampa pola Paz- a la calle. Eso s\u00ed, en un espacio privilegiado, los c\u00e9ntricos Jardines de M\u00e9ndez N\u00fa\u00f1ez. Seg\u00fan c\u00e1lculos de la organizaci\u00f3n, cuando la muestra sea clausurada, el pr\u00f3ximo 10 de octubre, habr\u00e1 sido vista por alrededor de 120.000 personas, una cifra nada desde\u00f1able si pensamos que A Coru\u00f1a tiene una poblaci\u00f3n entorno al cuarto de mill\u00f3n de habitantes.<\/p>\n<p>Los trabajos de los siete fotoperiodistas con cuyas obras se conforma \u201cA Vida Negada\u201d no dejan indiferente. Y permiten a los transe\u00fantes asomar a los espacios m\u00e1s diversos con un denominador com\u00fan, el saqueo de recursos y la violencia, pobreza y muerte que esa pr\u00e1ctica abusiva siembra en las poblaciones locales esquilmadas. <strong>Judith Prat<\/strong> nos presta su mirada al robo de la tierra y al trabajo de las campesinas en su defensa, en puntos tan alejados como Mozambique, M\u00e9xico o Yemen. <strong>Javier Corso<\/strong> nos sumerge en la dureza de las explotaciones mineras de esmeraldas de Colombia, que enriquecen obscenamente a unos pocos y condenan a la miseria, al hambre y al trabajo semiesclavo a la poblaci\u00f3n local. <strong>Luis de Vega<\/strong> nos muestra una realidad en la que Espa\u00f1a, como pa\u00eds, no es inocente: los dos lados del muro que Marruecos levant\u00f3 para someter al pueblo saharaui. <strong>Pablo Piovano<\/strong> sobrecoge con su repaso a la enfermedad y a la muerte que el uso de agrot\u00f3xicos como el glifosato sembr\u00f3 en los campos latifundistas de Argentina. <strong>Xos\u00e9 Abad<\/strong> nos permite conocer el d\u00eda a d\u00eda de uno de los asentamientos que el MST (Movimento dos Trabalhadores Rurais sem Terra) tiene en Brasil, en donde viven a cobijo miles de campesinos a los que se les devuelve la tierra y la esperanza. <strong>Akintunde Akinleye<\/strong> nos enfrenta a ese espacio degradamente irreal que dejan las explotaciones petrol\u00edferas en el delta del N\u00edger. Por \u00faltimo y de la mano de <strong>V\u00edctor Moriyama<\/strong> los visitantes pueden sentir la devastaci\u00f3n de la Amazon\u00eda, con millones de hect\u00e1reas arrasadas en el pulm\u00f3n verde del planeta por causa del fuego o la tala indiscriminada de especies milenarias para conseguir acrecentar m\u00e1s y m\u00e1s las explotaciones agr\u00edcolas o ganaderas\u2026<\/p>\n<p>La Red Acampa est\u00e1 convencida de que el impacto visual de las im\u00e1genes es uno de los veh\u00edculos m\u00e1s r\u00e1pidos para la reflexi\u00f3n y una de las f\u00f3rmulas m\u00e1s adecuadas para crear una conciencia cr\u00edtica en la sociedad. En esta ocasi\u00f3n, adem\u00e1s, y debido a los ataques nocturnos que la muestra sufri\u00f3 en las primeras semanas, sirvi\u00f3 tambi\u00e9n, aseguran desde la organizaci\u00f3n, \u201cpara reflexionar sobre la sociedad m\u00e1s cercana y sobre aquellos \u2013afortunadamente una minor\u00eda- que creen que lo p\u00fablico, lo que es de todos, puede ser vandalizado\u201d.<\/p>\n<p>A\u00fan hay tiempo. \u201cA Vida Negada\u201d permanecer\u00e1 en los Jardines de M\u00e9ndez N\u00fa\u00f1ez hasta el domingo 10 de octubre. As\u00ed que desde la Red Acampa reiteran la invitaci\u00f3n a la ciudadan\u00eda para que la disfruten. Lo que es seguro, porque as\u00ed lo confirm\u00f3 tanto la asistencia del p\u00fablico a las distintas propuestas del programa del V Encuentro Internacional Acampa pola Paz (9-11 de septiembre) como las visitas a la exposici\u00f3n, es que el Movimiento Acampa cuenta con la complicidad de la ciudadan\u00eda coru\u00f1esa por lo que solo queda reiterar las gracias.<\/p>\n","protected":false},"excerpt":{"rendered":"<p>Las fotograf\u00edas de gran formato que jalonan los Jardines de M\u00e9ndez N\u00fa\u00f1ez documentan los da\u00f1os que el expolio de recursos deja tras de s\u00ed en las poblaciones locales de distintas \u00e1reas del planeta Un paseo reflexivo. Esa fue la pretensi\u00f3n del Movimiento Acampa pola Paz e o Dereito a Refuxio. La Red est\u00e1 convencida de [&hellip;]<\/p>\n","protected":false},"author":25,"featured_media":38071,"comment_status":"open","ping_status":"open","sticky":false,"template":"","format":"standard","meta":{"_et_pb_use_builder":"","_et_pb_old_content":"","_et_gb_content_width":"","inline_featured_image":false,"footnotes":""},"categories":[18],"tags":[124,56,150,83,57,97,85,94,109,108,120,55,173,174,58,59],"class_list":["post-38073","post","type-post","status-publish","format-standard","has-post-thumbnail","hentry","category-presentaciones","tag-a-coruna-2","tag-derecho-a-refugio","tag-derecho-a-refugio-por-expolio","tag-derecho-de-asilo-2","tag-derechos-humanos","tag-desplazamientos-forzosos","tag-expolio-2","tag-expolio-de-recursos","tag-exposiciones","tag-fotografia","tag-fotos","tag-migraciones","tag-personas-migrantes","tag-personas-refugiadas","tag-refugiadas","tag-refugiados"],"yoast_head":"<!-- This site is optimized with the Yoast SEO plugin v27.4 - https:\/\/yoast.com\/product\/yoast-seo-wordpress\/ -->\n<title>LA REDE ACAMPA ESTIMA QUE ALREDEDOR DE 120.000 CIUDADANOS HABR\u00c1N VISTO LA EXPOSICI\u00d3N \u201cA VIDA NEGADA\u201d A SU CLAUSURA | Rede Acampa - Pola paz e o dereito a refuxio<\/title>\n<meta name=\"robots\" content=\"index, follow, max-snippet:-1, max-image-preview:large, max-video-preview:-1\" \/>\n<link rel=\"canonical\" href=\"https:\/\/blog.redeacampa.org\/es\/la-rede-acampa-estima-que-alrededor-de-120-000-ciudadanos-habran-visto-la-exposicion-a-vida-negada-a-su-clausura\/\" \/>\n<meta property=\"og:locale\" content=\"es_ES\" \/>\n<meta property=\"og:type\" content=\"article\" \/>\n<meta property=\"og:title\" content=\"LA REDE ACAMPA ESTIMA QUE ALREDEDOR DE 120.000 CIUDADANOS HABR\u00c1N VISTO LA EXPOSICI\u00d3N \u201cA VIDA NEGADA\u201d A SU CLAUSURA | Rede Acampa - Pola paz e o dereito a refuxio\" \/>\n<meta property=\"og:description\" content=\"Las fotograf\u00edas de gran formato que jalonan los Jardines de M\u00e9ndez N\u00fa\u00f1ez documentan los da\u00f1os que el expolio de recursos deja tras de s\u00ed en las poblaciones locales de distintas \u00e1reas del planeta Un paseo reflexivo. Esa fue la pretensi\u00f3n del Movimiento Acampa pola Paz e o Dereito a Refuxio. La Red est\u00e1 convencida de [&hellip;]\" \/>\n<meta property=\"og:url\" content=\"https:\/\/blog.redeacampa.org\/es\/la-rede-acampa-estima-que-alrededor-de-120-000-ciudadanos-habran-visto-la-exposicion-a-vida-negada-a-su-clausura\/\" \/>\n<meta property=\"og:site_name\" content=\"Rede Acampa - Pola paz e o dereito a refuxio\" \/>\n<meta property=\"article:publisher\" content=\"https:\/\/www.facebook.com\/acampapolapazeodereitoarefuxio\" \/>\n<meta property=\"article:published_time\" content=\"2021-10-05T13:19:56+00:00\" \/>\n<meta property=\"og:image\" content=\"https:\/\/blog.redeacampa.org\/wp-content\/uploads\/WEB-ACAMPA-068.jpg\" \/>\n\t<meta property=\"og:image:width\" content=\"1000\" \/>\n\t<meta property=\"og:image:height\" content=\"668\" \/>\n\t<meta property=\"og:image:type\" content=\"image\/jpeg\" \/>\n<meta name=\"author\" content=\"Comunicaci\u00f3n\" \/>\n<meta name=\"twitter:card\" content=\"summary_large_image\" \/>\n<meta name=\"twitter:creator\" content=\"@Acampa_polapaz\" \/>\n<meta name=\"twitter:site\" content=\"@Acampa_polapaz\" \/>\n<meta name=\"twitter:label1\" content=\"Escrito por\" \/>\n\t<meta name=\"twitter:data1\" content=\"Comunicaci\u00f3n\" \/>\n\t<meta name=\"twitter:label2\" content=\"Tiempo de lectura\" \/>\n\t<meta name=\"twitter:data2\" content=\"3 minutos\" \/>\n<script type=\"application\/ld+json\" class=\"yoast-schema-graph\">{\"@context\":\"https:\\\/\\\/schema.org\",\"@graph\":[{\"@type\":\"Article\",\"@id\":\"https:\\\/\\\/blog.redeacampa.org\\\/es\\\/la-rede-acampa-estima-que-alrededor-de-120-000-ciudadanos-habran-visto-la-exposicion-a-vida-negada-a-su-clausura\\\/#article\",\"isPartOf\":{\"@id\":\"https:\\\/\\\/blog.redeacampa.org\\\/es\\\/la-rede-acampa-estima-que-alrededor-de-120-000-ciudadanos-habran-visto-la-exposicion-a-vida-negada-a-su-clausura\\\/\"},\"author\":{\"name\":\"Comunicaci\u00f3n\",\"@id\":\"https:\\\/\\\/blog.redeacampa.org\\\/es\\\/#\\\/schema\\\/person\\\/4af0729a8614cbed1e7078bcc7be966b\"},\"headline\":\"LA REDE ACAMPA ESTIMA QUE ALREDEDOR DE 120.000 CIUDADANOS HABR\u00c1N VISTO LA EXPOSICI\u00d3N \u201cA VIDA NEGADA\u201d A SU CLAUSURA\",\"datePublished\":\"2021-10-05T13:19:56+00:00\",\"mainEntityOfPage\":{\"@id\":\"https:\\\/\\\/blog.redeacampa.org\\\/es\\\/la-rede-acampa-estima-que-alrededor-de-120-000-ciudadanos-habran-visto-la-exposicion-a-vida-negada-a-su-clausura\\\/\"},\"wordCount\":727,\"commentCount\":0,\"image\":{\"@id\":\"https:\\\/\\\/blog.redeacampa.org\\\/es\\\/la-rede-acampa-estima-que-alrededor-de-120-000-ciudadanos-habran-visto-la-exposicion-a-vida-negada-a-su-clausura\\\/#primaryimage\"},\"thumbnailUrl\":\"https:\\\/\\\/blog.redeacampa.org\\\/wp-content\\\/uploads\\\/WEB-ACAMPA-068.jpg\",\"keywords\":[\"A Coru\u00f1a\",\"derecho a refugio\",\"derecho a refugio por expolio\",\"derecho de asilo\",\"Derechos Humanos\",\"desplazamientos forzosos\",\"expolio\",\"expolio de recursos\",\"exposiciones\",\"Fotograf\u00eda\",\"fotos\",\"Migraciones\",\"personas migrantes\",\"personas refugiadas\",\"Refugiadas\",\"Refugiados\"],\"articleSection\":[\"Presentaciones\"],\"inLanguage\":\"es\",\"potentialAction\":[{\"@type\":\"CommentAction\",\"name\":\"Comment\",\"target\":[\"https:\\\/\\\/blog.redeacampa.org\\\/es\\\/la-rede-acampa-estima-que-alrededor-de-120-000-ciudadanos-habran-visto-la-exposicion-a-vida-negada-a-su-clausura\\\/#respond\"]}]},{\"@type\":\"WebPage\",\"@id\":\"https:\\\/\\\/blog.redeacampa.org\\\/es\\\/la-rede-acampa-estima-que-alrededor-de-120-000-ciudadanos-habran-visto-la-exposicion-a-vida-negada-a-su-clausura\\\/\",\"url\":\"https:\\\/\\\/blog.redeacampa.org\\\/es\\\/la-rede-acampa-estima-que-alrededor-de-120-000-ciudadanos-habran-visto-la-exposicion-a-vida-negada-a-su-clausura\\\/\",\"name\":\"LA REDE ACAMPA ESTIMA QUE ALREDEDOR DE 120.000 CIUDADANOS HABR\u00c1N VISTO LA EXPOSICI\u00d3N \u201cA VIDA NEGADA\u201d A SU CLAUSURA | Rede Acampa - Pola paz e o dereito a refuxio\",\"isPartOf\":{\"@id\":\"https:\\\/\\\/blog.redeacampa.org\\\/es\\\/#website\"},\"primaryImageOfPage\":{\"@id\":\"https:\\\/\\\/blog.redeacampa.org\\\/es\\\/la-rede-acampa-estima-que-alrededor-de-120-000-ciudadanos-habran-visto-la-exposicion-a-vida-negada-a-su-clausura\\\/#primaryimage\"},\"image\":{\"@id\":\"https:\\\/\\\/blog.redeacampa.org\\\/es\\\/la-rede-acampa-estima-que-alrededor-de-120-000-ciudadanos-habran-visto-la-exposicion-a-vida-negada-a-su-clausura\\\/#primaryimage\"},\"thumbnailUrl\":\"https:\\\/\\\/blog.redeacampa.org\\\/wp-content\\\/uploads\\\/WEB-ACAMPA-068.jpg\",\"datePublished\":\"2021-10-05T13:19:56+00:00\",\"author\":{\"@id\":\"https:\\\/\\\/blog.redeacampa.org\\\/es\\\/#\\\/schema\\\/person\\\/4af0729a8614cbed1e7078bcc7be966b\"},\"breadcrumb\":{\"@id\":\"https:\\\/\\\/blog.redeacampa.org\\\/es\\\/la-rede-acampa-estima-que-alrededor-de-120-000-ciudadanos-habran-visto-la-exposicion-a-vida-negada-a-su-clausura\\\/#breadcrumb\"},\"inLanguage\":\"es\",\"potentialAction\":[{\"@type\":\"ReadAction\",\"target\":[\"https:\\\/\\\/blog.redeacampa.org\\\/es\\\/la-rede-acampa-estima-que-alrededor-de-120-000-ciudadanos-habran-visto-la-exposicion-a-vida-negada-a-su-clausura\\\/\"]}]},{\"@type\":\"ImageObject\",\"inLanguage\":\"es\",\"@id\":\"https:\\\/\\\/blog.redeacampa.org\\\/es\\\/la-rede-acampa-estima-que-alrededor-de-120-000-ciudadanos-habran-visto-la-exposicion-a-vida-negada-a-su-clausura\\\/#primaryimage\",\"url\":\"https:\\\/\\\/blog.redeacampa.org\\\/wp-content\\\/uploads\\\/WEB-ACAMPA-068.jpg\",\"contentUrl\":\"https:\\\/\\\/blog.redeacampa.org\\\/wp-content\\\/uploads\\\/WEB-ACAMPA-068.jpg\",\"width\":1000,\"height\":668},{\"@type\":\"BreadcrumbList\",\"@id\":\"https:\\\/\\\/blog.redeacampa.org\\\/es\\\/la-rede-acampa-estima-que-alrededor-de-120-000-ciudadanos-habran-visto-la-exposicion-a-vida-negada-a-su-clausura\\\/#breadcrumb\",\"itemListElement\":[{\"@type\":\"ListItem\",\"position\":1,\"name\":\"Portada\",\"item\":\"https:\\\/\\\/blog.redeacampa.org\\\/es\\\/\"},{\"@type\":\"ListItem\",\"position\":2,\"name\":\"LA REDE ACAMPA ESTIMA QUE ALREDEDOR DE 120.000 CIUDADANOS HABR\u00c1N VISTO LA EXPOSICI\u00d3N \u201cA VIDA NEGADA\u201d A SU CLAUSURA\"}]},{\"@type\":\"WebSite\",\"@id\":\"https:\\\/\\\/blog.redeacampa.org\\\/es\\\/#website\",\"url\":\"https:\\\/\\\/blog.redeacampa.org\\\/es\\\/\",\"name\":\"Rede Acampa - Por la paz y el derecho a refugio\",\"description\":\"Unha iniciativa cidad\u00e1 sen fins de lucro integrada por colectivos sociais, culturais, educativos, veci\u00f1ais, pol\u00edticos, sindicais, art\u00edsticos, de persoas solidarias, de instituci\u00f3ns e empresas con responsabilidade social que te\u00f1en como obxectivo a defensa dos dereitos humanos, o Dereito Internacional Humanitario e o Dereito a Refuxio.\",\"potentialAction\":[{\"@type\":\"SearchAction\",\"target\":{\"@type\":\"EntryPoint\",\"urlTemplate\":\"https:\\\/\\\/blog.redeacampa.org\\\/es\\\/?s={search_term_string}\"},\"query-input\":{\"@type\":\"PropertyValueSpecification\",\"valueRequired\":true,\"valueName\":\"search_term_string\"}}],\"inLanguage\":\"es\"},{\"@type\":\"Person\",\"@id\":\"https:\\\/\\\/blog.redeacampa.org\\\/es\\\/#\\\/schema\\\/person\\\/4af0729a8614cbed1e7078bcc7be966b\",\"name\":\"Comunicaci\u00f3n\",\"image\":{\"@type\":\"ImageObject\",\"inLanguage\":\"es\",\"@id\":\"https:\\\/\\\/secure.gravatar.com\\\/avatar\\\/8e8fea06f5f2696e331aacd588d2000164152c9aa47459d1e52be3c1ab5f5ca5?s=96&d=mm&r=g\",\"url\":\"https:\\\/\\\/secure.gravatar.com\\\/avatar\\\/8e8fea06f5f2696e331aacd588d2000164152c9aa47459d1e52be3c1ab5f5ca5?s=96&d=mm&r=g\",\"contentUrl\":\"https:\\\/\\\/secure.gravatar.com\\\/avatar\\\/8e8fea06f5f2696e331aacd588d2000164152c9aa47459d1e52be3c1ab5f5ca5?s=96&d=mm&r=g\",\"caption\":\"Comunicaci\u00f3n\"}}]}<\/script>\n<!-- \/ Yoast SEO plugin. -->","yoast_head_json":{"title":"LA REDE ACAMPA ESTIMA QUE ALREDEDOR DE 120.000 CIUDADANOS HABR\u00c1N VISTO LA EXPOSICI\u00d3N \u201cA VIDA NEGADA\u201d A SU CLAUSURA | Rede Acampa - Pola paz e o dereito a refuxio","robots":{"index":"index","follow":"follow","max-snippet":"max-snippet:-1","max-image-preview":"max-image-preview:large","max-video-preview":"max-video-preview:-1"},"canonical":"https:\/\/blog.redeacampa.org\/es\/la-rede-acampa-estima-que-alrededor-de-120-000-ciudadanos-habran-visto-la-exposicion-a-vida-negada-a-su-clausura\/","og_locale":"es_ES","og_type":"article","og_title":"LA REDE ACAMPA ESTIMA QUE ALREDEDOR DE 120.000 CIUDADANOS HABR\u00c1N VISTO LA EXPOSICI\u00d3N \u201cA VIDA NEGADA\u201d A SU CLAUSURA | Rede Acampa - Pola paz e o dereito a refuxio","og_description":"Las fotograf\u00edas de gran formato que jalonan los Jardines de M\u00e9ndez N\u00fa\u00f1ez documentan los da\u00f1os que el expolio de recursos deja tras de s\u00ed en las poblaciones locales de distintas \u00e1reas del planeta Un paseo reflexivo. Esa fue la pretensi\u00f3n del Movimiento Acampa pola Paz e o Dereito a Refuxio. La Red est\u00e1 convencida de [&hellip;]","og_url":"https:\/\/blog.redeacampa.org\/es\/la-rede-acampa-estima-que-alrededor-de-120-000-ciudadanos-habran-visto-la-exposicion-a-vida-negada-a-su-clausura\/","og_site_name":"Rede Acampa - Pola paz e o dereito a refuxio","article_publisher":"https:\/\/www.facebook.com\/acampapolapazeodereitoarefuxio","article_published_time":"2021-10-05T13:19:56+00:00","og_image":[{"width":1000,"height":668,"url":"https:\/\/blog.redeacampa.org\/wp-content\/uploads\/WEB-ACAMPA-068.jpg","type":"image\/jpeg"}],"author":"Comunicaci\u00f3n","twitter_card":"summary_large_image","twitter_creator":"@Acampa_polapaz","twitter_site":"@Acampa_polapaz","twitter_misc":{"Escrito por":"Comunicaci\u00f3n","Tiempo de lectura":"3 minutos"},"schema":{"@context":"https:\/\/schema.org","@graph":[{"@type":"Article","@id":"https:\/\/blog.redeacampa.org\/es\/la-rede-acampa-estima-que-alrededor-de-120-000-ciudadanos-habran-visto-la-exposicion-a-vida-negada-a-su-clausura\/#article","isPartOf":{"@id":"https:\/\/blog.redeacampa.org\/es\/la-rede-acampa-estima-que-alrededor-de-120-000-ciudadanos-habran-visto-la-exposicion-a-vida-negada-a-su-clausura\/"},"author":{"name":"Comunicaci\u00f3n","@id":"https:\/\/blog.redeacampa.org\/es\/#\/schema\/person\/4af0729a8614cbed1e7078bcc7be966b"},"headline":"LA REDE ACAMPA ESTIMA QUE ALREDEDOR DE 120.000 CIUDADANOS HABR\u00c1N VISTO LA EXPOSICI\u00d3N \u201cA VIDA NEGADA\u201d A SU CLAUSURA","datePublished":"2021-10-05T13:19:56+00:00","mainEntityOfPage":{"@id":"https:\/\/blog.redeacampa.org\/es\/la-rede-acampa-estima-que-alrededor-de-120-000-ciudadanos-habran-visto-la-exposicion-a-vida-negada-a-su-clausura\/"},"wordCount":727,"commentCount":0,"image":{"@id":"https:\/\/blog.redeacampa.org\/es\/la-rede-acampa-estima-que-alrededor-de-120-000-ciudadanos-habran-visto-la-exposicion-a-vida-negada-a-su-clausura\/#primaryimage"},"thumbnailUrl":"https:\/\/blog.redeacampa.org\/wp-content\/uploads\/WEB-ACAMPA-068.jpg","keywords":["A Coru\u00f1a","derecho a refugio","derecho a refugio por expolio","derecho de asilo","Derechos Humanos","desplazamientos forzosos","expolio","expolio de recursos","exposiciones","Fotograf\u00eda","fotos","Migraciones","personas migrantes","personas refugiadas","Refugiadas","Refugiados"],"articleSection":["Presentaciones"],"inLanguage":"es","potentialAction":[{"@type":"CommentAction","name":"Comment","target":["https:\/\/blog.redeacampa.org\/es\/la-rede-acampa-estima-que-alrededor-de-120-000-ciudadanos-habran-visto-la-exposicion-a-vida-negada-a-su-clausura\/#respond"]}]},{"@type":"WebPage","@id":"https:\/\/blog.redeacampa.org\/es\/la-rede-acampa-estima-que-alrededor-de-120-000-ciudadanos-habran-visto-la-exposicion-a-vida-negada-a-su-clausura\/","url":"https:\/\/blog.redeacampa.org\/es\/la-rede-acampa-estima-que-alrededor-de-120-000-ciudadanos-habran-visto-la-exposicion-a-vida-negada-a-su-clausura\/","name":"LA REDE ACAMPA ESTIMA QUE ALREDEDOR DE 120.000 CIUDADANOS HABR\u00c1N VISTO LA EXPOSICI\u00d3N \u201cA VIDA NEGADA\u201d A SU CLAUSURA | Rede Acampa - Pola paz e o dereito a refuxio","isPartOf":{"@id":"https:\/\/blog.redeacampa.org\/es\/#website"},"primaryImageOfPage":{"@id":"https:\/\/blog.redeacampa.org\/es\/la-rede-acampa-estima-que-alrededor-de-120-000-ciudadanos-habran-visto-la-exposicion-a-vida-negada-a-su-clausura\/#primaryimage"},"image":{"@id":"https:\/\/blog.redeacampa.org\/es\/la-rede-acampa-estima-que-alrededor-de-120-000-ciudadanos-habran-visto-la-exposicion-a-vida-negada-a-su-clausura\/#primaryimage"},"thumbnailUrl":"https:\/\/blog.redeacampa.org\/wp-content\/uploads\/WEB-ACAMPA-068.jpg","datePublished":"2021-10-05T13:19:56+00:00","author":{"@id":"https:\/\/blog.redeacampa.org\/es\/#\/schema\/person\/4af0729a8614cbed1e7078bcc7be966b"},"breadcrumb":{"@id":"https:\/\/blog.redeacampa.org\/es\/la-rede-acampa-estima-que-alrededor-de-120-000-ciudadanos-habran-visto-la-exposicion-a-vida-negada-a-su-clausura\/#breadcrumb"},"inLanguage":"es","potentialAction":[{"@type":"ReadAction","target":["https:\/\/blog.redeacampa.org\/es\/la-rede-acampa-estima-que-alrededor-de-120-000-ciudadanos-habran-visto-la-exposicion-a-vida-negada-a-su-clausura\/"]}]},{"@type":"ImageObject","inLanguage":"es","@id":"https:\/\/blog.redeacampa.org\/es\/la-rede-acampa-estima-que-alrededor-de-120-000-ciudadanos-habran-visto-la-exposicion-a-vida-negada-a-su-clausura\/#primaryimage","url":"https:\/\/blog.redeacampa.org\/wp-content\/uploads\/WEB-ACAMPA-068.jpg","contentUrl":"https:\/\/blog.redeacampa.org\/wp-content\/uploads\/WEB-ACAMPA-068.jpg","width":1000,"height":668},{"@type":"BreadcrumbList","@id":"https:\/\/blog.redeacampa.org\/es\/la-rede-acampa-estima-que-alrededor-de-120-000-ciudadanos-habran-visto-la-exposicion-a-vida-negada-a-su-clausura\/#breadcrumb","itemListElement":[{"@type":"ListItem","position":1,"name":"Portada","item":"https:\/\/blog.redeacampa.org\/es\/"},{"@type":"ListItem","position":2,"name":"LA REDE ACAMPA ESTIMA QUE ALREDEDOR DE 120.000 CIUDADANOS HABR\u00c1N VISTO LA EXPOSICI\u00d3N \u201cA VIDA NEGADA\u201d A SU CLAUSURA"}]},{"@type":"WebSite","@id":"https:\/\/blog.redeacampa.org\/es\/#website","url":"https:\/\/blog.redeacampa.org\/es\/","name":"Rede Acampa - Por la paz y el derecho a refugio","description":"Unha iniciativa cidad\u00e1 sen fins de lucro integrada por colectivos sociais, culturais, educativos, veci\u00f1ais, pol\u00edticos, sindicais, art\u00edsticos, de persoas solidarias, de instituci\u00f3ns e empresas con responsabilidade social que te\u00f1en como obxectivo a defensa dos dereitos humanos, o Dereito Internacional Humanitario e o Dereito a Refuxio.","potentialAction":[{"@type":"SearchAction","target":{"@type":"EntryPoint","urlTemplate":"https:\/\/blog.redeacampa.org\/es\/?s={search_term_string}"},"query-input":{"@type":"PropertyValueSpecification","valueRequired":true,"valueName":"search_term_string"}}],"inLanguage":"es"},{"@type":"Person","@id":"https:\/\/blog.redeacampa.org\/es\/#\/schema\/person\/4af0729a8614cbed1e7078bcc7be966b","name":"Comunicaci\u00f3n","image":{"@type":"ImageObject","inLanguage":"es","@id":"https:\/\/secure.gravatar.com\/avatar\/8e8fea06f5f2696e331aacd588d2000164152c9aa47459d1e52be3c1ab5f5ca5?s=96&d=mm&r=g","url":"https:\/\/secure.gravatar.com\/avatar\/8e8fea06f5f2696e331aacd588d2000164152c9aa47459d1e52be3c1ab5f5ca5?s=96&d=mm&r=g","contentUrl":"https:\/\/secure.gravatar.com\/avatar\/8e8fea06f5f2696e331aacd588d2000164152c9aa47459d1e52be3c1ab5f5ca5?s=96&d=mm&r=g","caption":"Comunicaci\u00f3n"}}]}},"_links":{"self":[{"href":"https:\/\/blog.redeacampa.org\/es\/wp-json\/wp\/v2\/posts\/38073","targetHints":{"allow":["GET"]}}],"collection":[{"href":"https:\/\/blog.redeacampa.org\/es\/wp-json\/wp\/v2\/posts"}],"about":[{"href":"https:\/\/blog.redeacampa.org\/es\/wp-json\/wp\/v2\/types\/post"}],"author":[{"embeddable":true,"href":"https:\/\/blog.redeacampa.org\/es\/wp-json\/wp\/v2\/users\/25"}],"replies":[{"embeddable":true,"href":"https:\/\/blog.redeacampa.org\/es\/wp-json\/wp\/v2\/comments?post=38073"}],"version-history":[{"count":1,"href":"https:\/\/blog.redeacampa.org\/es\/wp-json\/wp\/v2\/posts\/38073\/revisions"}],"predecessor-version":[{"id":38074,"href":"https:\/\/blog.redeacampa.org\/es\/wp-json\/wp\/v2\/posts\/38073\/revisions\/38074"}],"wp:featuredmedia":[{"embeddable":true,"href":"https:\/\/blog.redeacampa.org\/es\/wp-json\/wp\/v2\/media\/38071"}],"wp:attachment":[{"href":"https:\/\/blog.redeacampa.org\/es\/wp-json\/wp\/v2\/media?parent=38073"}],"wp:term":[{"taxonomy":"category","embeddable":true,"href":"https:\/\/blog.redeacampa.org\/es\/wp-json\/wp\/v2\/categories?post=38073"},{"taxonomy":"post_tag","embeddable":true,"href":"https:\/\/blog.redeacampa.org\/es\/wp-json\/wp\/v2\/tags?post=38073"}],"curies":[{"name":"wp","href":"https:\/\/api.w.org\/{rel}","templated":true}]}}