{"id":38299,"date":"2022-05-17T09:30:38","date_gmt":"2022-05-17T07:30:38","guid":{"rendered":"https:\/\/blog.redeacampa.org\/?p=38299"},"modified":"2022-05-16T13:46:58","modified_gmt":"2022-05-16T11:46:58","slug":"guillermo-fesser-gomaespuma-patricia-simon-periodismo-humano-y-juan-carlos-tomasi-medicos-sin-fronteras-presentaran-sus-ultimos-libros-en-el-encuentro-internacional-acampa-del-proximo-mes-de-ju","status":"publish","type":"post","link":"https:\/\/blog.redeacampa.org\/es\/guillermo-fesser-gomaespuma-patricia-simon-periodismo-humano-y-juan-carlos-tomasi-medicos-sin-fronteras-presentaran-sus-ultimos-libros-en-el-encuentro-internacional-acampa-del-proximo-mes-de-ju\/","title":{"rendered":"GUILLERMO FESSER (GOMAESPUMA), PATRICIA SIM\u00d3N (PERIODISMO HUMANO) Y JUAN CARLOS TOMASI (M\u00c9DICOS SIN FRONTERAS) PRESENTAR\u00c1N SUS \u00daLTIMOS LIBROS EN EL ENCUENTRO INTERNACIONAL ACAMPA DEL PR\u00d3XIMO MES DE JUNIO"},"content":{"rendered":"<ul>\n<li><em>La edici\u00f3n de este a\u00f1o \u201cHambre y Refugio\u201d reflexionar\u00e1 sobre la relaci\u00f3n entre los grandes desplazamientos de personas y la\u00a0 penuria alimentaria <\/em><\/li>\n<li><em>El periodista de Gomaespuma y El Intermedio vendr\u00e1 a Coru\u00f1a con su \u00faltimo trabajo literario \u201cMarcelo\u201d, un homenaje a los inmigrantes hispanos que levantaron el negocio de la hosteler\u00eda en Estados Unidos. Reci\u00e9n llegada de la guerra de Ucrania, la tambi\u00e9n periodista, Patricia Sim\u00f3n, profundizar\u00e1 en el contenido de su ensayo \u201cMiedo\u201d, un repaso por los temores de nuestra era que instrumentalizan la ultraderecha y el populismo para medrar.\u00a0 El fotoperiodista Juan Carlos Tomasi repasar\u00e1 las fotograf\u00edas que ilustran el libro \u201cLa memoria del Olvido\u201d en alusi\u00f3n las crisis humanitarias cr\u00f3nicas que sufren numerosos pa\u00edses y de las que apenas se habla. Fesser presentar\u00e1 tambi\u00e9n el documental \u201cEl monstruo invisible\u201d, que realiz\u00f3 con su hermano, sobre los estragos de desnutrici\u00f3n infantil<\/em><\/li>\n<\/ul>\n<p>El papel de la inmigraci\u00f3n de Am\u00e9rica Latina en Estados Unidos en las \u00faltimas d\u00e9cadas, el avance de la ultraderecha y los populismos que criminalizan a las personas migrantes y refugiadas y los lugares olvidados del mundo en los que la insuficiencia alimentaria y la desnutrici\u00f3n severa son una realidad cotidiana. De estas realidades hablar\u00e1n en la presentaci\u00f3n de sus \u00faltimas publicaciones tres reconocidos periodistas, <strong>Guillermo Fesser<\/strong>, <strong>Patricia Sim\u00f3n<\/strong> y <strong>Juan Carlos Tomasi<\/strong>, durante el VI Encuentro Internacional Acampa por la Paz \u201cHambre y Refugio\u201d, que se celebrar\u00e1 en la ciudad de A Coru\u00f1a los d\u00edas 9, 10 y 11 de junio. Las presentaciones forman parte del amplio programa del Encuentro, centrado en esta edici\u00f3n en la pandemia del hambre que afecta a 811 millones de personas en el mundo y que es uno de los principales desencadenantes de los desplazamientos masivos de personas en el planeta.<\/p>\n<p><strong>Guillermo Fesser<\/strong>, el 50 por ciento del innovador programa radiof\u00f3nico Gomaespuma y actualmente corresponsal en EE.UU del programa de televisi\u00f3n El Intermedio, presentar\u00e1 su reci\u00e9n publicada obra \u201cMarcelo\u201d (Contraluz), una novela basada en la biograf\u00eda del barman del m\u00edtico Oyster Bar de la estaci\u00f3n de Grand Central en Nueva York, un personaje real a trav\u00e9s del cual el escritor radiograf\u00eda el importante papel de las personas migrantes de Am\u00e9rica Latina en la econom\u00eda en Norteam\u00e9rica, especialmente en el sector de la hosteler\u00eda. El trabajo creativo de <strong>Fesser<\/strong> estar\u00e1 presente por partida doble. En el listado de proyecciones audiovisuales de esta sexta edici\u00f3n figura tambi\u00e9n el cortometraje \u201cEl Monstruo invisible\u201d que realiz\u00f3 junto a su hermano, el director de cine <strong>Javier Fesser<\/strong>, para concienciar y movilizar contra la desnutrici\u00f3n cr\u00f3nica que afecta a 149 millones de menores en el mundo.\u00a0El audiovisual est\u00e1 protagonizado por Aminodin y Alim\u00e1n, dos ni\u00f1os filipinos que, pese a trabajar en un vertedero y a vivir en un campo de desplazados respectivamente, no pierden la sonrisa.<\/p>\n<p>\u201cMiedo\u201d (Debate), la obra de <strong>Patricia Sim\u00f3n<\/strong>, reportera especializada en Derechos Humanos y enfoque feminista, cofundadora de Periodismo Humano, es un ensayo sobre los temores que definen nuestra era y c\u00f3mo los instrumentalizan la ultraderecha y los populismos. <strong>Sim\u00f3n<\/strong>, que ha estado cubriendo la guerra de Ucrania durante varias semanas, estar\u00e1 acompa\u00f1ada en la presentaci\u00f3n por el periodista <strong>Javier Crudo<\/strong> (conductor del programa de radio Carne Cruda, que se emitir\u00e1 tambi\u00e9n desde Acampa) y\u00a0 de la escritora y profesora gallega <strong>Susana S\u00e1nchez Ar\u00edns<\/strong>.<\/p>\n<p>\u201cLa memoria del olvido, una historia gr\u00e1fica de M\u00e9dicos Sin Fronteras\u201d (Blume) se public\u00f3 el pasado a\u00f1o 2021 con motivo del 50 aniversario de la organizaci\u00f3n de ayuda y atenci\u00f3n m\u00e9dica humanitaria. Las im\u00e1genes de este espectacular libro gr\u00e1fico est\u00e1n firmadas\u00a0 por <strong>Juan Carlos Tomasi<\/strong>,\u00a0 periodista y fot\u00f3grafo que lleva trabajando 25 a\u00f1os para la ONG. Con ella ha recorrido pr\u00e1cticamente el planeta, documentando todo tipo de desastres humanitarios, muchos de ellos, cr\u00f3nicos y olvidados, que sufren millones de personas como resultado de la combinaci\u00f3n de las pol\u00edticas que protegen el precio del grano en los mercados, la falta de lluvia y agua o el cambio clim\u00e1tico. <strong>Tomasi<\/strong> presentar\u00e1 el libro en Acampa acompa\u00f1ado por la fotoperiodista <strong>Anna Surinyach<\/strong>, editora gr\u00e1fica de Revista 5W.<\/p>\n<p><strong>Campo de interpretaci\u00f3n del hambre<\/strong><\/p>\n<p>Los Encuentros Internacionales Acampa por la Paz transforman el centro de A Coru\u00f1a durante tres d\u00edas en un foro de reflexi\u00f3n y debate sobre la situaci\u00f3n de las personas migrantes y refugiadas, las causas de sus desplazamientos y el estado de cumplimiento de los Derechos Humanos. Todas las actividades se desarrollan en torno a un campo, instalado en los\u00a0 c\u00e9ntricos Jardines de M\u00e9ndez N\u00fa\u00f1ez. Un espacio que permite a la ciudadan\u00eda adentrarse, pasear y percibir esos espacios en los que sobreviven millones de personas. En esta ocasi\u00f3n el campo permitir\u00e1 adentrarse en distintos escenarios de hambre en el mundo.<\/p>\n<p>Es tambi\u00e9n un referente del Encuentro la gran exposici\u00f3n de fotograf\u00eda humanitaria, una de las m\u00e1s importantes que se pueden contemplar en el estado espa\u00f1ol, jalonando con im\u00e1genes de gran formato los Jardines de M\u00e9ndez N\u00fa\u00f1ez. Una mirada sobre el hambre, sus causas y efectos que firman siete fotoperiodistas de prestigio internacional como son <strong>Ricard Garc\u00eda Vilanova<\/strong>, <strong>Silvia Landi, Lys Arango<\/strong>, <strong>Javier Teniente, Roberto Za\u00edm, Pablo Tosco<\/strong> o el citado <strong>Juan Carlos Tomasi<\/strong>.<\/p>\n<p>Los relatorios diarios con activistas, expertos y testigos del tema de la edici\u00f3n, actividad central de los Encuentros, contar\u00e1n en esta sexta edici\u00f3n, entre otros, \u00a0con la f\u00edsica, fil\u00f3sofa y escritora india <strong>Vandana Shiva<\/strong>, activista del ecofeminismo y receptora en 1993 del llamado Premio Nobel Alternativo, con la responsable en Nutrici\u00f3n de M\u00e9dicos Sin Fronteras, <strong>Montse Escruela<\/strong>, o con el corresponsal internacional <strong>Rafael Poch<\/strong>.<\/p>\n","protected":false},"excerpt":{"rendered":"<p>La edici\u00f3n de este a\u00f1o \u201cHambre y Refugio\u201d reflexionar\u00e1 sobre la relaci\u00f3n entre los grandes desplazamientos de personas y la\u00a0 penuria alimentaria El periodista de Gomaespuma y El Intermedio vendr\u00e1 a Coru\u00f1a con su \u00faltimo trabajo literario \u201cMarcelo\u201d, un homenaje a los inmigrantes hispanos que levantaron el negocio de la hosteler\u00eda en Estados Unidos. Reci\u00e9n [&hellip;]<\/p>\n","protected":false},"author":25,"featured_media":38297,"comment_status":"open","ping_status":"open","sticky":false,"template":"","format":"standard","meta":{"_et_pb_use_builder":"","_et_pb_old_content":"","_et_gb_content_width":"","inline_featured_image":false,"footnotes":""},"categories":[18],"tags":[124,78,57,97,110,223,227,173,174],"class_list":["post-38299","post","type-post","status-publish","format-standard","has-post-thumbnail","hentry","category-presentaciones","tag-a-coruna-2","tag-cambio-climatico","tag-derechos-humanos","tag-desplazamientos-forzosos","tag-galicia-2","tag-hambre","tag-hambre-y-refugio","tag-personas-migrantes","tag-personas-refugiadas"],"yoast_head":"<!-- This site is optimized with the Yoast SEO plugin v27.4 - https:\/\/yoast.com\/product\/yoast-seo-wordpress\/ -->\n<title>GUILLERMO FESSER (GOMAESPUMA), PATRICIA SIM\u00d3N (PERIODISMO HUMANO) Y JUAN CARLOS TOMASI (M\u00c9DICOS SIN FRONTERAS) PRESENTAR\u00c1N SUS \u00daLTIMOS LIBROS EN EL ENCUENTRO INTERNACIONAL ACAMPA DEL PR\u00d3XIMO MES DE JUNIO | Rede Acampa - Pola paz e o dereito a refuxio<\/title>\n<meta name=\"robots\" content=\"index, follow, max-snippet:-1, max-image-preview:large, max-video-preview:-1\" \/>\n<link rel=\"canonical\" href=\"https:\/\/blog.redeacampa.org\/es\/guillermo-fesser-gomaespuma-patricia-simon-periodismo-humano-y-juan-carlos-tomasi-medicos-sin-fronteras-presentaran-sus-ultimos-libros-en-el-encuentro-internacional-acampa-del-proximo-mes-de-ju\/\" \/>\n<meta property=\"og:locale\" content=\"es_ES\" \/>\n<meta property=\"og:type\" content=\"article\" \/>\n<meta property=\"og:title\" content=\"GUILLERMO FESSER (GOMAESPUMA), PATRICIA SIM\u00d3N (PERIODISMO HUMANO) Y JUAN CARLOS TOMASI (M\u00c9DICOS SIN FRONTERAS) PRESENTAR\u00c1N SUS \u00daLTIMOS LIBROS EN EL ENCUENTRO INTERNACIONAL ACAMPA DEL PR\u00d3XIMO MES DE JUNIO | Rede Acampa - Pola paz e o dereito a refuxio\" \/>\n<meta property=\"og:description\" content=\"La edici\u00f3n de este a\u00f1o \u201cHambre y Refugio\u201d reflexionar\u00e1 sobre la relaci\u00f3n entre los grandes desplazamientos de personas y la\u00a0 penuria alimentaria El periodista de Gomaespuma y El Intermedio vendr\u00e1 a Coru\u00f1a con su \u00faltimo trabajo literario \u201cMarcelo\u201d, un homenaje a los inmigrantes hispanos que levantaron el negocio de la hosteler\u00eda en Estados Unidos. Reci\u00e9n [&hellip;]\" \/>\n<meta property=\"og:url\" content=\"https:\/\/blog.redeacampa.org\/es\/guillermo-fesser-gomaespuma-patricia-simon-periodismo-humano-y-juan-carlos-tomasi-medicos-sin-fronteras-presentaran-sus-ultimos-libros-en-el-encuentro-internacional-acampa-del-proximo-mes-de-ju\/\" \/>\n<meta property=\"og:site_name\" content=\"Rede Acampa - Pola paz e o dereito a refuxio\" \/>\n<meta property=\"article:publisher\" content=\"https:\/\/www.facebook.com\/acampapolapazeodereitoarefuxio\" \/>\n<meta property=\"article:published_time\" content=\"2022-05-17T07:30:38+00:00\" \/>\n<meta property=\"og:image\" content=\"https:\/\/blog.redeacampa.org\/wp-content\/uploads\/GFesser-Marcelo_Web.jpg\" \/>\n\t<meta property=\"og:image:width\" content=\"1280\" \/>\n\t<meta property=\"og:image:height\" content=\"720\" \/>\n\t<meta property=\"og:image:type\" content=\"image\/jpeg\" \/>\n<meta name=\"author\" content=\"Comunicaci\u00f3n\" \/>\n<meta name=\"twitter:card\" content=\"summary_large_image\" \/>\n<meta name=\"twitter:creator\" content=\"@Acampa_polapaz\" \/>\n<meta name=\"twitter:site\" content=\"@Acampa_polapaz\" \/>\n<meta name=\"twitter:label1\" content=\"Escrito por\" \/>\n\t<meta name=\"twitter:data1\" content=\"Comunicaci\u00f3n\" \/>\n\t<meta name=\"twitter:label2\" content=\"Tiempo de lectura\" \/>\n\t<meta name=\"twitter:data2\" content=\"5 minutos\" \/>\n<script type=\"application\/ld+json\" class=\"yoast-schema-graph\">{\"@context\":\"https:\\\/\\\/schema.org\",\"@graph\":[{\"@type\":\"Article\",\"@id\":\"https:\\\/\\\/blog.redeacampa.org\\\/es\\\/guillermo-fesser-gomaespuma-patricia-simon-periodismo-humano-y-juan-carlos-tomasi-medicos-sin-fronteras-presentaran-sus-ultimos-libros-en-el-encuentro-internacional-acampa-del-proximo-mes-de-ju\\\/#article\",\"isPartOf\":{\"@id\":\"https:\\\/\\\/blog.redeacampa.org\\\/es\\\/guillermo-fesser-gomaespuma-patricia-simon-periodismo-humano-y-juan-carlos-tomasi-medicos-sin-fronteras-presentaran-sus-ultimos-libros-en-el-encuentro-internacional-acampa-del-proximo-mes-de-ju\\\/\"},\"author\":{\"name\":\"Comunicaci\u00f3n\",\"@id\":\"https:\\\/\\\/blog.redeacampa.org\\\/es\\\/#\\\/schema\\\/person\\\/4af0729a8614cbed1e7078bcc7be966b\"},\"headline\":\"GUILLERMO FESSER (GOMAESPUMA), PATRICIA SIM\u00d3N (PERIODISMO HUMANO) Y JUAN CARLOS TOMASI (M\u00c9DICOS SIN FRONTERAS) PRESENTAR\u00c1N SUS \u00daLTIMOS LIBROS EN EL ENCUENTRO INTERNACIONAL ACAMPA DEL PR\u00d3XIMO MES DE JUNIO\",\"datePublished\":\"2022-05-17T07:30:38+00:00\",\"mainEntityOfPage\":{\"@id\":\"https:\\\/\\\/blog.redeacampa.org\\\/es\\\/guillermo-fesser-gomaespuma-patricia-simon-periodismo-humano-y-juan-carlos-tomasi-medicos-sin-fronteras-presentaran-sus-ultimos-libros-en-el-encuentro-internacional-acampa-del-proximo-mes-de-ju\\\/\"},\"wordCount\":1026,\"commentCount\":0,\"image\":{\"@id\":\"https:\\\/\\\/blog.redeacampa.org\\\/es\\\/guillermo-fesser-gomaespuma-patricia-simon-periodismo-humano-y-juan-carlos-tomasi-medicos-sin-fronteras-presentaran-sus-ultimos-libros-en-el-encuentro-internacional-acampa-del-proximo-mes-de-ju\\\/#primaryimage\"},\"thumbnailUrl\":\"https:\\\/\\\/blog.redeacampa.org\\\/wp-content\\\/uploads\\\/GFesser-Marcelo_Web.jpg\",\"keywords\":[\"A Coru\u00f1a\",\"Cambio Clim\u00e1tico\",\"Derechos Humanos\",\"desplazamientos forzosos\",\"Galicia\",\"Hambre\",\"Hambre y Refugio\",\"personas migrantes\",\"personas refugiadas\"],\"articleSection\":[\"Presentaciones\"],\"inLanguage\":\"es\",\"potentialAction\":[{\"@type\":\"CommentAction\",\"name\":\"Comment\",\"target\":[\"https:\\\/\\\/blog.redeacampa.org\\\/es\\\/guillermo-fesser-gomaespuma-patricia-simon-periodismo-humano-y-juan-carlos-tomasi-medicos-sin-fronteras-presentaran-sus-ultimos-libros-en-el-encuentro-internacional-acampa-del-proximo-mes-de-ju\\\/#respond\"]}]},{\"@type\":\"WebPage\",\"@id\":\"https:\\\/\\\/blog.redeacampa.org\\\/es\\\/guillermo-fesser-gomaespuma-patricia-simon-periodismo-humano-y-juan-carlos-tomasi-medicos-sin-fronteras-presentaran-sus-ultimos-libros-en-el-encuentro-internacional-acampa-del-proximo-mes-de-ju\\\/\",\"url\":\"https:\\\/\\\/blog.redeacampa.org\\\/es\\\/guillermo-fesser-gomaespuma-patricia-simon-periodismo-humano-y-juan-carlos-tomasi-medicos-sin-fronteras-presentaran-sus-ultimos-libros-en-el-encuentro-internacional-acampa-del-proximo-mes-de-ju\\\/\",\"name\":\"GUILLERMO FESSER (GOMAESPUMA), PATRICIA SIM\u00d3N (PERIODISMO HUMANO) Y JUAN CARLOS TOMASI (M\u00c9DICOS SIN FRONTERAS) PRESENTAR\u00c1N SUS \u00daLTIMOS LIBROS EN EL ENCUENTRO INTERNACIONAL ACAMPA DEL PR\u00d3XIMO MES DE JUNIO | Rede Acampa - Pola paz e o dereito a refuxio\",\"isPartOf\":{\"@id\":\"https:\\\/\\\/blog.redeacampa.org\\\/es\\\/#website\"},\"primaryImageOfPage\":{\"@id\":\"https:\\\/\\\/blog.redeacampa.org\\\/es\\\/guillermo-fesser-gomaespuma-patricia-simon-periodismo-humano-y-juan-carlos-tomasi-medicos-sin-fronteras-presentaran-sus-ultimos-libros-en-el-encuentro-internacional-acampa-del-proximo-mes-de-ju\\\/#primaryimage\"},\"image\":{\"@id\":\"https:\\\/\\\/blog.redeacampa.org\\\/es\\\/guillermo-fesser-gomaespuma-patricia-simon-periodismo-humano-y-juan-carlos-tomasi-medicos-sin-fronteras-presentaran-sus-ultimos-libros-en-el-encuentro-internacional-acampa-del-proximo-mes-de-ju\\\/#primaryimage\"},\"thumbnailUrl\":\"https:\\\/\\\/blog.redeacampa.org\\\/wp-content\\\/uploads\\\/GFesser-Marcelo_Web.jpg\",\"datePublished\":\"2022-05-17T07:30:38+00:00\",\"author\":{\"@id\":\"https:\\\/\\\/blog.redeacampa.org\\\/es\\\/#\\\/schema\\\/person\\\/4af0729a8614cbed1e7078bcc7be966b\"},\"breadcrumb\":{\"@id\":\"https:\\\/\\\/blog.redeacampa.org\\\/es\\\/guillermo-fesser-gomaespuma-patricia-simon-periodismo-humano-y-juan-carlos-tomasi-medicos-sin-fronteras-presentaran-sus-ultimos-libros-en-el-encuentro-internacional-acampa-del-proximo-mes-de-ju\\\/#breadcrumb\"},\"inLanguage\":\"es\",\"potentialAction\":[{\"@type\":\"ReadAction\",\"target\":[\"https:\\\/\\\/blog.redeacampa.org\\\/es\\\/guillermo-fesser-gomaespuma-patricia-simon-periodismo-humano-y-juan-carlos-tomasi-medicos-sin-fronteras-presentaran-sus-ultimos-libros-en-el-encuentro-internacional-acampa-del-proximo-mes-de-ju\\\/\"]}]},{\"@type\":\"ImageObject\",\"inLanguage\":\"es\",\"@id\":\"https:\\\/\\\/blog.redeacampa.org\\\/es\\\/guillermo-fesser-gomaespuma-patricia-simon-periodismo-humano-y-juan-carlos-tomasi-medicos-sin-fronteras-presentaran-sus-ultimos-libros-en-el-encuentro-internacional-acampa-del-proximo-mes-de-ju\\\/#primaryimage\",\"url\":\"https:\\\/\\\/blog.redeacampa.org\\\/wp-content\\\/uploads\\\/GFesser-Marcelo_Web.jpg\",\"contentUrl\":\"https:\\\/\\\/blog.redeacampa.org\\\/wp-content\\\/uploads\\\/GFesser-Marcelo_Web.jpg\",\"width\":1280,\"height\":720},{\"@type\":\"BreadcrumbList\",\"@id\":\"https:\\\/\\\/blog.redeacampa.org\\\/es\\\/guillermo-fesser-gomaespuma-patricia-simon-periodismo-humano-y-juan-carlos-tomasi-medicos-sin-fronteras-presentaran-sus-ultimos-libros-en-el-encuentro-internacional-acampa-del-proximo-mes-de-ju\\\/#breadcrumb\",\"itemListElement\":[{\"@type\":\"ListItem\",\"position\":1,\"name\":\"Portada\",\"item\":\"https:\\\/\\\/blog.redeacampa.org\\\/es\\\/\"},{\"@type\":\"ListItem\",\"position\":2,\"name\":\"GUILLERMO FESSER (GOMAESPUMA), PATRICIA SIM\u00d3N (PERIODISMO HUMANO) Y JUAN CARLOS TOMASI (M\u00c9DICOS SIN FRONTERAS) PRESENTAR\u00c1N SUS \u00daLTIMOS LIBROS EN EL ENCUENTRO INTERNACIONAL ACAMPA DEL PR\u00d3XIMO MES DE JUNIO\"}]},{\"@type\":\"WebSite\",\"@id\":\"https:\\\/\\\/blog.redeacampa.org\\\/es\\\/#website\",\"url\":\"https:\\\/\\\/blog.redeacampa.org\\\/es\\\/\",\"name\":\"Rede Acampa - Por la paz y el derecho a refugio\",\"description\":\"Unha iniciativa cidad\u00e1 sen fins de lucro integrada por colectivos sociais, culturais, educativos, veci\u00f1ais, pol\u00edticos, sindicais, art\u00edsticos, de persoas solidarias, de instituci\u00f3ns e empresas con responsabilidade social que te\u00f1en como obxectivo a defensa dos dereitos humanos, o Dereito Internacional Humanitario e o Dereito a Refuxio.\",\"potentialAction\":[{\"@type\":\"SearchAction\",\"target\":{\"@type\":\"EntryPoint\",\"urlTemplate\":\"https:\\\/\\\/blog.redeacampa.org\\\/es\\\/?s={search_term_string}\"},\"query-input\":{\"@type\":\"PropertyValueSpecification\",\"valueRequired\":true,\"valueName\":\"search_term_string\"}}],\"inLanguage\":\"es\"},{\"@type\":\"Person\",\"@id\":\"https:\\\/\\\/blog.redeacampa.org\\\/es\\\/#\\\/schema\\\/person\\\/4af0729a8614cbed1e7078bcc7be966b\",\"name\":\"Comunicaci\u00f3n\",\"image\":{\"@type\":\"ImageObject\",\"inLanguage\":\"es\",\"@id\":\"https:\\\/\\\/secure.gravatar.com\\\/avatar\\\/8e8fea06f5f2696e331aacd588d2000164152c9aa47459d1e52be3c1ab5f5ca5?s=96&d=mm&r=g\",\"url\":\"https:\\\/\\\/secure.gravatar.com\\\/avatar\\\/8e8fea06f5f2696e331aacd588d2000164152c9aa47459d1e52be3c1ab5f5ca5?s=96&d=mm&r=g\",\"contentUrl\":\"https:\\\/\\\/secure.gravatar.com\\\/avatar\\\/8e8fea06f5f2696e331aacd588d2000164152c9aa47459d1e52be3c1ab5f5ca5?s=96&d=mm&r=g\",\"caption\":\"Comunicaci\u00f3n\"}}]}<\/script>\n<!-- \/ Yoast SEO plugin. -->","yoast_head_json":{"title":"GUILLERMO FESSER (GOMAESPUMA), PATRICIA SIM\u00d3N (PERIODISMO HUMANO) Y JUAN CARLOS TOMASI (M\u00c9DICOS SIN FRONTERAS) PRESENTAR\u00c1N SUS \u00daLTIMOS LIBROS EN EL ENCUENTRO INTERNACIONAL ACAMPA DEL PR\u00d3XIMO MES DE JUNIO | Rede Acampa - Pola paz e o dereito a refuxio","robots":{"index":"index","follow":"follow","max-snippet":"max-snippet:-1","max-image-preview":"max-image-preview:large","max-video-preview":"max-video-preview:-1"},"canonical":"https:\/\/blog.redeacampa.org\/es\/guillermo-fesser-gomaespuma-patricia-simon-periodismo-humano-y-juan-carlos-tomasi-medicos-sin-fronteras-presentaran-sus-ultimos-libros-en-el-encuentro-internacional-acampa-del-proximo-mes-de-ju\/","og_locale":"es_ES","og_type":"article","og_title":"GUILLERMO FESSER (GOMAESPUMA), PATRICIA SIM\u00d3N (PERIODISMO HUMANO) Y JUAN CARLOS TOMASI (M\u00c9DICOS SIN FRONTERAS) PRESENTAR\u00c1N SUS \u00daLTIMOS LIBROS EN EL ENCUENTRO INTERNACIONAL ACAMPA DEL PR\u00d3XIMO MES DE JUNIO | Rede Acampa - Pola paz e o dereito a refuxio","og_description":"La edici\u00f3n de este a\u00f1o \u201cHambre y Refugio\u201d reflexionar\u00e1 sobre la relaci\u00f3n entre los grandes desplazamientos de personas y la\u00a0 penuria alimentaria El periodista de Gomaespuma y El Intermedio vendr\u00e1 a Coru\u00f1a con su \u00faltimo trabajo literario \u201cMarcelo\u201d, un homenaje a los inmigrantes hispanos que levantaron el negocio de la hosteler\u00eda en Estados Unidos. Reci\u00e9n [&hellip;]","og_url":"https:\/\/blog.redeacampa.org\/es\/guillermo-fesser-gomaespuma-patricia-simon-periodismo-humano-y-juan-carlos-tomasi-medicos-sin-fronteras-presentaran-sus-ultimos-libros-en-el-encuentro-internacional-acampa-del-proximo-mes-de-ju\/","og_site_name":"Rede Acampa - Pola paz e o dereito a refuxio","article_publisher":"https:\/\/www.facebook.com\/acampapolapazeodereitoarefuxio","article_published_time":"2022-05-17T07:30:38+00:00","og_image":[{"width":1280,"height":720,"url":"https:\/\/blog.redeacampa.org\/wp-content\/uploads\/GFesser-Marcelo_Web.jpg","type":"image\/jpeg"}],"author":"Comunicaci\u00f3n","twitter_card":"summary_large_image","twitter_creator":"@Acampa_polapaz","twitter_site":"@Acampa_polapaz","twitter_misc":{"Escrito por":"Comunicaci\u00f3n","Tiempo de lectura":"5 minutos"},"schema":{"@context":"https:\/\/schema.org","@graph":[{"@type":"Article","@id":"https:\/\/blog.redeacampa.org\/es\/guillermo-fesser-gomaespuma-patricia-simon-periodismo-humano-y-juan-carlos-tomasi-medicos-sin-fronteras-presentaran-sus-ultimos-libros-en-el-encuentro-internacional-acampa-del-proximo-mes-de-ju\/#article","isPartOf":{"@id":"https:\/\/blog.redeacampa.org\/es\/guillermo-fesser-gomaespuma-patricia-simon-periodismo-humano-y-juan-carlos-tomasi-medicos-sin-fronteras-presentaran-sus-ultimos-libros-en-el-encuentro-internacional-acampa-del-proximo-mes-de-ju\/"},"author":{"name":"Comunicaci\u00f3n","@id":"https:\/\/blog.redeacampa.org\/es\/#\/schema\/person\/4af0729a8614cbed1e7078bcc7be966b"},"headline":"GUILLERMO FESSER (GOMAESPUMA), PATRICIA SIM\u00d3N (PERIODISMO HUMANO) Y JUAN CARLOS TOMASI (M\u00c9DICOS SIN FRONTERAS) PRESENTAR\u00c1N SUS \u00daLTIMOS LIBROS EN EL ENCUENTRO INTERNACIONAL ACAMPA DEL PR\u00d3XIMO MES DE JUNIO","datePublished":"2022-05-17T07:30:38+00:00","mainEntityOfPage":{"@id":"https:\/\/blog.redeacampa.org\/es\/guillermo-fesser-gomaespuma-patricia-simon-periodismo-humano-y-juan-carlos-tomasi-medicos-sin-fronteras-presentaran-sus-ultimos-libros-en-el-encuentro-internacional-acampa-del-proximo-mes-de-ju\/"},"wordCount":1026,"commentCount":0,"image":{"@id":"https:\/\/blog.redeacampa.org\/es\/guillermo-fesser-gomaespuma-patricia-simon-periodismo-humano-y-juan-carlos-tomasi-medicos-sin-fronteras-presentaran-sus-ultimos-libros-en-el-encuentro-internacional-acampa-del-proximo-mes-de-ju\/#primaryimage"},"thumbnailUrl":"https:\/\/blog.redeacampa.org\/wp-content\/uploads\/GFesser-Marcelo_Web.jpg","keywords":["A Coru\u00f1a","Cambio Clim\u00e1tico","Derechos Humanos","desplazamientos forzosos","Galicia","Hambre","Hambre y Refugio","personas migrantes","personas refugiadas"],"articleSection":["Presentaciones"],"inLanguage":"es","potentialAction":[{"@type":"CommentAction","name":"Comment","target":["https:\/\/blog.redeacampa.org\/es\/guillermo-fesser-gomaespuma-patricia-simon-periodismo-humano-y-juan-carlos-tomasi-medicos-sin-fronteras-presentaran-sus-ultimos-libros-en-el-encuentro-internacional-acampa-del-proximo-mes-de-ju\/#respond"]}]},{"@type":"WebPage","@id":"https:\/\/blog.redeacampa.org\/es\/guillermo-fesser-gomaespuma-patricia-simon-periodismo-humano-y-juan-carlos-tomasi-medicos-sin-fronteras-presentaran-sus-ultimos-libros-en-el-encuentro-internacional-acampa-del-proximo-mes-de-ju\/","url":"https:\/\/blog.redeacampa.org\/es\/guillermo-fesser-gomaespuma-patricia-simon-periodismo-humano-y-juan-carlos-tomasi-medicos-sin-fronteras-presentaran-sus-ultimos-libros-en-el-encuentro-internacional-acampa-del-proximo-mes-de-ju\/","name":"GUILLERMO FESSER (GOMAESPUMA), PATRICIA SIM\u00d3N (PERIODISMO HUMANO) Y JUAN CARLOS TOMASI (M\u00c9DICOS SIN FRONTERAS) PRESENTAR\u00c1N SUS \u00daLTIMOS LIBROS EN EL ENCUENTRO INTERNACIONAL ACAMPA DEL PR\u00d3XIMO MES DE JUNIO | Rede Acampa - Pola paz e o dereito a refuxio","isPartOf":{"@id":"https:\/\/blog.redeacampa.org\/es\/#website"},"primaryImageOfPage":{"@id":"https:\/\/blog.redeacampa.org\/es\/guillermo-fesser-gomaespuma-patricia-simon-periodismo-humano-y-juan-carlos-tomasi-medicos-sin-fronteras-presentaran-sus-ultimos-libros-en-el-encuentro-internacional-acampa-del-proximo-mes-de-ju\/#primaryimage"},"image":{"@id":"https:\/\/blog.redeacampa.org\/es\/guillermo-fesser-gomaespuma-patricia-simon-periodismo-humano-y-juan-carlos-tomasi-medicos-sin-fronteras-presentaran-sus-ultimos-libros-en-el-encuentro-internacional-acampa-del-proximo-mes-de-ju\/#primaryimage"},"thumbnailUrl":"https:\/\/blog.redeacampa.org\/wp-content\/uploads\/GFesser-Marcelo_Web.jpg","datePublished":"2022-05-17T07:30:38+00:00","author":{"@id":"https:\/\/blog.redeacampa.org\/es\/#\/schema\/person\/4af0729a8614cbed1e7078bcc7be966b"},"breadcrumb":{"@id":"https:\/\/blog.redeacampa.org\/es\/guillermo-fesser-gomaespuma-patricia-simon-periodismo-humano-y-juan-carlos-tomasi-medicos-sin-fronteras-presentaran-sus-ultimos-libros-en-el-encuentro-internacional-acampa-del-proximo-mes-de-ju\/#breadcrumb"},"inLanguage":"es","potentialAction":[{"@type":"ReadAction","target":["https:\/\/blog.redeacampa.org\/es\/guillermo-fesser-gomaespuma-patricia-simon-periodismo-humano-y-juan-carlos-tomasi-medicos-sin-fronteras-presentaran-sus-ultimos-libros-en-el-encuentro-internacional-acampa-del-proximo-mes-de-ju\/"]}]},{"@type":"ImageObject","inLanguage":"es","@id":"https:\/\/blog.redeacampa.org\/es\/guillermo-fesser-gomaespuma-patricia-simon-periodismo-humano-y-juan-carlos-tomasi-medicos-sin-fronteras-presentaran-sus-ultimos-libros-en-el-encuentro-internacional-acampa-del-proximo-mes-de-ju\/#primaryimage","url":"https:\/\/blog.redeacampa.org\/wp-content\/uploads\/GFesser-Marcelo_Web.jpg","contentUrl":"https:\/\/blog.redeacampa.org\/wp-content\/uploads\/GFesser-Marcelo_Web.jpg","width":1280,"height":720},{"@type":"BreadcrumbList","@id":"https:\/\/blog.redeacampa.org\/es\/guillermo-fesser-gomaespuma-patricia-simon-periodismo-humano-y-juan-carlos-tomasi-medicos-sin-fronteras-presentaran-sus-ultimos-libros-en-el-encuentro-internacional-acampa-del-proximo-mes-de-ju\/#breadcrumb","itemListElement":[{"@type":"ListItem","position":1,"name":"Portada","item":"https:\/\/blog.redeacampa.org\/es\/"},{"@type":"ListItem","position":2,"name":"GUILLERMO FESSER (GOMAESPUMA), PATRICIA SIM\u00d3N (PERIODISMO HUMANO) Y JUAN CARLOS TOMASI (M\u00c9DICOS SIN FRONTERAS) PRESENTAR\u00c1N SUS \u00daLTIMOS LIBROS EN EL ENCUENTRO INTERNACIONAL ACAMPA DEL PR\u00d3XIMO MES DE JUNIO"}]},{"@type":"WebSite","@id":"https:\/\/blog.redeacampa.org\/es\/#website","url":"https:\/\/blog.redeacampa.org\/es\/","name":"Rede Acampa - Por la paz y el derecho a refugio","description":"Unha iniciativa cidad\u00e1 sen fins de lucro integrada por colectivos sociais, culturais, educativos, veci\u00f1ais, pol\u00edticos, sindicais, art\u00edsticos, de persoas solidarias, de instituci\u00f3ns e empresas con responsabilidade social que te\u00f1en como obxectivo a defensa dos dereitos humanos, o Dereito Internacional Humanitario e o Dereito a Refuxio.","potentialAction":[{"@type":"SearchAction","target":{"@type":"EntryPoint","urlTemplate":"https:\/\/blog.redeacampa.org\/es\/?s={search_term_string}"},"query-input":{"@type":"PropertyValueSpecification","valueRequired":true,"valueName":"search_term_string"}}],"inLanguage":"es"},{"@type":"Person","@id":"https:\/\/blog.redeacampa.org\/es\/#\/schema\/person\/4af0729a8614cbed1e7078bcc7be966b","name":"Comunicaci\u00f3n","image":{"@type":"ImageObject","inLanguage":"es","@id":"https:\/\/secure.gravatar.com\/avatar\/8e8fea06f5f2696e331aacd588d2000164152c9aa47459d1e52be3c1ab5f5ca5?s=96&d=mm&r=g","url":"https:\/\/secure.gravatar.com\/avatar\/8e8fea06f5f2696e331aacd588d2000164152c9aa47459d1e52be3c1ab5f5ca5?s=96&d=mm&r=g","contentUrl":"https:\/\/secure.gravatar.com\/avatar\/8e8fea06f5f2696e331aacd588d2000164152c9aa47459d1e52be3c1ab5f5ca5?s=96&d=mm&r=g","caption":"Comunicaci\u00f3n"}}]}},"_links":{"self":[{"href":"https:\/\/blog.redeacampa.org\/es\/wp-json\/wp\/v2\/posts\/38299","targetHints":{"allow":["GET"]}}],"collection":[{"href":"https:\/\/blog.redeacampa.org\/es\/wp-json\/wp\/v2\/posts"}],"about":[{"href":"https:\/\/blog.redeacampa.org\/es\/wp-json\/wp\/v2\/types\/post"}],"author":[{"embeddable":true,"href":"https:\/\/blog.redeacampa.org\/es\/wp-json\/wp\/v2\/users\/25"}],"replies":[{"embeddable":true,"href":"https:\/\/blog.redeacampa.org\/es\/wp-json\/wp\/v2\/comments?post=38299"}],"version-history":[{"count":1,"href":"https:\/\/blog.redeacampa.org\/es\/wp-json\/wp\/v2\/posts\/38299\/revisions"}],"predecessor-version":[{"id":38300,"href":"https:\/\/blog.redeacampa.org\/es\/wp-json\/wp\/v2\/posts\/38299\/revisions\/38300"}],"wp:featuredmedia":[{"embeddable":true,"href":"https:\/\/blog.redeacampa.org\/es\/wp-json\/wp\/v2\/media\/38297"}],"wp:attachment":[{"href":"https:\/\/blog.redeacampa.org\/es\/wp-json\/wp\/v2\/media?parent=38299"}],"wp:term":[{"taxonomy":"category","embeddable":true,"href":"https:\/\/blog.redeacampa.org\/es\/wp-json\/wp\/v2\/categories?post=38299"},{"taxonomy":"post_tag","embeddable":true,"href":"https:\/\/blog.redeacampa.org\/es\/wp-json\/wp\/v2\/tags?post=38299"}],"curies":[{"name":"wp","href":"https:\/\/api.w.org\/{rel}","templated":true}]}}