{"id":38332,"date":"2022-06-01T09:04:09","date_gmt":"2022-06-01T07:04:09","guid":{"rendered":"https:\/\/blog.redeacampa.org\/?p=38332"},"modified":"2022-06-01T09:04:09","modified_gmt":"2022-06-01T07:04:09","slug":"muchas-de-las-organizaciones-que-integran-la-red-acampa-tendran-actividades-propias-en-el-desarrollo-del-vi-encuentro-internacional-hambre-y-refuxio","status":"publish","type":"post","link":"https:\/\/blog.redeacampa.org\/es\/muchas-de-las-organizaciones-que-integran-la-red-acampa-tendran-actividades-propias-en-el-desarrollo-del-vi-encuentro-internacional-hambre-y-refuxio\/","title":{"rendered":"MUCHAS DE LAS ORGANIZACIONES QUE INTEGRAN LA RED ACAMPA TENDR\u00c1N ACTIVIDADES PROPIAS EN EL DESARROLLO DEL VI ENCUENTRO INTERNACIONAL HAMBRE Y REFUXIO"},"content":{"rendered":"<ul>\n<li><em>Al intenso programa oficial de esta cita con los Derechos Humanos y el Derecho a Refugio se suman un sinf\u00edn de propuestas propias. Habr\u00e1 un puesto de asesoramiento jur\u00eddico, clases de espa\u00f1ol, juegos populares de distintos pa\u00edses, un gigantesco mapa del expolio de recursos, asesoramiento sobre el Sistema Estatal de Acogida\u2026<\/em><\/li>\n<li><em>Suman as\u00ed sus propuestas al programa oficial de esta convocatoria para la reflexi\u00f3n social colectiva que un a\u00f1o m\u00e1s convierta A Coru\u00f1a en un puerto refugio de los Derechos Humanos<\/em><\/li>\n<\/ul>\n<p>El Movimiento Acampa est\u00e1 integrado por m\u00e1s de 70 organizaciones. Por ello, este VI Encuentro Internacional Acampa por la Paz y el Derecho a Refugio tendr\u00e1, como en anteriores ediciones, un programa complementario al oficial en el que se ofertar\u00e1n distintas actividades por parte de algunas de las organizaciones. Propuestas propias que ahondar\u00e1n en el objetivo: la reflexi\u00f3n ciudadana en torno al Hambre.<\/p>\n<p>As\u00ed, tendr\u00e1n stand propio en los Jardines de M\u00e9ndez N\u00fa\u00f1ez las organizaciones \u00a0Sen Valos , Amnist\u00eda Internacional, Mundo Sen Guerras e Sen Violencia, AIRE, Greenpeace, Simbiose, M\u00e9dicos del Mundo, Refugees Welcome, Sos Racismo-Galicia, Por qu\u00e9 no?, Home Novo, Solidariedade Galega, Vangarda Obreira, e Solidariedade Internacional, los sindicatos CCOO Coru\u00f1a, SLG y los partidos pol\u00edticos Podemos Coru\u00f1a, PSOE, Marea Atl\u00e1ntica y BNG.<\/p>\n<p><strong>Una amplia oferta<\/strong><\/p>\n<p>Sen Valos dispondr\u00e1 de un puesto de atenci\u00f3n jur\u00eddica con abogados que despejen las dudas de los que hasta all\u00ed se acerquen, as\u00ed como un puesto de mediaci\u00f3n e informaci\u00f3n, con mediadoras e mediadores especializados en informaci\u00f3n al colectivo subsahariano, \u00e1rabe, latino, ucra\u00edno y ruso. Tambi\u00e9n informar\u00e1n de ayudas, tr\u00e1mites\u2026 Sus activistas tambi\u00e9n dar\u00e1n clases de espa\u00f1ol y ense\u00f1ar\u00e1n juegos populares de distintas partes del mundo. Simbiose dedicar\u00e1 el s\u00e1bado a recoger, en entrevistas grabadas, las voces de la propia Red Acampa y de las distintas organizaciones reunidas en este VI Encuentro. Solidariedade Internacional instalar\u00e1 un mapamundi gigante para mostrar qu\u00e9 se saquea en cada pa\u00eds. Mundo Sen Guerras e Sen Violencia permitir\u00e1 a los asistentes grabar un v\u00eddeo personal contra la guerra, que se mover\u00e1 en sus redes sociales.<\/p>\n<p>Ecos do Sur y Red Acoge ofrecer\u00e1 una charla sobre el sistema estatal de acogida integral e integraci\u00f3n de solicitantes de asilo, refugiados, ap\u00e1tridas, personas acogidas al r\u00e9gimen de protecci\u00f3n temporal y otros estatutos de protecci\u00f3n subsidiaria. J\u00f3venes activistas de la Oficina de Cooperaci\u00f3n y Voluntariado de la Universidad de A Coru\u00f1a, por su parte, realizar\u00e1n en los Jardines una actividad de sensibilizaci\u00f3n sobre los distintos conflictos olvidados aunque activos en distintas partes del mundo, y sobre esos millones de personas que huyen buscando refugio en otros pa\u00edses viendo vulnerados sus derechos, principalmente el de acceso a la vivienda.<\/p>\n<p>Para rematar, destacar que M\u00e9dicos del Mundo traer\u00e1 al VI Encuentro Internacional Acampa la exposici\u00f3n fotogr\u00e1fica \u201cMujeres que migran. Razones y violencias en el viaje eterno de Mesoam\u00e9rica\u201d, una muestra que, en colaboraci\u00f3n con el peri\u00f3dico salvadore\u00f1o El Faro, recoge el trabajo de los fotoperiodistas Fred Ramos y V\u00edctor Pe\u00f1a.<\/p>\n","protected":false},"excerpt":{"rendered":"<p>Al intenso programa oficial de esta cita con los Derechos Humanos y el Derecho a Refugio se suman un sinf\u00edn de propuestas propias. Habr\u00e1 un puesto de asesoramiento jur\u00eddico, clases de espa\u00f1ol, juegos populares de distintos pa\u00edses, un gigantesco mapa del expolio de recursos, asesoramiento sobre el Sistema Estatal de Acogida\u2026 Suman as\u00ed sus propuestas [&hellip;]<\/p>\n","protected":false},"author":25,"featured_media":38328,"comment_status":"open","ping_status":"open","sticky":false,"template":"","format":"standard","meta":{"_et_pb_use_builder":"","_et_pb_old_content":"","_et_gb_content_width":"","inline_featured_image":false,"footnotes":""},"categories":[7],"tags":[124,56,83,57,223,227,55,77,173,174,58,59],"class_list":["post-38332","post","type-post","status-publish","format-standard","has-post-thumbnail","hentry","category-noticias","tag-a-coruna-2","tag-derecho-a-refugio","tag-derecho-de-asilo-2","tag-derechos-humanos","tag-hambre","tag-hambre-y-refugio","tag-migraciones","tag-migrantes","tag-personas-migrantes","tag-personas-refugiadas","tag-refugiadas","tag-refugiados"],"yoast_head":"<!-- This site is optimized with the Yoast SEO plugin v27.4 - https:\/\/yoast.com\/product\/yoast-seo-wordpress\/ -->\n<title>MUCHAS DE LAS ORGANIZACIONES QUE INTEGRAN LA RED ACAMPA TENDR\u00c1N ACTIVIDADES PROPIAS EN EL DESARROLLO DEL VI ENCUENTRO INTERNACIONAL HAMBRE Y REFUXIO | Rede Acampa - Pola paz e o dereito a refuxio<\/title>\n<meta name=\"robots\" content=\"index, follow, max-snippet:-1, max-image-preview:large, max-video-preview:-1\" \/>\n<link rel=\"canonical\" href=\"https:\/\/blog.redeacampa.org\/es\/muchas-de-las-organizaciones-que-integran-la-red-acampa-tendran-actividades-propias-en-el-desarrollo-del-vi-encuentro-internacional-hambre-y-refuxio\/\" \/>\n<meta property=\"og:locale\" content=\"es_ES\" \/>\n<meta property=\"og:type\" content=\"article\" \/>\n<meta property=\"og:title\" content=\"MUCHAS DE LAS ORGANIZACIONES QUE INTEGRAN LA RED ACAMPA TENDR\u00c1N ACTIVIDADES PROPIAS EN EL DESARROLLO DEL VI ENCUENTRO INTERNACIONAL HAMBRE Y REFUXIO | Rede Acampa - Pola paz e o dereito a refuxio\" \/>\n<meta property=\"og:description\" content=\"Al intenso programa oficial de esta cita con los Derechos Humanos y el Derecho a Refugio se suman un sinf\u00edn de propuestas propias. Habr\u00e1 un puesto de asesoramiento jur\u00eddico, clases de espa\u00f1ol, juegos populares de distintos pa\u00edses, un gigantesco mapa del expolio de recursos, asesoramiento sobre el Sistema Estatal de Acogida\u2026 Suman as\u00ed sus propuestas [&hellip;]\" \/>\n<meta property=\"og:url\" content=\"https:\/\/blog.redeacampa.org\/es\/muchas-de-las-organizaciones-que-integran-la-red-acampa-tendran-actividades-propias-en-el-desarrollo-del-vi-encuentro-internacional-hambre-y-refuxio\/\" \/>\n<meta property=\"og:site_name\" content=\"Rede Acampa - Pola paz e o dereito a refuxio\" \/>\n<meta property=\"article:publisher\" content=\"https:\/\/www.facebook.com\/acampapolapazeodereitoarefuxio\" \/>\n<meta property=\"article:published_time\" content=\"2022-06-01T07:04:09+00:00\" \/>\n<meta property=\"og:image\" content=\"https:\/\/blog.redeacampa.org\/wp-content\/uploads\/WEB-ACAMPA-035.jpg\" \/>\n\t<meta property=\"og:image:width\" content=\"1000\" \/>\n\t<meta property=\"og:image:height\" content=\"668\" \/>\n\t<meta property=\"og:image:type\" content=\"image\/jpeg\" \/>\n<meta name=\"author\" content=\"Comunicaci\u00f3n\" \/>\n<meta name=\"twitter:card\" content=\"summary_large_image\" \/>\n<meta name=\"twitter:creator\" content=\"@Acampa_polapaz\" \/>\n<meta name=\"twitter:site\" content=\"@Acampa_polapaz\" \/>\n<meta name=\"twitter:label1\" content=\"Escrito por\" \/>\n\t<meta name=\"twitter:data1\" content=\"Comunicaci\u00f3n\" \/>\n\t<meta name=\"twitter:label2\" content=\"Tiempo de lectura\" \/>\n\t<meta name=\"twitter:data2\" content=\"3 minutos\" \/>\n<script type=\"application\/ld+json\" class=\"yoast-schema-graph\">{\"@context\":\"https:\\\/\\\/schema.org\",\"@graph\":[{\"@type\":\"Article\",\"@id\":\"https:\\\/\\\/blog.redeacampa.org\\\/es\\\/muchas-de-las-organizaciones-que-integran-la-red-acampa-tendran-actividades-propias-en-el-desarrollo-del-vi-encuentro-internacional-hambre-y-refuxio\\\/#article\",\"isPartOf\":{\"@id\":\"https:\\\/\\\/blog.redeacampa.org\\\/es\\\/muchas-de-las-organizaciones-que-integran-la-red-acampa-tendran-actividades-propias-en-el-desarrollo-del-vi-encuentro-internacional-hambre-y-refuxio\\\/\"},\"author\":{\"name\":\"Comunicaci\u00f3n\",\"@id\":\"https:\\\/\\\/blog.redeacampa.org\\\/es\\\/#\\\/schema\\\/person\\\/4af0729a8614cbed1e7078bcc7be966b\"},\"headline\":\"MUCHAS DE LAS ORGANIZACIONES QUE INTEGRAN LA RED ACAMPA TENDR\u00c1N ACTIVIDADES PROPIAS EN EL DESARROLLO DEL VI ENCUENTRO INTERNACIONAL HAMBRE Y REFUXIO\",\"datePublished\":\"2022-06-01T07:04:09+00:00\",\"mainEntityOfPage\":{\"@id\":\"https:\\\/\\\/blog.redeacampa.org\\\/es\\\/muchas-de-las-organizaciones-que-integran-la-red-acampa-tendran-actividades-propias-en-el-desarrollo-del-vi-encuentro-internacional-hambre-y-refuxio\\\/\"},\"wordCount\":566,\"commentCount\":0,\"image\":{\"@id\":\"https:\\\/\\\/blog.redeacampa.org\\\/es\\\/muchas-de-las-organizaciones-que-integran-la-red-acampa-tendran-actividades-propias-en-el-desarrollo-del-vi-encuentro-internacional-hambre-y-refuxio\\\/#primaryimage\"},\"thumbnailUrl\":\"https:\\\/\\\/blog.redeacampa.org\\\/wp-content\\\/uploads\\\/WEB-ACAMPA-035.jpg\",\"keywords\":[\"A Coru\u00f1a\",\"derecho a refugio\",\"derecho de asilo\",\"Derechos Humanos\",\"Hambre\",\"Hambre y Refugio\",\"Migraciones\",\"migrantes\",\"personas migrantes\",\"personas refugiadas\",\"Refugiadas\",\"Refugiados\"],\"articleSection\":[\"Noticias\"],\"inLanguage\":\"es\",\"potentialAction\":[{\"@type\":\"CommentAction\",\"name\":\"Comment\",\"target\":[\"https:\\\/\\\/blog.redeacampa.org\\\/es\\\/muchas-de-las-organizaciones-que-integran-la-red-acampa-tendran-actividades-propias-en-el-desarrollo-del-vi-encuentro-internacional-hambre-y-refuxio\\\/#respond\"]}]},{\"@type\":\"WebPage\",\"@id\":\"https:\\\/\\\/blog.redeacampa.org\\\/es\\\/muchas-de-las-organizaciones-que-integran-la-red-acampa-tendran-actividades-propias-en-el-desarrollo-del-vi-encuentro-internacional-hambre-y-refuxio\\\/\",\"url\":\"https:\\\/\\\/blog.redeacampa.org\\\/es\\\/muchas-de-las-organizaciones-que-integran-la-red-acampa-tendran-actividades-propias-en-el-desarrollo-del-vi-encuentro-internacional-hambre-y-refuxio\\\/\",\"name\":\"MUCHAS DE LAS ORGANIZACIONES QUE INTEGRAN LA RED ACAMPA TENDR\u00c1N ACTIVIDADES PROPIAS EN EL DESARROLLO DEL VI ENCUENTRO INTERNACIONAL HAMBRE Y REFUXIO | Rede Acampa - Pola paz e o dereito a refuxio\",\"isPartOf\":{\"@id\":\"https:\\\/\\\/blog.redeacampa.org\\\/es\\\/#website\"},\"primaryImageOfPage\":{\"@id\":\"https:\\\/\\\/blog.redeacampa.org\\\/es\\\/muchas-de-las-organizaciones-que-integran-la-red-acampa-tendran-actividades-propias-en-el-desarrollo-del-vi-encuentro-internacional-hambre-y-refuxio\\\/#primaryimage\"},\"image\":{\"@id\":\"https:\\\/\\\/blog.redeacampa.org\\\/es\\\/muchas-de-las-organizaciones-que-integran-la-red-acampa-tendran-actividades-propias-en-el-desarrollo-del-vi-encuentro-internacional-hambre-y-refuxio\\\/#primaryimage\"},\"thumbnailUrl\":\"https:\\\/\\\/blog.redeacampa.org\\\/wp-content\\\/uploads\\\/WEB-ACAMPA-035.jpg\",\"datePublished\":\"2022-06-01T07:04:09+00:00\",\"author\":{\"@id\":\"https:\\\/\\\/blog.redeacampa.org\\\/es\\\/#\\\/schema\\\/person\\\/4af0729a8614cbed1e7078bcc7be966b\"},\"breadcrumb\":{\"@id\":\"https:\\\/\\\/blog.redeacampa.org\\\/es\\\/muchas-de-las-organizaciones-que-integran-la-red-acampa-tendran-actividades-propias-en-el-desarrollo-del-vi-encuentro-internacional-hambre-y-refuxio\\\/#breadcrumb\"},\"inLanguage\":\"es\",\"potentialAction\":[{\"@type\":\"ReadAction\",\"target\":[\"https:\\\/\\\/blog.redeacampa.org\\\/es\\\/muchas-de-las-organizaciones-que-integran-la-red-acampa-tendran-actividades-propias-en-el-desarrollo-del-vi-encuentro-internacional-hambre-y-refuxio\\\/\"]}]},{\"@type\":\"ImageObject\",\"inLanguage\":\"es\",\"@id\":\"https:\\\/\\\/blog.redeacampa.org\\\/es\\\/muchas-de-las-organizaciones-que-integran-la-red-acampa-tendran-actividades-propias-en-el-desarrollo-del-vi-encuentro-internacional-hambre-y-refuxio\\\/#primaryimage\",\"url\":\"https:\\\/\\\/blog.redeacampa.org\\\/wp-content\\\/uploads\\\/WEB-ACAMPA-035.jpg\",\"contentUrl\":\"https:\\\/\\\/blog.redeacampa.org\\\/wp-content\\\/uploads\\\/WEB-ACAMPA-035.jpg\",\"width\":1000,\"height\":668},{\"@type\":\"BreadcrumbList\",\"@id\":\"https:\\\/\\\/blog.redeacampa.org\\\/es\\\/muchas-de-las-organizaciones-que-integran-la-red-acampa-tendran-actividades-propias-en-el-desarrollo-del-vi-encuentro-internacional-hambre-y-refuxio\\\/#breadcrumb\",\"itemListElement\":[{\"@type\":\"ListItem\",\"position\":1,\"name\":\"Portada\",\"item\":\"https:\\\/\\\/blog.redeacampa.org\\\/es\\\/\"},{\"@type\":\"ListItem\",\"position\":2,\"name\":\"MUCHAS DE LAS ORGANIZACIONES QUE INTEGRAN LA RED ACAMPA TENDR\u00c1N ACTIVIDADES PROPIAS EN EL DESARROLLO DEL VI ENCUENTRO INTERNACIONAL HAMBRE Y REFUXIO\"}]},{\"@type\":\"WebSite\",\"@id\":\"https:\\\/\\\/blog.redeacampa.org\\\/es\\\/#website\",\"url\":\"https:\\\/\\\/blog.redeacampa.org\\\/es\\\/\",\"name\":\"Rede Acampa - Por la paz y el derecho a refugio\",\"description\":\"Unha iniciativa cidad\u00e1 sen fins de lucro integrada por colectivos sociais, culturais, educativos, veci\u00f1ais, pol\u00edticos, sindicais, art\u00edsticos, de persoas solidarias, de instituci\u00f3ns e empresas con responsabilidade social que te\u00f1en como obxectivo a defensa dos dereitos humanos, o Dereito Internacional Humanitario e o Dereito a Refuxio.\",\"potentialAction\":[{\"@type\":\"SearchAction\",\"target\":{\"@type\":\"EntryPoint\",\"urlTemplate\":\"https:\\\/\\\/blog.redeacampa.org\\\/es\\\/?s={search_term_string}\"},\"query-input\":{\"@type\":\"PropertyValueSpecification\",\"valueRequired\":true,\"valueName\":\"search_term_string\"}}],\"inLanguage\":\"es\"},{\"@type\":\"Person\",\"@id\":\"https:\\\/\\\/blog.redeacampa.org\\\/es\\\/#\\\/schema\\\/person\\\/4af0729a8614cbed1e7078bcc7be966b\",\"name\":\"Comunicaci\u00f3n\",\"image\":{\"@type\":\"ImageObject\",\"inLanguage\":\"es\",\"@id\":\"https:\\\/\\\/secure.gravatar.com\\\/avatar\\\/8e8fea06f5f2696e331aacd588d2000164152c9aa47459d1e52be3c1ab5f5ca5?s=96&d=mm&r=g\",\"url\":\"https:\\\/\\\/secure.gravatar.com\\\/avatar\\\/8e8fea06f5f2696e331aacd588d2000164152c9aa47459d1e52be3c1ab5f5ca5?s=96&d=mm&r=g\",\"contentUrl\":\"https:\\\/\\\/secure.gravatar.com\\\/avatar\\\/8e8fea06f5f2696e331aacd588d2000164152c9aa47459d1e52be3c1ab5f5ca5?s=96&d=mm&r=g\",\"caption\":\"Comunicaci\u00f3n\"}}]}<\/script>\n<!-- \/ Yoast SEO plugin. -->","yoast_head_json":{"title":"MUCHAS DE LAS ORGANIZACIONES QUE INTEGRAN LA RED ACAMPA TENDR\u00c1N ACTIVIDADES PROPIAS EN EL DESARROLLO DEL VI ENCUENTRO INTERNACIONAL HAMBRE Y REFUXIO | Rede Acampa - Pola paz e o dereito a refuxio","robots":{"index":"index","follow":"follow","max-snippet":"max-snippet:-1","max-image-preview":"max-image-preview:large","max-video-preview":"max-video-preview:-1"},"canonical":"https:\/\/blog.redeacampa.org\/es\/muchas-de-las-organizaciones-que-integran-la-red-acampa-tendran-actividades-propias-en-el-desarrollo-del-vi-encuentro-internacional-hambre-y-refuxio\/","og_locale":"es_ES","og_type":"article","og_title":"MUCHAS DE LAS ORGANIZACIONES QUE INTEGRAN LA RED ACAMPA TENDR\u00c1N ACTIVIDADES PROPIAS EN EL DESARROLLO DEL VI ENCUENTRO INTERNACIONAL HAMBRE Y REFUXIO | Rede Acampa - Pola paz e o dereito a refuxio","og_description":"Al intenso programa oficial de esta cita con los Derechos Humanos y el Derecho a Refugio se suman un sinf\u00edn de propuestas propias. Habr\u00e1 un puesto de asesoramiento jur\u00eddico, clases de espa\u00f1ol, juegos populares de distintos pa\u00edses, un gigantesco mapa del expolio de recursos, asesoramiento sobre el Sistema Estatal de Acogida\u2026 Suman as\u00ed sus propuestas [&hellip;]","og_url":"https:\/\/blog.redeacampa.org\/es\/muchas-de-las-organizaciones-que-integran-la-red-acampa-tendran-actividades-propias-en-el-desarrollo-del-vi-encuentro-internacional-hambre-y-refuxio\/","og_site_name":"Rede Acampa - Pola paz e o dereito a refuxio","article_publisher":"https:\/\/www.facebook.com\/acampapolapazeodereitoarefuxio","article_published_time":"2022-06-01T07:04:09+00:00","og_image":[{"width":1000,"height":668,"url":"https:\/\/blog.redeacampa.org\/wp-content\/uploads\/WEB-ACAMPA-035.jpg","type":"image\/jpeg"}],"author":"Comunicaci\u00f3n","twitter_card":"summary_large_image","twitter_creator":"@Acampa_polapaz","twitter_site":"@Acampa_polapaz","twitter_misc":{"Escrito por":"Comunicaci\u00f3n","Tiempo de lectura":"3 minutos"},"schema":{"@context":"https:\/\/schema.org","@graph":[{"@type":"Article","@id":"https:\/\/blog.redeacampa.org\/es\/muchas-de-las-organizaciones-que-integran-la-red-acampa-tendran-actividades-propias-en-el-desarrollo-del-vi-encuentro-internacional-hambre-y-refuxio\/#article","isPartOf":{"@id":"https:\/\/blog.redeacampa.org\/es\/muchas-de-las-organizaciones-que-integran-la-red-acampa-tendran-actividades-propias-en-el-desarrollo-del-vi-encuentro-internacional-hambre-y-refuxio\/"},"author":{"name":"Comunicaci\u00f3n","@id":"https:\/\/blog.redeacampa.org\/es\/#\/schema\/person\/4af0729a8614cbed1e7078bcc7be966b"},"headline":"MUCHAS DE LAS ORGANIZACIONES QUE INTEGRAN LA RED ACAMPA TENDR\u00c1N ACTIVIDADES PROPIAS EN EL DESARROLLO DEL VI ENCUENTRO INTERNACIONAL HAMBRE Y REFUXIO","datePublished":"2022-06-01T07:04:09+00:00","mainEntityOfPage":{"@id":"https:\/\/blog.redeacampa.org\/es\/muchas-de-las-organizaciones-que-integran-la-red-acampa-tendran-actividades-propias-en-el-desarrollo-del-vi-encuentro-internacional-hambre-y-refuxio\/"},"wordCount":566,"commentCount":0,"image":{"@id":"https:\/\/blog.redeacampa.org\/es\/muchas-de-las-organizaciones-que-integran-la-red-acampa-tendran-actividades-propias-en-el-desarrollo-del-vi-encuentro-internacional-hambre-y-refuxio\/#primaryimage"},"thumbnailUrl":"https:\/\/blog.redeacampa.org\/wp-content\/uploads\/WEB-ACAMPA-035.jpg","keywords":["A Coru\u00f1a","derecho a refugio","derecho de asilo","Derechos Humanos","Hambre","Hambre y Refugio","Migraciones","migrantes","personas migrantes","personas refugiadas","Refugiadas","Refugiados"],"articleSection":["Noticias"],"inLanguage":"es","potentialAction":[{"@type":"CommentAction","name":"Comment","target":["https:\/\/blog.redeacampa.org\/es\/muchas-de-las-organizaciones-que-integran-la-red-acampa-tendran-actividades-propias-en-el-desarrollo-del-vi-encuentro-internacional-hambre-y-refuxio\/#respond"]}]},{"@type":"WebPage","@id":"https:\/\/blog.redeacampa.org\/es\/muchas-de-las-organizaciones-que-integran-la-red-acampa-tendran-actividades-propias-en-el-desarrollo-del-vi-encuentro-internacional-hambre-y-refuxio\/","url":"https:\/\/blog.redeacampa.org\/es\/muchas-de-las-organizaciones-que-integran-la-red-acampa-tendran-actividades-propias-en-el-desarrollo-del-vi-encuentro-internacional-hambre-y-refuxio\/","name":"MUCHAS DE LAS ORGANIZACIONES QUE INTEGRAN LA RED ACAMPA TENDR\u00c1N ACTIVIDADES PROPIAS EN EL DESARROLLO DEL VI ENCUENTRO INTERNACIONAL HAMBRE Y REFUXIO | Rede Acampa - Pola paz e o dereito a refuxio","isPartOf":{"@id":"https:\/\/blog.redeacampa.org\/es\/#website"},"primaryImageOfPage":{"@id":"https:\/\/blog.redeacampa.org\/es\/muchas-de-las-organizaciones-que-integran-la-red-acampa-tendran-actividades-propias-en-el-desarrollo-del-vi-encuentro-internacional-hambre-y-refuxio\/#primaryimage"},"image":{"@id":"https:\/\/blog.redeacampa.org\/es\/muchas-de-las-organizaciones-que-integran-la-red-acampa-tendran-actividades-propias-en-el-desarrollo-del-vi-encuentro-internacional-hambre-y-refuxio\/#primaryimage"},"thumbnailUrl":"https:\/\/blog.redeacampa.org\/wp-content\/uploads\/WEB-ACAMPA-035.jpg","datePublished":"2022-06-01T07:04:09+00:00","author":{"@id":"https:\/\/blog.redeacampa.org\/es\/#\/schema\/person\/4af0729a8614cbed1e7078bcc7be966b"},"breadcrumb":{"@id":"https:\/\/blog.redeacampa.org\/es\/muchas-de-las-organizaciones-que-integran-la-red-acampa-tendran-actividades-propias-en-el-desarrollo-del-vi-encuentro-internacional-hambre-y-refuxio\/#breadcrumb"},"inLanguage":"es","potentialAction":[{"@type":"ReadAction","target":["https:\/\/blog.redeacampa.org\/es\/muchas-de-las-organizaciones-que-integran-la-red-acampa-tendran-actividades-propias-en-el-desarrollo-del-vi-encuentro-internacional-hambre-y-refuxio\/"]}]},{"@type":"ImageObject","inLanguage":"es","@id":"https:\/\/blog.redeacampa.org\/es\/muchas-de-las-organizaciones-que-integran-la-red-acampa-tendran-actividades-propias-en-el-desarrollo-del-vi-encuentro-internacional-hambre-y-refuxio\/#primaryimage","url":"https:\/\/blog.redeacampa.org\/wp-content\/uploads\/WEB-ACAMPA-035.jpg","contentUrl":"https:\/\/blog.redeacampa.org\/wp-content\/uploads\/WEB-ACAMPA-035.jpg","width":1000,"height":668},{"@type":"BreadcrumbList","@id":"https:\/\/blog.redeacampa.org\/es\/muchas-de-las-organizaciones-que-integran-la-red-acampa-tendran-actividades-propias-en-el-desarrollo-del-vi-encuentro-internacional-hambre-y-refuxio\/#breadcrumb","itemListElement":[{"@type":"ListItem","position":1,"name":"Portada","item":"https:\/\/blog.redeacampa.org\/es\/"},{"@type":"ListItem","position":2,"name":"MUCHAS DE LAS ORGANIZACIONES QUE INTEGRAN LA RED ACAMPA TENDR\u00c1N ACTIVIDADES PROPIAS EN EL DESARROLLO DEL VI ENCUENTRO INTERNACIONAL HAMBRE Y REFUXIO"}]},{"@type":"WebSite","@id":"https:\/\/blog.redeacampa.org\/es\/#website","url":"https:\/\/blog.redeacampa.org\/es\/","name":"Rede Acampa - Por la paz y el derecho a refugio","description":"Unha iniciativa cidad\u00e1 sen fins de lucro integrada por colectivos sociais, culturais, educativos, veci\u00f1ais, pol\u00edticos, sindicais, art\u00edsticos, de persoas solidarias, de instituci\u00f3ns e empresas con responsabilidade social que te\u00f1en como obxectivo a defensa dos dereitos humanos, o Dereito Internacional Humanitario e o Dereito a Refuxio.","potentialAction":[{"@type":"SearchAction","target":{"@type":"EntryPoint","urlTemplate":"https:\/\/blog.redeacampa.org\/es\/?s={search_term_string}"},"query-input":{"@type":"PropertyValueSpecification","valueRequired":true,"valueName":"search_term_string"}}],"inLanguage":"es"},{"@type":"Person","@id":"https:\/\/blog.redeacampa.org\/es\/#\/schema\/person\/4af0729a8614cbed1e7078bcc7be966b","name":"Comunicaci\u00f3n","image":{"@type":"ImageObject","inLanguage":"es","@id":"https:\/\/secure.gravatar.com\/avatar\/8e8fea06f5f2696e331aacd588d2000164152c9aa47459d1e52be3c1ab5f5ca5?s=96&d=mm&r=g","url":"https:\/\/secure.gravatar.com\/avatar\/8e8fea06f5f2696e331aacd588d2000164152c9aa47459d1e52be3c1ab5f5ca5?s=96&d=mm&r=g","contentUrl":"https:\/\/secure.gravatar.com\/avatar\/8e8fea06f5f2696e331aacd588d2000164152c9aa47459d1e52be3c1ab5f5ca5?s=96&d=mm&r=g","caption":"Comunicaci\u00f3n"}}]}},"_links":{"self":[{"href":"https:\/\/blog.redeacampa.org\/es\/wp-json\/wp\/v2\/posts\/38332","targetHints":{"allow":["GET"]}}],"collection":[{"href":"https:\/\/blog.redeacampa.org\/es\/wp-json\/wp\/v2\/posts"}],"about":[{"href":"https:\/\/blog.redeacampa.org\/es\/wp-json\/wp\/v2\/types\/post"}],"author":[{"embeddable":true,"href":"https:\/\/blog.redeacampa.org\/es\/wp-json\/wp\/v2\/users\/25"}],"replies":[{"embeddable":true,"href":"https:\/\/blog.redeacampa.org\/es\/wp-json\/wp\/v2\/comments?post=38332"}],"version-history":[{"count":1,"href":"https:\/\/blog.redeacampa.org\/es\/wp-json\/wp\/v2\/posts\/38332\/revisions"}],"predecessor-version":[{"id":38333,"href":"https:\/\/blog.redeacampa.org\/es\/wp-json\/wp\/v2\/posts\/38332\/revisions\/38333"}],"wp:featuredmedia":[{"embeddable":true,"href":"https:\/\/blog.redeacampa.org\/es\/wp-json\/wp\/v2\/media\/38328"}],"wp:attachment":[{"href":"https:\/\/blog.redeacampa.org\/es\/wp-json\/wp\/v2\/media?parent=38332"}],"wp:term":[{"taxonomy":"category","embeddable":true,"href":"https:\/\/blog.redeacampa.org\/es\/wp-json\/wp\/v2\/categories?post=38332"},{"taxonomy":"post_tag","embeddable":true,"href":"https:\/\/blog.redeacampa.org\/es\/wp-json\/wp\/v2\/tags?post=38332"}],"curies":[{"name":"wp","href":"https:\/\/api.w.org\/{rel}","templated":true}]}}