{"id":38421,"date":"2022-10-25T08:24:28","date_gmt":"2022-10-25T06:24:28","guid":{"rendered":"https:\/\/blog.redeacampa.org\/?p=38421"},"modified":"2022-10-25T08:24:28","modified_gmt":"2022-10-25T06:24:28","slug":"red-acampa-cumple-con-su-objetivo-primigenio-y-se-extiende-celebrando-en-noviembre-el-i-encuentro-internacional-acampa-por-la-paz-en-brasil","status":"publish","type":"post","link":"https:\/\/blog.redeacampa.org\/es\/red-acampa-cumple-con-su-objetivo-primigenio-y-se-extiende-celebrando-en-noviembre-el-i-encuentro-internacional-acampa-por-la-paz-en-brasil\/","title":{"rendered":"RED ACAMPA CUMPLE CON SU OBJETIVO PRIMIGENIO Y SE EXTIENDE CELEBRANDO EN NOVIEMBRE EL I ENCUENTRO INTERNACIONAL ACAMPA POR LA PAZ EN BRASIL"},"content":{"rendered":"<ul>\n<li><em>Entre el 10 de noviembre y el 3 de diciembre la ciudad de Pira\u00e7icaba acoger\u00e1 \u201cFome e Refugio\u201d con charlas de expertos y exposiciones fotogr\u00e1ficas sobre las causas y las consecuencias del hambre<\/em><\/li>\n<li><em>Entre los ponentes, el padre Julio R. Lancellotti, que recoger\u00e1 adem\u00e1s el I Reconocimiento Acampa a la Defensa de los Derechos Humanos entregado por la Red Acampa Brasil que coordina la profesora universitaria C\u00e9lia Regina Rossi<\/em><\/li>\n<\/ul>\n<p>Era uno de los objetivos primigenios del Movimiento Acampa por la Paz y el Derecho a Refugio desde que comenz\u00f3 su andadura en A Coru\u00f1a en 2016. Extenderse. Multiplicarse. Llegar a distintas ciudades de distintos continentes para sensibilizar, para defender los Derechos Humanos y el Derecho a Refugio. El d\u00eda 10 de noviembre abrir\u00e1 sus puertas el I Encuentro Internacional Acampa por la Paz al otro lado del Atl\u00e1ntico. Ser\u00e1 en Brasil, en la ciudad de Pira\u00e7icaba y es fruto del esfuerzo de la Red Acampa Brasil que coordina la profesora universitaria C\u00e9lia Regina Rossi. As\u00ed, entre el 10 de noviembre y el 3 de diciembre la ciudadan\u00eda de Pira\u00e7icaba podr\u00e1 acercarse a la realidad del hambre, a sus causas y sus consecuencias, entenderla como motor m\u00e1s que justificado de los movimientos migratorios de miles de personas que, en la actualidad, caminan a la procura de refugio.<\/p>\n<p>El coordinador general de Red Acampa pola Paz e o Dereito a Refuxio, el fotodocumentalista Xos\u00e9 Abad, y la responsable de Acampa Brasil, C\u00e9lia Regina Rossi ser\u00e1n los encargados de abrir el encuentro, el jueves 10 de noviembre, jornada en la que se har\u00e1 entrega del I Reconocimiento Acampa a la Defensa de los Derechos Humanos con car\u00e1cter local al Padre Julio Lancellotti, por su protecci\u00f3n a los sin techo y su compromiso vital en la defensa de los m\u00e1s vulnerables, y se podr\u00e1 escuchar su mensaje. En la jornada del viernes ser\u00e1n la Secretaria Municipal de Agricultura de Pira\u00e7icaba, Nancy Thame, el fotoperiodista Rodrigo Zaim, la refugiada colombiana Leonor Solano Gonz\u00e1lez y Lucas dos Santos, de la Pastoral del Menor de Pira\u00e7icaba que trabaj\u00f3 con j\u00f3venes refugiados de la guerra de Angola, los participantes en la charla, que estar\u00e1 moderada por Josu\u00e9 Adam Lazier. Una actuaci\u00f3n de danza afropira\u00e7icabana completar\u00e1 la jornada.<\/p>\n<p><strong>Exposiciones fotogr\u00e1ficas<\/strong><\/p>\n<p>Como en todos los Encuentros Internacionales Acampa, las exposiciones fotogr\u00e1ficas son una de las propuestas principales. Expondr\u00e1n en este I Encuentro Acampa Brasil Ricard Garc\u00eda Vilanova, Lys Arango, Juan Carlos Tomasi, Javier Teniente, Pablo Tosco, Silvia Landi, Rodrigo Zaim y Fabio Lima.<\/p>\n<p>Bajo el t\u00edtulo \u201cFome e Refugio\u201d, este I Encuentro Internacional Acampa pola Paz Brasil es posible gracias a la complicidad de la SESC, una sociedad que trabaja desde hace d\u00e9cadas en el campo de la cobertura social y la difusi\u00f3n cultural con intensa actividad en buena parte del pa\u00eds y que patrocina el encuentro. Desde hace m\u00e1s de veinte a\u00f1os, por ejemplo, gestiona el Programa Mesa Brasil, importante desde el origen pero esencial en dar cobertura durante la crisis del COVID-19 y alimentar a miles de brasile\u00f1os que se quedaron sin ingresos y sin sustento durante la pandemia.\u00a0 Todas las actividades de este I Encuentro Internacional Acampa Brasil se celebrar\u00e1n en la sede del SESC en Pira\u00e7icaba, un emblem\u00e1tico y referente contenedor cultural de la ciudad.<\/p>\n<p>&nbsp;<\/p>\n","protected":false},"excerpt":{"rendered":"<p>Entre el 10 de noviembre y el 3 de diciembre la ciudad de Pira\u00e7icaba acoger\u00e1 \u201cFome e Refugio\u201d con charlas de expertos y exposiciones fotogr\u00e1ficas sobre las causas y las consecuencias del hambre Entre los ponentes, el padre Julio R. Lancellotti, que recoger\u00e1 adem\u00e1s el I Reconocimiento Acampa a la Defensa de los Derechos Humanos [&hellip;]<\/p>\n","protected":false},"author":25,"featured_media":38419,"comment_status":"open","ping_status":"open","sticky":false,"template":"","format":"standard","meta":{"_et_pb_use_builder":"","_et_pb_old_content":"","_et_gb_content_width":"","inline_featured_image":false,"footnotes":""},"categories":[18],"tags":[118,56,83,57,97,108,120,61,82,55,77,173,174,151,58,59],"class_list":["post-38421","post","type-post","status-publish","format-standard","has-post-thumbnail","hentry","category-presentaciones","tag-brasil-2","tag-derecho-a-refugio","tag-derecho-de-asilo-2","tag-derechos-humanos","tag-desplazamientos-forzosos","tag-fotografia","tag-fotos","tag-inmigracion","tag-migracion-2","tag-migraciones","tag-migrantes","tag-personas-migrantes","tag-personas-refugiadas","tag-pueblos-indigenas-de-brasil","tag-refugiadas","tag-refugiados"],"yoast_head":"<!-- This site is optimized with the Yoast SEO plugin v27.4 - https:\/\/yoast.com\/product\/yoast-seo-wordpress\/ -->\n<title>RED ACAMPA CUMPLE CON SU OBJETIVO PRIMIGENIO Y SE EXTIENDE CELEBRANDO EN NOVIEMBRE EL I ENCUENTRO INTERNACIONAL ACAMPA POR LA PAZ EN BRASIL | Rede Acampa - Pola paz e o dereito a refuxio<\/title>\n<meta name=\"robots\" content=\"index, follow, max-snippet:-1, max-image-preview:large, max-video-preview:-1\" \/>\n<link rel=\"canonical\" href=\"https:\/\/blog.redeacampa.org\/es\/red-acampa-cumple-con-su-objetivo-primigenio-y-se-extiende-celebrando-en-noviembre-el-i-encuentro-internacional-acampa-por-la-paz-en-brasil\/\" \/>\n<meta property=\"og:locale\" content=\"es_ES\" \/>\n<meta property=\"og:type\" content=\"article\" \/>\n<meta property=\"og:title\" content=\"RED ACAMPA CUMPLE CON SU OBJETIVO PRIMIGENIO Y SE EXTIENDE CELEBRANDO EN NOVIEMBRE EL I ENCUENTRO INTERNACIONAL ACAMPA POR LA PAZ EN BRASIL | Rede Acampa - Pola paz e o dereito a refuxio\" \/>\n<meta property=\"og:description\" content=\"Entre el 10 de noviembre y el 3 de diciembre la ciudad de Pira\u00e7icaba acoger\u00e1 \u201cFome e Refugio\u201d con charlas de expertos y exposiciones fotogr\u00e1ficas sobre las causas y las consecuencias del hambre Entre los ponentes, el padre Julio R. Lancellotti, que recoger\u00e1 adem\u00e1s el I Reconocimiento Acampa a la Defensa de los Derechos Humanos [&hellip;]\" \/>\n<meta property=\"og:url\" content=\"https:\/\/blog.redeacampa.org\/es\/red-acampa-cumple-con-su-objetivo-primigenio-y-se-extiende-celebrando-en-noviembre-el-i-encuentro-internacional-acampa-por-la-paz-en-brasil\/\" \/>\n<meta property=\"og:site_name\" content=\"Rede Acampa - Pola paz e o dereito a refuxio\" \/>\n<meta property=\"article:publisher\" content=\"https:\/\/www.facebook.com\/acampapolapazeodereitoarefuxio\" \/>\n<meta property=\"article:published_time\" content=\"2022-10-25T06:24:28+00:00\" \/>\n<meta property=\"og:image\" content=\"https:\/\/blog.redeacampa.org\/wp-content\/uploads\/Programa-Acampa-Brasil-2022.jpg\" \/>\n\t<meta property=\"og:image:width\" content=\"1595\" \/>\n\t<meta property=\"og:image:height\" content=\"1595\" \/>\n\t<meta property=\"og:image:type\" content=\"image\/jpeg\" \/>\n<meta name=\"author\" content=\"Comunicaci\u00f3n\" \/>\n<meta name=\"twitter:card\" content=\"summary_large_image\" \/>\n<meta name=\"twitter:creator\" content=\"@Acampa_polapaz\" \/>\n<meta name=\"twitter:site\" content=\"@Acampa_polapaz\" \/>\n<meta name=\"twitter:label1\" content=\"Escrito por\" \/>\n\t<meta name=\"twitter:data1\" content=\"Comunicaci\u00f3n\" \/>\n\t<meta name=\"twitter:label2\" content=\"Tiempo de lectura\" \/>\n\t<meta name=\"twitter:data2\" content=\"3 minutos\" \/>\n<script type=\"application\/ld+json\" class=\"yoast-schema-graph\">{\"@context\":\"https:\\\/\\\/schema.org\",\"@graph\":[{\"@type\":\"Article\",\"@id\":\"https:\\\/\\\/blog.redeacampa.org\\\/es\\\/red-acampa-cumple-con-su-objetivo-primigenio-y-se-extiende-celebrando-en-noviembre-el-i-encuentro-internacional-acampa-por-la-paz-en-brasil\\\/#article\",\"isPartOf\":{\"@id\":\"https:\\\/\\\/blog.redeacampa.org\\\/es\\\/red-acampa-cumple-con-su-objetivo-primigenio-y-se-extiende-celebrando-en-noviembre-el-i-encuentro-internacional-acampa-por-la-paz-en-brasil\\\/\"},\"author\":{\"name\":\"Comunicaci\u00f3n\",\"@id\":\"https:\\\/\\\/blog.redeacampa.org\\\/es\\\/#\\\/schema\\\/person\\\/4af0729a8614cbed1e7078bcc7be966b\"},\"headline\":\"RED ACAMPA CUMPLE CON SU OBJETIVO PRIMIGENIO Y SE EXTIENDE CELEBRANDO EN NOVIEMBRE EL I ENCUENTRO INTERNACIONAL ACAMPA POR LA PAZ EN BRASIL\",\"datePublished\":\"2022-10-25T06:24:28+00:00\",\"mainEntityOfPage\":{\"@id\":\"https:\\\/\\\/blog.redeacampa.org\\\/es\\\/red-acampa-cumple-con-su-objetivo-primigenio-y-se-extiende-celebrando-en-noviembre-el-i-encuentro-internacional-acampa-por-la-paz-en-brasil\\\/\"},\"wordCount\":594,\"commentCount\":0,\"image\":{\"@id\":\"https:\\\/\\\/blog.redeacampa.org\\\/es\\\/red-acampa-cumple-con-su-objetivo-primigenio-y-se-extiende-celebrando-en-noviembre-el-i-encuentro-internacional-acampa-por-la-paz-en-brasil\\\/#primaryimage\"},\"thumbnailUrl\":\"https:\\\/\\\/blog.redeacampa.org\\\/wp-content\\\/uploads\\\/Programa-Acampa-Brasil-2022.jpg\",\"keywords\":[\"Brasil\",\"derecho a refugio\",\"derecho de asilo\",\"Derechos Humanos\",\"desplazamientos forzosos\",\"Fotograf\u00eda\",\"fotos\",\"inmigraci\u00f3n\",\"migraci\u00f3n\",\"Migraciones\",\"migrantes\",\"personas migrantes\",\"personas refugiadas\",\"pueblos ind\u00edgenas de Brasil\",\"Refugiadas\",\"Refugiados\"],\"articleSection\":[\"Presentaciones\"],\"inLanguage\":\"es\",\"potentialAction\":[{\"@type\":\"CommentAction\",\"name\":\"Comment\",\"target\":[\"https:\\\/\\\/blog.redeacampa.org\\\/es\\\/red-acampa-cumple-con-su-objetivo-primigenio-y-se-extiende-celebrando-en-noviembre-el-i-encuentro-internacional-acampa-por-la-paz-en-brasil\\\/#respond\"]}]},{\"@type\":\"WebPage\",\"@id\":\"https:\\\/\\\/blog.redeacampa.org\\\/es\\\/red-acampa-cumple-con-su-objetivo-primigenio-y-se-extiende-celebrando-en-noviembre-el-i-encuentro-internacional-acampa-por-la-paz-en-brasil\\\/\",\"url\":\"https:\\\/\\\/blog.redeacampa.org\\\/es\\\/red-acampa-cumple-con-su-objetivo-primigenio-y-se-extiende-celebrando-en-noviembre-el-i-encuentro-internacional-acampa-por-la-paz-en-brasil\\\/\",\"name\":\"RED ACAMPA CUMPLE CON SU OBJETIVO PRIMIGENIO Y SE EXTIENDE CELEBRANDO EN NOVIEMBRE EL I ENCUENTRO INTERNACIONAL ACAMPA POR LA PAZ EN BRASIL | Rede Acampa - Pola paz e o dereito a refuxio\",\"isPartOf\":{\"@id\":\"https:\\\/\\\/blog.redeacampa.org\\\/es\\\/#website\"},\"primaryImageOfPage\":{\"@id\":\"https:\\\/\\\/blog.redeacampa.org\\\/es\\\/red-acampa-cumple-con-su-objetivo-primigenio-y-se-extiende-celebrando-en-noviembre-el-i-encuentro-internacional-acampa-por-la-paz-en-brasil\\\/#primaryimage\"},\"image\":{\"@id\":\"https:\\\/\\\/blog.redeacampa.org\\\/es\\\/red-acampa-cumple-con-su-objetivo-primigenio-y-se-extiende-celebrando-en-noviembre-el-i-encuentro-internacional-acampa-por-la-paz-en-brasil\\\/#primaryimage\"},\"thumbnailUrl\":\"https:\\\/\\\/blog.redeacampa.org\\\/wp-content\\\/uploads\\\/Programa-Acampa-Brasil-2022.jpg\",\"datePublished\":\"2022-10-25T06:24:28+00:00\",\"author\":{\"@id\":\"https:\\\/\\\/blog.redeacampa.org\\\/es\\\/#\\\/schema\\\/person\\\/4af0729a8614cbed1e7078bcc7be966b\"},\"breadcrumb\":{\"@id\":\"https:\\\/\\\/blog.redeacampa.org\\\/es\\\/red-acampa-cumple-con-su-objetivo-primigenio-y-se-extiende-celebrando-en-noviembre-el-i-encuentro-internacional-acampa-por-la-paz-en-brasil\\\/#breadcrumb\"},\"inLanguage\":\"es\",\"potentialAction\":[{\"@type\":\"ReadAction\",\"target\":[\"https:\\\/\\\/blog.redeacampa.org\\\/es\\\/red-acampa-cumple-con-su-objetivo-primigenio-y-se-extiende-celebrando-en-noviembre-el-i-encuentro-internacional-acampa-por-la-paz-en-brasil\\\/\"]}]},{\"@type\":\"ImageObject\",\"inLanguage\":\"es\",\"@id\":\"https:\\\/\\\/blog.redeacampa.org\\\/es\\\/red-acampa-cumple-con-su-objetivo-primigenio-y-se-extiende-celebrando-en-noviembre-el-i-encuentro-internacional-acampa-por-la-paz-en-brasil\\\/#primaryimage\",\"url\":\"https:\\\/\\\/blog.redeacampa.org\\\/wp-content\\\/uploads\\\/Programa-Acampa-Brasil-2022.jpg\",\"contentUrl\":\"https:\\\/\\\/blog.redeacampa.org\\\/wp-content\\\/uploads\\\/Programa-Acampa-Brasil-2022.jpg\",\"width\":1595,\"height\":1595},{\"@type\":\"BreadcrumbList\",\"@id\":\"https:\\\/\\\/blog.redeacampa.org\\\/es\\\/red-acampa-cumple-con-su-objetivo-primigenio-y-se-extiende-celebrando-en-noviembre-el-i-encuentro-internacional-acampa-por-la-paz-en-brasil\\\/#breadcrumb\",\"itemListElement\":[{\"@type\":\"ListItem\",\"position\":1,\"name\":\"Portada\",\"item\":\"https:\\\/\\\/blog.redeacampa.org\\\/es\\\/\"},{\"@type\":\"ListItem\",\"position\":2,\"name\":\"RED ACAMPA CUMPLE CON SU OBJETIVO PRIMIGENIO Y SE EXTIENDE CELEBRANDO EN NOVIEMBRE EL I ENCUENTRO INTERNACIONAL ACAMPA POR LA PAZ EN BRASIL\"}]},{\"@type\":\"WebSite\",\"@id\":\"https:\\\/\\\/blog.redeacampa.org\\\/es\\\/#website\",\"url\":\"https:\\\/\\\/blog.redeacampa.org\\\/es\\\/\",\"name\":\"Rede Acampa - Por la paz y el derecho a refugio\",\"description\":\"Unha iniciativa cidad\u00e1 sen fins de lucro integrada por colectivos sociais, culturais, educativos, veci\u00f1ais, pol\u00edticos, sindicais, art\u00edsticos, de persoas solidarias, de instituci\u00f3ns e empresas con responsabilidade social que te\u00f1en como obxectivo a defensa dos dereitos humanos, o Dereito Internacional Humanitario e o Dereito a Refuxio.\",\"potentialAction\":[{\"@type\":\"SearchAction\",\"target\":{\"@type\":\"EntryPoint\",\"urlTemplate\":\"https:\\\/\\\/blog.redeacampa.org\\\/es\\\/?s={search_term_string}\"},\"query-input\":{\"@type\":\"PropertyValueSpecification\",\"valueRequired\":true,\"valueName\":\"search_term_string\"}}],\"inLanguage\":\"es\"},{\"@type\":\"Person\",\"@id\":\"https:\\\/\\\/blog.redeacampa.org\\\/es\\\/#\\\/schema\\\/person\\\/4af0729a8614cbed1e7078bcc7be966b\",\"name\":\"Comunicaci\u00f3n\",\"image\":{\"@type\":\"ImageObject\",\"inLanguage\":\"es\",\"@id\":\"https:\\\/\\\/secure.gravatar.com\\\/avatar\\\/8e8fea06f5f2696e331aacd588d2000164152c9aa47459d1e52be3c1ab5f5ca5?s=96&d=mm&r=g\",\"url\":\"https:\\\/\\\/secure.gravatar.com\\\/avatar\\\/8e8fea06f5f2696e331aacd588d2000164152c9aa47459d1e52be3c1ab5f5ca5?s=96&d=mm&r=g\",\"contentUrl\":\"https:\\\/\\\/secure.gravatar.com\\\/avatar\\\/8e8fea06f5f2696e331aacd588d2000164152c9aa47459d1e52be3c1ab5f5ca5?s=96&d=mm&r=g\",\"caption\":\"Comunicaci\u00f3n\"}}]}<\/script>\n<!-- \/ Yoast SEO plugin. -->","yoast_head_json":{"title":"RED ACAMPA CUMPLE CON SU OBJETIVO PRIMIGENIO Y SE EXTIENDE CELEBRANDO EN NOVIEMBRE EL I ENCUENTRO INTERNACIONAL ACAMPA POR LA PAZ EN BRASIL | Rede Acampa - Pola paz e o dereito a refuxio","robots":{"index":"index","follow":"follow","max-snippet":"max-snippet:-1","max-image-preview":"max-image-preview:large","max-video-preview":"max-video-preview:-1"},"canonical":"https:\/\/blog.redeacampa.org\/es\/red-acampa-cumple-con-su-objetivo-primigenio-y-se-extiende-celebrando-en-noviembre-el-i-encuentro-internacional-acampa-por-la-paz-en-brasil\/","og_locale":"es_ES","og_type":"article","og_title":"RED ACAMPA CUMPLE CON SU OBJETIVO PRIMIGENIO Y SE EXTIENDE CELEBRANDO EN NOVIEMBRE EL I ENCUENTRO INTERNACIONAL ACAMPA POR LA PAZ EN BRASIL | Rede Acampa - Pola paz e o dereito a refuxio","og_description":"Entre el 10 de noviembre y el 3 de diciembre la ciudad de Pira\u00e7icaba acoger\u00e1 \u201cFome e Refugio\u201d con charlas de expertos y exposiciones fotogr\u00e1ficas sobre las causas y las consecuencias del hambre Entre los ponentes, el padre Julio R. Lancellotti, que recoger\u00e1 adem\u00e1s el I Reconocimiento Acampa a la Defensa de los Derechos Humanos [&hellip;]","og_url":"https:\/\/blog.redeacampa.org\/es\/red-acampa-cumple-con-su-objetivo-primigenio-y-se-extiende-celebrando-en-noviembre-el-i-encuentro-internacional-acampa-por-la-paz-en-brasil\/","og_site_name":"Rede Acampa - Pola paz e o dereito a refuxio","article_publisher":"https:\/\/www.facebook.com\/acampapolapazeodereitoarefuxio","article_published_time":"2022-10-25T06:24:28+00:00","og_image":[{"width":1595,"height":1595,"url":"https:\/\/blog.redeacampa.org\/wp-content\/uploads\/Programa-Acampa-Brasil-2022.jpg","type":"image\/jpeg"}],"author":"Comunicaci\u00f3n","twitter_card":"summary_large_image","twitter_creator":"@Acampa_polapaz","twitter_site":"@Acampa_polapaz","twitter_misc":{"Escrito por":"Comunicaci\u00f3n","Tiempo de lectura":"3 minutos"},"schema":{"@context":"https:\/\/schema.org","@graph":[{"@type":"Article","@id":"https:\/\/blog.redeacampa.org\/es\/red-acampa-cumple-con-su-objetivo-primigenio-y-se-extiende-celebrando-en-noviembre-el-i-encuentro-internacional-acampa-por-la-paz-en-brasil\/#article","isPartOf":{"@id":"https:\/\/blog.redeacampa.org\/es\/red-acampa-cumple-con-su-objetivo-primigenio-y-se-extiende-celebrando-en-noviembre-el-i-encuentro-internacional-acampa-por-la-paz-en-brasil\/"},"author":{"name":"Comunicaci\u00f3n","@id":"https:\/\/blog.redeacampa.org\/es\/#\/schema\/person\/4af0729a8614cbed1e7078bcc7be966b"},"headline":"RED ACAMPA CUMPLE CON SU OBJETIVO PRIMIGENIO Y SE EXTIENDE CELEBRANDO EN NOVIEMBRE EL I ENCUENTRO INTERNACIONAL ACAMPA POR LA PAZ EN BRASIL","datePublished":"2022-10-25T06:24:28+00:00","mainEntityOfPage":{"@id":"https:\/\/blog.redeacampa.org\/es\/red-acampa-cumple-con-su-objetivo-primigenio-y-se-extiende-celebrando-en-noviembre-el-i-encuentro-internacional-acampa-por-la-paz-en-brasil\/"},"wordCount":594,"commentCount":0,"image":{"@id":"https:\/\/blog.redeacampa.org\/es\/red-acampa-cumple-con-su-objetivo-primigenio-y-se-extiende-celebrando-en-noviembre-el-i-encuentro-internacional-acampa-por-la-paz-en-brasil\/#primaryimage"},"thumbnailUrl":"https:\/\/blog.redeacampa.org\/wp-content\/uploads\/Programa-Acampa-Brasil-2022.jpg","keywords":["Brasil","derecho a refugio","derecho de asilo","Derechos Humanos","desplazamientos forzosos","Fotograf\u00eda","fotos","inmigraci\u00f3n","migraci\u00f3n","Migraciones","migrantes","personas migrantes","personas refugiadas","pueblos ind\u00edgenas de Brasil","Refugiadas","Refugiados"],"articleSection":["Presentaciones"],"inLanguage":"es","potentialAction":[{"@type":"CommentAction","name":"Comment","target":["https:\/\/blog.redeacampa.org\/es\/red-acampa-cumple-con-su-objetivo-primigenio-y-se-extiende-celebrando-en-noviembre-el-i-encuentro-internacional-acampa-por-la-paz-en-brasil\/#respond"]}]},{"@type":"WebPage","@id":"https:\/\/blog.redeacampa.org\/es\/red-acampa-cumple-con-su-objetivo-primigenio-y-se-extiende-celebrando-en-noviembre-el-i-encuentro-internacional-acampa-por-la-paz-en-brasil\/","url":"https:\/\/blog.redeacampa.org\/es\/red-acampa-cumple-con-su-objetivo-primigenio-y-se-extiende-celebrando-en-noviembre-el-i-encuentro-internacional-acampa-por-la-paz-en-brasil\/","name":"RED ACAMPA CUMPLE CON SU OBJETIVO PRIMIGENIO Y SE EXTIENDE CELEBRANDO EN NOVIEMBRE EL I ENCUENTRO INTERNACIONAL ACAMPA POR LA PAZ EN BRASIL | Rede Acampa - Pola paz e o dereito a refuxio","isPartOf":{"@id":"https:\/\/blog.redeacampa.org\/es\/#website"},"primaryImageOfPage":{"@id":"https:\/\/blog.redeacampa.org\/es\/red-acampa-cumple-con-su-objetivo-primigenio-y-se-extiende-celebrando-en-noviembre-el-i-encuentro-internacional-acampa-por-la-paz-en-brasil\/#primaryimage"},"image":{"@id":"https:\/\/blog.redeacampa.org\/es\/red-acampa-cumple-con-su-objetivo-primigenio-y-se-extiende-celebrando-en-noviembre-el-i-encuentro-internacional-acampa-por-la-paz-en-brasil\/#primaryimage"},"thumbnailUrl":"https:\/\/blog.redeacampa.org\/wp-content\/uploads\/Programa-Acampa-Brasil-2022.jpg","datePublished":"2022-10-25T06:24:28+00:00","author":{"@id":"https:\/\/blog.redeacampa.org\/es\/#\/schema\/person\/4af0729a8614cbed1e7078bcc7be966b"},"breadcrumb":{"@id":"https:\/\/blog.redeacampa.org\/es\/red-acampa-cumple-con-su-objetivo-primigenio-y-se-extiende-celebrando-en-noviembre-el-i-encuentro-internacional-acampa-por-la-paz-en-brasil\/#breadcrumb"},"inLanguage":"es","potentialAction":[{"@type":"ReadAction","target":["https:\/\/blog.redeacampa.org\/es\/red-acampa-cumple-con-su-objetivo-primigenio-y-se-extiende-celebrando-en-noviembre-el-i-encuentro-internacional-acampa-por-la-paz-en-brasil\/"]}]},{"@type":"ImageObject","inLanguage":"es","@id":"https:\/\/blog.redeacampa.org\/es\/red-acampa-cumple-con-su-objetivo-primigenio-y-se-extiende-celebrando-en-noviembre-el-i-encuentro-internacional-acampa-por-la-paz-en-brasil\/#primaryimage","url":"https:\/\/blog.redeacampa.org\/wp-content\/uploads\/Programa-Acampa-Brasil-2022.jpg","contentUrl":"https:\/\/blog.redeacampa.org\/wp-content\/uploads\/Programa-Acampa-Brasil-2022.jpg","width":1595,"height":1595},{"@type":"BreadcrumbList","@id":"https:\/\/blog.redeacampa.org\/es\/red-acampa-cumple-con-su-objetivo-primigenio-y-se-extiende-celebrando-en-noviembre-el-i-encuentro-internacional-acampa-por-la-paz-en-brasil\/#breadcrumb","itemListElement":[{"@type":"ListItem","position":1,"name":"Portada","item":"https:\/\/blog.redeacampa.org\/es\/"},{"@type":"ListItem","position":2,"name":"RED ACAMPA CUMPLE CON SU OBJETIVO PRIMIGENIO Y SE EXTIENDE CELEBRANDO EN NOVIEMBRE EL I ENCUENTRO INTERNACIONAL ACAMPA POR LA PAZ EN BRASIL"}]},{"@type":"WebSite","@id":"https:\/\/blog.redeacampa.org\/es\/#website","url":"https:\/\/blog.redeacampa.org\/es\/","name":"Rede Acampa - Por la paz y el derecho a refugio","description":"Unha iniciativa cidad\u00e1 sen fins de lucro integrada por colectivos sociais, culturais, educativos, veci\u00f1ais, pol\u00edticos, sindicais, art\u00edsticos, de persoas solidarias, de instituci\u00f3ns e empresas con responsabilidade social que te\u00f1en como obxectivo a defensa dos dereitos humanos, o Dereito Internacional Humanitario e o Dereito a Refuxio.","potentialAction":[{"@type":"SearchAction","target":{"@type":"EntryPoint","urlTemplate":"https:\/\/blog.redeacampa.org\/es\/?s={search_term_string}"},"query-input":{"@type":"PropertyValueSpecification","valueRequired":true,"valueName":"search_term_string"}}],"inLanguage":"es"},{"@type":"Person","@id":"https:\/\/blog.redeacampa.org\/es\/#\/schema\/person\/4af0729a8614cbed1e7078bcc7be966b","name":"Comunicaci\u00f3n","image":{"@type":"ImageObject","inLanguage":"es","@id":"https:\/\/secure.gravatar.com\/avatar\/8e8fea06f5f2696e331aacd588d2000164152c9aa47459d1e52be3c1ab5f5ca5?s=96&d=mm&r=g","url":"https:\/\/secure.gravatar.com\/avatar\/8e8fea06f5f2696e331aacd588d2000164152c9aa47459d1e52be3c1ab5f5ca5?s=96&d=mm&r=g","contentUrl":"https:\/\/secure.gravatar.com\/avatar\/8e8fea06f5f2696e331aacd588d2000164152c9aa47459d1e52be3c1ab5f5ca5?s=96&d=mm&r=g","caption":"Comunicaci\u00f3n"}}]}},"_links":{"self":[{"href":"https:\/\/blog.redeacampa.org\/es\/wp-json\/wp\/v2\/posts\/38421","targetHints":{"allow":["GET"]}}],"collection":[{"href":"https:\/\/blog.redeacampa.org\/es\/wp-json\/wp\/v2\/posts"}],"about":[{"href":"https:\/\/blog.redeacampa.org\/es\/wp-json\/wp\/v2\/types\/post"}],"author":[{"embeddable":true,"href":"https:\/\/blog.redeacampa.org\/es\/wp-json\/wp\/v2\/users\/25"}],"replies":[{"embeddable":true,"href":"https:\/\/blog.redeacampa.org\/es\/wp-json\/wp\/v2\/comments?post=38421"}],"version-history":[{"count":1,"href":"https:\/\/blog.redeacampa.org\/es\/wp-json\/wp\/v2\/posts\/38421\/revisions"}],"predecessor-version":[{"id":38422,"href":"https:\/\/blog.redeacampa.org\/es\/wp-json\/wp\/v2\/posts\/38421\/revisions\/38422"}],"wp:featuredmedia":[{"embeddable":true,"href":"https:\/\/blog.redeacampa.org\/es\/wp-json\/wp\/v2\/media\/38419"}],"wp:attachment":[{"href":"https:\/\/blog.redeacampa.org\/es\/wp-json\/wp\/v2\/media?parent=38421"}],"wp:term":[{"taxonomy":"category","embeddable":true,"href":"https:\/\/blog.redeacampa.org\/es\/wp-json\/wp\/v2\/categories?post=38421"},{"taxonomy":"post_tag","embeddable":true,"href":"https:\/\/blog.redeacampa.org\/es\/wp-json\/wp\/v2\/tags?post=38421"}],"curies":[{"name":"wp","href":"https:\/\/api.w.org\/{rel}","templated":true}]}}