{"id":38426,"date":"2022-10-27T15:01:01","date_gmt":"2022-10-27T13:01:01","guid":{"rendered":"https:\/\/blog.redeacampa.org\/?p=38426"},"modified":"2022-10-27T15:01:01","modified_gmt":"2022-10-27T13:01:01","slug":"apoyo-de-la-fundacion-emalcsa-a-la-red-acampa-para-el-desarrollo-del-vii-encuentro-internacional-odio-o-convivencia-de-junio-2023","status":"publish","type":"post","link":"https:\/\/blog.redeacampa.org\/es\/apoyo-de-la-fundacion-emalcsa-a-la-red-acampa-para-el-desarrollo-del-vii-encuentro-internacional-odio-o-convivencia-de-junio-2023\/","title":{"rendered":"APOYO DE LA FUNDACI\u00d3N EMALCSA A LA RED ACAMPA PARA EL DESARROLLO DEL VII ENCUENTRO INTERNACIONAL \u201cODIO O CONVIVENCIA\u201d DE JUNIO 2023"},"content":{"rendered":"<ul>\n<li><em>La firma del convenio de colaboraci\u00f3n permitir\u00e1 ahondar en la difusi\u00f3n de la cultura accesible e inclusiva<\/em><\/li>\n<\/ul>\n<p>Fundaci\u00f3n Emalcsa se suma a los patrocinadores de la Red Acampa en su labor de defensa de los Derechos Humanos y el Derecho a Refugio. Este mediod\u00eda ha tenido lugar la firma del convenio entre la citada Fundaci\u00f3n y el Movimiento Acampa para colaborar en el desarrollo del VII Encuentro Internacional Acampa por la Paz y el Derecho a Refugxio que se celebrar\u00e1 en A Coru\u00f1a el pr\u00f3ximo mes de junio bajo el lema \u201cOdio o Convivencia\u201d.<\/p>\n<p>Este acuerdo, rubricado por la alcaldesa In\u00e9s Rey como presidenta de la Fundaci\u00f3n Emalcsa, y el responsable de organizaciones de Red Acampa por la Paz, Rub\u00e9n S\u00e1nchez Imizcoz, est\u00e1 enmarcado en la VII Convocatoria Cultura Accesible e Inclusiva (Ayudas para favorecer la inclusi\u00f3n y la accesibilidad en la vida cultural) promovida por la citada Fundaci\u00f3n.<\/p>\n<p>La accesibilidad y la inclusi\u00f3n son dos condiciones de partida en las distintas actividades promovidas por el Movimiento Acampa desde su creaci\u00f3n en el a\u00f1o 2016. Solo por citar algunos ejemplos, las charlas y encuentros desarrollados a lo largo de los encuentros internacionales que se celebran en A Coru\u00f1a anualmente en torno al Derecho a Refugio siempre cuentan con int\u00e9rpretes de lenguaje de signos, son accesibles a personas en silla de ruedas. Son diversos, tambi\u00e9n, los colectivos vulnerables participantes en las distintas actividades o miembros integrantes de la propia red.<\/p>\n<p>Ser\u00e1 en junio de 2023 cuando los Jardines de M\u00e9ndez N\u00fa\u00f1ez de A Coru\u00f1a acojan la s\u00e9ptima edici\u00f3n del Encuentro Internacional Acampa por la Paz y el Derecho a Refugio. Durante tres d\u00edas, exposiciones, ponentes, documentales y actividades de denuncia ahondar\u00e1n en el binomio elegido como tema central de esta cita: Odio o convivencia. Una vez m\u00e1s, la ciudadan\u00eda estar\u00e1 invitada a participar, a reflexionar sobre la realidad de los Derechos Humanos en el mundo y el crecimiento de espacios y situaciones donde estos se hallan conculcados, pisoteados, o manipulados por la xenofobia, el racismo, la discriminaci\u00f3n o el expolio.<\/p>\n","protected":false},"excerpt":{"rendered":"<p>La firma del convenio de colaboraci\u00f3n permitir\u00e1 ahondar en la difusi\u00f3n de la cultura accesible e inclusiva Fundaci\u00f3n Emalcsa se suma a los patrocinadores de la Red Acampa en su labor de defensa de los Derechos Humanos y el Derecho a Refugio. Este mediod\u00eda ha tenido lugar la firma del convenio entre la citada Fundaci\u00f3n [&hellip;]<\/p>\n","protected":false},"author":25,"featured_media":38435,"comment_status":"open","ping_status":"open","sticky":false,"template":"","format":"standard","meta":{"_et_pb_use_builder":"","_et_pb_old_content":"","_et_gb_content_width":"","inline_featured_image":false,"footnotes":""},"categories":[18],"tags":[56,83,57,97,173,174,58,59],"class_list":["post-38426","post","type-post","status-publish","format-standard","has-post-thumbnail","hentry","category-presentaciones","tag-derecho-a-refugio","tag-derecho-de-asilo-2","tag-derechos-humanos","tag-desplazamientos-forzosos","tag-personas-migrantes","tag-personas-refugiadas","tag-refugiadas","tag-refugiados"],"yoast_head":"<!-- This site is optimized with the Yoast SEO plugin v27.4 - https:\/\/yoast.com\/product\/yoast-seo-wordpress\/ -->\n<title>APOYO DE LA FUNDACI\u00d3N EMALCSA A LA RED ACAMPA PARA EL DESARROLLO DEL VII ENCUENTRO INTERNACIONAL \u201cODIO O CONVIVENCIA\u201d DE JUNIO 2023 | Rede Acampa - Pola paz e o dereito a refuxio<\/title>\n<meta name=\"robots\" content=\"index, follow, max-snippet:-1, max-image-preview:large, max-video-preview:-1\" \/>\n<link rel=\"canonical\" href=\"https:\/\/blog.redeacampa.org\/es\/apoyo-de-la-fundacion-emalcsa-a-la-red-acampa-para-el-desarrollo-del-vii-encuentro-internacional-odio-o-convivencia-de-junio-2023\/\" \/>\n<meta property=\"og:locale\" content=\"es_ES\" \/>\n<meta property=\"og:type\" content=\"article\" \/>\n<meta property=\"og:title\" content=\"APOYO DE LA FUNDACI\u00d3N EMALCSA A LA RED ACAMPA PARA EL DESARROLLO DEL VII ENCUENTRO INTERNACIONAL \u201cODIO O CONVIVENCIA\u201d DE JUNIO 2023 | Rede Acampa - Pola paz e o dereito a refuxio\" \/>\n<meta property=\"og:description\" content=\"La firma del convenio de colaboraci\u00f3n permitir\u00e1 ahondar en la difusi\u00f3n de la cultura accesible e inclusiva Fundaci\u00f3n Emalcsa se suma a los patrocinadores de la Red Acampa en su labor de defensa de los Derechos Humanos y el Derecho a Refugio. Este mediod\u00eda ha tenido lugar la firma del convenio entre la citada Fundaci\u00f3n [&hellip;]\" \/>\n<meta property=\"og:url\" content=\"https:\/\/blog.redeacampa.org\/es\/apoyo-de-la-fundacion-emalcsa-a-la-red-acampa-para-el-desarrollo-del-vii-encuentro-internacional-odio-o-convivencia-de-junio-2023\/\" \/>\n<meta property=\"og:site_name\" content=\"Rede Acampa - Pola paz e o dereito a refuxio\" \/>\n<meta property=\"article:publisher\" content=\"https:\/\/www.facebook.com\/acampapolapazeodereitoarefuxio\" \/>\n<meta property=\"article:published_time\" content=\"2022-10-27T13:01:01+00:00\" \/>\n<meta property=\"og:image\" content=\"https:\/\/blog.redeacampa.org\/wp-content\/uploads\/IMG-20221027-WA0008.jpg\" \/>\n\t<meta property=\"og:image:width\" content=\"1887\" \/>\n\t<meta property=\"og:image:height\" content=\"1588\" \/>\n\t<meta property=\"og:image:type\" content=\"image\/jpeg\" \/>\n<meta name=\"author\" content=\"Comunicaci\u00f3n\" \/>\n<meta name=\"twitter:card\" content=\"summary_large_image\" \/>\n<meta name=\"twitter:creator\" content=\"@Acampa_polapaz\" \/>\n<meta name=\"twitter:site\" content=\"@Acampa_polapaz\" \/>\n<meta name=\"twitter:label1\" content=\"Escrito por\" \/>\n\t<meta name=\"twitter:data1\" content=\"Comunicaci\u00f3n\" \/>\n\t<meta name=\"twitter:label2\" content=\"Tiempo de lectura\" \/>\n\t<meta name=\"twitter:data2\" content=\"2 minutos\" \/>\n<script type=\"application\/ld+json\" class=\"yoast-schema-graph\">{\"@context\":\"https:\\\/\\\/schema.org\",\"@graph\":[{\"@type\":\"Article\",\"@id\":\"https:\\\/\\\/blog.redeacampa.org\\\/es\\\/apoyo-de-la-fundacion-emalcsa-a-la-red-acampa-para-el-desarrollo-del-vii-encuentro-internacional-odio-o-convivencia-de-junio-2023\\\/#article\",\"isPartOf\":{\"@id\":\"https:\\\/\\\/blog.redeacampa.org\\\/es\\\/apoyo-de-la-fundacion-emalcsa-a-la-red-acampa-para-el-desarrollo-del-vii-encuentro-internacional-odio-o-convivencia-de-junio-2023\\\/\"},\"author\":{\"name\":\"Comunicaci\u00f3n\",\"@id\":\"https:\\\/\\\/blog.redeacampa.org\\\/es\\\/#\\\/schema\\\/person\\\/4af0729a8614cbed1e7078bcc7be966b\"},\"headline\":\"APOYO DE LA FUNDACI\u00d3N EMALCSA A LA RED ACAMPA PARA EL DESARROLLO DEL VII ENCUENTRO INTERNACIONAL \u201cODIO O CONVIVENCIA\u201d DE JUNIO 2023\",\"datePublished\":\"2022-10-27T13:01:01+00:00\",\"mainEntityOfPage\":{\"@id\":\"https:\\\/\\\/blog.redeacampa.org\\\/es\\\/apoyo-de-la-fundacion-emalcsa-a-la-red-acampa-para-el-desarrollo-del-vii-encuentro-internacional-odio-o-convivencia-de-junio-2023\\\/\"},\"wordCount\":388,\"commentCount\":0,\"image\":{\"@id\":\"https:\\\/\\\/blog.redeacampa.org\\\/es\\\/apoyo-de-la-fundacion-emalcsa-a-la-red-acampa-para-el-desarrollo-del-vii-encuentro-internacional-odio-o-convivencia-de-junio-2023\\\/#primaryimage\"},\"thumbnailUrl\":\"https:\\\/\\\/blog.redeacampa.org\\\/wp-content\\\/uploads\\\/IMG-20221027-WA0008.jpg\",\"keywords\":[\"derecho a refugio\",\"derecho de asilo\",\"Derechos Humanos\",\"desplazamientos forzosos\",\"personas migrantes\",\"personas refugiadas\",\"Refugiadas\",\"Refugiados\"],\"articleSection\":[\"Presentaciones\"],\"inLanguage\":\"es\",\"potentialAction\":[{\"@type\":\"CommentAction\",\"name\":\"Comment\",\"target\":[\"https:\\\/\\\/blog.redeacampa.org\\\/es\\\/apoyo-de-la-fundacion-emalcsa-a-la-red-acampa-para-el-desarrollo-del-vii-encuentro-internacional-odio-o-convivencia-de-junio-2023\\\/#respond\"]}]},{\"@type\":\"WebPage\",\"@id\":\"https:\\\/\\\/blog.redeacampa.org\\\/es\\\/apoyo-de-la-fundacion-emalcsa-a-la-red-acampa-para-el-desarrollo-del-vii-encuentro-internacional-odio-o-convivencia-de-junio-2023\\\/\",\"url\":\"https:\\\/\\\/blog.redeacampa.org\\\/es\\\/apoyo-de-la-fundacion-emalcsa-a-la-red-acampa-para-el-desarrollo-del-vii-encuentro-internacional-odio-o-convivencia-de-junio-2023\\\/\",\"name\":\"APOYO DE LA FUNDACI\u00d3N EMALCSA A LA RED ACAMPA PARA EL DESARROLLO DEL VII ENCUENTRO INTERNACIONAL \u201cODIO O CONVIVENCIA\u201d DE JUNIO 2023 | Rede Acampa - Pola paz e o dereito a refuxio\",\"isPartOf\":{\"@id\":\"https:\\\/\\\/blog.redeacampa.org\\\/es\\\/#website\"},\"primaryImageOfPage\":{\"@id\":\"https:\\\/\\\/blog.redeacampa.org\\\/es\\\/apoyo-de-la-fundacion-emalcsa-a-la-red-acampa-para-el-desarrollo-del-vii-encuentro-internacional-odio-o-convivencia-de-junio-2023\\\/#primaryimage\"},\"image\":{\"@id\":\"https:\\\/\\\/blog.redeacampa.org\\\/es\\\/apoyo-de-la-fundacion-emalcsa-a-la-red-acampa-para-el-desarrollo-del-vii-encuentro-internacional-odio-o-convivencia-de-junio-2023\\\/#primaryimage\"},\"thumbnailUrl\":\"https:\\\/\\\/blog.redeacampa.org\\\/wp-content\\\/uploads\\\/IMG-20221027-WA0008.jpg\",\"datePublished\":\"2022-10-27T13:01:01+00:00\",\"author\":{\"@id\":\"https:\\\/\\\/blog.redeacampa.org\\\/es\\\/#\\\/schema\\\/person\\\/4af0729a8614cbed1e7078bcc7be966b\"},\"breadcrumb\":{\"@id\":\"https:\\\/\\\/blog.redeacampa.org\\\/es\\\/apoyo-de-la-fundacion-emalcsa-a-la-red-acampa-para-el-desarrollo-del-vii-encuentro-internacional-odio-o-convivencia-de-junio-2023\\\/#breadcrumb\"},\"inLanguage\":\"es\",\"potentialAction\":[{\"@type\":\"ReadAction\",\"target\":[\"https:\\\/\\\/blog.redeacampa.org\\\/es\\\/apoyo-de-la-fundacion-emalcsa-a-la-red-acampa-para-el-desarrollo-del-vii-encuentro-internacional-odio-o-convivencia-de-junio-2023\\\/\"]}]},{\"@type\":\"ImageObject\",\"inLanguage\":\"es\",\"@id\":\"https:\\\/\\\/blog.redeacampa.org\\\/es\\\/apoyo-de-la-fundacion-emalcsa-a-la-red-acampa-para-el-desarrollo-del-vii-encuentro-internacional-odio-o-convivencia-de-junio-2023\\\/#primaryimage\",\"url\":\"https:\\\/\\\/blog.redeacampa.org\\\/wp-content\\\/uploads\\\/IMG-20221027-WA0008.jpg\",\"contentUrl\":\"https:\\\/\\\/blog.redeacampa.org\\\/wp-content\\\/uploads\\\/IMG-20221027-WA0008.jpg\",\"width\":1887,\"height\":1588},{\"@type\":\"BreadcrumbList\",\"@id\":\"https:\\\/\\\/blog.redeacampa.org\\\/es\\\/apoyo-de-la-fundacion-emalcsa-a-la-red-acampa-para-el-desarrollo-del-vii-encuentro-internacional-odio-o-convivencia-de-junio-2023\\\/#breadcrumb\",\"itemListElement\":[{\"@type\":\"ListItem\",\"position\":1,\"name\":\"Portada\",\"item\":\"https:\\\/\\\/blog.redeacampa.org\\\/es\\\/\"},{\"@type\":\"ListItem\",\"position\":2,\"name\":\"APOYO DE LA FUNDACI\u00d3N EMALCSA A LA RED ACAMPA PARA EL DESARROLLO DEL VII ENCUENTRO INTERNACIONAL \u201cODIO O CONVIVENCIA\u201d DE JUNIO 2023\"}]},{\"@type\":\"WebSite\",\"@id\":\"https:\\\/\\\/blog.redeacampa.org\\\/es\\\/#website\",\"url\":\"https:\\\/\\\/blog.redeacampa.org\\\/es\\\/\",\"name\":\"Rede Acampa - Por la paz y el derecho a refugio\",\"description\":\"Unha iniciativa cidad\u00e1 sen fins de lucro integrada por colectivos sociais, culturais, educativos, veci\u00f1ais, pol\u00edticos, sindicais, art\u00edsticos, de persoas solidarias, de instituci\u00f3ns e empresas con responsabilidade social que te\u00f1en como obxectivo a defensa dos dereitos humanos, o Dereito Internacional Humanitario e o Dereito a Refuxio.\",\"potentialAction\":[{\"@type\":\"SearchAction\",\"target\":{\"@type\":\"EntryPoint\",\"urlTemplate\":\"https:\\\/\\\/blog.redeacampa.org\\\/es\\\/?s={search_term_string}\"},\"query-input\":{\"@type\":\"PropertyValueSpecification\",\"valueRequired\":true,\"valueName\":\"search_term_string\"}}],\"inLanguage\":\"es\"},{\"@type\":\"Person\",\"@id\":\"https:\\\/\\\/blog.redeacampa.org\\\/es\\\/#\\\/schema\\\/person\\\/4af0729a8614cbed1e7078bcc7be966b\",\"name\":\"Comunicaci\u00f3n\",\"image\":{\"@type\":\"ImageObject\",\"inLanguage\":\"es\",\"@id\":\"https:\\\/\\\/secure.gravatar.com\\\/avatar\\\/8e8fea06f5f2696e331aacd588d2000164152c9aa47459d1e52be3c1ab5f5ca5?s=96&d=mm&r=g\",\"url\":\"https:\\\/\\\/secure.gravatar.com\\\/avatar\\\/8e8fea06f5f2696e331aacd588d2000164152c9aa47459d1e52be3c1ab5f5ca5?s=96&d=mm&r=g\",\"contentUrl\":\"https:\\\/\\\/secure.gravatar.com\\\/avatar\\\/8e8fea06f5f2696e331aacd588d2000164152c9aa47459d1e52be3c1ab5f5ca5?s=96&d=mm&r=g\",\"caption\":\"Comunicaci\u00f3n\"}}]}<\/script>\n<!-- \/ Yoast SEO plugin. -->","yoast_head_json":{"title":"APOYO DE LA FUNDACI\u00d3N EMALCSA A LA RED ACAMPA PARA EL DESARROLLO DEL VII ENCUENTRO INTERNACIONAL \u201cODIO O CONVIVENCIA\u201d DE JUNIO 2023 | Rede Acampa - Pola paz e o dereito a refuxio","robots":{"index":"index","follow":"follow","max-snippet":"max-snippet:-1","max-image-preview":"max-image-preview:large","max-video-preview":"max-video-preview:-1"},"canonical":"https:\/\/blog.redeacampa.org\/es\/apoyo-de-la-fundacion-emalcsa-a-la-red-acampa-para-el-desarrollo-del-vii-encuentro-internacional-odio-o-convivencia-de-junio-2023\/","og_locale":"es_ES","og_type":"article","og_title":"APOYO DE LA FUNDACI\u00d3N EMALCSA A LA RED ACAMPA PARA EL DESARROLLO DEL VII ENCUENTRO INTERNACIONAL \u201cODIO O CONVIVENCIA\u201d DE JUNIO 2023 | Rede Acampa - Pola paz e o dereito a refuxio","og_description":"La firma del convenio de colaboraci\u00f3n permitir\u00e1 ahondar en la difusi\u00f3n de la cultura accesible e inclusiva Fundaci\u00f3n Emalcsa se suma a los patrocinadores de la Red Acampa en su labor de defensa de los Derechos Humanos y el Derecho a Refugio. Este mediod\u00eda ha tenido lugar la firma del convenio entre la citada Fundaci\u00f3n [&hellip;]","og_url":"https:\/\/blog.redeacampa.org\/es\/apoyo-de-la-fundacion-emalcsa-a-la-red-acampa-para-el-desarrollo-del-vii-encuentro-internacional-odio-o-convivencia-de-junio-2023\/","og_site_name":"Rede Acampa - Pola paz e o dereito a refuxio","article_publisher":"https:\/\/www.facebook.com\/acampapolapazeodereitoarefuxio","article_published_time":"2022-10-27T13:01:01+00:00","og_image":[{"width":1887,"height":1588,"url":"https:\/\/blog.redeacampa.org\/wp-content\/uploads\/IMG-20221027-WA0008.jpg","type":"image\/jpeg"}],"author":"Comunicaci\u00f3n","twitter_card":"summary_large_image","twitter_creator":"@Acampa_polapaz","twitter_site":"@Acampa_polapaz","twitter_misc":{"Escrito por":"Comunicaci\u00f3n","Tiempo de lectura":"2 minutos"},"schema":{"@context":"https:\/\/schema.org","@graph":[{"@type":"Article","@id":"https:\/\/blog.redeacampa.org\/es\/apoyo-de-la-fundacion-emalcsa-a-la-red-acampa-para-el-desarrollo-del-vii-encuentro-internacional-odio-o-convivencia-de-junio-2023\/#article","isPartOf":{"@id":"https:\/\/blog.redeacampa.org\/es\/apoyo-de-la-fundacion-emalcsa-a-la-red-acampa-para-el-desarrollo-del-vii-encuentro-internacional-odio-o-convivencia-de-junio-2023\/"},"author":{"name":"Comunicaci\u00f3n","@id":"https:\/\/blog.redeacampa.org\/es\/#\/schema\/person\/4af0729a8614cbed1e7078bcc7be966b"},"headline":"APOYO DE LA FUNDACI\u00d3N EMALCSA A LA RED ACAMPA PARA EL DESARROLLO DEL VII ENCUENTRO INTERNACIONAL \u201cODIO O CONVIVENCIA\u201d DE JUNIO 2023","datePublished":"2022-10-27T13:01:01+00:00","mainEntityOfPage":{"@id":"https:\/\/blog.redeacampa.org\/es\/apoyo-de-la-fundacion-emalcsa-a-la-red-acampa-para-el-desarrollo-del-vii-encuentro-internacional-odio-o-convivencia-de-junio-2023\/"},"wordCount":388,"commentCount":0,"image":{"@id":"https:\/\/blog.redeacampa.org\/es\/apoyo-de-la-fundacion-emalcsa-a-la-red-acampa-para-el-desarrollo-del-vii-encuentro-internacional-odio-o-convivencia-de-junio-2023\/#primaryimage"},"thumbnailUrl":"https:\/\/blog.redeacampa.org\/wp-content\/uploads\/IMG-20221027-WA0008.jpg","keywords":["derecho a refugio","derecho de asilo","Derechos Humanos","desplazamientos forzosos","personas migrantes","personas refugiadas","Refugiadas","Refugiados"],"articleSection":["Presentaciones"],"inLanguage":"es","potentialAction":[{"@type":"CommentAction","name":"Comment","target":["https:\/\/blog.redeacampa.org\/es\/apoyo-de-la-fundacion-emalcsa-a-la-red-acampa-para-el-desarrollo-del-vii-encuentro-internacional-odio-o-convivencia-de-junio-2023\/#respond"]}]},{"@type":"WebPage","@id":"https:\/\/blog.redeacampa.org\/es\/apoyo-de-la-fundacion-emalcsa-a-la-red-acampa-para-el-desarrollo-del-vii-encuentro-internacional-odio-o-convivencia-de-junio-2023\/","url":"https:\/\/blog.redeacampa.org\/es\/apoyo-de-la-fundacion-emalcsa-a-la-red-acampa-para-el-desarrollo-del-vii-encuentro-internacional-odio-o-convivencia-de-junio-2023\/","name":"APOYO DE LA FUNDACI\u00d3N EMALCSA A LA RED ACAMPA PARA EL DESARROLLO DEL VII ENCUENTRO INTERNACIONAL \u201cODIO O CONVIVENCIA\u201d DE JUNIO 2023 | Rede Acampa - Pola paz e o dereito a refuxio","isPartOf":{"@id":"https:\/\/blog.redeacampa.org\/es\/#website"},"primaryImageOfPage":{"@id":"https:\/\/blog.redeacampa.org\/es\/apoyo-de-la-fundacion-emalcsa-a-la-red-acampa-para-el-desarrollo-del-vii-encuentro-internacional-odio-o-convivencia-de-junio-2023\/#primaryimage"},"image":{"@id":"https:\/\/blog.redeacampa.org\/es\/apoyo-de-la-fundacion-emalcsa-a-la-red-acampa-para-el-desarrollo-del-vii-encuentro-internacional-odio-o-convivencia-de-junio-2023\/#primaryimage"},"thumbnailUrl":"https:\/\/blog.redeacampa.org\/wp-content\/uploads\/IMG-20221027-WA0008.jpg","datePublished":"2022-10-27T13:01:01+00:00","author":{"@id":"https:\/\/blog.redeacampa.org\/es\/#\/schema\/person\/4af0729a8614cbed1e7078bcc7be966b"},"breadcrumb":{"@id":"https:\/\/blog.redeacampa.org\/es\/apoyo-de-la-fundacion-emalcsa-a-la-red-acampa-para-el-desarrollo-del-vii-encuentro-internacional-odio-o-convivencia-de-junio-2023\/#breadcrumb"},"inLanguage":"es","potentialAction":[{"@type":"ReadAction","target":["https:\/\/blog.redeacampa.org\/es\/apoyo-de-la-fundacion-emalcsa-a-la-red-acampa-para-el-desarrollo-del-vii-encuentro-internacional-odio-o-convivencia-de-junio-2023\/"]}]},{"@type":"ImageObject","inLanguage":"es","@id":"https:\/\/blog.redeacampa.org\/es\/apoyo-de-la-fundacion-emalcsa-a-la-red-acampa-para-el-desarrollo-del-vii-encuentro-internacional-odio-o-convivencia-de-junio-2023\/#primaryimage","url":"https:\/\/blog.redeacampa.org\/wp-content\/uploads\/IMG-20221027-WA0008.jpg","contentUrl":"https:\/\/blog.redeacampa.org\/wp-content\/uploads\/IMG-20221027-WA0008.jpg","width":1887,"height":1588},{"@type":"BreadcrumbList","@id":"https:\/\/blog.redeacampa.org\/es\/apoyo-de-la-fundacion-emalcsa-a-la-red-acampa-para-el-desarrollo-del-vii-encuentro-internacional-odio-o-convivencia-de-junio-2023\/#breadcrumb","itemListElement":[{"@type":"ListItem","position":1,"name":"Portada","item":"https:\/\/blog.redeacampa.org\/es\/"},{"@type":"ListItem","position":2,"name":"APOYO DE LA FUNDACI\u00d3N EMALCSA A LA RED ACAMPA PARA EL DESARROLLO DEL VII ENCUENTRO INTERNACIONAL \u201cODIO O CONVIVENCIA\u201d DE JUNIO 2023"}]},{"@type":"WebSite","@id":"https:\/\/blog.redeacampa.org\/es\/#website","url":"https:\/\/blog.redeacampa.org\/es\/","name":"Rede Acampa - Por la paz y el derecho a refugio","description":"Unha iniciativa cidad\u00e1 sen fins de lucro integrada por colectivos sociais, culturais, educativos, veci\u00f1ais, pol\u00edticos, sindicais, art\u00edsticos, de persoas solidarias, de instituci\u00f3ns e empresas con responsabilidade social que te\u00f1en como obxectivo a defensa dos dereitos humanos, o Dereito Internacional Humanitario e o Dereito a Refuxio.","potentialAction":[{"@type":"SearchAction","target":{"@type":"EntryPoint","urlTemplate":"https:\/\/blog.redeacampa.org\/es\/?s={search_term_string}"},"query-input":{"@type":"PropertyValueSpecification","valueRequired":true,"valueName":"search_term_string"}}],"inLanguage":"es"},{"@type":"Person","@id":"https:\/\/blog.redeacampa.org\/es\/#\/schema\/person\/4af0729a8614cbed1e7078bcc7be966b","name":"Comunicaci\u00f3n","image":{"@type":"ImageObject","inLanguage":"es","@id":"https:\/\/secure.gravatar.com\/avatar\/8e8fea06f5f2696e331aacd588d2000164152c9aa47459d1e52be3c1ab5f5ca5?s=96&d=mm&r=g","url":"https:\/\/secure.gravatar.com\/avatar\/8e8fea06f5f2696e331aacd588d2000164152c9aa47459d1e52be3c1ab5f5ca5?s=96&d=mm&r=g","contentUrl":"https:\/\/secure.gravatar.com\/avatar\/8e8fea06f5f2696e331aacd588d2000164152c9aa47459d1e52be3c1ab5f5ca5?s=96&d=mm&r=g","caption":"Comunicaci\u00f3n"}}]}},"_links":{"self":[{"href":"https:\/\/blog.redeacampa.org\/es\/wp-json\/wp\/v2\/posts\/38426","targetHints":{"allow":["GET"]}}],"collection":[{"href":"https:\/\/blog.redeacampa.org\/es\/wp-json\/wp\/v2\/posts"}],"about":[{"href":"https:\/\/blog.redeacampa.org\/es\/wp-json\/wp\/v2\/types\/post"}],"author":[{"embeddable":true,"href":"https:\/\/blog.redeacampa.org\/es\/wp-json\/wp\/v2\/users\/25"}],"replies":[{"embeddable":true,"href":"https:\/\/blog.redeacampa.org\/es\/wp-json\/wp\/v2\/comments?post=38426"}],"version-history":[{"count":4,"href":"https:\/\/blog.redeacampa.org\/es\/wp-json\/wp\/v2\/posts\/38426\/revisions"}],"predecessor-version":[{"id":38432,"href":"https:\/\/blog.redeacampa.org\/es\/wp-json\/wp\/v2\/posts\/38426\/revisions\/38432"}],"wp:featuredmedia":[{"embeddable":true,"href":"https:\/\/blog.redeacampa.org\/es\/wp-json\/wp\/v2\/media\/38435"}],"wp:attachment":[{"href":"https:\/\/blog.redeacampa.org\/es\/wp-json\/wp\/v2\/media?parent=38426"}],"wp:term":[{"taxonomy":"category","embeddable":true,"href":"https:\/\/blog.redeacampa.org\/es\/wp-json\/wp\/v2\/categories?post=38426"},{"taxonomy":"post_tag","embeddable":true,"href":"https:\/\/blog.redeacampa.org\/es\/wp-json\/wp\/v2\/tags?post=38426"}],"curies":[{"name":"wp","href":"https:\/\/api.w.org\/{rel}","templated":true}]}}