{"id":38450,"date":"2022-11-11T17:09:08","date_gmt":"2022-11-11T16:09:08","guid":{"rendered":"https:\/\/blog.redeacampa.org\/?p=38450"},"modified":"2022-11-11T17:09:08","modified_gmt":"2022-11-11T16:09:08","slug":"no-podemos-escondernos-vivir-en-la-indiferencia-y-en-la-inhumana-neutralidad-tenemos-que-tomar-un-lado-saber-de-que-red-formamos-parte","status":"publish","type":"post","link":"https:\/\/blog.redeacampa.org\/es\/no-podemos-escondernos-vivir-en-la-indiferencia-y-en-la-inhumana-neutralidad-tenemos-que-tomar-un-lado-saber-de-que-red-formamos-parte\/","title":{"rendered":"\u201cNO PODEMOS ESCONDERNOS, VIVIR EN LA INDIFERENCIA Y EN LA INHUMANA NEUTRALIDAD. TENEMOS QUE TOMAR UN LADO, SABER DE QU\u00c9 RED FORMAMOS PARTE\u201d"},"content":{"rendered":"<ul>\n<li><em>Mensaje del Padre Julio Lancellotti, el defensor de los vulnerables de Sao Paulo, al recoger el I Reconocimiento Acampa a la Defensa de los Derechos Humanos que se entrega en Brasil<\/em><\/li>\n<li><em>El coordinador del Movimiento Acampa, Xos\u00e9 Abad traslad\u00f3 a los asistentes la importancia de organizaciones como Red Acampa que a\u00fana las voces de decenas de organizaciones y entidades de toda \u00edndole constituyendo una fuerza transformadora y poderosa en materia de defensa de los Derechos Humanos<\/em><\/li>\n<\/ul>\n<p>Un referente del compromiso hacia los m\u00e1s vulnerables. El Padre Julio Lancellotti recibi\u00f3 el I Reconocimiento Acampa a la Defensa de los Derechos Humanos y su discurso no dej\u00f3 a nadie indiferente. Fue un canto a la militancia humana. Despu\u00e9s de destacar la importancia del Movimiento Acampa por la Paz y el Derecho a Refugio, red creada en A Coru\u00f1a en 2016 y que ahora cruza el Atl\u00e1ntico y se replica en Brasil, Lancellotti fue contundente: \u201cNuestra realidad es conflictiva, nos desaf\u00eda y nos compromete. Ustedes saber por medio del compromiso de Acampa que no nos podemos esconder y omitir nuestra voz, nuestra palabra. \u00bfCu\u00e1ntos desaf\u00edos podemos enfrentar y de qu\u00e9 Red formamos parte? Es importante que en una ciudad como Piracicaba esa red de solidaridad y de resistencia sea bien explicitada y conocida\u201d. \u201cNo podemos vivir en la indiferencia ni en la inhumana neutralidad. Tenemos que tomar un lado, hay que enfrentarse con criterios de humanizaci\u00f3n, luchar por ciudades m\u00e1s humanas, m\u00e1s humanizadas y m\u00e1s humanizadoras\u201d.<\/p>\n<p>El\u00a0Padre Lancelotti\u00a0trabaja desde hace a\u00f1os con delincuentes juveniles, presos en libertad condicional, pacientes con VIH\/sida y poblaciones de bajos ingresos y personas sin hogar. Cree en la persona humana por encima de todo y considera que todos los ciudadanos deben ver respetados sus derechos y ser respetados en sus diferencias. Est\u00e1 al frente de varios proyectos municipales en la ciudad de Sao Paulo para atender a la poblaci\u00f3n necesitada, a los invisibles, a los inmigrantes, a los refugiados. El Padre Lancelotti no abandon\u00f3 las calles en la pandemia, trabajando tambi\u00e9n para conseguir vacunas para las personas sin hogar y se enfrent\u00f3 al poder cuando el Ayuntamiento de Sao Paulo coloc\u00f3 obst\u00e1culos de piedra en espacios p\u00fablicos (bajo viaductos, plazas, etc.) para que los indigentes no pudiesen usarlos para dormir. Lancelotti, hacha en mano, fue a quitarlos \u2013una imagen que se hizo viral- consiguiendo que la ciudad dejase de poner esos obst\u00e1culos. Por su labor vinculada a los Derechos Humanos, fue reconocido por la Unesco y recibi\u00f3 su primer t\u00edtulo de Doctor Honoris Causa de la PUC.<\/p>\n<p>En su intervenci\u00f3n en el I Encuentro Acampa Brasil, el coordinador general de la Red, Xos\u00e9 Abad, destac\u00f3 la fuerza transformadora de Movimientos como Acampa que aglutinan y replican el trabajo que cientos de organizaciones desarrollan en distintas \u00e1reas de la defensa de los Derechos Humanos y el Derecho a Refugio. \u201cEn Brasil, a 2020, exist\u00edan 815.676 oeneg\u00e9s trabajando en este campo; en el mundo son m\u00e1s de 10 millones, alcanzando a billones de personas interesadas en actuar en la defensa de los Derechos Humanos. Por eso es importante articular una estrategia com\u00fan a partir de los elementos que nos unen\u201d, se\u00f1al\u00f3.<\/p>\n<p>Hoy rematan las charlas de este I Encuentro Internacional Acampa Brasil, coordinado por la Profesora Universitaria C\u00e9lia Regina Rossi, con un debate en el que participan la Secretaria Municipal de Agricultura de Piracicaba, Nancy Thame, el fotoperiodista Rodrigo Zaim, la refugiada colombiana Leonor Solano Gonz\u00e1lez y Lucas dos Santos, de la Pastoral del Menor de Pira\u00e7icaba que trabaj\u00f3 con j\u00f3venes refugiados de la guerra de Angola, los participantes en la charla, que estar\u00e1 moderada por Josu\u00e9 Adam Lazier. Una actuaci\u00f3n de danza afropira\u00e7icabana completar\u00e1 la jornada.<\/p>\n<p><strong>Exposiciones fotogr\u00e1ficas<\/strong><\/p>\n<p>Como en todos los Encuentros Internacionales Acampa, las exposiciones fotogr\u00e1ficas son una de las propuestas principales. Expondr\u00e1n en este I Encuentro Acampa Brasil Ricard Garc\u00eda Vilanova, Lys Arango, Juan Carlos Tomasi, Javier Teniente, Pablo Tosco, Silvia Landi, Rodrigo Zaim y Fabio Lima. Las muestras permanecer\u00e1n abiertas hasta el 3 de diciembre.<\/p>\n<p>Bajo el t\u00edtulo \u201cFome e Refugio\u201d, este I Encuentro Internacional Acampa pola Paz Brasil es posible gracias a la complicidad de la SESC, una sociedad que trabaja desde hace d\u00e9cadas en el campo de la cobertura social y la difusi\u00f3n cultural con intensa actividad en buena parte del pa\u00eds y que patrocina el encuentro. Desde hace m\u00e1s de veinte a\u00f1os, por ejemplo, gestiona el Programa Mesa Brasil, importante desde el origen pero esencial en dar cobertura durante la crisis del COVID-19 y alimentar a miles de brasile\u00f1os que se quedaron sin ingresos y sin sustento durante la pandemia.\u00a0 Todas las actividades de este I Encuentro Internacional Acampa Brasil se celebrar\u00e1n en la sede del SESC en Piracicaba, un emblem\u00e1tico y referente contenedor cultural de la ciudad.<\/p>\n","protected":false},"excerpt":{"rendered":"<p>Mensaje del Padre Julio Lancellotti, el defensor de los vulnerables de Sao Paulo, al recoger el I Reconocimiento Acampa a la Defensa de los Derechos Humanos que se entrega en Brasil El coordinador del Movimiento Acampa, Xos\u00e9 Abad traslad\u00f3 a los asistentes la importancia de organizaciones como Red Acampa que a\u00fana las voces de decenas [&hellip;]<\/p>\n","protected":false},"author":25,"featured_media":38445,"comment_status":"open","ping_status":"open","sticky":false,"template":"","format":"standard","meta":{"_et_pb_use_builder":"","_et_pb_old_content":"","_et_gb_content_width":"","inline_featured_image":false,"footnotes":""},"categories":[18],"tags":[118,56,83,57,97,108,120,61,55,151,58,59],"class_list":["post-38450","post","type-post","status-publish","format-standard","has-post-thumbnail","hentry","category-presentaciones","tag-brasil-2","tag-derecho-a-refugio","tag-derecho-de-asilo-2","tag-derechos-humanos","tag-desplazamientos-forzosos","tag-fotografia","tag-fotos","tag-inmigracion","tag-migraciones","tag-pueblos-indigenas-de-brasil","tag-refugiadas","tag-refugiados"],"yoast_head":"<!-- This site is optimized with the Yoast SEO plugin v27.4 - https:\/\/yoast.com\/product\/yoast-seo-wordpress\/ -->\n<title>\u201cNO PODEMOS ESCONDERNOS, VIVIR EN LA INDIFERENCIA Y EN LA INHUMANA NEUTRALIDAD. TENEMOS QUE TOMAR UN LADO, SABER DE QU\u00c9 RED FORMAMOS PARTE\u201d | Rede Acampa - Pola paz e o dereito a refuxio<\/title>\n<meta name=\"robots\" content=\"index, follow, max-snippet:-1, max-image-preview:large, max-video-preview:-1\" \/>\n<link rel=\"canonical\" href=\"https:\/\/blog.redeacampa.org\/es\/no-podemos-escondernos-vivir-en-la-indiferencia-y-en-la-inhumana-neutralidad-tenemos-que-tomar-un-lado-saber-de-que-red-formamos-parte\/\" \/>\n<meta property=\"og:locale\" content=\"es_ES\" \/>\n<meta property=\"og:type\" content=\"article\" \/>\n<meta property=\"og:title\" content=\"\u201cNO PODEMOS ESCONDERNOS, VIVIR EN LA INDIFERENCIA Y EN LA INHUMANA NEUTRALIDAD. TENEMOS QUE TOMAR UN LADO, SABER DE QU\u00c9 RED FORMAMOS PARTE\u201d | Rede Acampa - Pola paz e o dereito a refuxio\" \/>\n<meta property=\"og:description\" content=\"Mensaje del Padre Julio Lancellotti, el defensor de los vulnerables de Sao Paulo, al recoger el I Reconocimiento Acampa a la Defensa de los Derechos Humanos que se entrega en Brasil El coordinador del Movimiento Acampa, Xos\u00e9 Abad traslad\u00f3 a los asistentes la importancia de organizaciones como Red Acampa que a\u00fana las voces de decenas [&hellip;]\" \/>\n<meta property=\"og:url\" content=\"https:\/\/blog.redeacampa.org\/es\/no-podemos-escondernos-vivir-en-la-indiferencia-y-en-la-inhumana-neutralidad-tenemos-que-tomar-un-lado-saber-de-que-red-formamos-parte\/\" \/>\n<meta property=\"og:site_name\" content=\"Rede Acampa - Pola paz e o dereito a refuxio\" \/>\n<meta property=\"article:publisher\" content=\"https:\/\/www.facebook.com\/acampapolapazeodereitoarefuxio\" \/>\n<meta property=\"article:published_time\" content=\"2022-11-11T16:09:08+00:00\" \/>\n<meta property=\"og:image\" content=\"https:\/\/blog.redeacampa.org\/wp-content\/uploads\/Entrega-Rec-Pai-Lancellotti.jpg\" \/>\n\t<meta property=\"og:image:width\" content=\"2048\" \/>\n\t<meta property=\"og:image:height\" content=\"923\" \/>\n\t<meta property=\"og:image:type\" content=\"image\/jpeg\" \/>\n<meta name=\"author\" content=\"Comunicaci\u00f3n\" \/>\n<meta name=\"twitter:card\" content=\"summary_large_image\" \/>\n<meta name=\"twitter:creator\" content=\"@Acampa_polapaz\" \/>\n<meta name=\"twitter:site\" content=\"@Acampa_polapaz\" \/>\n<meta name=\"twitter:label1\" content=\"Escrito por\" \/>\n\t<meta name=\"twitter:data1\" content=\"Comunicaci\u00f3n\" \/>\n\t<meta name=\"twitter:label2\" content=\"Tiempo de lectura\" \/>\n\t<meta name=\"twitter:data2\" content=\"4 minutos\" \/>\n<script type=\"application\/ld+json\" class=\"yoast-schema-graph\">{\"@context\":\"https:\\\/\\\/schema.org\",\"@graph\":[{\"@type\":\"Article\",\"@id\":\"https:\\\/\\\/blog.redeacampa.org\\\/es\\\/no-podemos-escondernos-vivir-en-la-indiferencia-y-en-la-inhumana-neutralidad-tenemos-que-tomar-un-lado-saber-de-que-red-formamos-parte\\\/#article\",\"isPartOf\":{\"@id\":\"https:\\\/\\\/blog.redeacampa.org\\\/es\\\/no-podemos-escondernos-vivir-en-la-indiferencia-y-en-la-inhumana-neutralidad-tenemos-que-tomar-un-lado-saber-de-que-red-formamos-parte\\\/\"},\"author\":{\"name\":\"Comunicaci\u00f3n\",\"@id\":\"https:\\\/\\\/blog.redeacampa.org\\\/es\\\/#\\\/schema\\\/person\\\/4af0729a8614cbed1e7078bcc7be966b\"},\"headline\":\"\u201cNO PODEMOS ESCONDERNOS, VIVIR EN LA INDIFERENCIA Y EN LA INHUMANA NEUTRALIDAD. TENEMOS QUE TOMAR UN LADO, SABER DE QU\u00c9 RED FORMAMOS PARTE\u201d\",\"datePublished\":\"2022-11-11T16:09:08+00:00\",\"mainEntityOfPage\":{\"@id\":\"https:\\\/\\\/blog.redeacampa.org\\\/es\\\/no-podemos-escondernos-vivir-en-la-indiferencia-y-en-la-inhumana-neutralidad-tenemos-que-tomar-un-lado-saber-de-que-red-formamos-parte\\\/\"},\"wordCount\":852,\"commentCount\":0,\"image\":{\"@id\":\"https:\\\/\\\/blog.redeacampa.org\\\/es\\\/no-podemos-escondernos-vivir-en-la-indiferencia-y-en-la-inhumana-neutralidad-tenemos-que-tomar-un-lado-saber-de-que-red-formamos-parte\\\/#primaryimage\"},\"thumbnailUrl\":\"https:\\\/\\\/blog.redeacampa.org\\\/wp-content\\\/uploads\\\/Entrega-Rec-Pai-Lancellotti.jpg\",\"keywords\":[\"Brasil\",\"derecho a refugio\",\"derecho de asilo\",\"Derechos Humanos\",\"desplazamientos forzosos\",\"Fotograf\u00eda\",\"fotos\",\"inmigraci\u00f3n\",\"Migraciones\",\"pueblos ind\u00edgenas de Brasil\",\"Refugiadas\",\"Refugiados\"],\"articleSection\":[\"Presentaciones\"],\"inLanguage\":\"es\",\"potentialAction\":[{\"@type\":\"CommentAction\",\"name\":\"Comment\",\"target\":[\"https:\\\/\\\/blog.redeacampa.org\\\/es\\\/no-podemos-escondernos-vivir-en-la-indiferencia-y-en-la-inhumana-neutralidad-tenemos-que-tomar-un-lado-saber-de-que-red-formamos-parte\\\/#respond\"]}]},{\"@type\":\"WebPage\",\"@id\":\"https:\\\/\\\/blog.redeacampa.org\\\/es\\\/no-podemos-escondernos-vivir-en-la-indiferencia-y-en-la-inhumana-neutralidad-tenemos-que-tomar-un-lado-saber-de-que-red-formamos-parte\\\/\",\"url\":\"https:\\\/\\\/blog.redeacampa.org\\\/es\\\/no-podemos-escondernos-vivir-en-la-indiferencia-y-en-la-inhumana-neutralidad-tenemos-que-tomar-un-lado-saber-de-que-red-formamos-parte\\\/\",\"name\":\"\u201cNO PODEMOS ESCONDERNOS, VIVIR EN LA INDIFERENCIA Y EN LA INHUMANA NEUTRALIDAD. TENEMOS QUE TOMAR UN LADO, SABER DE QU\u00c9 RED FORMAMOS PARTE\u201d | Rede Acampa - Pola paz e o dereito a refuxio\",\"isPartOf\":{\"@id\":\"https:\\\/\\\/blog.redeacampa.org\\\/es\\\/#website\"},\"primaryImageOfPage\":{\"@id\":\"https:\\\/\\\/blog.redeacampa.org\\\/es\\\/no-podemos-escondernos-vivir-en-la-indiferencia-y-en-la-inhumana-neutralidad-tenemos-que-tomar-un-lado-saber-de-que-red-formamos-parte\\\/#primaryimage\"},\"image\":{\"@id\":\"https:\\\/\\\/blog.redeacampa.org\\\/es\\\/no-podemos-escondernos-vivir-en-la-indiferencia-y-en-la-inhumana-neutralidad-tenemos-que-tomar-un-lado-saber-de-que-red-formamos-parte\\\/#primaryimage\"},\"thumbnailUrl\":\"https:\\\/\\\/blog.redeacampa.org\\\/wp-content\\\/uploads\\\/Entrega-Rec-Pai-Lancellotti.jpg\",\"datePublished\":\"2022-11-11T16:09:08+00:00\",\"author\":{\"@id\":\"https:\\\/\\\/blog.redeacampa.org\\\/es\\\/#\\\/schema\\\/person\\\/4af0729a8614cbed1e7078bcc7be966b\"},\"breadcrumb\":{\"@id\":\"https:\\\/\\\/blog.redeacampa.org\\\/es\\\/no-podemos-escondernos-vivir-en-la-indiferencia-y-en-la-inhumana-neutralidad-tenemos-que-tomar-un-lado-saber-de-que-red-formamos-parte\\\/#breadcrumb\"},\"inLanguage\":\"es\",\"potentialAction\":[{\"@type\":\"ReadAction\",\"target\":[\"https:\\\/\\\/blog.redeacampa.org\\\/es\\\/no-podemos-escondernos-vivir-en-la-indiferencia-y-en-la-inhumana-neutralidad-tenemos-que-tomar-un-lado-saber-de-que-red-formamos-parte\\\/\"]}]},{\"@type\":\"ImageObject\",\"inLanguage\":\"es\",\"@id\":\"https:\\\/\\\/blog.redeacampa.org\\\/es\\\/no-podemos-escondernos-vivir-en-la-indiferencia-y-en-la-inhumana-neutralidad-tenemos-que-tomar-un-lado-saber-de-que-red-formamos-parte\\\/#primaryimage\",\"url\":\"https:\\\/\\\/blog.redeacampa.org\\\/wp-content\\\/uploads\\\/Entrega-Rec-Pai-Lancellotti.jpg\",\"contentUrl\":\"https:\\\/\\\/blog.redeacampa.org\\\/wp-content\\\/uploads\\\/Entrega-Rec-Pai-Lancellotti.jpg\",\"width\":2048,\"height\":923},{\"@type\":\"BreadcrumbList\",\"@id\":\"https:\\\/\\\/blog.redeacampa.org\\\/es\\\/no-podemos-escondernos-vivir-en-la-indiferencia-y-en-la-inhumana-neutralidad-tenemos-que-tomar-un-lado-saber-de-que-red-formamos-parte\\\/#breadcrumb\",\"itemListElement\":[{\"@type\":\"ListItem\",\"position\":1,\"name\":\"Portada\",\"item\":\"https:\\\/\\\/blog.redeacampa.org\\\/es\\\/\"},{\"@type\":\"ListItem\",\"position\":2,\"name\":\"\u201cNO PODEMOS ESCONDERNOS, VIVIR EN LA INDIFERENCIA Y EN LA INHUMANA NEUTRALIDAD. TENEMOS QUE TOMAR UN LADO, SABER DE QU\u00c9 RED FORMAMOS PARTE\u201d\"}]},{\"@type\":\"WebSite\",\"@id\":\"https:\\\/\\\/blog.redeacampa.org\\\/es\\\/#website\",\"url\":\"https:\\\/\\\/blog.redeacampa.org\\\/es\\\/\",\"name\":\"Rede Acampa - Por la paz y el derecho a refugio\",\"description\":\"Unha iniciativa cidad\u00e1 sen fins de lucro integrada por colectivos sociais, culturais, educativos, veci\u00f1ais, pol\u00edticos, sindicais, art\u00edsticos, de persoas solidarias, de instituci\u00f3ns e empresas con responsabilidade social que te\u00f1en como obxectivo a defensa dos dereitos humanos, o Dereito Internacional Humanitario e o Dereito a Refuxio.\",\"potentialAction\":[{\"@type\":\"SearchAction\",\"target\":{\"@type\":\"EntryPoint\",\"urlTemplate\":\"https:\\\/\\\/blog.redeacampa.org\\\/es\\\/?s={search_term_string}\"},\"query-input\":{\"@type\":\"PropertyValueSpecification\",\"valueRequired\":true,\"valueName\":\"search_term_string\"}}],\"inLanguage\":\"es\"},{\"@type\":\"Person\",\"@id\":\"https:\\\/\\\/blog.redeacampa.org\\\/es\\\/#\\\/schema\\\/person\\\/4af0729a8614cbed1e7078bcc7be966b\",\"name\":\"Comunicaci\u00f3n\",\"image\":{\"@type\":\"ImageObject\",\"inLanguage\":\"es\",\"@id\":\"https:\\\/\\\/secure.gravatar.com\\\/avatar\\\/8e8fea06f5f2696e331aacd588d2000164152c9aa47459d1e52be3c1ab5f5ca5?s=96&d=mm&r=g\",\"url\":\"https:\\\/\\\/secure.gravatar.com\\\/avatar\\\/8e8fea06f5f2696e331aacd588d2000164152c9aa47459d1e52be3c1ab5f5ca5?s=96&d=mm&r=g\",\"contentUrl\":\"https:\\\/\\\/secure.gravatar.com\\\/avatar\\\/8e8fea06f5f2696e331aacd588d2000164152c9aa47459d1e52be3c1ab5f5ca5?s=96&d=mm&r=g\",\"caption\":\"Comunicaci\u00f3n\"}}]}<\/script>\n<!-- \/ Yoast SEO plugin. -->","yoast_head_json":{"title":"\u201cNO PODEMOS ESCONDERNOS, VIVIR EN LA INDIFERENCIA Y EN LA INHUMANA NEUTRALIDAD. TENEMOS QUE TOMAR UN LADO, SABER DE QU\u00c9 RED FORMAMOS PARTE\u201d | Rede Acampa - Pola paz e o dereito a refuxio","robots":{"index":"index","follow":"follow","max-snippet":"max-snippet:-1","max-image-preview":"max-image-preview:large","max-video-preview":"max-video-preview:-1"},"canonical":"https:\/\/blog.redeacampa.org\/es\/no-podemos-escondernos-vivir-en-la-indiferencia-y-en-la-inhumana-neutralidad-tenemos-que-tomar-un-lado-saber-de-que-red-formamos-parte\/","og_locale":"es_ES","og_type":"article","og_title":"\u201cNO PODEMOS ESCONDERNOS, VIVIR EN LA INDIFERENCIA Y EN LA INHUMANA NEUTRALIDAD. TENEMOS QUE TOMAR UN LADO, SABER DE QU\u00c9 RED FORMAMOS PARTE\u201d | Rede Acampa - Pola paz e o dereito a refuxio","og_description":"Mensaje del Padre Julio Lancellotti, el defensor de los vulnerables de Sao Paulo, al recoger el I Reconocimiento Acampa a la Defensa de los Derechos Humanos que se entrega en Brasil El coordinador del Movimiento Acampa, Xos\u00e9 Abad traslad\u00f3 a los asistentes la importancia de organizaciones como Red Acampa que a\u00fana las voces de decenas [&hellip;]","og_url":"https:\/\/blog.redeacampa.org\/es\/no-podemos-escondernos-vivir-en-la-indiferencia-y-en-la-inhumana-neutralidad-tenemos-que-tomar-un-lado-saber-de-que-red-formamos-parte\/","og_site_name":"Rede Acampa - Pola paz e o dereito a refuxio","article_publisher":"https:\/\/www.facebook.com\/acampapolapazeodereitoarefuxio","article_published_time":"2022-11-11T16:09:08+00:00","og_image":[{"width":2048,"height":923,"url":"https:\/\/blog.redeacampa.org\/wp-content\/uploads\/Entrega-Rec-Pai-Lancellotti.jpg","type":"image\/jpeg"}],"author":"Comunicaci\u00f3n","twitter_card":"summary_large_image","twitter_creator":"@Acampa_polapaz","twitter_site":"@Acampa_polapaz","twitter_misc":{"Escrito por":"Comunicaci\u00f3n","Tiempo de lectura":"4 minutos"},"schema":{"@context":"https:\/\/schema.org","@graph":[{"@type":"Article","@id":"https:\/\/blog.redeacampa.org\/es\/no-podemos-escondernos-vivir-en-la-indiferencia-y-en-la-inhumana-neutralidad-tenemos-que-tomar-un-lado-saber-de-que-red-formamos-parte\/#article","isPartOf":{"@id":"https:\/\/blog.redeacampa.org\/es\/no-podemos-escondernos-vivir-en-la-indiferencia-y-en-la-inhumana-neutralidad-tenemos-que-tomar-un-lado-saber-de-que-red-formamos-parte\/"},"author":{"name":"Comunicaci\u00f3n","@id":"https:\/\/blog.redeacampa.org\/es\/#\/schema\/person\/4af0729a8614cbed1e7078bcc7be966b"},"headline":"\u201cNO PODEMOS ESCONDERNOS, VIVIR EN LA INDIFERENCIA Y EN LA INHUMANA NEUTRALIDAD. TENEMOS QUE TOMAR UN LADO, SABER DE QU\u00c9 RED FORMAMOS PARTE\u201d","datePublished":"2022-11-11T16:09:08+00:00","mainEntityOfPage":{"@id":"https:\/\/blog.redeacampa.org\/es\/no-podemos-escondernos-vivir-en-la-indiferencia-y-en-la-inhumana-neutralidad-tenemos-que-tomar-un-lado-saber-de-que-red-formamos-parte\/"},"wordCount":852,"commentCount":0,"image":{"@id":"https:\/\/blog.redeacampa.org\/es\/no-podemos-escondernos-vivir-en-la-indiferencia-y-en-la-inhumana-neutralidad-tenemos-que-tomar-un-lado-saber-de-que-red-formamos-parte\/#primaryimage"},"thumbnailUrl":"https:\/\/blog.redeacampa.org\/wp-content\/uploads\/Entrega-Rec-Pai-Lancellotti.jpg","keywords":["Brasil","derecho a refugio","derecho de asilo","Derechos Humanos","desplazamientos forzosos","Fotograf\u00eda","fotos","inmigraci\u00f3n","Migraciones","pueblos ind\u00edgenas de Brasil","Refugiadas","Refugiados"],"articleSection":["Presentaciones"],"inLanguage":"es","potentialAction":[{"@type":"CommentAction","name":"Comment","target":["https:\/\/blog.redeacampa.org\/es\/no-podemos-escondernos-vivir-en-la-indiferencia-y-en-la-inhumana-neutralidad-tenemos-que-tomar-un-lado-saber-de-que-red-formamos-parte\/#respond"]}]},{"@type":"WebPage","@id":"https:\/\/blog.redeacampa.org\/es\/no-podemos-escondernos-vivir-en-la-indiferencia-y-en-la-inhumana-neutralidad-tenemos-que-tomar-un-lado-saber-de-que-red-formamos-parte\/","url":"https:\/\/blog.redeacampa.org\/es\/no-podemos-escondernos-vivir-en-la-indiferencia-y-en-la-inhumana-neutralidad-tenemos-que-tomar-un-lado-saber-de-que-red-formamos-parte\/","name":"\u201cNO PODEMOS ESCONDERNOS, VIVIR EN LA INDIFERENCIA Y EN LA INHUMANA NEUTRALIDAD. TENEMOS QUE TOMAR UN LADO, SABER DE QU\u00c9 RED FORMAMOS PARTE\u201d | Rede Acampa - Pola paz e o dereito a refuxio","isPartOf":{"@id":"https:\/\/blog.redeacampa.org\/es\/#website"},"primaryImageOfPage":{"@id":"https:\/\/blog.redeacampa.org\/es\/no-podemos-escondernos-vivir-en-la-indiferencia-y-en-la-inhumana-neutralidad-tenemos-que-tomar-un-lado-saber-de-que-red-formamos-parte\/#primaryimage"},"image":{"@id":"https:\/\/blog.redeacampa.org\/es\/no-podemos-escondernos-vivir-en-la-indiferencia-y-en-la-inhumana-neutralidad-tenemos-que-tomar-un-lado-saber-de-que-red-formamos-parte\/#primaryimage"},"thumbnailUrl":"https:\/\/blog.redeacampa.org\/wp-content\/uploads\/Entrega-Rec-Pai-Lancellotti.jpg","datePublished":"2022-11-11T16:09:08+00:00","author":{"@id":"https:\/\/blog.redeacampa.org\/es\/#\/schema\/person\/4af0729a8614cbed1e7078bcc7be966b"},"breadcrumb":{"@id":"https:\/\/blog.redeacampa.org\/es\/no-podemos-escondernos-vivir-en-la-indiferencia-y-en-la-inhumana-neutralidad-tenemos-que-tomar-un-lado-saber-de-que-red-formamos-parte\/#breadcrumb"},"inLanguage":"es","potentialAction":[{"@type":"ReadAction","target":["https:\/\/blog.redeacampa.org\/es\/no-podemos-escondernos-vivir-en-la-indiferencia-y-en-la-inhumana-neutralidad-tenemos-que-tomar-un-lado-saber-de-que-red-formamos-parte\/"]}]},{"@type":"ImageObject","inLanguage":"es","@id":"https:\/\/blog.redeacampa.org\/es\/no-podemos-escondernos-vivir-en-la-indiferencia-y-en-la-inhumana-neutralidad-tenemos-que-tomar-un-lado-saber-de-que-red-formamos-parte\/#primaryimage","url":"https:\/\/blog.redeacampa.org\/wp-content\/uploads\/Entrega-Rec-Pai-Lancellotti.jpg","contentUrl":"https:\/\/blog.redeacampa.org\/wp-content\/uploads\/Entrega-Rec-Pai-Lancellotti.jpg","width":2048,"height":923},{"@type":"BreadcrumbList","@id":"https:\/\/blog.redeacampa.org\/es\/no-podemos-escondernos-vivir-en-la-indiferencia-y-en-la-inhumana-neutralidad-tenemos-que-tomar-un-lado-saber-de-que-red-formamos-parte\/#breadcrumb","itemListElement":[{"@type":"ListItem","position":1,"name":"Portada","item":"https:\/\/blog.redeacampa.org\/es\/"},{"@type":"ListItem","position":2,"name":"\u201cNO PODEMOS ESCONDERNOS, VIVIR EN LA INDIFERENCIA Y EN LA INHUMANA NEUTRALIDAD. TENEMOS QUE TOMAR UN LADO, SABER DE QU\u00c9 RED FORMAMOS PARTE\u201d"}]},{"@type":"WebSite","@id":"https:\/\/blog.redeacampa.org\/es\/#website","url":"https:\/\/blog.redeacampa.org\/es\/","name":"Rede Acampa - Por la paz y el derecho a refugio","description":"Unha iniciativa cidad\u00e1 sen fins de lucro integrada por colectivos sociais, culturais, educativos, veci\u00f1ais, pol\u00edticos, sindicais, art\u00edsticos, de persoas solidarias, de instituci\u00f3ns e empresas con responsabilidade social que te\u00f1en como obxectivo a defensa dos dereitos humanos, o Dereito Internacional Humanitario e o Dereito a Refuxio.","potentialAction":[{"@type":"SearchAction","target":{"@type":"EntryPoint","urlTemplate":"https:\/\/blog.redeacampa.org\/es\/?s={search_term_string}"},"query-input":{"@type":"PropertyValueSpecification","valueRequired":true,"valueName":"search_term_string"}}],"inLanguage":"es"},{"@type":"Person","@id":"https:\/\/blog.redeacampa.org\/es\/#\/schema\/person\/4af0729a8614cbed1e7078bcc7be966b","name":"Comunicaci\u00f3n","image":{"@type":"ImageObject","inLanguage":"es","@id":"https:\/\/secure.gravatar.com\/avatar\/8e8fea06f5f2696e331aacd588d2000164152c9aa47459d1e52be3c1ab5f5ca5?s=96&d=mm&r=g","url":"https:\/\/secure.gravatar.com\/avatar\/8e8fea06f5f2696e331aacd588d2000164152c9aa47459d1e52be3c1ab5f5ca5?s=96&d=mm&r=g","contentUrl":"https:\/\/secure.gravatar.com\/avatar\/8e8fea06f5f2696e331aacd588d2000164152c9aa47459d1e52be3c1ab5f5ca5?s=96&d=mm&r=g","caption":"Comunicaci\u00f3n"}}]}},"_links":{"self":[{"href":"https:\/\/blog.redeacampa.org\/es\/wp-json\/wp\/v2\/posts\/38450","targetHints":{"allow":["GET"]}}],"collection":[{"href":"https:\/\/blog.redeacampa.org\/es\/wp-json\/wp\/v2\/posts"}],"about":[{"href":"https:\/\/blog.redeacampa.org\/es\/wp-json\/wp\/v2\/types\/post"}],"author":[{"embeddable":true,"href":"https:\/\/blog.redeacampa.org\/es\/wp-json\/wp\/v2\/users\/25"}],"replies":[{"embeddable":true,"href":"https:\/\/blog.redeacampa.org\/es\/wp-json\/wp\/v2\/comments?post=38450"}],"version-history":[{"count":2,"href":"https:\/\/blog.redeacampa.org\/es\/wp-json\/wp\/v2\/posts\/38450\/revisions"}],"predecessor-version":[{"id":38452,"href":"https:\/\/blog.redeacampa.org\/es\/wp-json\/wp\/v2\/posts\/38450\/revisions\/38452"}],"wp:featuredmedia":[{"embeddable":true,"href":"https:\/\/blog.redeacampa.org\/es\/wp-json\/wp\/v2\/media\/38445"}],"wp:attachment":[{"href":"https:\/\/blog.redeacampa.org\/es\/wp-json\/wp\/v2\/media?parent=38450"}],"wp:term":[{"taxonomy":"category","embeddable":true,"href":"https:\/\/blog.redeacampa.org\/es\/wp-json\/wp\/v2\/categories?post=38450"},{"taxonomy":"post_tag","embeddable":true,"href":"https:\/\/blog.redeacampa.org\/es\/wp-json\/wp\/v2\/tags?post=38450"}],"curies":[{"name":"wp","href":"https:\/\/api.w.org\/{rel}","templated":true}]}}