{"id":37395,"date":"2019-10-30T10:55:57","date_gmt":"2019-10-30T09:55:57","guid":{"rendered":"https:\/\/blog.redeacampa.org\/?p=37395"},"modified":"2019-10-31T13:22:43","modified_gmt":"2019-10-31T12:22:43","slug":"unha-delegacion-de-acampa-coruna-viaxa-a-brasil-para-participar-na-difusion-da-iniciativa-que-tera-nese-pais-a-sua-primeira-replica-internacional","status":"publish","type":"post","link":"https:\/\/blog.redeacampa.org\/gl\/unha-delegacion-de-acampa-coruna-viaxa-a-brasil-para-participar-na-difusion-da-iniciativa-que-tera-nese-pais-a-sua-primeira-replica-internacional\/","title":{"rendered":"Unha delegaci\u00f3n de Acampa Coru\u00f1a viaxa a Brasil para participar na difusi\u00f3n da iniciativa que ter\u00e1 nese pa\u00eds a s\u00faa primeira r\u00e9plica internacional"},"content":{"rendered":"<p><em>Os estados de Sao Paulo, sede da primeira Acampa brasileira (Piracicaba), e de Mato Grosso do Sul, son os dous destinos do desprazamento<\/em><\/p>\n<p><strong><em>\u00a0<\/em><\/strong><em>As tres persoas que integran a delegaci\u00f3n intervir\u00e1n en diversos actos preparatorios e de difusi\u00f3n da que ser\u00e1 a primeira edici\u00f3n de Acampa f\u00f3ra de Espa\u00f1a. Tam\u00e9n manter\u00e1n contactos con organizaci\u00f3ns, dirixentes sociais e l\u00edderes ind\u00edxenas<\/em><\/p>\n<p>Unha delegaci\u00f3n coru\u00f1esa da rede <em>Acampa pola paz e o dereito a refuxio<\/em> encabezada polo seu coordinador, o fotodocumentalista <strong>Xos\u00e9 Abad<\/strong>, viaxar\u00e1 durante a primeira quincena de novembro a Brasil para participar en diversos actos preparatorios e na procura de apoios para o que ser\u00e1 a primeira r\u00e9plica internacional da iniciativa galega. Durante a estad\u00eda naquel pa\u00eds suramericano, as persoas integrantes da delegaci\u00f3n, <strong>Xos\u00e9<\/strong> <strong>Abad e<\/strong> <strong>Alfonso V\u00e1zquez<\/strong>, do equipo de coordinaci\u00f3n, e mais o membro da rede Acampa, <strong>Xulio Garc\u00eda<\/strong> -que autofinancian o seu desprazamento- reuniranse con colectivos e personalidades de distintos movementos sociais e pol\u00edticos, l\u00edderes ind\u00edxenas e dirixentes do MST (<em>Movemento Sem Terra<\/em>) e a FUNAI (<em>Fundaci\u00f3n Nacional do Indio<\/em>). Tam\u00e9n participar\u00e1n en distintos actos na cidade de Piracicaba (Sao Paulo), sede da que ser\u00e1 a primeira edici\u00f3n de <em>Acampa<\/em> en territorio brasileiro.<\/p>\n<p>O estado de Sao Paulo ser\u00e1 o primeiro destino da delegaci\u00f3n. Al\u00ed manter\u00e1n reuni\u00f3ns co grupo promotor de <em>Acampa <\/em>Brasil, cuxo principal art\u00edfice \u00e9 o experto en educaci\u00f3n ambiental <strong>Marcos Sorrentino<\/strong>, profesor universitario e \u00a0ex-alto cargo do Ministerio de Medio Ambiente da Administraci\u00f3n Lula. En Piracicaba, <strong>Xos\u00e9 Abad<\/strong> intervir\u00e1, o d\u00eda 4 de novembro, nunha xornada p\u00fablica organizada pola C\u00e1mara de Vereadores da cidade, baixo o t\u00edtulo <em>Movimento Acampa. Vulnerabilidade, Ref\u00fagio e Bem Viver<\/em> (este \u00faltimo termo \u00e9 un concepto ind\u00edxena ancestral que fai referencia \u00e1 relaci\u00f3n harm\u00f3nica entre o ser humano e a natureza). O portavoz de <em>Acampa<\/em> Coru\u00f1a tam\u00e9n dirixir\u00e1 neses d\u00edas un obradoiro de fotograf\u00eda documental.<\/p>\n<p><strong>Defensores do medio ambiente\u00a0\u00a0\u00a0\u00a0\u00a0\u00a0\u00a0\u00a0\u00a0\u00a0\u00a0\u00a0\u00a0\u00a0\u00a0\u00a0\u00a0\u00a0\u00a0\u00a0\u00a0\u00a0\u00a0\u00a0\u00a0\u00a0\u00a0\u00a0\u00a0\u00a0\u00a0\u00a0\u00a0\u00a0\u00a0\u00a0\u00a0\u00a0\u00a0\u00a0\u00a0\u00a0\u00a0\u00a0\u00a0\u00a0\u00a0\u00a0\u00a0\u00a0\u00a0\u00a0\u00a0\u00a0\u00a0\u00a0\u00a0\u00a0\u00a0\u00a0\u00a0\u00a0 <\/strong><\/p>\n<p>Na axenda da delegaci\u00f3n figuran, ademais, visitas a iniciativas do <em>Movimento dos Trabalhadores Rurais Sem Terra<\/em> (MST) tales como o <em>Acampamento Marielle Vive e Ocupa\u00e7\u00e4o Nove de Julho<\/em> , cuxo obxectivo \u00e9 dar uso \u00e1s terras bald\u00edas do pa\u00eds. Os membros de <em>Acampa <\/em>Coru\u00f1a reuniranse tam\u00e9n con expertos defensores do medio ambiente e as comunidades ind\u00edxenas. Na \u00faltima etapa da viaxe, que se prolongar\u00e1 ata o 14 de novembro, realizar\u00e1n un percorrido por diversos campamentos ind\u00edxenas da zona de Dourados, no estado de Mato Grosso do Sul, nos que viven poboaci\u00f3ns expulsadas das s\u00faas terras.<\/p>\n<p>A cidade brasileira de Piracicaba, a 150 quil\u00f3metros de Sao Paulo e cunha poboaci\u00f3n semellante \u00e1 da propia \u00e1rea metropolitana coru\u00f1esa, ser\u00e1 a sede da primeira <em>Acampa<\/em> f\u00f3ra de Galicia. O seu impulsor, <strong>Marcos Sorrentino<\/strong>, responsable do <em>Laboratorio de Educaci\u00f3n e Pol\u00edtica Ambiental<\/em> (m\u00e9todo Oca) da Universidade de Sao Paulo, aspira a replicar Acampa tam\u00e9n noutras cidades do pa\u00eds. Para iso, xunto ao <em>Laboratorio de Educaci\u00f3n e Pol\u00edtica Ambiental<\/em> e varias organizaci\u00f3ns locais de Piracicaba (os responsables da <em>Xornada Universitaria pola Reforma Agraria<\/em>, entre outras), est\u00e1 a empregar todas as v\u00edas negociadoras ao seu alcance a prol dese obxectivo, como a <em>Rede de Educaci\u00f3n e Xustiza Ambiental<\/em>, os <em>Congresos Lus\u00f3fonos de Educaci\u00f3n Ambiental<\/em> e as <em>Caravanas do Bem Viver<\/em>.<\/p>\n<p>A iniciativa de realizar <em>Acampa<\/em> en Brasil xurdiu por mor da presenza de <strong>Sorrentino<\/strong> e a s\u00faa colega do <em>Laboratorio de Educaci\u00f3n e Pol\u00edtica Ambiental<\/em>, <strong>Simone Portugal<\/strong>, en <em>Acampa<\/em> Coru\u00f1a para expo\u00f1er o labor que desenvolve o <em>Movemento dous Traballadores Rurais Sen Terra<\/em> en Brasil e, por extensi\u00f3n, a s\u00faa aposta pola educaci\u00f3n popular (m\u00e9todo Oca). A escala na Coru\u00f1a, unha m\u00e1is do periplo internacional que ambos emprenderon para dar a co\u00f1ecer e a un tempo, contrastar, o seu traballo de investigaci\u00f3n ao redor da educaci\u00f3n e o medio ambiente, resultou decisiva. \u201cNa Coru\u00f1a puidemos comprobar a converxencia entre a filosof\u00eda do movemento <em>Acampa<\/em> e as nosas \u00e1reas de actuaci\u00f3n, centradas na loita pola terra e a xustiza social\u201d. A educaci\u00f3n ambiental, comenta a ese respecto o impulsor de Acampa Brasil, \u201c\u00e9 un cami\u00f1o para protexer o futuro de mill\u00f3ns de persoas que, doutro xeito, abocamos a migrar\u201d.<\/p>\n<p><em>Acampa<\/em> \u00e9 unha iniciativa sen fins de lucro que naceu en 2016, na Coru\u00f1a. O seu obxectivo \u00e9 defender os Dereitos Humanos, o Dereito Internacional Humanitario e o Dereito a Refuxio e para elo promove anualmente na cidade un campamento simb\u00f3lico de persoas refuxiadas (Xard\u00edns de M\u00e9ndez N\u00fa\u00f1ez) e ao seu redor toda unha serie de actividades como conferencias, encontros e exposici\u00f3ns fotogr\u00e1ficas para achegar \u00e1 cidadan\u00eda a situaci\u00f3n das persoas desprazadas. En cada edici\u00f3n pon o foco nun aspecto concreto. En 2017, a primeira, foi a crise das persoas desprazadas por mor da guerra en\u00a0 Siria, en 2018 as migraci\u00f3ns polo cambio clim\u00e1tico e este ano 2019, as mulleres refuxiadas. En 2020 centrar\u00e1 as actividades no espolio de recursos que est\u00e1 detr\u00e1s de moitas das migraci\u00f3ns masivas no planeta. Integran a rede <em>Acampa <\/em>colectivos sociais, culturais, educativos, veci\u00f1ais, pol\u00edticos e sindicais, ademais de instituci\u00f3ns e empresas con responsabilidade social e mesmo particulares. Unha gran maior\u00eda desas organizaci\u00f3ns son ONG que traballan sobre o terreo coas persoas refuxiadas en todo o mundo.<\/p>\n<p>&nbsp;<\/p>\n","protected":false},"excerpt":{"rendered":"<p>Os estados de Sao Paulo, sede da primeira Acampa brasileira (Piracicaba), e de Mato Grosso do Sul, son os dous destinos do desprazamento \u00a0As tres persoas que integran a delegaci\u00f3n intervir\u00e1n en diversos actos preparatorios e de difusi\u00f3n da que ser\u00e1 a primeira edici\u00f3n de Acampa f\u00f3ra de Espa\u00f1a. Tam\u00e9n manter\u00e1n contactos con organizaci\u00f3ns, dirixentes [&hellip;]<\/p>\n","protected":false},"author":25,"featured_media":37396,"comment_status":"open","ping_status":"open","sticky":false,"template":"","format":"standard","meta":{"_et_pb_use_builder":"","_et_pb_old_content":"","_et_gb_content_width":"","inline_featured_image":false,"footnotes":""},"categories":[1],"tags":[15],"class_list":["post-37395","post","type-post","status-publish","format-standard","has-post-thumbnail","hentry","category-presentacios","tag-sensibilizacion-gl"],"yoast_head":"<!-- This site is optimized with the Yoast SEO plugin v27.4 - https:\/\/yoast.com\/product\/yoast-seo-wordpress\/ -->\n<title>Unha delegaci\u00f3n de Acampa Coru\u00f1a viaxa a Brasil para participar na difusi\u00f3n da iniciativa que ter\u00e1 nese pa\u00eds a s\u00faa primeira r\u00e9plica internacional | Rede Acampa - Por la paz y el derecho a refugio<\/title>\n<meta name=\"robots\" content=\"index, follow, max-snippet:-1, max-image-preview:large, max-video-preview:-1\" \/>\n<link rel=\"canonical\" href=\"https:\/\/blog.redeacampa.org\/gl\/unha-delegacion-de-acampa-coruna-viaxa-a-brasil-para-participar-na-difusion-da-iniciativa-que-tera-nese-pais-a-sua-primeira-replica-internacional\/\" \/>\n<meta property=\"og:locale\" content=\"gl_ES\" \/>\n<meta property=\"og:type\" content=\"article\" \/>\n<meta property=\"og:title\" content=\"Unha delegaci\u00f3n de Acampa Coru\u00f1a viaxa a Brasil para participar na difusi\u00f3n da iniciativa que ter\u00e1 nese pa\u00eds a s\u00faa primeira r\u00e9plica internacional | Rede Acampa - Por la paz y el derecho a refugio\" \/>\n<meta property=\"og:description\" content=\"Os estados de Sao Paulo, sede da primeira Acampa brasileira (Piracicaba), e de Mato Grosso do Sul, son os dous destinos do desprazamento \u00a0As tres persoas que integran a delegaci\u00f3n intervir\u00e1n en diversos actos preparatorios e de difusi\u00f3n da que ser\u00e1 a primeira edici\u00f3n de Acampa f\u00f3ra de Espa\u00f1a. Tam\u00e9n manter\u00e1n contactos con organizaci\u00f3ns, dirixentes [&hellip;]\" \/>\n<meta property=\"og:url\" content=\"https:\/\/blog.redeacampa.org\/gl\/unha-delegacion-de-acampa-coruna-viaxa-a-brasil-para-participar-na-difusion-da-iniciativa-que-tera-nese-pais-a-sua-primeira-replica-internacional\/\" \/>\n<meta property=\"og:site_name\" content=\"Rede Acampa - Por la paz y el derecho a refugio\" \/>\n<meta property=\"article:publisher\" content=\"https:\/\/www.facebook.com\/acampapolapazeodereitoarefuxio\" \/>\n<meta property=\"article:published_time\" content=\"2019-10-30T09:55:57+00:00\" \/>\n<meta property=\"article:modified_time\" content=\"2019-10-31T12:22:43+00:00\" \/>\n<meta property=\"og:image\" content=\"https:\/\/blog.redeacampa.org\/wp-content\/uploads\/Sorrentino-y-Portugal-1024x683.jpg\" \/>\n\t<meta property=\"og:image:width\" content=\"1024\" \/>\n\t<meta property=\"og:image:height\" content=\"683\" \/>\n\t<meta property=\"og:image:type\" content=\"image\/jpeg\" \/>\n<meta name=\"author\" content=\"Comunicaci\u00f3n\" \/>\n<meta name=\"twitter:card\" content=\"summary_large_image\" \/>\n<meta name=\"twitter:creator\" content=\"@Acampa_polapaz\" \/>\n<meta name=\"twitter:site\" content=\"@Acampa_polapaz\" \/>\n<meta name=\"twitter:label1\" content=\"Escrito por\" \/>\n\t<meta name=\"twitter:data1\" content=\"Comunicaci\u00f3n\" \/>\n\t<meta name=\"twitter:label2\" content=\"Tempo de lectura\" \/>\n\t<meta name=\"twitter:data2\" content=\"5 minutos\" \/>\n<script type=\"application\/ld+json\" class=\"yoast-schema-graph\">{\"@context\":\"https:\\\/\\\/schema.org\",\"@graph\":[{\"@type\":\"Article\",\"@id\":\"https:\\\/\\\/blog.redeacampa.org\\\/gl\\\/unha-delegacion-de-acampa-coruna-viaxa-a-brasil-para-participar-na-difusion-da-iniciativa-que-tera-nese-pais-a-sua-primeira-replica-internacional\\\/#article\",\"isPartOf\":{\"@id\":\"https:\\\/\\\/blog.redeacampa.org\\\/gl\\\/unha-delegacion-de-acampa-coruna-viaxa-a-brasil-para-participar-na-difusion-da-iniciativa-que-tera-nese-pais-a-sua-primeira-replica-internacional\\\/\"},\"author\":{\"name\":\"Comunicaci\u00f3n\",\"@id\":\"https:\\\/\\\/blog.redeacampa.org\\\/gl\\\/#\\\/schema\\\/person\\\/4af0729a8614cbed1e7078bcc7be966b\"},\"headline\":\"Unha delegaci\u00f3n de Acampa Coru\u00f1a viaxa a Brasil para participar na difusi\u00f3n da iniciativa que ter\u00e1 nese pa\u00eds a s\u00faa primeira r\u00e9plica internacional\",\"datePublished\":\"2019-10-30T09:55:57+00:00\",\"dateModified\":\"2019-10-31T12:22:43+00:00\",\"mainEntityOfPage\":{\"@id\":\"https:\\\/\\\/blog.redeacampa.org\\\/gl\\\/unha-delegacion-de-acampa-coruna-viaxa-a-brasil-para-participar-na-difusion-da-iniciativa-que-tera-nese-pais-a-sua-primeira-replica-internacional\\\/\"},\"wordCount\":965,\"commentCount\":0,\"image\":{\"@id\":\"https:\\\/\\\/blog.redeacampa.org\\\/gl\\\/unha-delegacion-de-acampa-coruna-viaxa-a-brasil-para-participar-na-difusion-da-iniciativa-que-tera-nese-pais-a-sua-primeira-replica-internacional\\\/#primaryimage\"},\"thumbnailUrl\":\"https:\\\/\\\/blog.redeacampa.org\\\/wp-content\\\/uploads\\\/Sorrentino-y-Portugal.jpg\",\"keywords\":[\"Sensibilizaci\u00f3n\"],\"articleSection\":[\"Presentacios\"],\"inLanguage\":\"gl-ES\",\"potentialAction\":[{\"@type\":\"CommentAction\",\"name\":\"Comment\",\"target\":[\"https:\\\/\\\/blog.redeacampa.org\\\/gl\\\/unha-delegacion-de-acampa-coruna-viaxa-a-brasil-para-participar-na-difusion-da-iniciativa-que-tera-nese-pais-a-sua-primeira-replica-internacional\\\/#respond\"]}]},{\"@type\":\"WebPage\",\"@id\":\"https:\\\/\\\/blog.redeacampa.org\\\/gl\\\/unha-delegacion-de-acampa-coruna-viaxa-a-brasil-para-participar-na-difusion-da-iniciativa-que-tera-nese-pais-a-sua-primeira-replica-internacional\\\/\",\"url\":\"https:\\\/\\\/blog.redeacampa.org\\\/gl\\\/unha-delegacion-de-acampa-coruna-viaxa-a-brasil-para-participar-na-difusion-da-iniciativa-que-tera-nese-pais-a-sua-primeira-replica-internacional\\\/\",\"name\":\"Unha delegaci\u00f3n de Acampa Coru\u00f1a viaxa a Brasil para participar na difusi\u00f3n da iniciativa que ter\u00e1 nese pa\u00eds a s\u00faa primeira r\u00e9plica internacional | Rede Acampa - Por la paz y el derecho a refugio\",\"isPartOf\":{\"@id\":\"https:\\\/\\\/blog.redeacampa.org\\\/gl\\\/#website\"},\"primaryImageOfPage\":{\"@id\":\"https:\\\/\\\/blog.redeacampa.org\\\/gl\\\/unha-delegacion-de-acampa-coruna-viaxa-a-brasil-para-participar-na-difusion-da-iniciativa-que-tera-nese-pais-a-sua-primeira-replica-internacional\\\/#primaryimage\"},\"image\":{\"@id\":\"https:\\\/\\\/blog.redeacampa.org\\\/gl\\\/unha-delegacion-de-acampa-coruna-viaxa-a-brasil-para-participar-na-difusion-da-iniciativa-que-tera-nese-pais-a-sua-primeira-replica-internacional\\\/#primaryimage\"},\"thumbnailUrl\":\"https:\\\/\\\/blog.redeacampa.org\\\/wp-content\\\/uploads\\\/Sorrentino-y-Portugal.jpg\",\"datePublished\":\"2019-10-30T09:55:57+00:00\",\"dateModified\":\"2019-10-31T12:22:43+00:00\",\"author\":{\"@id\":\"https:\\\/\\\/blog.redeacampa.org\\\/gl\\\/#\\\/schema\\\/person\\\/4af0729a8614cbed1e7078bcc7be966b\"},\"breadcrumb\":{\"@id\":\"https:\\\/\\\/blog.redeacampa.org\\\/gl\\\/unha-delegacion-de-acampa-coruna-viaxa-a-brasil-para-participar-na-difusion-da-iniciativa-que-tera-nese-pais-a-sua-primeira-replica-internacional\\\/#breadcrumb\"},\"inLanguage\":\"gl-ES\",\"potentialAction\":[{\"@type\":\"ReadAction\",\"target\":[\"https:\\\/\\\/blog.redeacampa.org\\\/gl\\\/unha-delegacion-de-acampa-coruna-viaxa-a-brasil-para-participar-na-difusion-da-iniciativa-que-tera-nese-pais-a-sua-primeira-replica-internacional\\\/\"]}]},{\"@type\":\"ImageObject\",\"inLanguage\":\"gl-ES\",\"@id\":\"https:\\\/\\\/blog.redeacampa.org\\\/gl\\\/unha-delegacion-de-acampa-coruna-viaxa-a-brasil-para-participar-na-difusion-da-iniciativa-que-tera-nese-pais-a-sua-primeira-replica-internacional\\\/#primaryimage\",\"url\":\"https:\\\/\\\/blog.redeacampa.org\\\/wp-content\\\/uploads\\\/Sorrentino-y-Portugal.jpg\",\"contentUrl\":\"https:\\\/\\\/blog.redeacampa.org\\\/wp-content\\\/uploads\\\/Sorrentino-y-Portugal.jpg\",\"width\":2126,\"height\":1417},{\"@type\":\"BreadcrumbList\",\"@id\":\"https:\\\/\\\/blog.redeacampa.org\\\/gl\\\/unha-delegacion-de-acampa-coruna-viaxa-a-brasil-para-participar-na-difusion-da-iniciativa-que-tera-nese-pais-a-sua-primeira-replica-internacional\\\/#breadcrumb\",\"itemListElement\":[{\"@type\":\"ListItem\",\"position\":1,\"name\":\"Portada\",\"item\":\"https:\\\/\\\/blog.redeacampa.org\\\/gl\\\/\"},{\"@type\":\"ListItem\",\"position\":2,\"name\":\"Unha delegaci\u00f3n de Acampa Coru\u00f1a viaxa a Brasil para participar na difusi\u00f3n da iniciativa que ter\u00e1 nese pa\u00eds a s\u00faa primeira r\u00e9plica internacional\"}]},{\"@type\":\"WebSite\",\"@id\":\"https:\\\/\\\/blog.redeacampa.org\\\/gl\\\/#website\",\"url\":\"https:\\\/\\\/blog.redeacampa.org\\\/gl\\\/\",\"name\":\"Rede Acampa - Por la paz y el derecho a refugio\",\"description\":\"Una iniciativa ciudadana sin fines de lucro integrada por colectivos sociales, culturales, educativos, veci\u00f1ales, pol\u00edticos, sindicales, art\u00edsticos, de personas solidarias, de instituciones y empresas con responsabilidad social que tienen como objetivo la defensa de los derechos humanos, el Derecho Internacional Humanitario y el Derecho a Refugio\",\"potentialAction\":[{\"@type\":\"SearchAction\",\"target\":{\"@type\":\"EntryPoint\",\"urlTemplate\":\"https:\\\/\\\/blog.redeacampa.org\\\/gl\\\/?s={search_term_string}\"},\"query-input\":{\"@type\":\"PropertyValueSpecification\",\"valueRequired\":true,\"valueName\":\"search_term_string\"}}],\"inLanguage\":\"gl-ES\"},{\"@type\":\"Person\",\"@id\":\"https:\\\/\\\/blog.redeacampa.org\\\/gl\\\/#\\\/schema\\\/person\\\/4af0729a8614cbed1e7078bcc7be966b\",\"name\":\"Comunicaci\u00f3n\",\"image\":{\"@type\":\"ImageObject\",\"inLanguage\":\"gl-ES\",\"@id\":\"https:\\\/\\\/secure.gravatar.com\\\/avatar\\\/8e8fea06f5f2696e331aacd588d2000164152c9aa47459d1e52be3c1ab5f5ca5?s=96&d=mm&r=g\",\"url\":\"https:\\\/\\\/secure.gravatar.com\\\/avatar\\\/8e8fea06f5f2696e331aacd588d2000164152c9aa47459d1e52be3c1ab5f5ca5?s=96&d=mm&r=g\",\"contentUrl\":\"https:\\\/\\\/secure.gravatar.com\\\/avatar\\\/8e8fea06f5f2696e331aacd588d2000164152c9aa47459d1e52be3c1ab5f5ca5?s=96&d=mm&r=g\",\"caption\":\"Comunicaci\u00f3n\"}}]}<\/script>\n<!-- \/ Yoast SEO plugin. -->","yoast_head_json":{"title":"Unha delegaci\u00f3n de Acampa Coru\u00f1a viaxa a Brasil para participar na difusi\u00f3n da iniciativa que ter\u00e1 nese pa\u00eds a s\u00faa primeira r\u00e9plica internacional | Rede Acampa - Por la paz y el derecho a refugio","robots":{"index":"index","follow":"follow","max-snippet":"max-snippet:-1","max-image-preview":"max-image-preview:large","max-video-preview":"max-video-preview:-1"},"canonical":"https:\/\/blog.redeacampa.org\/gl\/unha-delegacion-de-acampa-coruna-viaxa-a-brasil-para-participar-na-difusion-da-iniciativa-que-tera-nese-pais-a-sua-primeira-replica-internacional\/","og_locale":"gl_ES","og_type":"article","og_title":"Unha delegaci\u00f3n de Acampa Coru\u00f1a viaxa a Brasil para participar na difusi\u00f3n da iniciativa que ter\u00e1 nese pa\u00eds a s\u00faa primeira r\u00e9plica internacional | Rede Acampa - Por la paz y el derecho a refugio","og_description":"Os estados de Sao Paulo, sede da primeira Acampa brasileira (Piracicaba), e de Mato Grosso do Sul, son os dous destinos do desprazamento \u00a0As tres persoas que integran a delegaci\u00f3n intervir\u00e1n en diversos actos preparatorios e de difusi\u00f3n da que ser\u00e1 a primeira edici\u00f3n de Acampa f\u00f3ra de Espa\u00f1a. Tam\u00e9n manter\u00e1n contactos con organizaci\u00f3ns, dirixentes [&hellip;]","og_url":"https:\/\/blog.redeacampa.org\/gl\/unha-delegacion-de-acampa-coruna-viaxa-a-brasil-para-participar-na-difusion-da-iniciativa-que-tera-nese-pais-a-sua-primeira-replica-internacional\/","og_site_name":"Rede Acampa - Por la paz y el derecho a refugio","article_publisher":"https:\/\/www.facebook.com\/acampapolapazeodereitoarefuxio","article_published_time":"2019-10-30T09:55:57+00:00","article_modified_time":"2019-10-31T12:22:43+00:00","og_image":[{"width":1024,"height":683,"url":"https:\/\/blog.redeacampa.org\/wp-content\/uploads\/Sorrentino-y-Portugal-1024x683.jpg","type":"image\/jpeg"}],"author":"Comunicaci\u00f3n","twitter_card":"summary_large_image","twitter_creator":"@Acampa_polapaz","twitter_site":"@Acampa_polapaz","twitter_misc":{"Escrito por":"Comunicaci\u00f3n","Tempo de lectura":"5 minutos"},"schema":{"@context":"https:\/\/schema.org","@graph":[{"@type":"Article","@id":"https:\/\/blog.redeacampa.org\/gl\/unha-delegacion-de-acampa-coruna-viaxa-a-brasil-para-participar-na-difusion-da-iniciativa-que-tera-nese-pais-a-sua-primeira-replica-internacional\/#article","isPartOf":{"@id":"https:\/\/blog.redeacampa.org\/gl\/unha-delegacion-de-acampa-coruna-viaxa-a-brasil-para-participar-na-difusion-da-iniciativa-que-tera-nese-pais-a-sua-primeira-replica-internacional\/"},"author":{"name":"Comunicaci\u00f3n","@id":"https:\/\/blog.redeacampa.org\/gl\/#\/schema\/person\/4af0729a8614cbed1e7078bcc7be966b"},"headline":"Unha delegaci\u00f3n de Acampa Coru\u00f1a viaxa a Brasil para participar na difusi\u00f3n da iniciativa que ter\u00e1 nese pa\u00eds a s\u00faa primeira r\u00e9plica internacional","datePublished":"2019-10-30T09:55:57+00:00","dateModified":"2019-10-31T12:22:43+00:00","mainEntityOfPage":{"@id":"https:\/\/blog.redeacampa.org\/gl\/unha-delegacion-de-acampa-coruna-viaxa-a-brasil-para-participar-na-difusion-da-iniciativa-que-tera-nese-pais-a-sua-primeira-replica-internacional\/"},"wordCount":965,"commentCount":0,"image":{"@id":"https:\/\/blog.redeacampa.org\/gl\/unha-delegacion-de-acampa-coruna-viaxa-a-brasil-para-participar-na-difusion-da-iniciativa-que-tera-nese-pais-a-sua-primeira-replica-internacional\/#primaryimage"},"thumbnailUrl":"https:\/\/blog.redeacampa.org\/wp-content\/uploads\/Sorrentino-y-Portugal.jpg","keywords":["Sensibilizaci\u00f3n"],"articleSection":["Presentacios"],"inLanguage":"gl-ES","potentialAction":[{"@type":"CommentAction","name":"Comment","target":["https:\/\/blog.redeacampa.org\/gl\/unha-delegacion-de-acampa-coruna-viaxa-a-brasil-para-participar-na-difusion-da-iniciativa-que-tera-nese-pais-a-sua-primeira-replica-internacional\/#respond"]}]},{"@type":"WebPage","@id":"https:\/\/blog.redeacampa.org\/gl\/unha-delegacion-de-acampa-coruna-viaxa-a-brasil-para-participar-na-difusion-da-iniciativa-que-tera-nese-pais-a-sua-primeira-replica-internacional\/","url":"https:\/\/blog.redeacampa.org\/gl\/unha-delegacion-de-acampa-coruna-viaxa-a-brasil-para-participar-na-difusion-da-iniciativa-que-tera-nese-pais-a-sua-primeira-replica-internacional\/","name":"Unha delegaci\u00f3n de Acampa Coru\u00f1a viaxa a Brasil para participar na difusi\u00f3n da iniciativa que ter\u00e1 nese pa\u00eds a s\u00faa primeira r\u00e9plica internacional | Rede Acampa - Por la paz y el derecho a refugio","isPartOf":{"@id":"https:\/\/blog.redeacampa.org\/gl\/#website"},"primaryImageOfPage":{"@id":"https:\/\/blog.redeacampa.org\/gl\/unha-delegacion-de-acampa-coruna-viaxa-a-brasil-para-participar-na-difusion-da-iniciativa-que-tera-nese-pais-a-sua-primeira-replica-internacional\/#primaryimage"},"image":{"@id":"https:\/\/blog.redeacampa.org\/gl\/unha-delegacion-de-acampa-coruna-viaxa-a-brasil-para-participar-na-difusion-da-iniciativa-que-tera-nese-pais-a-sua-primeira-replica-internacional\/#primaryimage"},"thumbnailUrl":"https:\/\/blog.redeacampa.org\/wp-content\/uploads\/Sorrentino-y-Portugal.jpg","datePublished":"2019-10-30T09:55:57+00:00","dateModified":"2019-10-31T12:22:43+00:00","author":{"@id":"https:\/\/blog.redeacampa.org\/gl\/#\/schema\/person\/4af0729a8614cbed1e7078bcc7be966b"},"breadcrumb":{"@id":"https:\/\/blog.redeacampa.org\/gl\/unha-delegacion-de-acampa-coruna-viaxa-a-brasil-para-participar-na-difusion-da-iniciativa-que-tera-nese-pais-a-sua-primeira-replica-internacional\/#breadcrumb"},"inLanguage":"gl-ES","potentialAction":[{"@type":"ReadAction","target":["https:\/\/blog.redeacampa.org\/gl\/unha-delegacion-de-acampa-coruna-viaxa-a-brasil-para-participar-na-difusion-da-iniciativa-que-tera-nese-pais-a-sua-primeira-replica-internacional\/"]}]},{"@type":"ImageObject","inLanguage":"gl-ES","@id":"https:\/\/blog.redeacampa.org\/gl\/unha-delegacion-de-acampa-coruna-viaxa-a-brasil-para-participar-na-difusion-da-iniciativa-que-tera-nese-pais-a-sua-primeira-replica-internacional\/#primaryimage","url":"https:\/\/blog.redeacampa.org\/wp-content\/uploads\/Sorrentino-y-Portugal.jpg","contentUrl":"https:\/\/blog.redeacampa.org\/wp-content\/uploads\/Sorrentino-y-Portugal.jpg","width":2126,"height":1417},{"@type":"BreadcrumbList","@id":"https:\/\/blog.redeacampa.org\/gl\/unha-delegacion-de-acampa-coruna-viaxa-a-brasil-para-participar-na-difusion-da-iniciativa-que-tera-nese-pais-a-sua-primeira-replica-internacional\/#breadcrumb","itemListElement":[{"@type":"ListItem","position":1,"name":"Portada","item":"https:\/\/blog.redeacampa.org\/gl\/"},{"@type":"ListItem","position":2,"name":"Unha delegaci\u00f3n de Acampa Coru\u00f1a viaxa a Brasil para participar na difusi\u00f3n da iniciativa que ter\u00e1 nese pa\u00eds a s\u00faa primeira r\u00e9plica internacional"}]},{"@type":"WebSite","@id":"https:\/\/blog.redeacampa.org\/gl\/#website","url":"https:\/\/blog.redeacampa.org\/gl\/","name":"Rede Acampa - Por la paz y el derecho a refugio","description":"Una iniciativa ciudadana sin fines de lucro integrada por colectivos sociales, culturales, educativos, veci\u00f1ales, pol\u00edticos, sindicales, art\u00edsticos, de personas solidarias, de instituciones y empresas con responsabilidad social que tienen como objetivo la defensa de los derechos humanos, el Derecho Internacional Humanitario y el Derecho a Refugio","potentialAction":[{"@type":"SearchAction","target":{"@type":"EntryPoint","urlTemplate":"https:\/\/blog.redeacampa.org\/gl\/?s={search_term_string}"},"query-input":{"@type":"PropertyValueSpecification","valueRequired":true,"valueName":"search_term_string"}}],"inLanguage":"gl-ES"},{"@type":"Person","@id":"https:\/\/blog.redeacampa.org\/gl\/#\/schema\/person\/4af0729a8614cbed1e7078bcc7be966b","name":"Comunicaci\u00f3n","image":{"@type":"ImageObject","inLanguage":"gl-ES","@id":"https:\/\/secure.gravatar.com\/avatar\/8e8fea06f5f2696e331aacd588d2000164152c9aa47459d1e52be3c1ab5f5ca5?s=96&d=mm&r=g","url":"https:\/\/secure.gravatar.com\/avatar\/8e8fea06f5f2696e331aacd588d2000164152c9aa47459d1e52be3c1ab5f5ca5?s=96&d=mm&r=g","contentUrl":"https:\/\/secure.gravatar.com\/avatar\/8e8fea06f5f2696e331aacd588d2000164152c9aa47459d1e52be3c1ab5f5ca5?s=96&d=mm&r=g","caption":"Comunicaci\u00f3n"}}]}},"_links":{"self":[{"href":"https:\/\/blog.redeacampa.org\/gl\/wp-json\/wp\/v2\/posts\/37395","targetHints":{"allow":["GET"]}}],"collection":[{"href":"https:\/\/blog.redeacampa.org\/gl\/wp-json\/wp\/v2\/posts"}],"about":[{"href":"https:\/\/blog.redeacampa.org\/gl\/wp-json\/wp\/v2\/types\/post"}],"author":[{"embeddable":true,"href":"https:\/\/blog.redeacampa.org\/gl\/wp-json\/wp\/v2\/users\/25"}],"replies":[{"embeddable":true,"href":"https:\/\/blog.redeacampa.org\/gl\/wp-json\/wp\/v2\/comments?post=37395"}],"version-history":[{"count":0,"href":"https:\/\/blog.redeacampa.org\/gl\/wp-json\/wp\/v2\/posts\/37395\/revisions"}],"wp:featuredmedia":[{"embeddable":true,"href":"https:\/\/blog.redeacampa.org\/gl\/wp-json\/wp\/v2\/media\/37396"}],"wp:attachment":[{"href":"https:\/\/blog.redeacampa.org\/gl\/wp-json\/wp\/v2\/media?parent=37395"}],"wp:term":[{"taxonomy":"category","embeddable":true,"href":"https:\/\/blog.redeacampa.org\/gl\/wp-json\/wp\/v2\/categories?post=37395"},{"taxonomy":"post_tag","embeddable":true,"href":"https:\/\/blog.redeacampa.org\/gl\/wp-json\/wp\/v2\/tags?post=37395"}],"curies":[{"name":"wp","href":"https:\/\/api.w.org\/{rel}","templated":true}]}}