{"id":37656,"date":"2020-11-06T19:20:22","date_gmt":"2020-11-06T18:20:22","guid":{"rendered":"https:\/\/blog.redeacampa.org\/?p=37656"},"modified":"2020-11-06T19:20:22","modified_gmt":"2020-11-06T18:20:22","slug":"a-cuarta-edicion-de-acampa-pon-o-foco-no-dereito-a-refuxio-polo-espolio-de-recursos-orixe-de-boa-parte-dos-desprazamentos-forzosos-no-planeta","status":"publish","type":"post","link":"https:\/\/blog.redeacampa.org\/gl\/a-cuarta-edicion-de-acampa-pon-o-foco-no-dereito-a-refuxio-polo-espolio-de-recursos-orixe-de-boa-parte-dos-desprazamentos-forzosos-no-planeta\/","title":{"rendered":"A CUARTA EDICI\u00d3N DE ACAMPA PON O FOCO NO DEREITO A REFUXIO POLO ESPOLIO DE RECURSOS, ORIXE DE BOA PARTE DOS DESPRAZAMENTOS FORZOSOS NO PLANETA"},"content":{"rendered":"<ul>\n<li><em>A deforestaci\u00f3n da Amazonia. A escravitude que sup\u00f3n a extracci\u00f3n do colt\u00e1n na Rep\u00fablica do Congo, o xade en Colombia ou o petr\u00f3leo no delta do N\u00edxer. O abandono do pobo saharau\u00ed esquilmado de todos os seus recursos. O dano, a enfermidade e a morte que o herbicida glifosato usado no agronegocio causan en Arxentina. O espolio do potencial industrial que nestes momentos est\u00e1n a padecer os traballadores de Alcoa en Galicia\u2026 son algunhas das vergo\u00f1osas paisaxes \u00e1s que Acampa Coru\u00f1a abrir\u00e1 hoxe unha xanela na Avenida da Mari\u00f1a. Desde o 12 de novembro e ata o 14 de decembro, \u201cEspolio\u201d<\/em><\/li>\n<li><em>Aprazado en xu\u00f1o pola pandemia, o encontro chega en novembro en forma de exposici\u00f3n urbana da man de\u00a0 fotoxornalistas que nos achegan o drama que causa o roubo dos recursos naturais en centos de comunidades<\/em><\/li>\n<\/ul>\n<p>Con cinco meses de atraso pola aparici\u00f3n da COVID-19 pero coas mesmas ganas e obxectivos, e adaptando a s\u00faa proposta \u00e1 nova normalidade, a rede <em>Acampa\u00a0 pola Paz e o\u00a0 Dereito a\u00a0 Refuxio<\/em> celebra o seu cuarto encontro na Coru\u00f1a cunha mirada reflexiva sobre o espolio. Desde o xoves, doce de novembro, e ata o 14 de decembro, a Avenida da Mari\u00f1a ser\u00e1 ocupada pola obra gr\u00e1fica a gran formato dun bo n\u00famero de\u00a0 fotoxornalistas que documentaron o abuso sobre os recursos e os seus propietarios naturais en distintas partes do mundo. A realidade, tal e como destaca o coordinador da rede <em>Acampa<\/em><strong>,<\/strong> <strong>Xos\u00e9 Abad<\/strong>, \u00e9 que \u201cespolio \u00e9 a palabra que mellor define o sistema econ\u00f3mico que rexe o noso modo de vida\u201d. A pandemia mundial \u00e9, ben seguro, o aviso m\u00e1is certeiro de que debemos rectificar, engade, lembrando que s\u00f3 a conciencia e a determinaci\u00f3n da cidadan\u00eda ser\u00e1n capaces de forzar o cambio necesario. En tanto iso ocorre, o espolio xera mill\u00f3ns de desprazamentos forzosos, polo que a <em>Rede Acampa<\/em> levanta a s\u00faa voz para defender o Dereito a Refuxio por Espolio.<\/p>\n<p>A oscense <strong>Judith\u00a0 Prat<\/strong> enfrontaranos \u00e1 un dos casos de escravitude do s\u00e9culo\u00a0 XXI, a extracci\u00f3n mineira do\u00a0 colt\u00e1n na Rep\u00fablica Democr\u00e1tica do\u00a0 Congo. As apreciadas terras raras, vitais para a produci\u00f3n tecnol\u00f3xica de uso masivo nos pa\u00edses desenvolvidos, converteron ao pa\u00eds nun escenario de guerra e morte. A s\u00faa riqueza, lonxe de reportar beneficios aos seus habitantes, decima aldeas e sementa de asasinatos cruentos a s\u00faa xeograf\u00eda e a s\u00faa memoria.<\/p>\n<p>O arxentino <strong>Pablo Ernesto\u00a0 Piovano<\/strong> pr\u00e9stanos a s\u00faa mirada sobre o dano xerado polo\u00a0 agronegocio nas comunidades arxentinas que habitan na contorna destas explotaci\u00f3ns, documentando a enfermidade, o sufrimento e a morte que causou o uso do herbicida t\u00f3xico glifosato durante as \u00faltimas d\u00e9cadas.<\/p>\n<p>O\u00a0 fotoperiodista nixeriano\u00a0 <strong>Akintunde\u00a0 Akinleye<\/strong>, que leva m\u00e1is dunha d\u00e9cada documentando a explotaci\u00f3n dos recursos no seu pa\u00eds, conv\u00eddanos a reflexionar sobre como as grandes petroleiras estadounidenses extraen o ouro negro das s\u00faas terras ancestrais, no delta do N\u00edxer, un negocio de mill\u00f3ns de d\u00f3lares do que s\u00f3 se benefician sociedades estranxeiras e as elites locais mentres as comunidades que habitan esa contorna sobreviven cada vez m\u00e1is empobrecidas e nunha paisaxe cada d\u00eda m\u00e1is\u00a0 devastada.<\/p>\n<p>A realidade da\u00a0 Amazonia e o espolio en todo Brasil chega da man do fot\u00f3grafo documental <strong>V\u00edctor\u00a0 Moriyama, Clara Belchior<\/strong> e dunha mostra colectiva organizada polo\u00a0 <strong>CIMI<\/strong> (Conselho\u00a0 Indigenista\u00a0 Mission\u00e1rio).\u00a0 <strong>Moriyama<\/strong> repasa o tr\u00e1xico 2019 neses territorios. Os grupos que operan a tala e a miner\u00eda ilegais, ou a produci\u00f3n de soia e a gander\u00eda intensivas crec\u00e9ronse desde que\u00a0 Bolsonaro est\u00e1 no poder. Os conflitos agrarios e as mortes de activistas ambientais e ind\u00edxenas hanse\u00a0 exacerbado. O pasado ano detect\u00e1ronse m\u00e1is de 80.000 puntos de incendio na\u00a0 Amazon\u00eda brasileira, provocando unha crise clim\u00e1tica mundial. A chegada do virus COVID-19 sup\u00f3n, ademais, unha arma de guerra do poder econ\u00f3mico contra as comunidades ind\u00edxenas defensoras do seu territorio, m\u00e1is vulnerables que calquera outro colectivo. <strong>Clara Belchior <\/strong>e a mostra colectiva do\u00a0 <strong>CIMI<\/strong> (con fotograf\u00edas de <strong>Guilherme Cavalli<\/strong>, <strong>Tiago Miotto<\/strong> e <strong>Christian Braga<\/strong>) enfr\u00f3ntannos \u00e1 loita ind\u00edxena e mostra a dignidade e fortaleza desas comunidades mobiliz\u00e1ndose en defensa da terra que habitan e que interpretan non como propiedade sen\u00f3n como legado.<\/p>\n<p><strong>Javier Corso<\/strong> trae ata a D\u00e1rsena coru\u00f1esa a dura realidade das explotaci\u00f3ns mineiras de xade en Colombia, acheg\u00e1ndonos \u00e1 mina de\u00a0 Muzo, capital mundial da\u00a0 esmeralda. E <strong>Luis de Vega<\/strong> fainos viaxar ata a dur\u00edsima realidade actual da \u00faltima colonia espa\u00f1ola, o esquecido pobo saharau\u00ed, esquilmado en todos os seus recursos (fosfatos, area, pesca, hidrocarburos\u2026) por Rabat e abandonados por Espa\u00f1a, a Uni\u00f3n Europea e a ONU a s\u00faa sorte.<\/p>\n<p><strong>O espolio de Alcoa e o roubo da auga \u201cmarca Espa\u00f1a\u201d que sofre Guatemala<\/strong><\/p>\n<p>O espolio non \u00e9 algo que s\u00f3 se produza en pa\u00edses pobres ou afastados. <em>Acampa\u00a0 pola Paz e o\u00a0 Dereito a\u00a0 Refuxio<\/em> quere tam\u00e9n reflexionar sobre o que est\u00e1 a ocorrer moi preto de n\u00f3s. A avaricia das multinacionais, a perversi\u00f3n do sistema capitalista, est\u00e1 a esquilmar o potencial industrial da comunidade galega. As plantas de Alcoa, tanto na Coru\u00f1a como na Mari\u00f1a luguesa, est\u00e1n tocadas de morte. E por causas de todo alleas \u00e1 s\u00faa produtividade ou \u00e1 calidade do seu produto. A loita dos seus traballadores estes \u00faltimos anos chega \u00e1 Mari\u00f1a da man das fot\u00f3grafas <strong>V.\u00a0 Casteleiro<\/strong> e <strong>Sandra Garc\u00eda Rey.<\/strong><\/p>\n<p>Destacar que Espolio, esta exposici\u00f3n urbana de gran formato, poder\u00e1 tam\u00e9n visitarse de maneira virtual a trav\u00e9s da web de <em>Acampa<\/em> <a href=\"http:\/\/www.redeacampa.org\">www.redeacampa.org<\/a> ou da plataforma <a href=\"http:\/\/www.peopleartfactory.com\">www.peopleartfactory.com<\/a><\/p>\n<p>O programa desta cuarta edici\u00f3n de <em>Acampa\u00a0 pola Paz e o\u00a0 Dereito a\u00a0 Refuxio<\/em> tam\u00e9n incl\u00fae un encontro en li\u00f1a organizado en colaboraci\u00f3n coa\u00a0 OCV (Oficina de Cooperaci\u00f3n e Voluntariado) da\u00a0 Universidade da Coru\u00f1a e a oenegu\u00e9 Ecos\u00a0 do Sur. A charla, que ter\u00e1 lugar o 26 de novembro \u00e1s 19.30 horas (hora de Galicia)\u00a0 e 12.30 horas (hora guatemalteca)\u00a0 contar\u00e1 coa participaci\u00f3n do avogado e notario de Guatemala <strong>Juan Carlos\u00a0 Pel\u00e1ez\u00a0 Villalobos<\/strong> e o responsable de Incidencia Pol\u00edtica e Campa\u00f1as na\u00a0 CONGDE e coordinador da campa\u00f1a \u201cPobreza Cero\u201d <strong>Pablo Mart\u00ednez\u00a0 Os\u00e9s<\/strong>. A charla estar\u00e1 moderada polo escritor e m\u00fasico\u00a0 <strong>Xurxo Souto<\/strong>. A realidade de Guatemala, coas comunidades ind\u00edxenas perseguidas na s\u00faa defensa do territorio fronte ao espolio ten moito que ver co noso pa\u00eds. Non en balde, son varias empresas \u201cmarca Espa\u00f1a\u201d as que desecaron os seus r\u00edos coa construci\u00f3n de minicentrais hidroel\u00e9ctricas, deixando a estes pobos sen h\u00e1bitat e sen recursos de supervivencia.<\/p>\n<p><em>Acampa\u00a0 pola paz e o\u00a0 dereito a\u00a0 Refuxio<\/em>, rede nada na Coru\u00f1a en 2016, con ramificaci\u00f3ns xa en Madrid, Brasil e xest\u00e1ndose en Portugal, \u00e9 un movemento sen fins de lucro cuxo obxectivo \u00e9 defender os Dereitos Humanos, o Dereito Internacional Humanitario e o Dereito a Refuxio. \u00c9 unha rede transversal da que forman parte m\u00e1is de sesenta colectivos sociais, culturais, educativos, veci\u00f1ais, oenegu\u00e9s e organizaci\u00f3n de defensa dos Dereitos Humanos, partidos pol\u00edticos e agrupaci\u00f3ns sindicais, ademais de instituci\u00f3ns e empresas con responsabilidade social da cidade e do resto do pa\u00eds.<\/p>\n<p><em>\u00a0<\/em><\/p>\n","protected":false},"excerpt":{"rendered":"<p>A deforestaci\u00f3n da Amazonia. A escravitude que sup\u00f3n a extracci\u00f3n do colt\u00e1n na Rep\u00fablica do Congo, o xade en Colombia ou o petr\u00f3leo no delta do N\u00edxer. O abandono do pobo saharau\u00ed esquilmado de todos os seus recursos. O dano, a enfermidade e a morte que o herbicida glifosato usado no agronegocio causan en Arxentina. [&hellip;]<\/p>\n","protected":false},"author":25,"featured_media":37678,"comment_status":"open","ping_status":"open","sticky":false,"template":"","format":"standard","meta":{"_et_pb_use_builder":"","_et_pb_old_content":"","_et_gb_content_width":"","inline_featured_image":false,"footnotes":""},"categories":[1],"tags":[53,88,98,50,66,99,71,64],"class_list":["post-37656","post","type-post","status-publish","format-standard","has-post-thumbnail","hentry","category-presentacios","tag-deforestacion","tag-dereito-a-refuxio","tag-desprazamientos-forzosos","tag-espolio","tag-inmigracion-gl","tag-migraciones-gl","tag-refugiados-climatico","tag-refuxiadas"],"yoast_head":"<!-- This site is optimized with the Yoast SEO plugin v27.4 - https:\/\/yoast.com\/product\/yoast-seo-wordpress\/ -->\n<title>A CUARTA EDICI\u00d3N DE ACAMPA PON O FOCO NO DEREITO A REFUXIO POLO ESPOLIO DE RECURSOS, ORIXE DE BOA PARTE DOS DESPRAZAMENTOS FORZOSOS NO PLANETA | Rede Acampa - Por la paz y el derecho a refugio<\/title>\n<meta name=\"description\" content=\"A cuarta edici\u00f3n de Acampa pola paz e o dereito a refuxio pon foco no expolio de recursos que est\u00e1 detr\u00e1s de boa parta das migraci\u00f3ns forzosas\" \/>\n<meta name=\"robots\" content=\"index, follow, max-snippet:-1, max-image-preview:large, max-video-preview:-1\" \/>\n<link rel=\"canonical\" href=\"https:\/\/blog.redeacampa.org\/gl\/a-cuarta-edicion-de-acampa-pon-o-foco-no-dereito-a-refuxio-polo-espolio-de-recursos-orixe-de-boa-parte-dos-desprazamentos-forzosos-no-planeta\/\" \/>\n<meta property=\"og:locale\" content=\"gl_ES\" \/>\n<meta property=\"og:type\" content=\"article\" \/>\n<meta property=\"og:title\" content=\"A CUARTA EDICI\u00d3N DE ACAMPA PON O FOCO NO DEREITO A REFUXIO POLO ESPOLIO DE RECURSOS, ORIXE DE BOA PARTE DOS DESPRAZAMENTOS FORZOSOS NO PLANETA | Rede Acampa - Por la paz y el derecho a refugio\" \/>\n<meta property=\"og:description\" content=\"A cuarta edici\u00f3n de Acampa pola paz e o dereito a refuxio pon foco no expolio de recursos que est\u00e1 detr\u00e1s de boa parta das migraci\u00f3ns forzosas\" \/>\n<meta property=\"og:url\" content=\"https:\/\/blog.redeacampa.org\/gl\/a-cuarta-edicion-de-acampa-pon-o-foco-no-dereito-a-refuxio-polo-espolio-de-recursos-orixe-de-boa-parte-dos-desprazamentos-forzosos-no-planeta\/\" \/>\n<meta property=\"og:site_name\" content=\"Rede Acampa - Por la paz y el derecho a refugio\" \/>\n<meta property=\"article:publisher\" content=\"https:\/\/www.facebook.com\/acampapolapazeodereitoarefuxio\" \/>\n<meta property=\"article:published_time\" content=\"2020-11-06T18:20:22+00:00\" \/>\n<meta property=\"og:image\" content=\"https:\/\/blog.redeacampa.org\/wp-content\/uploads\/20201106_191537.jpg\" \/>\n\t<meta property=\"og:image:width\" content=\"2048\" \/>\n\t<meta property=\"og:image:height\" content=\"1024\" \/>\n\t<meta property=\"og:image:type\" content=\"image\/jpeg\" \/>\n<meta name=\"author\" content=\"Comunicaci\u00f3n\" \/>\n<meta name=\"twitter:card\" content=\"summary_large_image\" \/>\n<meta name=\"twitter:creator\" content=\"@Acampa_polapaz\" \/>\n<meta name=\"twitter:site\" content=\"@Acampa_polapaz\" \/>\n<meta name=\"twitter:label1\" content=\"Escrito por\" \/>\n\t<meta name=\"twitter:data1\" content=\"Comunicaci\u00f3n\" \/>\n\t<meta name=\"twitter:label2\" content=\"Tempo de lectura\" \/>\n\t<meta name=\"twitter:data2\" content=\"6 minutos\" \/>\n<script type=\"application\/ld+json\" class=\"yoast-schema-graph\">{\"@context\":\"https:\\\/\\\/schema.org\",\"@graph\":[{\"@type\":\"Article\",\"@id\":\"https:\\\/\\\/blog.redeacampa.org\\\/gl\\\/a-cuarta-edicion-de-acampa-pon-o-foco-no-dereito-a-refuxio-polo-espolio-de-recursos-orixe-de-boa-parte-dos-desprazamentos-forzosos-no-planeta\\\/#article\",\"isPartOf\":{\"@id\":\"https:\\\/\\\/blog.redeacampa.org\\\/gl\\\/a-cuarta-edicion-de-acampa-pon-o-foco-no-dereito-a-refuxio-polo-espolio-de-recursos-orixe-de-boa-parte-dos-desprazamentos-forzosos-no-planeta\\\/\"},\"author\":{\"name\":\"Comunicaci\u00f3n\",\"@id\":\"https:\\\/\\\/blog.redeacampa.org\\\/gl\\\/#\\\/schema\\\/person\\\/4af0729a8614cbed1e7078bcc7be966b\"},\"headline\":\"A CUARTA EDICI\u00d3N DE ACAMPA PON O FOCO NO DEREITO A REFUXIO POLO ESPOLIO DE RECURSOS, ORIXE DE BOA PARTE DOS DESPRAZAMENTOS FORZOSOS NO PLANETA\",\"datePublished\":\"2020-11-06T18:20:22+00:00\",\"mainEntityOfPage\":{\"@id\":\"https:\\\/\\\/blog.redeacampa.org\\\/gl\\\/a-cuarta-edicion-de-acampa-pon-o-foco-no-dereito-a-refuxio-polo-espolio-de-recursos-orixe-de-boa-parte-dos-desprazamentos-forzosos-no-planeta\\\/\"},\"wordCount\":1282,\"commentCount\":0,\"image\":{\"@id\":\"https:\\\/\\\/blog.redeacampa.org\\\/gl\\\/a-cuarta-edicion-de-acampa-pon-o-foco-no-dereito-a-refuxio-polo-espolio-de-recursos-orixe-de-boa-parte-dos-desprazamentos-forzosos-no-planeta\\\/#primaryimage\"},\"thumbnailUrl\":\"https:\\\/\\\/blog.redeacampa.org\\\/wp-content\\\/uploads\\\/20201106_191537.jpg\",\"keywords\":[\"deforestaci\u00f3n\",\"dereito a refuxio\",\"desprazamientos forzosos\",\"Espolio\",\"inmigraci\u00f3n\",\"Migraciones\",\"refugiados clim\u00e1tico\",\"refuxiadas\"],\"articleSection\":[\"Presentacios\"],\"inLanguage\":\"gl-ES\",\"potentialAction\":[{\"@type\":\"CommentAction\",\"name\":\"Comment\",\"target\":[\"https:\\\/\\\/blog.redeacampa.org\\\/gl\\\/a-cuarta-edicion-de-acampa-pon-o-foco-no-dereito-a-refuxio-polo-espolio-de-recursos-orixe-de-boa-parte-dos-desprazamentos-forzosos-no-planeta\\\/#respond\"]}]},{\"@type\":\"WebPage\",\"@id\":\"https:\\\/\\\/blog.redeacampa.org\\\/gl\\\/a-cuarta-edicion-de-acampa-pon-o-foco-no-dereito-a-refuxio-polo-espolio-de-recursos-orixe-de-boa-parte-dos-desprazamentos-forzosos-no-planeta\\\/\",\"url\":\"https:\\\/\\\/blog.redeacampa.org\\\/gl\\\/a-cuarta-edicion-de-acampa-pon-o-foco-no-dereito-a-refuxio-polo-espolio-de-recursos-orixe-de-boa-parte-dos-desprazamentos-forzosos-no-planeta\\\/\",\"name\":\"A CUARTA EDICI\u00d3N DE ACAMPA PON O FOCO NO DEREITO A REFUXIO POLO ESPOLIO DE RECURSOS, ORIXE DE BOA PARTE DOS DESPRAZAMENTOS FORZOSOS NO PLANETA | Rede Acampa - Por la paz y el derecho a refugio\",\"isPartOf\":{\"@id\":\"https:\\\/\\\/blog.redeacampa.org\\\/gl\\\/#website\"},\"primaryImageOfPage\":{\"@id\":\"https:\\\/\\\/blog.redeacampa.org\\\/gl\\\/a-cuarta-edicion-de-acampa-pon-o-foco-no-dereito-a-refuxio-polo-espolio-de-recursos-orixe-de-boa-parte-dos-desprazamentos-forzosos-no-planeta\\\/#primaryimage\"},\"image\":{\"@id\":\"https:\\\/\\\/blog.redeacampa.org\\\/gl\\\/a-cuarta-edicion-de-acampa-pon-o-foco-no-dereito-a-refuxio-polo-espolio-de-recursos-orixe-de-boa-parte-dos-desprazamentos-forzosos-no-planeta\\\/#primaryimage\"},\"thumbnailUrl\":\"https:\\\/\\\/blog.redeacampa.org\\\/wp-content\\\/uploads\\\/20201106_191537.jpg\",\"datePublished\":\"2020-11-06T18:20:22+00:00\",\"author\":{\"@id\":\"https:\\\/\\\/blog.redeacampa.org\\\/gl\\\/#\\\/schema\\\/person\\\/4af0729a8614cbed1e7078bcc7be966b\"},\"description\":\"A cuarta edici\u00f3n de Acampa pola paz e o dereito a refuxio pon foco no expolio de recursos que est\u00e1 detr\u00e1s de boa parta das migraci\u00f3ns forzosas\",\"breadcrumb\":{\"@id\":\"https:\\\/\\\/blog.redeacampa.org\\\/gl\\\/a-cuarta-edicion-de-acampa-pon-o-foco-no-dereito-a-refuxio-polo-espolio-de-recursos-orixe-de-boa-parte-dos-desprazamentos-forzosos-no-planeta\\\/#breadcrumb\"},\"inLanguage\":\"gl-ES\",\"potentialAction\":[{\"@type\":\"ReadAction\",\"target\":[\"https:\\\/\\\/blog.redeacampa.org\\\/gl\\\/a-cuarta-edicion-de-acampa-pon-o-foco-no-dereito-a-refuxio-polo-espolio-de-recursos-orixe-de-boa-parte-dos-desprazamentos-forzosos-no-planeta\\\/\"]}]},{\"@type\":\"ImageObject\",\"inLanguage\":\"gl-ES\",\"@id\":\"https:\\\/\\\/blog.redeacampa.org\\\/gl\\\/a-cuarta-edicion-de-acampa-pon-o-foco-no-dereito-a-refuxio-polo-espolio-de-recursos-orixe-de-boa-parte-dos-desprazamentos-forzosos-no-planeta\\\/#primaryimage\",\"url\":\"https:\\\/\\\/blog.redeacampa.org\\\/wp-content\\\/uploads\\\/20201106_191537.jpg\",\"contentUrl\":\"https:\\\/\\\/blog.redeacampa.org\\\/wp-content\\\/uploads\\\/20201106_191537.jpg\",\"width\":2048,\"height\":1024},{\"@type\":\"BreadcrumbList\",\"@id\":\"https:\\\/\\\/blog.redeacampa.org\\\/gl\\\/a-cuarta-edicion-de-acampa-pon-o-foco-no-dereito-a-refuxio-polo-espolio-de-recursos-orixe-de-boa-parte-dos-desprazamentos-forzosos-no-planeta\\\/#breadcrumb\",\"itemListElement\":[{\"@type\":\"ListItem\",\"position\":1,\"name\":\"Portada\",\"item\":\"https:\\\/\\\/blog.redeacampa.org\\\/gl\\\/\"},{\"@type\":\"ListItem\",\"position\":2,\"name\":\"A CUARTA EDICI\u00d3N DE ACAMPA PON O FOCO NO DEREITO A REFUXIO POLO ESPOLIO DE RECURSOS, ORIXE DE BOA PARTE DOS DESPRAZAMENTOS FORZOSOS NO PLANETA\"}]},{\"@type\":\"WebSite\",\"@id\":\"https:\\\/\\\/blog.redeacampa.org\\\/gl\\\/#website\",\"url\":\"https:\\\/\\\/blog.redeacampa.org\\\/gl\\\/\",\"name\":\"Rede Acampa - Por la paz y el derecho a refugio\",\"description\":\"Una iniciativa ciudadana sin fines de lucro integrada por colectivos sociales, culturales, educativos, veci\u00f1ales, pol\u00edticos, sindicales, art\u00edsticos, de personas solidarias, de instituciones y empresas con responsabilidad social que tienen como objetivo la defensa de los derechos humanos, el Derecho Internacional Humanitario y el Derecho a Refugio\",\"potentialAction\":[{\"@type\":\"SearchAction\",\"target\":{\"@type\":\"EntryPoint\",\"urlTemplate\":\"https:\\\/\\\/blog.redeacampa.org\\\/gl\\\/?s={search_term_string}\"},\"query-input\":{\"@type\":\"PropertyValueSpecification\",\"valueRequired\":true,\"valueName\":\"search_term_string\"}}],\"inLanguage\":\"gl-ES\"},{\"@type\":\"Person\",\"@id\":\"https:\\\/\\\/blog.redeacampa.org\\\/gl\\\/#\\\/schema\\\/person\\\/4af0729a8614cbed1e7078bcc7be966b\",\"name\":\"Comunicaci\u00f3n\",\"image\":{\"@type\":\"ImageObject\",\"inLanguage\":\"gl-ES\",\"@id\":\"https:\\\/\\\/secure.gravatar.com\\\/avatar\\\/8e8fea06f5f2696e331aacd588d2000164152c9aa47459d1e52be3c1ab5f5ca5?s=96&d=mm&r=g\",\"url\":\"https:\\\/\\\/secure.gravatar.com\\\/avatar\\\/8e8fea06f5f2696e331aacd588d2000164152c9aa47459d1e52be3c1ab5f5ca5?s=96&d=mm&r=g\",\"contentUrl\":\"https:\\\/\\\/secure.gravatar.com\\\/avatar\\\/8e8fea06f5f2696e331aacd588d2000164152c9aa47459d1e52be3c1ab5f5ca5?s=96&d=mm&r=g\",\"caption\":\"Comunicaci\u00f3n\"}}]}<\/script>\n<!-- \/ Yoast SEO plugin. -->","yoast_head_json":{"title":"A CUARTA EDICI\u00d3N DE ACAMPA PON O FOCO NO DEREITO A REFUXIO POLO ESPOLIO DE RECURSOS, ORIXE DE BOA PARTE DOS DESPRAZAMENTOS FORZOSOS NO PLANETA | Rede Acampa - Por la paz y el derecho a refugio","description":"A cuarta edici\u00f3n de Acampa pola paz e o dereito a refuxio pon foco no expolio de recursos que est\u00e1 detr\u00e1s de boa parta das migraci\u00f3ns forzosas","robots":{"index":"index","follow":"follow","max-snippet":"max-snippet:-1","max-image-preview":"max-image-preview:large","max-video-preview":"max-video-preview:-1"},"canonical":"https:\/\/blog.redeacampa.org\/gl\/a-cuarta-edicion-de-acampa-pon-o-foco-no-dereito-a-refuxio-polo-espolio-de-recursos-orixe-de-boa-parte-dos-desprazamentos-forzosos-no-planeta\/","og_locale":"gl_ES","og_type":"article","og_title":"A CUARTA EDICI\u00d3N DE ACAMPA PON O FOCO NO DEREITO A REFUXIO POLO ESPOLIO DE RECURSOS, ORIXE DE BOA PARTE DOS DESPRAZAMENTOS FORZOSOS NO PLANETA | Rede Acampa - Por la paz y el derecho a refugio","og_description":"A cuarta edici\u00f3n de Acampa pola paz e o dereito a refuxio pon foco no expolio de recursos que est\u00e1 detr\u00e1s de boa parta das migraci\u00f3ns forzosas","og_url":"https:\/\/blog.redeacampa.org\/gl\/a-cuarta-edicion-de-acampa-pon-o-foco-no-dereito-a-refuxio-polo-espolio-de-recursos-orixe-de-boa-parte-dos-desprazamentos-forzosos-no-planeta\/","og_site_name":"Rede Acampa - Por la paz y el derecho a refugio","article_publisher":"https:\/\/www.facebook.com\/acampapolapazeodereitoarefuxio","article_published_time":"2020-11-06T18:20:22+00:00","og_image":[{"width":2048,"height":1024,"url":"https:\/\/blog.redeacampa.org\/wp-content\/uploads\/20201106_191537.jpg","type":"image\/jpeg"}],"author":"Comunicaci\u00f3n","twitter_card":"summary_large_image","twitter_creator":"@Acampa_polapaz","twitter_site":"@Acampa_polapaz","twitter_misc":{"Escrito por":"Comunicaci\u00f3n","Tempo de lectura":"6 minutos"},"schema":{"@context":"https:\/\/schema.org","@graph":[{"@type":"Article","@id":"https:\/\/blog.redeacampa.org\/gl\/a-cuarta-edicion-de-acampa-pon-o-foco-no-dereito-a-refuxio-polo-espolio-de-recursos-orixe-de-boa-parte-dos-desprazamentos-forzosos-no-planeta\/#article","isPartOf":{"@id":"https:\/\/blog.redeacampa.org\/gl\/a-cuarta-edicion-de-acampa-pon-o-foco-no-dereito-a-refuxio-polo-espolio-de-recursos-orixe-de-boa-parte-dos-desprazamentos-forzosos-no-planeta\/"},"author":{"name":"Comunicaci\u00f3n","@id":"https:\/\/blog.redeacampa.org\/gl\/#\/schema\/person\/4af0729a8614cbed1e7078bcc7be966b"},"headline":"A CUARTA EDICI\u00d3N DE ACAMPA PON O FOCO NO DEREITO A REFUXIO POLO ESPOLIO DE RECURSOS, ORIXE DE BOA PARTE DOS DESPRAZAMENTOS FORZOSOS NO PLANETA","datePublished":"2020-11-06T18:20:22+00:00","mainEntityOfPage":{"@id":"https:\/\/blog.redeacampa.org\/gl\/a-cuarta-edicion-de-acampa-pon-o-foco-no-dereito-a-refuxio-polo-espolio-de-recursos-orixe-de-boa-parte-dos-desprazamentos-forzosos-no-planeta\/"},"wordCount":1282,"commentCount":0,"image":{"@id":"https:\/\/blog.redeacampa.org\/gl\/a-cuarta-edicion-de-acampa-pon-o-foco-no-dereito-a-refuxio-polo-espolio-de-recursos-orixe-de-boa-parte-dos-desprazamentos-forzosos-no-planeta\/#primaryimage"},"thumbnailUrl":"https:\/\/blog.redeacampa.org\/wp-content\/uploads\/20201106_191537.jpg","keywords":["deforestaci\u00f3n","dereito a refuxio","desprazamientos forzosos","Espolio","inmigraci\u00f3n","Migraciones","refugiados clim\u00e1tico","refuxiadas"],"articleSection":["Presentacios"],"inLanguage":"gl-ES","potentialAction":[{"@type":"CommentAction","name":"Comment","target":["https:\/\/blog.redeacampa.org\/gl\/a-cuarta-edicion-de-acampa-pon-o-foco-no-dereito-a-refuxio-polo-espolio-de-recursos-orixe-de-boa-parte-dos-desprazamentos-forzosos-no-planeta\/#respond"]}]},{"@type":"WebPage","@id":"https:\/\/blog.redeacampa.org\/gl\/a-cuarta-edicion-de-acampa-pon-o-foco-no-dereito-a-refuxio-polo-espolio-de-recursos-orixe-de-boa-parte-dos-desprazamentos-forzosos-no-planeta\/","url":"https:\/\/blog.redeacampa.org\/gl\/a-cuarta-edicion-de-acampa-pon-o-foco-no-dereito-a-refuxio-polo-espolio-de-recursos-orixe-de-boa-parte-dos-desprazamentos-forzosos-no-planeta\/","name":"A CUARTA EDICI\u00d3N DE ACAMPA PON O FOCO NO DEREITO A REFUXIO POLO ESPOLIO DE RECURSOS, ORIXE DE BOA PARTE DOS DESPRAZAMENTOS FORZOSOS NO PLANETA | Rede Acampa - Por la paz y el derecho a refugio","isPartOf":{"@id":"https:\/\/blog.redeacampa.org\/gl\/#website"},"primaryImageOfPage":{"@id":"https:\/\/blog.redeacampa.org\/gl\/a-cuarta-edicion-de-acampa-pon-o-foco-no-dereito-a-refuxio-polo-espolio-de-recursos-orixe-de-boa-parte-dos-desprazamentos-forzosos-no-planeta\/#primaryimage"},"image":{"@id":"https:\/\/blog.redeacampa.org\/gl\/a-cuarta-edicion-de-acampa-pon-o-foco-no-dereito-a-refuxio-polo-espolio-de-recursos-orixe-de-boa-parte-dos-desprazamentos-forzosos-no-planeta\/#primaryimage"},"thumbnailUrl":"https:\/\/blog.redeacampa.org\/wp-content\/uploads\/20201106_191537.jpg","datePublished":"2020-11-06T18:20:22+00:00","author":{"@id":"https:\/\/blog.redeacampa.org\/gl\/#\/schema\/person\/4af0729a8614cbed1e7078bcc7be966b"},"description":"A cuarta edici\u00f3n de Acampa pola paz e o dereito a refuxio pon foco no expolio de recursos que est\u00e1 detr\u00e1s de boa parta das migraci\u00f3ns forzosas","breadcrumb":{"@id":"https:\/\/blog.redeacampa.org\/gl\/a-cuarta-edicion-de-acampa-pon-o-foco-no-dereito-a-refuxio-polo-espolio-de-recursos-orixe-de-boa-parte-dos-desprazamentos-forzosos-no-planeta\/#breadcrumb"},"inLanguage":"gl-ES","potentialAction":[{"@type":"ReadAction","target":["https:\/\/blog.redeacampa.org\/gl\/a-cuarta-edicion-de-acampa-pon-o-foco-no-dereito-a-refuxio-polo-espolio-de-recursos-orixe-de-boa-parte-dos-desprazamentos-forzosos-no-planeta\/"]}]},{"@type":"ImageObject","inLanguage":"gl-ES","@id":"https:\/\/blog.redeacampa.org\/gl\/a-cuarta-edicion-de-acampa-pon-o-foco-no-dereito-a-refuxio-polo-espolio-de-recursos-orixe-de-boa-parte-dos-desprazamentos-forzosos-no-planeta\/#primaryimage","url":"https:\/\/blog.redeacampa.org\/wp-content\/uploads\/20201106_191537.jpg","contentUrl":"https:\/\/blog.redeacampa.org\/wp-content\/uploads\/20201106_191537.jpg","width":2048,"height":1024},{"@type":"BreadcrumbList","@id":"https:\/\/blog.redeacampa.org\/gl\/a-cuarta-edicion-de-acampa-pon-o-foco-no-dereito-a-refuxio-polo-espolio-de-recursos-orixe-de-boa-parte-dos-desprazamentos-forzosos-no-planeta\/#breadcrumb","itemListElement":[{"@type":"ListItem","position":1,"name":"Portada","item":"https:\/\/blog.redeacampa.org\/gl\/"},{"@type":"ListItem","position":2,"name":"A CUARTA EDICI\u00d3N DE ACAMPA PON O FOCO NO DEREITO A REFUXIO POLO ESPOLIO DE RECURSOS, ORIXE DE BOA PARTE DOS DESPRAZAMENTOS FORZOSOS NO PLANETA"}]},{"@type":"WebSite","@id":"https:\/\/blog.redeacampa.org\/gl\/#website","url":"https:\/\/blog.redeacampa.org\/gl\/","name":"Rede Acampa - Por la paz y el derecho a refugio","description":"Una iniciativa ciudadana sin fines de lucro integrada por colectivos sociales, culturales, educativos, veci\u00f1ales, pol\u00edticos, sindicales, art\u00edsticos, de personas solidarias, de instituciones y empresas con responsabilidad social que tienen como objetivo la defensa de los derechos humanos, el Derecho Internacional Humanitario y el Derecho a Refugio","potentialAction":[{"@type":"SearchAction","target":{"@type":"EntryPoint","urlTemplate":"https:\/\/blog.redeacampa.org\/gl\/?s={search_term_string}"},"query-input":{"@type":"PropertyValueSpecification","valueRequired":true,"valueName":"search_term_string"}}],"inLanguage":"gl-ES"},{"@type":"Person","@id":"https:\/\/blog.redeacampa.org\/gl\/#\/schema\/person\/4af0729a8614cbed1e7078bcc7be966b","name":"Comunicaci\u00f3n","image":{"@type":"ImageObject","inLanguage":"gl-ES","@id":"https:\/\/secure.gravatar.com\/avatar\/8e8fea06f5f2696e331aacd588d2000164152c9aa47459d1e52be3c1ab5f5ca5?s=96&d=mm&r=g","url":"https:\/\/secure.gravatar.com\/avatar\/8e8fea06f5f2696e331aacd588d2000164152c9aa47459d1e52be3c1ab5f5ca5?s=96&d=mm&r=g","contentUrl":"https:\/\/secure.gravatar.com\/avatar\/8e8fea06f5f2696e331aacd588d2000164152c9aa47459d1e52be3c1ab5f5ca5?s=96&d=mm&r=g","caption":"Comunicaci\u00f3n"}}]}},"_links":{"self":[{"href":"https:\/\/blog.redeacampa.org\/gl\/wp-json\/wp\/v2\/posts\/37656","targetHints":{"allow":["GET"]}}],"collection":[{"href":"https:\/\/blog.redeacampa.org\/gl\/wp-json\/wp\/v2\/posts"}],"about":[{"href":"https:\/\/blog.redeacampa.org\/gl\/wp-json\/wp\/v2\/types\/post"}],"author":[{"embeddable":true,"href":"https:\/\/blog.redeacampa.org\/gl\/wp-json\/wp\/v2\/users\/25"}],"replies":[{"embeddable":true,"href":"https:\/\/blog.redeacampa.org\/gl\/wp-json\/wp\/v2\/comments?post=37656"}],"version-history":[{"count":0,"href":"https:\/\/blog.redeacampa.org\/gl\/wp-json\/wp\/v2\/posts\/37656\/revisions"}],"wp:featuredmedia":[{"embeddable":true,"href":"https:\/\/blog.redeacampa.org\/gl\/wp-json\/wp\/v2\/media\/37678"}],"wp:attachment":[{"href":"https:\/\/blog.redeacampa.org\/gl\/wp-json\/wp\/v2\/media?parent=37656"}],"wp:term":[{"taxonomy":"category","embeddable":true,"href":"https:\/\/blog.redeacampa.org\/gl\/wp-json\/wp\/v2\/categories?post=37656"},{"taxonomy":"post_tag","embeddable":true,"href":"https:\/\/blog.redeacampa.org\/gl\/wp-json\/wp\/v2\/tags?post=37656"}],"curies":[{"name":"wp","href":"https:\/\/api.w.org\/{rel}","templated":true}]}}