{"id":37716,"date":"2020-11-17T11:33:35","date_gmt":"2020-11-17T10:33:35","guid":{"rendered":"https:\/\/blog.redeacampa.org\/?p=37716"},"modified":"2020-11-17T11:37:15","modified_gmt":"2020-11-17T10:37:15","slug":"acampa-condena-a-ultima-ofensiva-militar-de-marrocos-contra-o-pobo-saharaui-e-lembra-o-espolio-de-recursos-naturais-que-hai-detras-da-ocupacion","status":"publish","type":"post","link":"https:\/\/blog.redeacampa.org\/gl\/acampa-condena-a-ultima-ofensiva-militar-de-marrocos-contra-o-pobo-saharaui-e-lembra-o-espolio-de-recursos-naturais-que-hai-detras-da-ocupacion\/","title":{"rendered":"ACAMPA CONDENA A \u00daLTIMA OFENSIVA MILITAR DE MARROCOS CONTRA O POBO SAHARAU\u00cd E LEMBRA O ESPOLIO DE RECURSOS NATURAIS QUE HAI DETR\u00c1S DA OCUPACI\u00d3N"},"content":{"rendered":"<ul>\n<li><em>A explotaci\u00f3n de recursos no S\u00e1hara Occidental est\u00e1 presente na mostra fotogr\u00e1fica Espolio, instalada na fronte dos Xard\u00edns de M\u00e9ndez N\u00fa\u00f1ez, no centro da Coru\u00f1a<\/em><\/li>\n<li><em>A rede de organizaci\u00f3ns en defensa do Dereito a Refuxio recrimina asemade o silencio c\u00f3mplice da ONU e do Goberno espa\u00f1ol respecto \u00e1 poboaci\u00f3n da que foi a \u00faltima colonia do noso pa\u00eds<\/em><\/li>\n<\/ul>\n<p><em>Acampa pola paz e o Dereito a Refuxio<\/em> condena o ataque militar de Marrocos contra o pobo saharau\u00ed en Guerguerat (a \u00fanica sa\u00edda \u00e1 mar dos saharauis) e recrimina o silencio c\u00f3mplice da ONU e tam\u00e9n do Goberno espa\u00f1ol respecto a situaci\u00f3n da que foi a derradeira colonia do noso pa\u00eds. A ocupaci\u00f3n do Sahara Occidental polo Reino alau\u00ed hai xa 45 anos (Marcha Verde) non \u00e9 allea \u00e1 explotaci\u00f3n e o espolio dos seus abundantes recursos naturais como a pesca, os fosfatos, os hidrocarburos ou mesmo a propia area do deserto, bens dos que primeiro se aproveitou Espa\u00f1a durante a etapa colonial e agora faino Marrocos.<\/p>\n<p>O espolio de recursos e as s\u00faas consecuencias para as poboaci\u00f3ns deses lugares \u00e9 o tema sobre o que orbitan este ano as actividades de <em>Acampa<\/em> no seu cuarto encontro internacional, que se desenvolve ata o 14 de decembro na Coru\u00f1a. A situaci\u00f3n do pobo saharau\u00ed, refuxiado nos campos de Tinduf (Alxeria) \u2013uns dos m\u00e1is lonxevos do mundo- e o muro que levantou o Reino marroqu\u00ed contra eles forman parte da exposici\u00f3n fotogr\u00e1fica <em>Espolio<\/em>, elemento central desta cuarta edici\u00f3n de Acampa pola Paz, unha mostra que pode visitarse nos c\u00e9ntricos Xard\u00edns de M\u00e9ndez N\u00fa\u00f1ez da cidade coru\u00f1esa.<\/p>\n<p><em>Acampa<\/em> \u00e9 especialmente cr\u00edtica coa postura do noso pa\u00eds respecto a este dilatado conflito, tanto pola s\u00faa nula intervenci\u00f3n na s\u00faa resoluci\u00f3n ao longo deste case medio s\u00e9culo, como polo bochorno hist\u00f3rico de abandonar \u00e1 s\u00faa sorte e non reco\u00f1ecer a nacionalidade dos habitantes da provincia espa\u00f1ola do S\u00e1hara tras a ocupaci\u00f3n marroqu\u00ed. Os antigos documentos de identidade espa\u00f1ois que conservan moitas das persoas refuxiadas de Tinduf son un testemu\u00f1o gr\u00e1fico do vergo\u00f1oso proceso de descolonizaci\u00f3n de Espa\u00f1a e as s\u00faas consecuencias para o pobo saharau\u00ed. Non menos condenable para a rede <em>Acampa<\/em> \u00e9 a actitude da ONU, que leva 45 anos xogando ao descoido coa convocatoria do prometido referendo de autodeterminaci\u00f3n e sen intervir contra Marrocos, o que, ven a significar, de facto, un apoio \u00e1 ocupaci\u00f3n.<\/p>\n<p><strong>Os dous lados do muro<\/strong><\/p>\n<p>A mostra <em>Os dous lados do muro<\/em>, que asina o fotoxornalista sevillano <strong>Luis de Vega<\/strong>, documenta na exposici\u00f3n <em>Espolio<\/em> a vida ao redor do largu\u00edsimo \u201cmuro da vergo\u00f1a\u201d, levantado no medio do deserto por Marrocos para tentar impedir o retorno dos saharau\u00eds e evitar posibles ataques dun Fronte Polisario, cuxa capacidade militar sen apoio externo, \u00e9 case nula. Un escenario no que conviven o drama das persoas refuxiadas abandonadas durante d\u00e9cadas nos campos de Alxeria e a explotaci\u00f3n dos grandes recursos da zona ocupada por parte de Rabat. \u201cEspa\u00f1a, como potencia oficialmente responsable do territorio, e Marrocos, como ocupante de facto, s\u00edntense c\u00f3modos no medio da indiferenza da comunidade internacional. A colonia m\u00e1is antiga de \u00c1frica non \u00e9 noticia habitual\u201d, escribe na descrici\u00f3n da s\u00faa mostra en <em>Acampa<\/em> o fotoxornalista que asina as instant\u00e1neas.<\/p>\n<p>A exposici\u00f3n <em>Espolio<\/em> \u00e9 o n\u00facleo central desta edici\u00f3n de <em>Acampa<\/em>, condicionada pola pandemia do Covid-19, que obrigou \u00e1 organizaci\u00f3n a restrinxir ao m\u00ednimo as actividades e a prescindir da presenza na cidade de activistas e especialistas de primeiro nivel mundial como ocorreu en anos anteriores. O encontro internacional conta co apoio do Concello da Coru\u00f1a, a Deputaci\u00f3n Provincial e a Universidade coru\u00f1esa.<\/p>\n<p>Esta exposici\u00f3n urbana de gran formato, pode tam\u00e9n visitarse de maneira virtual a trav\u00e9s da web de <em>Acampa<\/em> <a href=\"http:\/\/www.redeacampa.org\">www.redeacampa.org<\/a> ou da plataforma <a href=\"http:\/\/www.peopleartfactory.com\">www.peopleartfactory.com<\/a><\/p>\n","protected":false},"excerpt":{"rendered":"<p>A explotaci\u00f3n de recursos no S\u00e1hara Occidental est\u00e1 presente na mostra fotogr\u00e1fica Espolio, instalada na fronte dos Xard\u00edns de M\u00e9ndez N\u00fa\u00f1ez, no centro da Coru\u00f1a A rede de organizaci\u00f3ns en defensa do Dereito a Refuxio recrimina asemade o silencio c\u00f3mplice da ONU e do Goberno espa\u00f1ol respecto \u00e1 poboaci\u00f3n da que foi a \u00faltima colonia [&hellip;]<\/p>\n","protected":false},"author":25,"featured_media":37720,"comment_status":"open","ping_status":"open","sticky":false,"template":"","format":"standard","meta":{"_et_pb_use_builder":"","_et_pb_old_content":"","_et_gb_content_width":"","inline_featured_image":false,"footnotes":""},"categories":[1],"tags":[103,88,112,89,65,98,50,121,102,66,87,99,62,71,64,63,107],"class_list":["post-37716","post","type-post","status-publish","format-standard","has-post-thumbnail","hentry","category-presentacios","tag-a-coruna","tag-dereito-a-refuxio","tag-dereito-a-refuxio-por-espolio","tag-dereito-de-asilo","tag-dereitos-humanos","tag-desprazamientos-forzosos","tag-espolio","tag-fotos-gl","tag-galicia","tag-inmigracion-gl","tag-inmigrantes","tag-migraciones-gl","tag-migracions","tag-refugiados-climatico","tag-refuxiadas","tag-refuxiados","tag-sahara"],"yoast_head":"<!-- This site is optimized with the Yoast SEO plugin v27.4 - https:\/\/yoast.com\/product\/yoast-seo-wordpress\/ -->\n<title>ACAMPA CONDENA A \u00daLTIMA OFENSIVA MILITAR DE MARROCOS CONTRA O POBO SAHARAU\u00cd E LEMBRA O ESPOLIO DE RECURSOS NATURAIS QUE HAI DETR\u00c1S DA OCUPACI\u00d3N | Rede Acampa - Por la paz y el derecho a refugio<\/title>\n<meta name=\"robots\" content=\"index, follow, max-snippet:-1, max-image-preview:large, max-video-preview:-1\" \/>\n<link rel=\"canonical\" href=\"https:\/\/blog.redeacampa.org\/gl\/acampa-condena-a-ultima-ofensiva-militar-de-marrocos-contra-o-pobo-saharaui-e-lembra-o-espolio-de-recursos-naturais-que-hai-detras-da-ocupacion\/\" \/>\n<meta property=\"og:locale\" content=\"gl_ES\" \/>\n<meta property=\"og:type\" content=\"article\" \/>\n<meta property=\"og:title\" content=\"ACAMPA CONDENA A \u00daLTIMA OFENSIVA MILITAR DE MARROCOS CONTRA O POBO SAHARAU\u00cd E LEMBRA O ESPOLIO DE RECURSOS NATURAIS QUE HAI DETR\u00c1S DA OCUPACI\u00d3N | Rede Acampa - Por la paz y el derecho a refugio\" \/>\n<meta property=\"og:description\" content=\"A explotaci\u00f3n de recursos no S\u00e1hara Occidental est\u00e1 presente na mostra fotogr\u00e1fica Espolio, instalada na fronte dos Xard\u00edns de M\u00e9ndez N\u00fa\u00f1ez, no centro da Coru\u00f1a A rede de organizaci\u00f3ns en defensa do Dereito a Refuxio recrimina asemade o silencio c\u00f3mplice da ONU e do Goberno espa\u00f1ol respecto \u00e1 poboaci\u00f3n da que foi a \u00faltima colonia [&hellip;]\" \/>\n<meta property=\"og:url\" content=\"https:\/\/blog.redeacampa.org\/gl\/acampa-condena-a-ultima-ofensiva-militar-de-marrocos-contra-o-pobo-saharaui-e-lembra-o-espolio-de-recursos-naturais-que-hai-detras-da-ocupacion\/\" \/>\n<meta property=\"og:site_name\" content=\"Rede Acampa - Por la paz y el derecho a refugio\" \/>\n<meta property=\"article:publisher\" content=\"https:\/\/www.facebook.com\/acampapolapazeodereitoarefuxio\" \/>\n<meta property=\"article:published_time\" content=\"2020-11-17T10:33:35+00:00\" \/>\n<meta property=\"article:modified_time\" content=\"2020-11-17T10:37:15+00:00\" \/>\n<meta property=\"og:image\" content=\"https:\/\/blog.redeacampa.org\/wp-content\/uploads\/Sello.jpg\" \/>\n\t<meta property=\"og:image:width\" content=\"500\" \/>\n\t<meta property=\"og:image:height\" content=\"582\" \/>\n\t<meta property=\"og:image:type\" content=\"image\/jpeg\" \/>\n<meta name=\"author\" content=\"Comunicaci\u00f3n\" \/>\n<meta name=\"twitter:card\" content=\"summary_large_image\" \/>\n<meta name=\"twitter:creator\" content=\"@Acampa_polapaz\" \/>\n<meta name=\"twitter:site\" content=\"@Acampa_polapaz\" \/>\n<meta name=\"twitter:label1\" content=\"Escrito por\" \/>\n\t<meta name=\"twitter:data1\" content=\"Comunicaci\u00f3n\" \/>\n\t<meta name=\"twitter:label2\" content=\"Tempo de lectura\" \/>\n\t<meta name=\"twitter:data2\" content=\"3 minutos\" \/>\n<script type=\"application\/ld+json\" class=\"yoast-schema-graph\">{\"@context\":\"https:\\\/\\\/schema.org\",\"@graph\":[{\"@type\":\"Article\",\"@id\":\"https:\\\/\\\/blog.redeacampa.org\\\/gl\\\/acampa-condena-a-ultima-ofensiva-militar-de-marrocos-contra-o-pobo-saharaui-e-lembra-o-espolio-de-recursos-naturais-que-hai-detras-da-ocupacion\\\/#article\",\"isPartOf\":{\"@id\":\"https:\\\/\\\/blog.redeacampa.org\\\/gl\\\/acampa-condena-a-ultima-ofensiva-militar-de-marrocos-contra-o-pobo-saharaui-e-lembra-o-espolio-de-recursos-naturais-que-hai-detras-da-ocupacion\\\/\"},\"author\":{\"name\":\"Comunicaci\u00f3n\",\"@id\":\"https:\\\/\\\/blog.redeacampa.org\\\/gl\\\/#\\\/schema\\\/person\\\/4af0729a8614cbed1e7078bcc7be966b\"},\"headline\":\"ACAMPA CONDENA A \u00daLTIMA OFENSIVA MILITAR DE MARROCOS CONTRA O POBO SAHARAU\u00cd E LEMBRA O ESPOLIO DE RECURSOS NATURAIS QUE HAI DETR\u00c1S DA OCUPACI\u00d3N\",\"datePublished\":\"2020-11-17T10:33:35+00:00\",\"dateModified\":\"2020-11-17T10:37:15+00:00\",\"mainEntityOfPage\":{\"@id\":\"https:\\\/\\\/blog.redeacampa.org\\\/gl\\\/acampa-condena-a-ultima-ofensiva-militar-de-marrocos-contra-o-pobo-saharaui-e-lembra-o-espolio-de-recursos-naturais-que-hai-detras-da-ocupacion\\\/\"},\"wordCount\":709,\"commentCount\":0,\"image\":{\"@id\":\"https:\\\/\\\/blog.redeacampa.org\\\/gl\\\/acampa-condena-a-ultima-ofensiva-militar-de-marrocos-contra-o-pobo-saharaui-e-lembra-o-espolio-de-recursos-naturais-que-hai-detras-da-ocupacion\\\/#primaryimage\"},\"thumbnailUrl\":\"https:\\\/\\\/blog.redeacampa.org\\\/wp-content\\\/uploads\\\/Sello.jpg\",\"keywords\":[\"A Coru\u00f1a\",\"dereito a refuxio\",\"dereito a refuxio por Espolio\",\"dereito de asilo\",\"Dereitos Humanos\",\"desprazamientos forzosos\",\"Espolio\",\"fotos\",\"Galicia\",\"inmigraci\u00f3n\",\"inmigrantes\",\"Migraciones\",\"migraci\u00f3ns\",\"refugiados clim\u00e1tico\",\"refuxiadas\",\"refuxiados\",\"S\u00e1hara\"],\"articleSection\":[\"Presentacios\"],\"inLanguage\":\"gl-ES\",\"potentialAction\":[{\"@type\":\"CommentAction\",\"name\":\"Comment\",\"target\":[\"https:\\\/\\\/blog.redeacampa.org\\\/gl\\\/acampa-condena-a-ultima-ofensiva-militar-de-marrocos-contra-o-pobo-saharaui-e-lembra-o-espolio-de-recursos-naturais-que-hai-detras-da-ocupacion\\\/#respond\"]}]},{\"@type\":\"WebPage\",\"@id\":\"https:\\\/\\\/blog.redeacampa.org\\\/gl\\\/acampa-condena-a-ultima-ofensiva-militar-de-marrocos-contra-o-pobo-saharaui-e-lembra-o-espolio-de-recursos-naturais-que-hai-detras-da-ocupacion\\\/\",\"url\":\"https:\\\/\\\/blog.redeacampa.org\\\/gl\\\/acampa-condena-a-ultima-ofensiva-militar-de-marrocos-contra-o-pobo-saharaui-e-lembra-o-espolio-de-recursos-naturais-que-hai-detras-da-ocupacion\\\/\",\"name\":\"ACAMPA CONDENA A \u00daLTIMA OFENSIVA MILITAR DE MARROCOS CONTRA O POBO SAHARAU\u00cd E LEMBRA O ESPOLIO DE RECURSOS NATURAIS QUE HAI DETR\u00c1S DA OCUPACI\u00d3N | Rede Acampa - Por la paz y el derecho a refugio\",\"isPartOf\":{\"@id\":\"https:\\\/\\\/blog.redeacampa.org\\\/gl\\\/#website\"},\"primaryImageOfPage\":{\"@id\":\"https:\\\/\\\/blog.redeacampa.org\\\/gl\\\/acampa-condena-a-ultima-ofensiva-militar-de-marrocos-contra-o-pobo-saharaui-e-lembra-o-espolio-de-recursos-naturais-que-hai-detras-da-ocupacion\\\/#primaryimage\"},\"image\":{\"@id\":\"https:\\\/\\\/blog.redeacampa.org\\\/gl\\\/acampa-condena-a-ultima-ofensiva-militar-de-marrocos-contra-o-pobo-saharaui-e-lembra-o-espolio-de-recursos-naturais-que-hai-detras-da-ocupacion\\\/#primaryimage\"},\"thumbnailUrl\":\"https:\\\/\\\/blog.redeacampa.org\\\/wp-content\\\/uploads\\\/Sello.jpg\",\"datePublished\":\"2020-11-17T10:33:35+00:00\",\"dateModified\":\"2020-11-17T10:37:15+00:00\",\"author\":{\"@id\":\"https:\\\/\\\/blog.redeacampa.org\\\/gl\\\/#\\\/schema\\\/person\\\/4af0729a8614cbed1e7078bcc7be966b\"},\"breadcrumb\":{\"@id\":\"https:\\\/\\\/blog.redeacampa.org\\\/gl\\\/acampa-condena-a-ultima-ofensiva-militar-de-marrocos-contra-o-pobo-saharaui-e-lembra-o-espolio-de-recursos-naturais-que-hai-detras-da-ocupacion\\\/#breadcrumb\"},\"inLanguage\":\"gl-ES\",\"potentialAction\":[{\"@type\":\"ReadAction\",\"target\":[\"https:\\\/\\\/blog.redeacampa.org\\\/gl\\\/acampa-condena-a-ultima-ofensiva-militar-de-marrocos-contra-o-pobo-saharaui-e-lembra-o-espolio-de-recursos-naturais-que-hai-detras-da-ocupacion\\\/\"]}]},{\"@type\":\"ImageObject\",\"inLanguage\":\"gl-ES\",\"@id\":\"https:\\\/\\\/blog.redeacampa.org\\\/gl\\\/acampa-condena-a-ultima-ofensiva-militar-de-marrocos-contra-o-pobo-saharaui-e-lembra-o-espolio-de-recursos-naturais-que-hai-detras-da-ocupacion\\\/#primaryimage\",\"url\":\"https:\\\/\\\/blog.redeacampa.org\\\/wp-content\\\/uploads\\\/Sello.jpg\",\"contentUrl\":\"https:\\\/\\\/blog.redeacampa.org\\\/wp-content\\\/uploads\\\/Sello.jpg\",\"width\":500,\"height\":582},{\"@type\":\"BreadcrumbList\",\"@id\":\"https:\\\/\\\/blog.redeacampa.org\\\/gl\\\/acampa-condena-a-ultima-ofensiva-militar-de-marrocos-contra-o-pobo-saharaui-e-lembra-o-espolio-de-recursos-naturais-que-hai-detras-da-ocupacion\\\/#breadcrumb\",\"itemListElement\":[{\"@type\":\"ListItem\",\"position\":1,\"name\":\"Portada\",\"item\":\"https:\\\/\\\/blog.redeacampa.org\\\/gl\\\/\"},{\"@type\":\"ListItem\",\"position\":2,\"name\":\"ACAMPA CONDENA A \u00daLTIMA OFENSIVA MILITAR DE MARROCOS CONTRA O POBO SAHARAU\u00cd E LEMBRA O ESPOLIO DE RECURSOS NATURAIS QUE HAI DETR\u00c1S DA OCUPACI\u00d3N\"}]},{\"@type\":\"WebSite\",\"@id\":\"https:\\\/\\\/blog.redeacampa.org\\\/gl\\\/#website\",\"url\":\"https:\\\/\\\/blog.redeacampa.org\\\/gl\\\/\",\"name\":\"Rede Acampa - Por la paz y el derecho a refugio\",\"description\":\"Una iniciativa ciudadana sin fines de lucro integrada por colectivos sociales, culturales, educativos, veci\u00f1ales, pol\u00edticos, sindicales, art\u00edsticos, de personas solidarias, de instituciones y empresas con responsabilidad social que tienen como objetivo la defensa de los derechos humanos, el Derecho Internacional Humanitario y el Derecho a Refugio\",\"potentialAction\":[{\"@type\":\"SearchAction\",\"target\":{\"@type\":\"EntryPoint\",\"urlTemplate\":\"https:\\\/\\\/blog.redeacampa.org\\\/gl\\\/?s={search_term_string}\"},\"query-input\":{\"@type\":\"PropertyValueSpecification\",\"valueRequired\":true,\"valueName\":\"search_term_string\"}}],\"inLanguage\":\"gl-ES\"},{\"@type\":\"Person\",\"@id\":\"https:\\\/\\\/blog.redeacampa.org\\\/gl\\\/#\\\/schema\\\/person\\\/4af0729a8614cbed1e7078bcc7be966b\",\"name\":\"Comunicaci\u00f3n\",\"image\":{\"@type\":\"ImageObject\",\"inLanguage\":\"gl-ES\",\"@id\":\"https:\\\/\\\/secure.gravatar.com\\\/avatar\\\/8e8fea06f5f2696e331aacd588d2000164152c9aa47459d1e52be3c1ab5f5ca5?s=96&d=mm&r=g\",\"url\":\"https:\\\/\\\/secure.gravatar.com\\\/avatar\\\/8e8fea06f5f2696e331aacd588d2000164152c9aa47459d1e52be3c1ab5f5ca5?s=96&d=mm&r=g\",\"contentUrl\":\"https:\\\/\\\/secure.gravatar.com\\\/avatar\\\/8e8fea06f5f2696e331aacd588d2000164152c9aa47459d1e52be3c1ab5f5ca5?s=96&d=mm&r=g\",\"caption\":\"Comunicaci\u00f3n\"}}]}<\/script>\n<!-- \/ Yoast SEO plugin. -->","yoast_head_json":{"title":"ACAMPA CONDENA A \u00daLTIMA OFENSIVA MILITAR DE MARROCOS CONTRA O POBO SAHARAU\u00cd E LEMBRA O ESPOLIO DE RECURSOS NATURAIS QUE HAI DETR\u00c1S DA OCUPACI\u00d3N | Rede Acampa - Por la paz y el derecho a refugio","robots":{"index":"index","follow":"follow","max-snippet":"max-snippet:-1","max-image-preview":"max-image-preview:large","max-video-preview":"max-video-preview:-1"},"canonical":"https:\/\/blog.redeacampa.org\/gl\/acampa-condena-a-ultima-ofensiva-militar-de-marrocos-contra-o-pobo-saharaui-e-lembra-o-espolio-de-recursos-naturais-que-hai-detras-da-ocupacion\/","og_locale":"gl_ES","og_type":"article","og_title":"ACAMPA CONDENA A \u00daLTIMA OFENSIVA MILITAR DE MARROCOS CONTRA O POBO SAHARAU\u00cd E LEMBRA O ESPOLIO DE RECURSOS NATURAIS QUE HAI DETR\u00c1S DA OCUPACI\u00d3N | Rede Acampa - Por la paz y el derecho a refugio","og_description":"A explotaci\u00f3n de recursos no S\u00e1hara Occidental est\u00e1 presente na mostra fotogr\u00e1fica Espolio, instalada na fronte dos Xard\u00edns de M\u00e9ndez N\u00fa\u00f1ez, no centro da Coru\u00f1a A rede de organizaci\u00f3ns en defensa do Dereito a Refuxio recrimina asemade o silencio c\u00f3mplice da ONU e do Goberno espa\u00f1ol respecto \u00e1 poboaci\u00f3n da que foi a \u00faltima colonia [&hellip;]","og_url":"https:\/\/blog.redeacampa.org\/gl\/acampa-condena-a-ultima-ofensiva-militar-de-marrocos-contra-o-pobo-saharaui-e-lembra-o-espolio-de-recursos-naturais-que-hai-detras-da-ocupacion\/","og_site_name":"Rede Acampa - Por la paz y el derecho a refugio","article_publisher":"https:\/\/www.facebook.com\/acampapolapazeodereitoarefuxio","article_published_time":"2020-11-17T10:33:35+00:00","article_modified_time":"2020-11-17T10:37:15+00:00","og_image":[{"width":500,"height":582,"url":"https:\/\/blog.redeacampa.org\/wp-content\/uploads\/Sello.jpg","type":"image\/jpeg"}],"author":"Comunicaci\u00f3n","twitter_card":"summary_large_image","twitter_creator":"@Acampa_polapaz","twitter_site":"@Acampa_polapaz","twitter_misc":{"Escrito por":"Comunicaci\u00f3n","Tempo de lectura":"3 minutos"},"schema":{"@context":"https:\/\/schema.org","@graph":[{"@type":"Article","@id":"https:\/\/blog.redeacampa.org\/gl\/acampa-condena-a-ultima-ofensiva-militar-de-marrocos-contra-o-pobo-saharaui-e-lembra-o-espolio-de-recursos-naturais-que-hai-detras-da-ocupacion\/#article","isPartOf":{"@id":"https:\/\/blog.redeacampa.org\/gl\/acampa-condena-a-ultima-ofensiva-militar-de-marrocos-contra-o-pobo-saharaui-e-lembra-o-espolio-de-recursos-naturais-que-hai-detras-da-ocupacion\/"},"author":{"name":"Comunicaci\u00f3n","@id":"https:\/\/blog.redeacampa.org\/gl\/#\/schema\/person\/4af0729a8614cbed1e7078bcc7be966b"},"headline":"ACAMPA CONDENA A \u00daLTIMA OFENSIVA MILITAR DE MARROCOS CONTRA O POBO SAHARAU\u00cd E LEMBRA O ESPOLIO DE RECURSOS NATURAIS QUE HAI DETR\u00c1S DA OCUPACI\u00d3N","datePublished":"2020-11-17T10:33:35+00:00","dateModified":"2020-11-17T10:37:15+00:00","mainEntityOfPage":{"@id":"https:\/\/blog.redeacampa.org\/gl\/acampa-condena-a-ultima-ofensiva-militar-de-marrocos-contra-o-pobo-saharaui-e-lembra-o-espolio-de-recursos-naturais-que-hai-detras-da-ocupacion\/"},"wordCount":709,"commentCount":0,"image":{"@id":"https:\/\/blog.redeacampa.org\/gl\/acampa-condena-a-ultima-ofensiva-militar-de-marrocos-contra-o-pobo-saharaui-e-lembra-o-espolio-de-recursos-naturais-que-hai-detras-da-ocupacion\/#primaryimage"},"thumbnailUrl":"https:\/\/blog.redeacampa.org\/wp-content\/uploads\/Sello.jpg","keywords":["A Coru\u00f1a","dereito a refuxio","dereito a refuxio por Espolio","dereito de asilo","Dereitos Humanos","desprazamientos forzosos","Espolio","fotos","Galicia","inmigraci\u00f3n","inmigrantes","Migraciones","migraci\u00f3ns","refugiados clim\u00e1tico","refuxiadas","refuxiados","S\u00e1hara"],"articleSection":["Presentacios"],"inLanguage":"gl-ES","potentialAction":[{"@type":"CommentAction","name":"Comment","target":["https:\/\/blog.redeacampa.org\/gl\/acampa-condena-a-ultima-ofensiva-militar-de-marrocos-contra-o-pobo-saharaui-e-lembra-o-espolio-de-recursos-naturais-que-hai-detras-da-ocupacion\/#respond"]}]},{"@type":"WebPage","@id":"https:\/\/blog.redeacampa.org\/gl\/acampa-condena-a-ultima-ofensiva-militar-de-marrocos-contra-o-pobo-saharaui-e-lembra-o-espolio-de-recursos-naturais-que-hai-detras-da-ocupacion\/","url":"https:\/\/blog.redeacampa.org\/gl\/acampa-condena-a-ultima-ofensiva-militar-de-marrocos-contra-o-pobo-saharaui-e-lembra-o-espolio-de-recursos-naturais-que-hai-detras-da-ocupacion\/","name":"ACAMPA CONDENA A \u00daLTIMA OFENSIVA MILITAR DE MARROCOS CONTRA O POBO SAHARAU\u00cd E LEMBRA O ESPOLIO DE RECURSOS NATURAIS QUE HAI DETR\u00c1S DA OCUPACI\u00d3N | Rede Acampa - Por la paz y el derecho a refugio","isPartOf":{"@id":"https:\/\/blog.redeacampa.org\/gl\/#website"},"primaryImageOfPage":{"@id":"https:\/\/blog.redeacampa.org\/gl\/acampa-condena-a-ultima-ofensiva-militar-de-marrocos-contra-o-pobo-saharaui-e-lembra-o-espolio-de-recursos-naturais-que-hai-detras-da-ocupacion\/#primaryimage"},"image":{"@id":"https:\/\/blog.redeacampa.org\/gl\/acampa-condena-a-ultima-ofensiva-militar-de-marrocos-contra-o-pobo-saharaui-e-lembra-o-espolio-de-recursos-naturais-que-hai-detras-da-ocupacion\/#primaryimage"},"thumbnailUrl":"https:\/\/blog.redeacampa.org\/wp-content\/uploads\/Sello.jpg","datePublished":"2020-11-17T10:33:35+00:00","dateModified":"2020-11-17T10:37:15+00:00","author":{"@id":"https:\/\/blog.redeacampa.org\/gl\/#\/schema\/person\/4af0729a8614cbed1e7078bcc7be966b"},"breadcrumb":{"@id":"https:\/\/blog.redeacampa.org\/gl\/acampa-condena-a-ultima-ofensiva-militar-de-marrocos-contra-o-pobo-saharaui-e-lembra-o-espolio-de-recursos-naturais-que-hai-detras-da-ocupacion\/#breadcrumb"},"inLanguage":"gl-ES","potentialAction":[{"@type":"ReadAction","target":["https:\/\/blog.redeacampa.org\/gl\/acampa-condena-a-ultima-ofensiva-militar-de-marrocos-contra-o-pobo-saharaui-e-lembra-o-espolio-de-recursos-naturais-que-hai-detras-da-ocupacion\/"]}]},{"@type":"ImageObject","inLanguage":"gl-ES","@id":"https:\/\/blog.redeacampa.org\/gl\/acampa-condena-a-ultima-ofensiva-militar-de-marrocos-contra-o-pobo-saharaui-e-lembra-o-espolio-de-recursos-naturais-que-hai-detras-da-ocupacion\/#primaryimage","url":"https:\/\/blog.redeacampa.org\/wp-content\/uploads\/Sello.jpg","contentUrl":"https:\/\/blog.redeacampa.org\/wp-content\/uploads\/Sello.jpg","width":500,"height":582},{"@type":"BreadcrumbList","@id":"https:\/\/blog.redeacampa.org\/gl\/acampa-condena-a-ultima-ofensiva-militar-de-marrocos-contra-o-pobo-saharaui-e-lembra-o-espolio-de-recursos-naturais-que-hai-detras-da-ocupacion\/#breadcrumb","itemListElement":[{"@type":"ListItem","position":1,"name":"Portada","item":"https:\/\/blog.redeacampa.org\/gl\/"},{"@type":"ListItem","position":2,"name":"ACAMPA CONDENA A \u00daLTIMA OFENSIVA MILITAR DE MARROCOS CONTRA O POBO SAHARAU\u00cd E LEMBRA O ESPOLIO DE RECURSOS NATURAIS QUE HAI DETR\u00c1S DA OCUPACI\u00d3N"}]},{"@type":"WebSite","@id":"https:\/\/blog.redeacampa.org\/gl\/#website","url":"https:\/\/blog.redeacampa.org\/gl\/","name":"Rede Acampa - Por la paz y el derecho a refugio","description":"Una iniciativa ciudadana sin fines de lucro integrada por colectivos sociales, culturales, educativos, veci\u00f1ales, pol\u00edticos, sindicales, art\u00edsticos, de personas solidarias, de instituciones y empresas con responsabilidad social que tienen como objetivo la defensa de los derechos humanos, el Derecho Internacional Humanitario y el Derecho a Refugio","potentialAction":[{"@type":"SearchAction","target":{"@type":"EntryPoint","urlTemplate":"https:\/\/blog.redeacampa.org\/gl\/?s={search_term_string}"},"query-input":{"@type":"PropertyValueSpecification","valueRequired":true,"valueName":"search_term_string"}}],"inLanguage":"gl-ES"},{"@type":"Person","@id":"https:\/\/blog.redeacampa.org\/gl\/#\/schema\/person\/4af0729a8614cbed1e7078bcc7be966b","name":"Comunicaci\u00f3n","image":{"@type":"ImageObject","inLanguage":"gl-ES","@id":"https:\/\/secure.gravatar.com\/avatar\/8e8fea06f5f2696e331aacd588d2000164152c9aa47459d1e52be3c1ab5f5ca5?s=96&d=mm&r=g","url":"https:\/\/secure.gravatar.com\/avatar\/8e8fea06f5f2696e331aacd588d2000164152c9aa47459d1e52be3c1ab5f5ca5?s=96&d=mm&r=g","contentUrl":"https:\/\/secure.gravatar.com\/avatar\/8e8fea06f5f2696e331aacd588d2000164152c9aa47459d1e52be3c1ab5f5ca5?s=96&d=mm&r=g","caption":"Comunicaci\u00f3n"}}]}},"_links":{"self":[{"href":"https:\/\/blog.redeacampa.org\/gl\/wp-json\/wp\/v2\/posts\/37716","targetHints":{"allow":["GET"]}}],"collection":[{"href":"https:\/\/blog.redeacampa.org\/gl\/wp-json\/wp\/v2\/posts"}],"about":[{"href":"https:\/\/blog.redeacampa.org\/gl\/wp-json\/wp\/v2\/types\/post"}],"author":[{"embeddable":true,"href":"https:\/\/blog.redeacampa.org\/gl\/wp-json\/wp\/v2\/users\/25"}],"replies":[{"embeddable":true,"href":"https:\/\/blog.redeacampa.org\/gl\/wp-json\/wp\/v2\/comments?post=37716"}],"version-history":[{"count":0,"href":"https:\/\/blog.redeacampa.org\/gl\/wp-json\/wp\/v2\/posts\/37716\/revisions"}],"wp:featuredmedia":[{"embeddable":true,"href":"https:\/\/blog.redeacampa.org\/gl\/wp-json\/wp\/v2\/media\/37720"}],"wp:attachment":[{"href":"https:\/\/blog.redeacampa.org\/gl\/wp-json\/wp\/v2\/media?parent=37716"}],"wp:term":[{"taxonomy":"category","embeddable":true,"href":"https:\/\/blog.redeacampa.org\/gl\/wp-json\/wp\/v2\/categories?post=37716"},{"taxonomy":"post_tag","embeddable":true,"href":"https:\/\/blog.redeacampa.org\/gl\/wp-json\/wp\/v2\/tags?post=37716"}],"curies":[{"name":"wp","href":"https:\/\/api.w.org\/{rel}","templated":true}]}}