{"id":37724,"date":"2020-11-20T12:11:17","date_gmt":"2020-11-20T11:11:17","guid":{"rendered":"https:\/\/blog.redeacampa.org\/?p=37724"},"modified":"2020-11-20T12:11:17","modified_gmt":"2020-11-20T11:11:17","slug":"a-mostra-fotografica-espolio-de-acampa-reflicte-os-estragos-do-saqueo-de-recursos-en-distintos-paises-de-latinoamerica-como-brasil-arxentina-e-colombia","status":"publish","type":"post","link":"https:\/\/blog.redeacampa.org\/gl\/a-mostra-fotografica-espolio-de-acampa-reflicte-os-estragos-do-saqueo-de-recursos-en-distintos-paises-de-latinoamerica-como-brasil-arxentina-e-colombia\/","title":{"rendered":"A MOSTRA FOTOGR\u00c1FICA \u201cESPOLIO\u201d DE ACAMPA REFLICTE OS ESTRAGOS DO SAQUEO DE RECURSOS EN DISTINTOS PA\u00cdSES DE LATINOAM\u00c9RICA COMO BRASIL, ARXENTINA E COLOMBIA"},"content":{"rendered":"<ul>\n<li><em>Am\u00e9rica latina est\u00e1 entre as zonas do planeta m\u00e1is afectadas pola explotaci\u00f3n a gran escala de recursos naturais por parte de multinacionais for\u00e1neas e pequenas elites. Tam\u00e9n alberga un dos principais emblemas dos seus efectos devastadores para as poboaci\u00f3ns locais, o planeta e a humanidade en xeral: a selva amaz\u00f3nica<\/em><\/li>\n<li><em>Instalada na fronte dos Xard\u00edns de M\u00e9ndez N\u00fa\u00f1ez, no centro da Coru\u00f1a, e a trav\u00e9s das imaxes de destacados fotoperiodistas, a exposici\u00f3n reflicte como uns poucos esquilman a riqueza de mill\u00f3ns de persoas<\/em><\/li>\n<\/ul>\n<p>A explotaci\u00f3n salvaxe de recursos por parte de grandes corporaci\u00f3ns multinacionais ten moitas facianas e presenza en todos os recunchos do mundo. Hai, con todo, zonas especialmente afectadas por esta pr\u00e1ctica capitalista con consecuencias humanas e ambientais devastadoras tanto para as poboaci\u00f3ns aut\u00f3ctonas, abocadas en boa parte das ocasi\u00f3ns ao desprazamento forzado, como para o planeta e a humanidade no seu conxunto. Entre elas est\u00e1, sen d\u00fabida, Am\u00e9rica Latina, que alberga a selva amaz\u00f3nica, emblema planetario dos efectos deste saqueo masivo de bens e leitmotiv do cuarto Encontro Internacional Acampa pola Paz e o Dereito a Refuxio, que se desenvolve ata o 14 de decembro na Coru\u00f1a. A deforestaci\u00f3n amaz\u00f3nica e a loita dos pobos ind\u00edxenas afectados, as consecuencias da fumigaci\u00f3ns nos cultivos extensivos de soia en Arxentina ou a miseria que envolve a explotaci\u00f3n das minas de esmeralda en Colombia est\u00e1n presentes na mostra fotogr\u00e1fica <em>Espolio<\/em>, n\u00facleo central dunha edici\u00f3n de Acampa condicionada pola pandemia do Covid-19. O Encontro conta co apoio do Concello da Coru\u00f1a, a Deputaci\u00f3n Provincial e a Universidade coru\u00f1esa.<\/p>\n<p>A exposici\u00f3n, situada na fronte dos Xard\u00edns de M\u00e9ndez N\u00fa\u00f1ez, achega ao centro da Coru\u00f1a a m\u00e1is recente realidade da Amazonia brasileira coas instant\u00e1neas do fot\u00f3grafo documental <strong>V\u00edctor Moriyama<\/strong>, da fotoperiodista <strong>Clara Belchior<\/strong> e dunha mostra colectiva organizada polo CIMI ( Conselho Indigenista Mission\u00e1rio). <em>Deforestaci\u00f3n amaz\u00f3nica<\/em> de <strong>Moriyama<\/strong> documenta o sucedido en 2019 no pulm\u00f3n do planeta, o peor ano na destruci\u00f3n da Amazonia, cun agravamento da loita agraria e a proliferaci\u00f3n de asasinatos de activistas ambientais e ind\u00edxenas. Todo iso alentado polo discurso do presidente Jair Bolsonaro, ali\u00f1ado cos grupos que operan na talla, a miner\u00eda ilegal, a gander\u00eda e a agricultura a gran escala. O ano pasado chegaron a detectarse m\u00e1is de 80.000 incendios na selva amaz\u00f3nica brasileira que provocaron unha crise clim\u00e1tica internacional.<\/p>\n<p>As fotos de <strong>Clara Belchior<\/strong> e a mostra colectiva do CIMI con fotograf\u00edas de <strong>Guilherme Cavalli<\/strong>, <strong>Tiago Miotto<\/strong> e <strong>Christian Braga<\/strong> mergullan aos visitantes na <em>Loita ind\u00edxena<\/em>, os movementos e mobilizaci\u00f3ns das poboaci\u00f3ns ind\u00edxenas contra o roubo e a destruci\u00f3n dos seus territorios e na que apr\u00e9ciase a dignidade e fortaleza desas comunidades que interpretan a \u00a0terra non como propiedade sen\u00f3n como legado.<\/p>\n<p>As fotos do arxentino <strong>Pablo Ernesto Piovano<\/strong>, mostran, en <em>O<\/em> <em>custo humano dos agrot\u00f3xicos<\/em>, os arrepiantes efectos do uso indiscriminado de pesticidas como o glifosato no cultivo extensivo de soia en Arxentina, o terceiro produtor mundial deste vexetal, despois de Estados Unidos e Brasil. En 1996, o Goberno dese pa\u00eds aprobou, base\u00e1ndose unicamente en estudos da compa\u00f1\u00eda Monsanto, o cultivo de soia transx\u00e9nica e o uso dese herbicida, prohibido en m\u00e1is de 70 pa\u00edses. As consecuencias, d\u00faas d\u00e9cadas despois, son que un terzo da poboaci\u00f3n desa \u00e1rea agraria padece cancro e outras enfermidades graves, malformaci\u00f3ns e afecci\u00f3ns cut\u00e1neas debido \u00e1s fumigaci\u00f3ns. As instant\u00e1neas de <strong>Piovano<\/strong> non deixan lugar a d\u00fabidas do sufrimento causado \u00e1 cidadan\u00eda.<\/p>\n<p>A extracci\u00f3n e comercio de xade e esmeraldas en Colombia protagoniza a secci\u00f3n <em>Terra Verde<\/em>, do fotoperiodista <strong>Javier Corso.<\/strong> As s\u00faas instant\u00e1neas est\u00e1n focalizadas na mina de Muzo, capital mundial da esmeralda e orixe dos exemplares de maior tama\u00f1o do mundo desta preciada pedra preciosa. Nelas reflicte a miseria e que hai ao redor do complexo mineiro, cuxos beneficios lonxe de reverter na poboaci\u00f3n local a condena \u00e1 pobreza extrema. A procura desta pedra preciosa serviu durante d\u00e9cadas de medio de vida para moitas familias, pero \u00a0na actualidade unha das grandes riquezas naturais do pa\u00eds latinoamericano s\u00f3 reporta grandes beneficios a \u00e9lites locales e empresas for\u00e1neas.<\/p>\n<p>Esta exposici\u00f3n urbana de gran formato poder\u00e1 tam\u00e9n visitarse de maneira virtual a trav\u00e9s da web de <em>Acampa<\/em> <a href=\"http:\/\/www.redeacampa.org\">www.redeacampa.org<\/a> ou da plataforma <a href=\"http:\/\/www.peopleartfactory.com\">www.peopleartfactory.com<\/a><\/p>\n<p><strong>Victor Moriyama<\/strong><strong>\/ <\/strong>Deforestaci\u00f3n amaz\u00f3nica<\/p>\n<p>O fotoxornalista brasileiro <strong>V\u00edctor Moriyama <\/strong>(S\u00e3o Paulo) traballa para distintos medios de comunicaci\u00f3n internacionais e organizaci\u00f3ns humanitarias cubrindo a situaci\u00f3n de Am\u00e9rica do Sur e a selva amaz\u00f3nica. A s\u00faa fotograf\u00eda humanista c\u00e9ntrase en documentar os procesos de violencia que prevalecen nas relaci\u00f3ns sociais e ambientais no seu pa\u00eds. <strong>Moriyama <\/strong>creou no ano 2019 o proxecto @historiasamazonicas. Tr\u00e1tase dunha comunidade de fot\u00f3grafos latinoamericanos comprometidos na documentaci\u00f3n dos procesos que te\u00f1en lugar na Amazonia neste momento para expandir o seu co\u00f1ecemento no mundo e tratar de involucrar \u00e1 sociedade global.<\/p>\n<p><strong>PABLO Piovano<\/strong><strong>\/ <\/strong>O custo humano dos agrot\u00f3xicos<\/p>\n<p><strong>Pablo Ernesto Piovano<\/strong> \u00e9 fot\u00f3grafo do xornal arxentino P\u00e1xina\/12 e colaborou en diferentes medios internacionais como Geo, Stern, National Geographic, L\u2019 Expresso, Internazionale, Liberation e Bloomberg. No seu curr\u00edculo figuran premios e reco\u00f1ecementos como o Greenpeace Award (2019), o Nannen Preis 2018 Reportage- Fotografie e o 6&#215;6 Global Talent Program of World Press Photo South America. As fotograf\u00edas que se exhiben en Acampa 2020 son o resultado dun traballo realizado polo fot\u00f3grafo arxentino de maneira independente e co apoio da Fundaci\u00f3n Manuel Rivera-Ortiz, unha organizaci\u00f3n sen fins de lucro con sede en Rochester, Nova York.<\/p>\n<p><strong>Javier Corso\/ <\/strong>Terra Verde<\/p>\n<p>O fot\u00f3grafo <strong>Javier Corso<\/strong>, que nos achega coas s\u00faas fotos en Acampa 2020 a explotaci\u00f3n das minas de xade e esmeraldas en Colombia, \u00e9 asesor creativo de National Geographic Partners (Espa\u00f1a) e o fundador\/ director de Oak Stories, unha produtora especializada en proxectos documentais que desde 2019 traballa para National Geographic Partners (Espa\u00f1a) e outras empresas e organizaci\u00f3ns como Naci\u00f3ns Unidas ou o Concello de Barcelona. <strong>Corso<\/strong> comezou a traballar como fot\u00f3grafo documental en 2011, publicando en medios como National Geographic, Al Jazeera, TIME Lightbox, GEO, VICE, PAPEL (El Mundo), El Pa\u00eds ou a Revista 5W.<\/p>\n<p><strong>Guilherme Cavalli-Tiago Miotto-Christian Braga-Clara Belchior<\/strong><strong>\/<\/strong> Loita Ind\u00edxena<\/p>\n<p>Os fot\u00f3grafos e fot\u00f3grafas brasileiras <strong>Guilherme Cavalli<\/strong>, <strong>Tiago Miotto<\/strong>, <strong>Christian Braga<\/strong> e <strong>Clara Belchior<\/strong> firman as fotograf\u00edas da exposici\u00f3n Loita ind\u00edxena. As s\u00faas instant\u00e1neas documentan anos de protestas das poboaci\u00f3ns orixinarias de Brasil na defensa das s\u00faas terras ancestrais e contra o espolio dos seus recursos naturais por parte de grandes corporaci\u00f3ns estranxeiras que esquilman selvas e outros ecosistemas \u00fanicos para a miner\u00eda, a agricultura e a gander\u00eda extensivas. Unha loita que se intensificou coa chegada de Bolsonaro ao poder e a s\u00faa complicidade coa cobiza capitalista que ameaza a supervivencia das comunidades ind\u00edxenas do pa\u00eds.<\/p>\n","protected":false},"excerpt":{"rendered":"<p>Am\u00e9rica latina est\u00e1 entre as zonas do planeta m\u00e1is afectadas pola explotaci\u00f3n a gran escala de recursos naturais por parte de multinacionais for\u00e1neas e pequenas elites. Tam\u00e9n alberga un dos principais emblemas dos seus efectos devastadores para as poboaci\u00f3ns locais, o planeta e a humanidade en xeral: a selva amaz\u00f3nica Instalada na fronte dos Xard\u00edns [&hellip;]<\/p>\n","protected":false},"author":25,"featured_media":37725,"comment_status":"open","ping_status":"open","sticky":false,"template":"","format":"standard","meta":{"_et_pb_use_builder":"","_et_pb_old_content":"","_et_gb_content_width":"","inline_featured_image":false,"footnotes":""},"categories":[1],"tags":[103,54,47,105,48,92,106,53,88,112,89,65,98,113,121,102,66,87,62,49,71,64,63],"class_list":["post-37724","post","type-post","status-publish","format-standard","has-post-thumbnail","hentry","category-presentacios","tag-a-coruna","tag-agronegocio","tag-amazonia","tag-arxentina","tag-brasil","tag-cambio-climatico-gl","tag-colombia","tag-deforestacion","tag-dereito-a-refuxio","tag-dereito-a-refuxio-por-espolio","tag-dereito-de-asilo","tag-dereitos-humanos","tag-desprazamientos-forzosos","tag-fotografia-gl","tag-fotos-gl","tag-galicia","tag-inmigracion-gl","tag-inmigrantes","tag-migracions","tag-pobos-indixenas-do-brasil","tag-refugiados-climatico","tag-refuxiadas","tag-refuxiados"],"yoast_head":"<!-- This site is optimized with the Yoast SEO plugin v27.4 - https:\/\/yoast.com\/product\/yoast-seo-wordpress\/ -->\n<title>A MOSTRA FOTOGR\u00c1FICA \u201cESPOLIO\u201d DE ACAMPA REFLICTE OS ESTRAGOS DO SAQUEO DE RECURSOS EN DISTINTOS PA\u00cdSES DE LATINOAM\u00c9RICA COMO BRASIL, ARXENTINA E COLOMBIA | Rede Acampa - Por la paz y el derecho a refugio<\/title>\n<meta name=\"robots\" content=\"index, follow, max-snippet:-1, max-image-preview:large, max-video-preview:-1\" \/>\n<link rel=\"canonical\" href=\"https:\/\/blog.redeacampa.org\/gl\/a-mostra-fotografica-espolio-de-acampa-reflicte-os-estragos-do-saqueo-de-recursos-en-distintos-paises-de-latinoamerica-como-brasil-arxentina-e-colombia\/\" \/>\n<meta property=\"og:locale\" content=\"gl_ES\" \/>\n<meta property=\"og:type\" content=\"article\" \/>\n<meta property=\"og:title\" content=\"A MOSTRA FOTOGR\u00c1FICA \u201cESPOLIO\u201d DE ACAMPA REFLICTE OS ESTRAGOS DO SAQUEO DE RECURSOS EN DISTINTOS PA\u00cdSES DE LATINOAM\u00c9RICA COMO BRASIL, ARXENTINA E COLOMBIA | Rede Acampa - Por la paz y el derecho a refugio\" \/>\n<meta property=\"og:description\" content=\"Am\u00e9rica latina est\u00e1 entre as zonas do planeta m\u00e1is afectadas pola explotaci\u00f3n a gran escala de recursos naturais por parte de multinacionais for\u00e1neas e pequenas elites. Tam\u00e9n alberga un dos principais emblemas dos seus efectos devastadores para as poboaci\u00f3ns locais, o planeta e a humanidade en xeral: a selva amaz\u00f3nica Instalada na fronte dos Xard\u00edns [&hellip;]\" \/>\n<meta property=\"og:url\" content=\"https:\/\/blog.redeacampa.org\/gl\/a-mostra-fotografica-espolio-de-acampa-reflicte-os-estragos-do-saqueo-de-recursos-en-distintos-paises-de-latinoamerica-como-brasil-arxentina-e-colombia\/\" \/>\n<meta property=\"og:site_name\" content=\"Rede Acampa - Por la paz y el derecho a refugio\" \/>\n<meta property=\"article:publisher\" content=\"https:\/\/www.facebook.com\/acampapolapazeodereitoarefuxio\" \/>\n<meta property=\"article:published_time\" content=\"2020-11-20T11:11:17+00:00\" \/>\n<meta property=\"og:image\" content=\"https:\/\/blog.redeacampa.org\/wp-content\/uploads\/Piovano.jpg\" \/>\n\t<meta property=\"og:image:width\" content=\"1280\" \/>\n\t<meta property=\"og:image:height\" content=\"849\" \/>\n\t<meta property=\"og:image:type\" content=\"image\/jpeg\" \/>\n<meta name=\"author\" content=\"Comunicaci\u00f3n\" \/>\n<meta name=\"twitter:card\" content=\"summary_large_image\" \/>\n<meta name=\"twitter:creator\" content=\"@Acampa_polapaz\" \/>\n<meta name=\"twitter:site\" content=\"@Acampa_polapaz\" \/>\n<meta name=\"twitter:label1\" content=\"Escrito por\" \/>\n\t<meta name=\"twitter:data1\" content=\"Comunicaci\u00f3n\" \/>\n\t<meta name=\"twitter:label2\" content=\"Tempo de lectura\" \/>\n\t<meta name=\"twitter:data2\" content=\"6 minutos\" \/>\n<script type=\"application\/ld+json\" class=\"yoast-schema-graph\">{\"@context\":\"https:\\\/\\\/schema.org\",\"@graph\":[{\"@type\":\"Article\",\"@id\":\"https:\\\/\\\/blog.redeacampa.org\\\/gl\\\/a-mostra-fotografica-espolio-de-acampa-reflicte-os-estragos-do-saqueo-de-recursos-en-distintos-paises-de-latinoamerica-como-brasil-arxentina-e-colombia\\\/#article\",\"isPartOf\":{\"@id\":\"https:\\\/\\\/blog.redeacampa.org\\\/gl\\\/a-mostra-fotografica-espolio-de-acampa-reflicte-os-estragos-do-saqueo-de-recursos-en-distintos-paises-de-latinoamerica-como-brasil-arxentina-e-colombia\\\/\"},\"author\":{\"name\":\"Comunicaci\u00f3n\",\"@id\":\"https:\\\/\\\/blog.redeacampa.org\\\/gl\\\/#\\\/schema\\\/person\\\/4af0729a8614cbed1e7078bcc7be966b\"},\"headline\":\"A MOSTRA FOTOGR\u00c1FICA \u201cESPOLIO\u201d DE ACAMPA REFLICTE OS ESTRAGOS DO SAQUEO DE RECURSOS EN DISTINTOS PA\u00cdSES DE LATINOAM\u00c9RICA COMO BRASIL, ARXENTINA E COLOMBIA\",\"datePublished\":\"2020-11-20T11:11:17+00:00\",\"mainEntityOfPage\":{\"@id\":\"https:\\\/\\\/blog.redeacampa.org\\\/gl\\\/a-mostra-fotografica-espolio-de-acampa-reflicte-os-estragos-do-saqueo-de-recursos-en-distintos-paises-de-latinoamerica-como-brasil-arxentina-e-colombia\\\/\"},\"wordCount\":1249,\"commentCount\":0,\"image\":{\"@id\":\"https:\\\/\\\/blog.redeacampa.org\\\/gl\\\/a-mostra-fotografica-espolio-de-acampa-reflicte-os-estragos-do-saqueo-de-recursos-en-distintos-paises-de-latinoamerica-como-brasil-arxentina-e-colombia\\\/#primaryimage\"},\"thumbnailUrl\":\"https:\\\/\\\/blog.redeacampa.org\\\/wp-content\\\/uploads\\\/Piovano.jpg\",\"keywords\":[\"A Coru\u00f1a\",\"agronegocio\",\"Amazon\u00eda\",\"Arxentina\",\"Brasil\",\"Cambio Clim\u00e1tico\",\"Colombia\",\"deforestaci\u00f3n\",\"dereito a refuxio\",\"dereito a refuxio por Espolio\",\"dereito de asilo\",\"Dereitos Humanos\",\"desprazamientos forzosos\",\"Fotograf\u00eda\",\"fotos\",\"Galicia\",\"inmigraci\u00f3n\",\"inmigrantes\",\"migraci\u00f3ns\",\"pobos ind\u00edxenas do Brasil\",\"refugiados clim\u00e1tico\",\"refuxiadas\",\"refuxiados\"],\"articleSection\":[\"Presentacios\"],\"inLanguage\":\"gl-ES\",\"potentialAction\":[{\"@type\":\"CommentAction\",\"name\":\"Comment\",\"target\":[\"https:\\\/\\\/blog.redeacampa.org\\\/gl\\\/a-mostra-fotografica-espolio-de-acampa-reflicte-os-estragos-do-saqueo-de-recursos-en-distintos-paises-de-latinoamerica-como-brasil-arxentina-e-colombia\\\/#respond\"]}]},{\"@type\":\"WebPage\",\"@id\":\"https:\\\/\\\/blog.redeacampa.org\\\/gl\\\/a-mostra-fotografica-espolio-de-acampa-reflicte-os-estragos-do-saqueo-de-recursos-en-distintos-paises-de-latinoamerica-como-brasil-arxentina-e-colombia\\\/\",\"url\":\"https:\\\/\\\/blog.redeacampa.org\\\/gl\\\/a-mostra-fotografica-espolio-de-acampa-reflicte-os-estragos-do-saqueo-de-recursos-en-distintos-paises-de-latinoamerica-como-brasil-arxentina-e-colombia\\\/\",\"name\":\"A MOSTRA FOTOGR\u00c1FICA \u201cESPOLIO\u201d DE ACAMPA REFLICTE OS ESTRAGOS DO SAQUEO DE RECURSOS EN DISTINTOS PA\u00cdSES DE LATINOAM\u00c9RICA COMO BRASIL, ARXENTINA E COLOMBIA | Rede Acampa - Por la paz y el derecho a refugio\",\"isPartOf\":{\"@id\":\"https:\\\/\\\/blog.redeacampa.org\\\/gl\\\/#website\"},\"primaryImageOfPage\":{\"@id\":\"https:\\\/\\\/blog.redeacampa.org\\\/gl\\\/a-mostra-fotografica-espolio-de-acampa-reflicte-os-estragos-do-saqueo-de-recursos-en-distintos-paises-de-latinoamerica-como-brasil-arxentina-e-colombia\\\/#primaryimage\"},\"image\":{\"@id\":\"https:\\\/\\\/blog.redeacampa.org\\\/gl\\\/a-mostra-fotografica-espolio-de-acampa-reflicte-os-estragos-do-saqueo-de-recursos-en-distintos-paises-de-latinoamerica-como-brasil-arxentina-e-colombia\\\/#primaryimage\"},\"thumbnailUrl\":\"https:\\\/\\\/blog.redeacampa.org\\\/wp-content\\\/uploads\\\/Piovano.jpg\",\"datePublished\":\"2020-11-20T11:11:17+00:00\",\"author\":{\"@id\":\"https:\\\/\\\/blog.redeacampa.org\\\/gl\\\/#\\\/schema\\\/person\\\/4af0729a8614cbed1e7078bcc7be966b\"},\"breadcrumb\":{\"@id\":\"https:\\\/\\\/blog.redeacampa.org\\\/gl\\\/a-mostra-fotografica-espolio-de-acampa-reflicte-os-estragos-do-saqueo-de-recursos-en-distintos-paises-de-latinoamerica-como-brasil-arxentina-e-colombia\\\/#breadcrumb\"},\"inLanguage\":\"gl-ES\",\"potentialAction\":[{\"@type\":\"ReadAction\",\"target\":[\"https:\\\/\\\/blog.redeacampa.org\\\/gl\\\/a-mostra-fotografica-espolio-de-acampa-reflicte-os-estragos-do-saqueo-de-recursos-en-distintos-paises-de-latinoamerica-como-brasil-arxentina-e-colombia\\\/\"]}]},{\"@type\":\"ImageObject\",\"inLanguage\":\"gl-ES\",\"@id\":\"https:\\\/\\\/blog.redeacampa.org\\\/gl\\\/a-mostra-fotografica-espolio-de-acampa-reflicte-os-estragos-do-saqueo-de-recursos-en-distintos-paises-de-latinoamerica-como-brasil-arxentina-e-colombia\\\/#primaryimage\",\"url\":\"https:\\\/\\\/blog.redeacampa.org\\\/wp-content\\\/uploads\\\/Piovano.jpg\",\"contentUrl\":\"https:\\\/\\\/blog.redeacampa.org\\\/wp-content\\\/uploads\\\/Piovano.jpg\",\"width\":1280,\"height\":849},{\"@type\":\"BreadcrumbList\",\"@id\":\"https:\\\/\\\/blog.redeacampa.org\\\/gl\\\/a-mostra-fotografica-espolio-de-acampa-reflicte-os-estragos-do-saqueo-de-recursos-en-distintos-paises-de-latinoamerica-como-brasil-arxentina-e-colombia\\\/#breadcrumb\",\"itemListElement\":[{\"@type\":\"ListItem\",\"position\":1,\"name\":\"Portada\",\"item\":\"https:\\\/\\\/blog.redeacampa.org\\\/gl\\\/\"},{\"@type\":\"ListItem\",\"position\":2,\"name\":\"A MOSTRA FOTOGR\u00c1FICA \u201cESPOLIO\u201d DE ACAMPA REFLICTE OS ESTRAGOS DO SAQUEO DE RECURSOS EN DISTINTOS PA\u00cdSES DE LATINOAM\u00c9RICA COMO BRASIL, ARXENTINA E COLOMBIA\"}]},{\"@type\":\"WebSite\",\"@id\":\"https:\\\/\\\/blog.redeacampa.org\\\/gl\\\/#website\",\"url\":\"https:\\\/\\\/blog.redeacampa.org\\\/gl\\\/\",\"name\":\"Rede Acampa - Por la paz y el derecho a refugio\",\"description\":\"Una iniciativa ciudadana sin fines de lucro integrada por colectivos sociales, culturales, educativos, veci\u00f1ales, pol\u00edticos, sindicales, art\u00edsticos, de personas solidarias, de instituciones y empresas con responsabilidad social que tienen como objetivo la defensa de los derechos humanos, el Derecho Internacional Humanitario y el Derecho a Refugio\",\"potentialAction\":[{\"@type\":\"SearchAction\",\"target\":{\"@type\":\"EntryPoint\",\"urlTemplate\":\"https:\\\/\\\/blog.redeacampa.org\\\/gl\\\/?s={search_term_string}\"},\"query-input\":{\"@type\":\"PropertyValueSpecification\",\"valueRequired\":true,\"valueName\":\"search_term_string\"}}],\"inLanguage\":\"gl-ES\"},{\"@type\":\"Person\",\"@id\":\"https:\\\/\\\/blog.redeacampa.org\\\/gl\\\/#\\\/schema\\\/person\\\/4af0729a8614cbed1e7078bcc7be966b\",\"name\":\"Comunicaci\u00f3n\",\"image\":{\"@type\":\"ImageObject\",\"inLanguage\":\"gl-ES\",\"@id\":\"https:\\\/\\\/secure.gravatar.com\\\/avatar\\\/8e8fea06f5f2696e331aacd588d2000164152c9aa47459d1e52be3c1ab5f5ca5?s=96&d=mm&r=g\",\"url\":\"https:\\\/\\\/secure.gravatar.com\\\/avatar\\\/8e8fea06f5f2696e331aacd588d2000164152c9aa47459d1e52be3c1ab5f5ca5?s=96&d=mm&r=g\",\"contentUrl\":\"https:\\\/\\\/secure.gravatar.com\\\/avatar\\\/8e8fea06f5f2696e331aacd588d2000164152c9aa47459d1e52be3c1ab5f5ca5?s=96&d=mm&r=g\",\"caption\":\"Comunicaci\u00f3n\"}}]}<\/script>\n<!-- \/ Yoast SEO plugin. -->","yoast_head_json":{"title":"A MOSTRA FOTOGR\u00c1FICA \u201cESPOLIO\u201d DE ACAMPA REFLICTE OS ESTRAGOS DO SAQUEO DE RECURSOS EN DISTINTOS PA\u00cdSES DE LATINOAM\u00c9RICA COMO BRASIL, ARXENTINA E COLOMBIA | Rede Acampa - Por la paz y el derecho a refugio","robots":{"index":"index","follow":"follow","max-snippet":"max-snippet:-1","max-image-preview":"max-image-preview:large","max-video-preview":"max-video-preview:-1"},"canonical":"https:\/\/blog.redeacampa.org\/gl\/a-mostra-fotografica-espolio-de-acampa-reflicte-os-estragos-do-saqueo-de-recursos-en-distintos-paises-de-latinoamerica-como-brasil-arxentina-e-colombia\/","og_locale":"gl_ES","og_type":"article","og_title":"A MOSTRA FOTOGR\u00c1FICA \u201cESPOLIO\u201d DE ACAMPA REFLICTE OS ESTRAGOS DO SAQUEO DE RECURSOS EN DISTINTOS PA\u00cdSES DE LATINOAM\u00c9RICA COMO BRASIL, ARXENTINA E COLOMBIA | Rede Acampa - Por la paz y el derecho a refugio","og_description":"Am\u00e9rica latina est\u00e1 entre as zonas do planeta m\u00e1is afectadas pola explotaci\u00f3n a gran escala de recursos naturais por parte de multinacionais for\u00e1neas e pequenas elites. Tam\u00e9n alberga un dos principais emblemas dos seus efectos devastadores para as poboaci\u00f3ns locais, o planeta e a humanidade en xeral: a selva amaz\u00f3nica Instalada na fronte dos Xard\u00edns [&hellip;]","og_url":"https:\/\/blog.redeacampa.org\/gl\/a-mostra-fotografica-espolio-de-acampa-reflicte-os-estragos-do-saqueo-de-recursos-en-distintos-paises-de-latinoamerica-como-brasil-arxentina-e-colombia\/","og_site_name":"Rede Acampa - Por la paz y el derecho a refugio","article_publisher":"https:\/\/www.facebook.com\/acampapolapazeodereitoarefuxio","article_published_time":"2020-11-20T11:11:17+00:00","og_image":[{"width":1280,"height":849,"url":"https:\/\/blog.redeacampa.org\/wp-content\/uploads\/Piovano.jpg","type":"image\/jpeg"}],"author":"Comunicaci\u00f3n","twitter_card":"summary_large_image","twitter_creator":"@Acampa_polapaz","twitter_site":"@Acampa_polapaz","twitter_misc":{"Escrito por":"Comunicaci\u00f3n","Tempo de lectura":"6 minutos"},"schema":{"@context":"https:\/\/schema.org","@graph":[{"@type":"Article","@id":"https:\/\/blog.redeacampa.org\/gl\/a-mostra-fotografica-espolio-de-acampa-reflicte-os-estragos-do-saqueo-de-recursos-en-distintos-paises-de-latinoamerica-como-brasil-arxentina-e-colombia\/#article","isPartOf":{"@id":"https:\/\/blog.redeacampa.org\/gl\/a-mostra-fotografica-espolio-de-acampa-reflicte-os-estragos-do-saqueo-de-recursos-en-distintos-paises-de-latinoamerica-como-brasil-arxentina-e-colombia\/"},"author":{"name":"Comunicaci\u00f3n","@id":"https:\/\/blog.redeacampa.org\/gl\/#\/schema\/person\/4af0729a8614cbed1e7078bcc7be966b"},"headline":"A MOSTRA FOTOGR\u00c1FICA \u201cESPOLIO\u201d DE ACAMPA REFLICTE OS ESTRAGOS DO SAQUEO DE RECURSOS EN DISTINTOS PA\u00cdSES DE LATINOAM\u00c9RICA COMO BRASIL, ARXENTINA E COLOMBIA","datePublished":"2020-11-20T11:11:17+00:00","mainEntityOfPage":{"@id":"https:\/\/blog.redeacampa.org\/gl\/a-mostra-fotografica-espolio-de-acampa-reflicte-os-estragos-do-saqueo-de-recursos-en-distintos-paises-de-latinoamerica-como-brasil-arxentina-e-colombia\/"},"wordCount":1249,"commentCount":0,"image":{"@id":"https:\/\/blog.redeacampa.org\/gl\/a-mostra-fotografica-espolio-de-acampa-reflicte-os-estragos-do-saqueo-de-recursos-en-distintos-paises-de-latinoamerica-como-brasil-arxentina-e-colombia\/#primaryimage"},"thumbnailUrl":"https:\/\/blog.redeacampa.org\/wp-content\/uploads\/Piovano.jpg","keywords":["A Coru\u00f1a","agronegocio","Amazon\u00eda","Arxentina","Brasil","Cambio Clim\u00e1tico","Colombia","deforestaci\u00f3n","dereito a refuxio","dereito a refuxio por Espolio","dereito de asilo","Dereitos Humanos","desprazamientos forzosos","Fotograf\u00eda","fotos","Galicia","inmigraci\u00f3n","inmigrantes","migraci\u00f3ns","pobos ind\u00edxenas do Brasil","refugiados clim\u00e1tico","refuxiadas","refuxiados"],"articleSection":["Presentacios"],"inLanguage":"gl-ES","potentialAction":[{"@type":"CommentAction","name":"Comment","target":["https:\/\/blog.redeacampa.org\/gl\/a-mostra-fotografica-espolio-de-acampa-reflicte-os-estragos-do-saqueo-de-recursos-en-distintos-paises-de-latinoamerica-como-brasil-arxentina-e-colombia\/#respond"]}]},{"@type":"WebPage","@id":"https:\/\/blog.redeacampa.org\/gl\/a-mostra-fotografica-espolio-de-acampa-reflicte-os-estragos-do-saqueo-de-recursos-en-distintos-paises-de-latinoamerica-como-brasil-arxentina-e-colombia\/","url":"https:\/\/blog.redeacampa.org\/gl\/a-mostra-fotografica-espolio-de-acampa-reflicte-os-estragos-do-saqueo-de-recursos-en-distintos-paises-de-latinoamerica-como-brasil-arxentina-e-colombia\/","name":"A MOSTRA FOTOGR\u00c1FICA \u201cESPOLIO\u201d DE ACAMPA REFLICTE OS ESTRAGOS DO SAQUEO DE RECURSOS EN DISTINTOS PA\u00cdSES DE LATINOAM\u00c9RICA COMO BRASIL, ARXENTINA E COLOMBIA | Rede Acampa - Por la paz y el derecho a refugio","isPartOf":{"@id":"https:\/\/blog.redeacampa.org\/gl\/#website"},"primaryImageOfPage":{"@id":"https:\/\/blog.redeacampa.org\/gl\/a-mostra-fotografica-espolio-de-acampa-reflicte-os-estragos-do-saqueo-de-recursos-en-distintos-paises-de-latinoamerica-como-brasil-arxentina-e-colombia\/#primaryimage"},"image":{"@id":"https:\/\/blog.redeacampa.org\/gl\/a-mostra-fotografica-espolio-de-acampa-reflicte-os-estragos-do-saqueo-de-recursos-en-distintos-paises-de-latinoamerica-como-brasil-arxentina-e-colombia\/#primaryimage"},"thumbnailUrl":"https:\/\/blog.redeacampa.org\/wp-content\/uploads\/Piovano.jpg","datePublished":"2020-11-20T11:11:17+00:00","author":{"@id":"https:\/\/blog.redeacampa.org\/gl\/#\/schema\/person\/4af0729a8614cbed1e7078bcc7be966b"},"breadcrumb":{"@id":"https:\/\/blog.redeacampa.org\/gl\/a-mostra-fotografica-espolio-de-acampa-reflicte-os-estragos-do-saqueo-de-recursos-en-distintos-paises-de-latinoamerica-como-brasil-arxentina-e-colombia\/#breadcrumb"},"inLanguage":"gl-ES","potentialAction":[{"@type":"ReadAction","target":["https:\/\/blog.redeacampa.org\/gl\/a-mostra-fotografica-espolio-de-acampa-reflicte-os-estragos-do-saqueo-de-recursos-en-distintos-paises-de-latinoamerica-como-brasil-arxentina-e-colombia\/"]}]},{"@type":"ImageObject","inLanguage":"gl-ES","@id":"https:\/\/blog.redeacampa.org\/gl\/a-mostra-fotografica-espolio-de-acampa-reflicte-os-estragos-do-saqueo-de-recursos-en-distintos-paises-de-latinoamerica-como-brasil-arxentina-e-colombia\/#primaryimage","url":"https:\/\/blog.redeacampa.org\/wp-content\/uploads\/Piovano.jpg","contentUrl":"https:\/\/blog.redeacampa.org\/wp-content\/uploads\/Piovano.jpg","width":1280,"height":849},{"@type":"BreadcrumbList","@id":"https:\/\/blog.redeacampa.org\/gl\/a-mostra-fotografica-espolio-de-acampa-reflicte-os-estragos-do-saqueo-de-recursos-en-distintos-paises-de-latinoamerica-como-brasil-arxentina-e-colombia\/#breadcrumb","itemListElement":[{"@type":"ListItem","position":1,"name":"Portada","item":"https:\/\/blog.redeacampa.org\/gl\/"},{"@type":"ListItem","position":2,"name":"A MOSTRA FOTOGR\u00c1FICA \u201cESPOLIO\u201d DE ACAMPA REFLICTE OS ESTRAGOS DO SAQUEO DE RECURSOS EN DISTINTOS PA\u00cdSES DE LATINOAM\u00c9RICA COMO BRASIL, ARXENTINA E COLOMBIA"}]},{"@type":"WebSite","@id":"https:\/\/blog.redeacampa.org\/gl\/#website","url":"https:\/\/blog.redeacampa.org\/gl\/","name":"Rede Acampa - Por la paz y el derecho a refugio","description":"Una iniciativa ciudadana sin fines de lucro integrada por colectivos sociales, culturales, educativos, veci\u00f1ales, pol\u00edticos, sindicales, art\u00edsticos, de personas solidarias, de instituciones y empresas con responsabilidad social que tienen como objetivo la defensa de los derechos humanos, el Derecho Internacional Humanitario y el Derecho a Refugio","potentialAction":[{"@type":"SearchAction","target":{"@type":"EntryPoint","urlTemplate":"https:\/\/blog.redeacampa.org\/gl\/?s={search_term_string}"},"query-input":{"@type":"PropertyValueSpecification","valueRequired":true,"valueName":"search_term_string"}}],"inLanguage":"gl-ES"},{"@type":"Person","@id":"https:\/\/blog.redeacampa.org\/gl\/#\/schema\/person\/4af0729a8614cbed1e7078bcc7be966b","name":"Comunicaci\u00f3n","image":{"@type":"ImageObject","inLanguage":"gl-ES","@id":"https:\/\/secure.gravatar.com\/avatar\/8e8fea06f5f2696e331aacd588d2000164152c9aa47459d1e52be3c1ab5f5ca5?s=96&d=mm&r=g","url":"https:\/\/secure.gravatar.com\/avatar\/8e8fea06f5f2696e331aacd588d2000164152c9aa47459d1e52be3c1ab5f5ca5?s=96&d=mm&r=g","contentUrl":"https:\/\/secure.gravatar.com\/avatar\/8e8fea06f5f2696e331aacd588d2000164152c9aa47459d1e52be3c1ab5f5ca5?s=96&d=mm&r=g","caption":"Comunicaci\u00f3n"}}]}},"_links":{"self":[{"href":"https:\/\/blog.redeacampa.org\/gl\/wp-json\/wp\/v2\/posts\/37724","targetHints":{"allow":["GET"]}}],"collection":[{"href":"https:\/\/blog.redeacampa.org\/gl\/wp-json\/wp\/v2\/posts"}],"about":[{"href":"https:\/\/blog.redeacampa.org\/gl\/wp-json\/wp\/v2\/types\/post"}],"author":[{"embeddable":true,"href":"https:\/\/blog.redeacampa.org\/gl\/wp-json\/wp\/v2\/users\/25"}],"replies":[{"embeddable":true,"href":"https:\/\/blog.redeacampa.org\/gl\/wp-json\/wp\/v2\/comments?post=37724"}],"version-history":[{"count":0,"href":"https:\/\/blog.redeacampa.org\/gl\/wp-json\/wp\/v2\/posts\/37724\/revisions"}],"wp:featuredmedia":[{"embeddable":true,"href":"https:\/\/blog.redeacampa.org\/gl\/wp-json\/wp\/v2\/media\/37725"}],"wp:attachment":[{"href":"https:\/\/blog.redeacampa.org\/gl\/wp-json\/wp\/v2\/media?parent=37724"}],"wp:term":[{"taxonomy":"category","embeddable":true,"href":"https:\/\/blog.redeacampa.org\/gl\/wp-json\/wp\/v2\/categories?post=37724"},{"taxonomy":"post_tag","embeddable":true,"href":"https:\/\/blog.redeacampa.org\/gl\/wp-json\/wp\/v2\/tags?post=37724"}],"curies":[{"name":"wp","href":"https:\/\/api.w.org\/{rel}","templated":true}]}}