{"id":37772,"date":"2020-11-27T12:21:01","date_gmt":"2020-11-27T11:21:01","guid":{"rendered":"https:\/\/blog.redeacampa.org\/?p=37772"},"modified":"2020-11-27T12:25:54","modified_gmt":"2020-11-27T11:25:54","slug":"as-empresas-venen-a-guatemala-con-conciencia-ilegal-e-de-saqueo-denuncia-o-letrado-de-causas-indixenas-juan-carlos-pelaez-no-encontro-dixital-espolio-de-acampa","status":"publish","type":"post","link":"https:\/\/blog.redeacampa.org\/gl\/as-empresas-venen-a-guatemala-con-conciencia-ilegal-e-de-saqueo-denuncia-o-letrado-de-causas-indixenas-juan-carlos-pelaez-no-encontro-dixital-espolio-de-acampa\/","title":{"rendered":"\u201cAS EMPRESAS VE\u00d1EN A GUATEMALA CON CONCIENCIA ILEGAL E DE SAQUEO\u201d, DENUNCIA O LETRADO DE CAUSAS IND\u00cdXENAS, JUAN CARLOS PEL\u00c1EZ, NO ENCONTRO DIXITAL \u201cESPOLIO\u201d DE ACAMPA"},"content":{"rendered":"<ul>\n<li><em>As sociedades estranxeiras, entre as que hai moita \u201cmarca Espa\u00f1a\u201d e tam\u00e9n \u201cmarca Galicia\u201d, incumpren sistematicamente, \u201ccoa complicidade do Goberno Guatemalteco\u201d, a obrigaci\u00f3n legal do consetimiento das comunidades que habitan os territorios onde se instalan.<\/em><\/li>\n<li><em>A apropiaci\u00f3n de bens e de territorios por parte de empresas espa\u00f1olas, sinalou o avogado, \u201cten unha afectaci\u00f3n grave en Guatemala e \u00e9 unha condena \u00e1 morte para moitas xeraci\u00f3ns de persoas\u201d. Para o profesor madrile\u00f1o Mart\u00ednez Os\u00e9s, tam\u00e9n participante no foro en li\u00f1a, a econom\u00eda actual est\u00e1 instalada nunha \u201cl\u00f3xica de destruci\u00f3n\u201d e as empresas o \u00fanico que buscan \u00e9 \u201cobter o maior capital no menor tempo posible lev\u00e1ndose todas as vidas que se po\u00f1an por diante e todo o marco de dereitos\u201d.<\/em><\/li>\n<\/ul>\n<ul>\n<li><em>O encontro virtual poder\u00e1 verse \u00edntegramente na p\u00e1xina web da rede Acampa, <a href=\"http:\/\/www.redeacampa.org\">redeacampa.org<\/a><\/em><\/li>\n<\/ul>\n<p>A lexislaci\u00f3n guatemalteca establece o preceptivo consentimento das comunidades ind\u00edxenas que habitan un territorio para desenvolver unha actividade econ\u00f3mica nel. \u201cAs empresas s\u00e1beno, pero coa complicidade do Goberno, s\u00e1ltanse esa obriga e inst\u00e1lanse sen ter en conta \u00e1s poboaci\u00f3ns que hai ao redor\u201d. \u201cXa ve\u00f1en coa conciencia ilegal e de saqueo\u201d. Esta pr\u00e1ctica, que ten moita \u201cmarca Espa\u00f1a\u201d e tam\u00e9n \u201cmarca Galicia\u201d, foi denunciada onte polo notario e avogado Juan Carlos Pel\u00e1ez Villalobos, no Encontro dixital Espolio, da IV edici\u00f3n de <em>Acampa pola paz e o dereito a Refuxio<\/em>. Segundo o letrado, que leva m\u00e1is de trinta anos defendendo os dereitos das poboaci\u00f3ns ind\u00edxenas en Guatemala, o 70 por cento das terras son propiedade das comunidades orixinarias. As poboaci\u00f3ns ind\u00edxenas ostentan o t\u00edtulo oficial de propiedade sobre elas.<\/p>\n<p>Nos \u00faltimos oito anos, estas poboaci\u00f3ns lograron recuperar ao redor de 350.000 hect\u00e1reas dos seus territorios. \u201c\u00c9 a primeira vez na historia de Guatemala e sen acudir a instancias internacionais, s\u00f3 coas leis do propio pa\u00eds\u201d, recalcou Pel\u00e1ez Villalobos. Fixo tam\u00e9n un repaso por algunhas das consecuencias para a poboaci\u00f3n do seu pa\u00eds da actividade de empresas espa\u00f1olas que levan d\u00e9cadas explotando recursos naturais al\u00ed, especialmente grandes hidroel\u00e9ctricas como Cobra, do grupo ACS de Florentino P\u00e9rez, promotora das plantas de Renace. \u201cSecuestraron 20 quil\u00f3metros de leito, impedindo o acceso ao r\u00edo \u00e1s comunidades da contorna que se viron obrigadas a sobrevivir s\u00f3 con auga de choiva\u201d.<\/p>\n<p>Ao longo do foro sa\u00edu tam\u00e9n o nome da compa\u00f1\u00eda de orixe galega Uni\u00f3n Fenosa, hoxe con outra denominaci\u00f3n, que invadiu grandes extensi\u00f3ns de territorios ind\u00edxenas en Guatemala para facerse co monopolio da electricidade no pa\u00eds, usando a coacci\u00f3n \u00e1s poboaci\u00f3ns locais que sufriron en moitos casos penas de c\u00e1rcere,\u00a0 consecuencias dram\u00e1ticas para a s\u00faa forma de vida e mesmo a perda de vidas de defensores da terra, segundo denuncian as propias comunidades afectadas. \u201cO espolio de bens e de territorios por parte de empresas espa\u00f1olas, sinalou o avogado, \u201cten unha afectaci\u00f3n grave en Guatemala e \u00e9 unha condena \u00e1 morte a moitas xeraci\u00f3ns\u201d. \u201cPara n\u00f3s a marca Espa\u00f1a significa pobreza\u201d, sentenciou.\u00a0\u201cCando tomades unha cunca de caf\u00e9, un banano ou adozades algo con azucre estades a saborear espolio. Significa sangue, fame e miseria do pobo guatemalteco\u201d. Fixo menci\u00f3n, finalmente, \u00e1s devastadoras consecuencias do paso dos furac\u00e1ns Eta e Iota polo pa\u00eds. \u201cSignifica un retroceso de 10 anos. A pobrezas medra m\u00e1is do 50 por cento\u201d.<\/p>\n<p><strong>Espolio sistem\u00e1tico\u00a0<\/strong><\/p>\n<p>No Encontro dixital participou tam\u00e9n o profesor das Universidades Aut\u00f3noma e Carlos III de Madrid, Pablo Mart\u00ednez Os\u00e9s, especialista en Cooperaci\u00f3n e activista social, para quen o que est\u00e1 a suceder nestes momentos \u00e9 \u201cunha batalla entre a defensa dos dereitos humanos e os beneficios do capital\u201d. Segundo as s\u00faas palabras, a econom\u00eda mundial est\u00e1 instalada nunha \u201cl\u00f3xica de destruci\u00f3n na que o territorio conv\u00e9rtese nun espazo para o traslado de capitais e mercador\u00edas\u201d. Remarcou, por exemplo, que o investimento internacional en Centroam\u00e9rica nos \u00faltimos 40 anos centrouse en xerar infraestruturas para protexer \u201ca vulnerabilidade do capital e non a vulnerabilidade das persoas\u201d.<\/p>\n<p>Enlazando coa situaci\u00f3n en Guatemala, Mart\u00ednez Os\u00e9s, foi moi gr\u00e1fico: \u201cbotan f\u00f3ra \u00e1 xente dos territorios, apropi\u00e1ndose deles non para vivir ou gozar, queren obter o maior capital no menor tempo posible, e para iso arrasan con todas as vidas que se po\u00f1an por diante e con todo o marco de dereitos\u201d. \u201cE, ademais, conseguiron xerar aos longo das \u00faltimas d\u00e9cadas un dereito mercantil alternativo que lles permite xerar espolios sistematicamente\u201d.<\/p>\n<p>Para o profesor madrile\u00f1o \u201capropiarse do bot\u00edn que neste caso \u00e9 o dereito \u00e1 vida, \u00e1 terra e a vivir nos seus territorios orixinais\u201d ten un compo\u00f1ente de expulsi\u00f3n que nos afecta a todos. \u201cNas nosas cidades tam\u00e9n se espolia, limitando o dereito \u00e1 vivenda de miles de persoas\u201d. \u201cCremos que podemos voar a calquera parte de Europa por 24 euros ou alugar un apartamento no centro de calquera cidade do mundo. Esa econom\u00eda que se adxectiva como colaborativa, tam\u00e9n est\u00e1 a xerar espolio no centro das nosas cidades\u201d.<\/p>\n<p>Todos os participantes, tam\u00e9n o condutor do Encontro, o escritor e m\u00fasico coru\u00f1\u00e9s, Xurxo Souto, coincidiron en destacar que hai unha mobilizaci\u00f3n social de contestaci\u00f3n a ese marco capitalista, destacando especialmente movementos como os das defensoras e defensores de dereitos humanos e da terra. O coordinador de\u00a0Acampa, Xos\u00e9 Abad, fixo un chamamento precisamente \u00e1 unidade de acci\u00f3n transnacional para \u201ccambiar o paradigma e forzar aos gobernos a que lexislen a favor das persoas\u201d. \u201cHai que crear redes o m\u00e1is globais posibles porque o que temos en fronte \u00e9 unha maquinaria global con todo o poder econ\u00f3mico, pol\u00edtico e medi\u00e1tico\u201d.<\/p>\n<p><em>Acampa pola Paz\u00a0\u00a0e o Dereito a Refuxio<\/em>,\u00a0rede nada na Coru\u00f1a en 2016, con ramificaci\u00f3ns xa en Madrid, Brasil e xest\u00e1ndose en Portugal, \u00e9 un movemento sen fins de lucro cuxo obxectivo \u00e9 defender os Dereitos Humanos, o Dereito Internacional Humanitario e o Dereito a Refuxio. \u00c9 unha rede transversal da que forman parte xa sesenta e seis colectivos sociais, culturais, educativos, veci\u00f1ais, oenegu\u00e9s e organizaci\u00f3ns de defensa dos Dereitos Humanos, partidos pol\u00edticos e agrupaci\u00f3ns sindicais, ademais de instituci\u00f3ns e empresas con responsabilidade social da cidade e do resto do pa\u00eds.<\/p>\n<p><em>\u00a0<\/em><\/p>\n","protected":false},"excerpt":{"rendered":"<p>As sociedades estranxeiras, entre as que hai moita \u201cmarca Espa\u00f1a\u201d e tam\u00e9n \u201cmarca Galicia\u201d, incumpren sistematicamente, \u201ccoa complicidade do Goberno Guatemalteco\u201d, a obrigaci\u00f3n legal do consetimiento das comunidades que habitan os territorios onde se instalan. A apropiaci\u00f3n de bens e de territorios por parte de empresas espa\u00f1olas, sinalou o avogado, \u201cten unha afectaci\u00f3n grave en [&hellip;]<\/p>\n","protected":false},"author":25,"featured_media":37770,"comment_status":"open","ping_status":"open","sticky":false,"template":"","format":"standard","meta":{"_et_pb_use_builder":"","_et_pb_old_content":"","_et_gb_content_width":"","inline_featured_image":false,"footnotes":""},"categories":[1],"tags":[54,53,88,112,89,65,98,50,127,132,129,133,64,63,131],"class_list":["post-37772","post","type-post","status-publish","format-standard","has-post-thumbnail","hentry","category-presentacios","tag-agronegocio","tag-deforestacion","tag-dereito-a-refuxio","tag-dereito-a-refuxio-por-espolio","tag-dereito-de-asilo","tag-dereitos-humanos","tag-desprazamientos-forzosos","tag-espolio","tag-guatemala","tag-hidroelectricas","tag-marca-espana","tag-marca-galicia","tag-refuxiadas","tag-refuxiados","tag-territorios-indixenas"],"yoast_head":"<!-- This site is optimized with the Yoast SEO plugin v27.4 - https:\/\/yoast.com\/product\/yoast-seo-wordpress\/ -->\n<title>\u201cAS EMPRESAS VE\u00d1EN A GUATEMALA CON CONCIENCIA ILEGAL E DE SAQUEO\u201d, DENUNCIA O LETRADO DE CAUSAS IND\u00cdXENAS, JUAN CARLOS PEL\u00c1EZ, NO ENCONTRO DIXITAL \u201cESPOLIO\u201d DE ACAMPA | Rede Acampa - Por la paz y el derecho a refugio<\/title>\n<meta name=\"robots\" content=\"index, follow, max-snippet:-1, max-image-preview:large, max-video-preview:-1\" \/>\n<link rel=\"canonical\" href=\"https:\/\/blog.redeacampa.org\/gl\/as-empresas-venen-a-guatemala-con-conciencia-ilegal-e-de-saqueo-denuncia-o-letrado-de-causas-indixenas-juan-carlos-pelaez-no-encontro-dixital-espolio-de-acampa\/\" \/>\n<meta property=\"og:locale\" content=\"gl_ES\" \/>\n<meta property=\"og:type\" content=\"article\" \/>\n<meta property=\"og:title\" content=\"\u201cAS EMPRESAS VE\u00d1EN A GUATEMALA CON CONCIENCIA ILEGAL E DE SAQUEO\u201d, DENUNCIA O LETRADO DE CAUSAS IND\u00cdXENAS, JUAN CARLOS PEL\u00c1EZ, NO ENCONTRO DIXITAL \u201cESPOLIO\u201d DE ACAMPA | Rede Acampa - Por la paz y el derecho a refugio\" \/>\n<meta property=\"og:description\" content=\"As sociedades estranxeiras, entre as que hai moita \u201cmarca Espa\u00f1a\u201d e tam\u00e9n \u201cmarca Galicia\u201d, incumpren sistematicamente, \u201ccoa complicidade do Goberno Guatemalteco\u201d, a obrigaci\u00f3n legal do consetimiento das comunidades que habitan os territorios onde se instalan. A apropiaci\u00f3n de bens e de territorios por parte de empresas espa\u00f1olas, sinalou o avogado, \u201cten unha afectaci\u00f3n grave en [&hellip;]\" \/>\n<meta property=\"og:url\" content=\"https:\/\/blog.redeacampa.org\/gl\/as-empresas-venen-a-guatemala-con-conciencia-ilegal-e-de-saqueo-denuncia-o-letrado-de-causas-indixenas-juan-carlos-pelaez-no-encontro-dixital-espolio-de-acampa\/\" \/>\n<meta property=\"og:site_name\" content=\"Rede Acampa - Por la paz y el derecho a refugio\" \/>\n<meta property=\"article:publisher\" content=\"https:\/\/www.facebook.com\/acampapolapazeodereitoarefuxio\" \/>\n<meta property=\"article:published_time\" content=\"2020-11-27T11:21:01+00:00\" \/>\n<meta property=\"article:modified_time\" content=\"2020-11-27T11:25:54+00:00\" \/>\n<meta property=\"og:image\" content=\"https:\/\/blog.redeacampa.org\/wp-content\/uploads\/Juan-Carlos-Pela\u0301ez.jpg\" \/>\n\t<meta property=\"og:image:width\" content=\"278\" \/>\n\t<meta property=\"og:image:height\" content=\"243\" \/>\n\t<meta property=\"og:image:type\" content=\"image\/jpeg\" \/>\n<meta name=\"author\" content=\"Comunicaci\u00f3n\" \/>\n<meta name=\"twitter:card\" content=\"summary_large_image\" \/>\n<meta name=\"twitter:creator\" content=\"@Acampa_polapaz\" \/>\n<meta name=\"twitter:site\" content=\"@Acampa_polapaz\" \/>\n<meta name=\"twitter:label1\" content=\"Escrito por\" \/>\n\t<meta name=\"twitter:data1\" content=\"Comunicaci\u00f3n\" \/>\n\t<meta name=\"twitter:label2\" content=\"Tempo de lectura\" \/>\n\t<meta name=\"twitter:data2\" content=\"5 minutos\" \/>\n<script type=\"application\/ld+json\" class=\"yoast-schema-graph\">{\"@context\":\"https:\\\/\\\/schema.org\",\"@graph\":[{\"@type\":\"Article\",\"@id\":\"https:\\\/\\\/blog.redeacampa.org\\\/gl\\\/as-empresas-venen-a-guatemala-con-conciencia-ilegal-e-de-saqueo-denuncia-o-letrado-de-causas-indixenas-juan-carlos-pelaez-no-encontro-dixital-espolio-de-acampa\\\/#article\",\"isPartOf\":{\"@id\":\"https:\\\/\\\/blog.redeacampa.org\\\/gl\\\/as-empresas-venen-a-guatemala-con-conciencia-ilegal-e-de-saqueo-denuncia-o-letrado-de-causas-indixenas-juan-carlos-pelaez-no-encontro-dixital-espolio-de-acampa\\\/\"},\"author\":{\"name\":\"Comunicaci\u00f3n\",\"@id\":\"https:\\\/\\\/blog.redeacampa.org\\\/gl\\\/#\\\/schema\\\/person\\\/4af0729a8614cbed1e7078bcc7be966b\"},\"headline\":\"\u201cAS EMPRESAS VE\u00d1EN A GUATEMALA CON CONCIENCIA ILEGAL E DE SAQUEO\u201d, DENUNCIA O LETRADO DE CAUSAS IND\u00cdXENAS, JUAN CARLOS PEL\u00c1EZ, NO ENCONTRO DIXITAL \u201cESPOLIO\u201d DE ACAMPA\",\"datePublished\":\"2020-11-27T11:21:01+00:00\",\"dateModified\":\"2020-11-27T11:25:54+00:00\",\"mainEntityOfPage\":{\"@id\":\"https:\\\/\\\/blog.redeacampa.org\\\/gl\\\/as-empresas-venen-a-guatemala-con-conciencia-ilegal-e-de-saqueo-denuncia-o-letrado-de-causas-indixenas-juan-carlos-pelaez-no-encontro-dixital-espolio-de-acampa\\\/\"},\"wordCount\":1114,\"commentCount\":0,\"image\":{\"@id\":\"https:\\\/\\\/blog.redeacampa.org\\\/gl\\\/as-empresas-venen-a-guatemala-con-conciencia-ilegal-e-de-saqueo-denuncia-o-letrado-de-causas-indixenas-juan-carlos-pelaez-no-encontro-dixital-espolio-de-acampa\\\/#primaryimage\"},\"thumbnailUrl\":\"https:\\\/\\\/blog.redeacampa.org\\\/wp-content\\\/uploads\\\/Juan-Carlos-Pela\u0301ez.jpg\",\"keywords\":[\"agronegocio\",\"deforestaci\u00f3n\",\"dereito a refuxio\",\"dereito a refuxio por Espolio\",\"dereito de asilo\",\"Dereitos Humanos\",\"desprazamientos forzosos\",\"Espolio\",\"Guatemala\",\"Hidroel\u00e9ctricas\",\"Marca Espa\u00f1a\",\"marca Galicia\",\"refuxiadas\",\"refuxiados\",\"Territorios ind\u00edxenas\"],\"articleSection\":[\"Presentacios\"],\"inLanguage\":\"gl-ES\",\"potentialAction\":[{\"@type\":\"CommentAction\",\"name\":\"Comment\",\"target\":[\"https:\\\/\\\/blog.redeacampa.org\\\/gl\\\/as-empresas-venen-a-guatemala-con-conciencia-ilegal-e-de-saqueo-denuncia-o-letrado-de-causas-indixenas-juan-carlos-pelaez-no-encontro-dixital-espolio-de-acampa\\\/#respond\"]}]},{\"@type\":\"WebPage\",\"@id\":\"https:\\\/\\\/blog.redeacampa.org\\\/gl\\\/as-empresas-venen-a-guatemala-con-conciencia-ilegal-e-de-saqueo-denuncia-o-letrado-de-causas-indixenas-juan-carlos-pelaez-no-encontro-dixital-espolio-de-acampa\\\/\",\"url\":\"https:\\\/\\\/blog.redeacampa.org\\\/gl\\\/as-empresas-venen-a-guatemala-con-conciencia-ilegal-e-de-saqueo-denuncia-o-letrado-de-causas-indixenas-juan-carlos-pelaez-no-encontro-dixital-espolio-de-acampa\\\/\",\"name\":\"\u201cAS EMPRESAS VE\u00d1EN A GUATEMALA CON CONCIENCIA ILEGAL E DE SAQUEO\u201d, DENUNCIA O LETRADO DE CAUSAS IND\u00cdXENAS, JUAN CARLOS PEL\u00c1EZ, NO ENCONTRO DIXITAL \u201cESPOLIO\u201d DE ACAMPA | Rede Acampa - Por la paz y el derecho a refugio\",\"isPartOf\":{\"@id\":\"https:\\\/\\\/blog.redeacampa.org\\\/gl\\\/#website\"},\"primaryImageOfPage\":{\"@id\":\"https:\\\/\\\/blog.redeacampa.org\\\/gl\\\/as-empresas-venen-a-guatemala-con-conciencia-ilegal-e-de-saqueo-denuncia-o-letrado-de-causas-indixenas-juan-carlos-pelaez-no-encontro-dixital-espolio-de-acampa\\\/#primaryimage\"},\"image\":{\"@id\":\"https:\\\/\\\/blog.redeacampa.org\\\/gl\\\/as-empresas-venen-a-guatemala-con-conciencia-ilegal-e-de-saqueo-denuncia-o-letrado-de-causas-indixenas-juan-carlos-pelaez-no-encontro-dixital-espolio-de-acampa\\\/#primaryimage\"},\"thumbnailUrl\":\"https:\\\/\\\/blog.redeacampa.org\\\/wp-content\\\/uploads\\\/Juan-Carlos-Pela\u0301ez.jpg\",\"datePublished\":\"2020-11-27T11:21:01+00:00\",\"dateModified\":\"2020-11-27T11:25:54+00:00\",\"author\":{\"@id\":\"https:\\\/\\\/blog.redeacampa.org\\\/gl\\\/#\\\/schema\\\/person\\\/4af0729a8614cbed1e7078bcc7be966b\"},\"breadcrumb\":{\"@id\":\"https:\\\/\\\/blog.redeacampa.org\\\/gl\\\/as-empresas-venen-a-guatemala-con-conciencia-ilegal-e-de-saqueo-denuncia-o-letrado-de-causas-indixenas-juan-carlos-pelaez-no-encontro-dixital-espolio-de-acampa\\\/#breadcrumb\"},\"inLanguage\":\"gl-ES\",\"potentialAction\":[{\"@type\":\"ReadAction\",\"target\":[\"https:\\\/\\\/blog.redeacampa.org\\\/gl\\\/as-empresas-venen-a-guatemala-con-conciencia-ilegal-e-de-saqueo-denuncia-o-letrado-de-causas-indixenas-juan-carlos-pelaez-no-encontro-dixital-espolio-de-acampa\\\/\"]}]},{\"@type\":\"ImageObject\",\"inLanguage\":\"gl-ES\",\"@id\":\"https:\\\/\\\/blog.redeacampa.org\\\/gl\\\/as-empresas-venen-a-guatemala-con-conciencia-ilegal-e-de-saqueo-denuncia-o-letrado-de-causas-indixenas-juan-carlos-pelaez-no-encontro-dixital-espolio-de-acampa\\\/#primaryimage\",\"url\":\"https:\\\/\\\/blog.redeacampa.org\\\/wp-content\\\/uploads\\\/Juan-Carlos-Pela\u0301ez.jpg\",\"contentUrl\":\"https:\\\/\\\/blog.redeacampa.org\\\/wp-content\\\/uploads\\\/Juan-Carlos-Pela\u0301ez.jpg\",\"width\":278,\"height\":243},{\"@type\":\"BreadcrumbList\",\"@id\":\"https:\\\/\\\/blog.redeacampa.org\\\/gl\\\/as-empresas-venen-a-guatemala-con-conciencia-ilegal-e-de-saqueo-denuncia-o-letrado-de-causas-indixenas-juan-carlos-pelaez-no-encontro-dixital-espolio-de-acampa\\\/#breadcrumb\",\"itemListElement\":[{\"@type\":\"ListItem\",\"position\":1,\"name\":\"Portada\",\"item\":\"https:\\\/\\\/blog.redeacampa.org\\\/gl\\\/\"},{\"@type\":\"ListItem\",\"position\":2,\"name\":\"\u201cAS EMPRESAS VE\u00d1EN A GUATEMALA CON CONCIENCIA ILEGAL E DE SAQUEO\u201d, DENUNCIA O LETRADO DE CAUSAS IND\u00cdXENAS, JUAN CARLOS PEL\u00c1EZ, NO ENCONTRO DIXITAL \u201cESPOLIO\u201d DE ACAMPA\"}]},{\"@type\":\"WebSite\",\"@id\":\"https:\\\/\\\/blog.redeacampa.org\\\/gl\\\/#website\",\"url\":\"https:\\\/\\\/blog.redeacampa.org\\\/gl\\\/\",\"name\":\"Rede Acampa - Por la paz y el derecho a refugio\",\"description\":\"Una iniciativa ciudadana sin fines de lucro integrada por colectivos sociales, culturales, educativos, veci\u00f1ales, pol\u00edticos, sindicales, art\u00edsticos, de personas solidarias, de instituciones y empresas con responsabilidad social que tienen como objetivo la defensa de los derechos humanos, el Derecho Internacional Humanitario y el Derecho a Refugio\",\"potentialAction\":[{\"@type\":\"SearchAction\",\"target\":{\"@type\":\"EntryPoint\",\"urlTemplate\":\"https:\\\/\\\/blog.redeacampa.org\\\/gl\\\/?s={search_term_string}\"},\"query-input\":{\"@type\":\"PropertyValueSpecification\",\"valueRequired\":true,\"valueName\":\"search_term_string\"}}],\"inLanguage\":\"gl-ES\"},{\"@type\":\"Person\",\"@id\":\"https:\\\/\\\/blog.redeacampa.org\\\/gl\\\/#\\\/schema\\\/person\\\/4af0729a8614cbed1e7078bcc7be966b\",\"name\":\"Comunicaci\u00f3n\",\"image\":{\"@type\":\"ImageObject\",\"inLanguage\":\"gl-ES\",\"@id\":\"https:\\\/\\\/secure.gravatar.com\\\/avatar\\\/8e8fea06f5f2696e331aacd588d2000164152c9aa47459d1e52be3c1ab5f5ca5?s=96&d=mm&r=g\",\"url\":\"https:\\\/\\\/secure.gravatar.com\\\/avatar\\\/8e8fea06f5f2696e331aacd588d2000164152c9aa47459d1e52be3c1ab5f5ca5?s=96&d=mm&r=g\",\"contentUrl\":\"https:\\\/\\\/secure.gravatar.com\\\/avatar\\\/8e8fea06f5f2696e331aacd588d2000164152c9aa47459d1e52be3c1ab5f5ca5?s=96&d=mm&r=g\",\"caption\":\"Comunicaci\u00f3n\"}}]}<\/script>\n<!-- \/ Yoast SEO plugin. -->","yoast_head_json":{"title":"\u201cAS EMPRESAS VE\u00d1EN A GUATEMALA CON CONCIENCIA ILEGAL E DE SAQUEO\u201d, DENUNCIA O LETRADO DE CAUSAS IND\u00cdXENAS, JUAN CARLOS PEL\u00c1EZ, NO ENCONTRO DIXITAL \u201cESPOLIO\u201d DE ACAMPA | Rede Acampa - Por la paz y el derecho a refugio","robots":{"index":"index","follow":"follow","max-snippet":"max-snippet:-1","max-image-preview":"max-image-preview:large","max-video-preview":"max-video-preview:-1"},"canonical":"https:\/\/blog.redeacampa.org\/gl\/as-empresas-venen-a-guatemala-con-conciencia-ilegal-e-de-saqueo-denuncia-o-letrado-de-causas-indixenas-juan-carlos-pelaez-no-encontro-dixital-espolio-de-acampa\/","og_locale":"gl_ES","og_type":"article","og_title":"\u201cAS EMPRESAS VE\u00d1EN A GUATEMALA CON CONCIENCIA ILEGAL E DE SAQUEO\u201d, DENUNCIA O LETRADO DE CAUSAS IND\u00cdXENAS, JUAN CARLOS PEL\u00c1EZ, NO ENCONTRO DIXITAL \u201cESPOLIO\u201d DE ACAMPA | Rede Acampa - Por la paz y el derecho a refugio","og_description":"As sociedades estranxeiras, entre as que hai moita \u201cmarca Espa\u00f1a\u201d e tam\u00e9n \u201cmarca Galicia\u201d, incumpren sistematicamente, \u201ccoa complicidade do Goberno Guatemalteco\u201d, a obrigaci\u00f3n legal do consetimiento das comunidades que habitan os territorios onde se instalan. A apropiaci\u00f3n de bens e de territorios por parte de empresas espa\u00f1olas, sinalou o avogado, \u201cten unha afectaci\u00f3n grave en [&hellip;]","og_url":"https:\/\/blog.redeacampa.org\/gl\/as-empresas-venen-a-guatemala-con-conciencia-ilegal-e-de-saqueo-denuncia-o-letrado-de-causas-indixenas-juan-carlos-pelaez-no-encontro-dixital-espolio-de-acampa\/","og_site_name":"Rede Acampa - Por la paz y el derecho a refugio","article_publisher":"https:\/\/www.facebook.com\/acampapolapazeodereitoarefuxio","article_published_time":"2020-11-27T11:21:01+00:00","article_modified_time":"2020-11-27T11:25:54+00:00","og_image":[{"width":278,"height":243,"url":"https:\/\/blog.redeacampa.org\/wp-content\/uploads\/Juan-Carlos-Pela\u0301ez.jpg","type":"image\/jpeg"}],"author":"Comunicaci\u00f3n","twitter_card":"summary_large_image","twitter_creator":"@Acampa_polapaz","twitter_site":"@Acampa_polapaz","twitter_misc":{"Escrito por":"Comunicaci\u00f3n","Tempo de lectura":"5 minutos"},"schema":{"@context":"https:\/\/schema.org","@graph":[{"@type":"Article","@id":"https:\/\/blog.redeacampa.org\/gl\/as-empresas-venen-a-guatemala-con-conciencia-ilegal-e-de-saqueo-denuncia-o-letrado-de-causas-indixenas-juan-carlos-pelaez-no-encontro-dixital-espolio-de-acampa\/#article","isPartOf":{"@id":"https:\/\/blog.redeacampa.org\/gl\/as-empresas-venen-a-guatemala-con-conciencia-ilegal-e-de-saqueo-denuncia-o-letrado-de-causas-indixenas-juan-carlos-pelaez-no-encontro-dixital-espolio-de-acampa\/"},"author":{"name":"Comunicaci\u00f3n","@id":"https:\/\/blog.redeacampa.org\/gl\/#\/schema\/person\/4af0729a8614cbed1e7078bcc7be966b"},"headline":"\u201cAS EMPRESAS VE\u00d1EN A GUATEMALA CON CONCIENCIA ILEGAL E DE SAQUEO\u201d, DENUNCIA O LETRADO DE CAUSAS IND\u00cdXENAS, JUAN CARLOS PEL\u00c1EZ, NO ENCONTRO DIXITAL \u201cESPOLIO\u201d DE ACAMPA","datePublished":"2020-11-27T11:21:01+00:00","dateModified":"2020-11-27T11:25:54+00:00","mainEntityOfPage":{"@id":"https:\/\/blog.redeacampa.org\/gl\/as-empresas-venen-a-guatemala-con-conciencia-ilegal-e-de-saqueo-denuncia-o-letrado-de-causas-indixenas-juan-carlos-pelaez-no-encontro-dixital-espolio-de-acampa\/"},"wordCount":1114,"commentCount":0,"image":{"@id":"https:\/\/blog.redeacampa.org\/gl\/as-empresas-venen-a-guatemala-con-conciencia-ilegal-e-de-saqueo-denuncia-o-letrado-de-causas-indixenas-juan-carlos-pelaez-no-encontro-dixital-espolio-de-acampa\/#primaryimage"},"thumbnailUrl":"https:\/\/blog.redeacampa.org\/wp-content\/uploads\/Juan-Carlos-Pela\u0301ez.jpg","keywords":["agronegocio","deforestaci\u00f3n","dereito a refuxio","dereito a refuxio por Espolio","dereito de asilo","Dereitos Humanos","desprazamientos forzosos","Espolio","Guatemala","Hidroel\u00e9ctricas","Marca Espa\u00f1a","marca Galicia","refuxiadas","refuxiados","Territorios ind\u00edxenas"],"articleSection":["Presentacios"],"inLanguage":"gl-ES","potentialAction":[{"@type":"CommentAction","name":"Comment","target":["https:\/\/blog.redeacampa.org\/gl\/as-empresas-venen-a-guatemala-con-conciencia-ilegal-e-de-saqueo-denuncia-o-letrado-de-causas-indixenas-juan-carlos-pelaez-no-encontro-dixital-espolio-de-acampa\/#respond"]}]},{"@type":"WebPage","@id":"https:\/\/blog.redeacampa.org\/gl\/as-empresas-venen-a-guatemala-con-conciencia-ilegal-e-de-saqueo-denuncia-o-letrado-de-causas-indixenas-juan-carlos-pelaez-no-encontro-dixital-espolio-de-acampa\/","url":"https:\/\/blog.redeacampa.org\/gl\/as-empresas-venen-a-guatemala-con-conciencia-ilegal-e-de-saqueo-denuncia-o-letrado-de-causas-indixenas-juan-carlos-pelaez-no-encontro-dixital-espolio-de-acampa\/","name":"\u201cAS EMPRESAS VE\u00d1EN A GUATEMALA CON CONCIENCIA ILEGAL E DE SAQUEO\u201d, DENUNCIA O LETRADO DE CAUSAS IND\u00cdXENAS, JUAN CARLOS PEL\u00c1EZ, NO ENCONTRO DIXITAL \u201cESPOLIO\u201d DE ACAMPA | Rede Acampa - Por la paz y el derecho a refugio","isPartOf":{"@id":"https:\/\/blog.redeacampa.org\/gl\/#website"},"primaryImageOfPage":{"@id":"https:\/\/blog.redeacampa.org\/gl\/as-empresas-venen-a-guatemala-con-conciencia-ilegal-e-de-saqueo-denuncia-o-letrado-de-causas-indixenas-juan-carlos-pelaez-no-encontro-dixital-espolio-de-acampa\/#primaryimage"},"image":{"@id":"https:\/\/blog.redeacampa.org\/gl\/as-empresas-venen-a-guatemala-con-conciencia-ilegal-e-de-saqueo-denuncia-o-letrado-de-causas-indixenas-juan-carlos-pelaez-no-encontro-dixital-espolio-de-acampa\/#primaryimage"},"thumbnailUrl":"https:\/\/blog.redeacampa.org\/wp-content\/uploads\/Juan-Carlos-Pela\u0301ez.jpg","datePublished":"2020-11-27T11:21:01+00:00","dateModified":"2020-11-27T11:25:54+00:00","author":{"@id":"https:\/\/blog.redeacampa.org\/gl\/#\/schema\/person\/4af0729a8614cbed1e7078bcc7be966b"},"breadcrumb":{"@id":"https:\/\/blog.redeacampa.org\/gl\/as-empresas-venen-a-guatemala-con-conciencia-ilegal-e-de-saqueo-denuncia-o-letrado-de-causas-indixenas-juan-carlos-pelaez-no-encontro-dixital-espolio-de-acampa\/#breadcrumb"},"inLanguage":"gl-ES","potentialAction":[{"@type":"ReadAction","target":["https:\/\/blog.redeacampa.org\/gl\/as-empresas-venen-a-guatemala-con-conciencia-ilegal-e-de-saqueo-denuncia-o-letrado-de-causas-indixenas-juan-carlos-pelaez-no-encontro-dixital-espolio-de-acampa\/"]}]},{"@type":"ImageObject","inLanguage":"gl-ES","@id":"https:\/\/blog.redeacampa.org\/gl\/as-empresas-venen-a-guatemala-con-conciencia-ilegal-e-de-saqueo-denuncia-o-letrado-de-causas-indixenas-juan-carlos-pelaez-no-encontro-dixital-espolio-de-acampa\/#primaryimage","url":"https:\/\/blog.redeacampa.org\/wp-content\/uploads\/Juan-Carlos-Pela\u0301ez.jpg","contentUrl":"https:\/\/blog.redeacampa.org\/wp-content\/uploads\/Juan-Carlos-Pela\u0301ez.jpg","width":278,"height":243},{"@type":"BreadcrumbList","@id":"https:\/\/blog.redeacampa.org\/gl\/as-empresas-venen-a-guatemala-con-conciencia-ilegal-e-de-saqueo-denuncia-o-letrado-de-causas-indixenas-juan-carlos-pelaez-no-encontro-dixital-espolio-de-acampa\/#breadcrumb","itemListElement":[{"@type":"ListItem","position":1,"name":"Portada","item":"https:\/\/blog.redeacampa.org\/gl\/"},{"@type":"ListItem","position":2,"name":"\u201cAS EMPRESAS VE\u00d1EN A GUATEMALA CON CONCIENCIA ILEGAL E DE SAQUEO\u201d, DENUNCIA O LETRADO DE CAUSAS IND\u00cdXENAS, JUAN CARLOS PEL\u00c1EZ, NO ENCONTRO DIXITAL \u201cESPOLIO\u201d DE ACAMPA"}]},{"@type":"WebSite","@id":"https:\/\/blog.redeacampa.org\/gl\/#website","url":"https:\/\/blog.redeacampa.org\/gl\/","name":"Rede Acampa - Por la paz y el derecho a refugio","description":"Una iniciativa ciudadana sin fines de lucro integrada por colectivos sociales, culturales, educativos, veci\u00f1ales, pol\u00edticos, sindicales, art\u00edsticos, de personas solidarias, de instituciones y empresas con responsabilidad social que tienen como objetivo la defensa de los derechos humanos, el Derecho Internacional Humanitario y el Derecho a Refugio","potentialAction":[{"@type":"SearchAction","target":{"@type":"EntryPoint","urlTemplate":"https:\/\/blog.redeacampa.org\/gl\/?s={search_term_string}"},"query-input":{"@type":"PropertyValueSpecification","valueRequired":true,"valueName":"search_term_string"}}],"inLanguage":"gl-ES"},{"@type":"Person","@id":"https:\/\/blog.redeacampa.org\/gl\/#\/schema\/person\/4af0729a8614cbed1e7078bcc7be966b","name":"Comunicaci\u00f3n","image":{"@type":"ImageObject","inLanguage":"gl-ES","@id":"https:\/\/secure.gravatar.com\/avatar\/8e8fea06f5f2696e331aacd588d2000164152c9aa47459d1e52be3c1ab5f5ca5?s=96&d=mm&r=g","url":"https:\/\/secure.gravatar.com\/avatar\/8e8fea06f5f2696e331aacd588d2000164152c9aa47459d1e52be3c1ab5f5ca5?s=96&d=mm&r=g","contentUrl":"https:\/\/secure.gravatar.com\/avatar\/8e8fea06f5f2696e331aacd588d2000164152c9aa47459d1e52be3c1ab5f5ca5?s=96&d=mm&r=g","caption":"Comunicaci\u00f3n"}}]}},"_links":{"self":[{"href":"https:\/\/blog.redeacampa.org\/gl\/wp-json\/wp\/v2\/posts\/37772","targetHints":{"allow":["GET"]}}],"collection":[{"href":"https:\/\/blog.redeacampa.org\/gl\/wp-json\/wp\/v2\/posts"}],"about":[{"href":"https:\/\/blog.redeacampa.org\/gl\/wp-json\/wp\/v2\/types\/post"}],"author":[{"embeddable":true,"href":"https:\/\/blog.redeacampa.org\/gl\/wp-json\/wp\/v2\/users\/25"}],"replies":[{"embeddable":true,"href":"https:\/\/blog.redeacampa.org\/gl\/wp-json\/wp\/v2\/comments?post=37772"}],"version-history":[{"count":0,"href":"https:\/\/blog.redeacampa.org\/gl\/wp-json\/wp\/v2\/posts\/37772\/revisions"}],"wp:featuredmedia":[{"embeddable":true,"href":"https:\/\/blog.redeacampa.org\/gl\/wp-json\/wp\/v2\/media\/37770"}],"wp:attachment":[{"href":"https:\/\/blog.redeacampa.org\/gl\/wp-json\/wp\/v2\/media?parent=37772"}],"wp:term":[{"taxonomy":"category","embeddable":true,"href":"https:\/\/blog.redeacampa.org\/gl\/wp-json\/wp\/v2\/categories?post=37772"},{"taxonomy":"post_tag","embeddable":true,"href":"https:\/\/blog.redeacampa.org\/gl\/wp-json\/wp\/v2\/tags?post=37772"}],"curies":[{"name":"wp","href":"https:\/\/api.w.org\/{rel}","templated":true}]}}