{"id":37782,"date":"2020-12-04T11:39:07","date_gmt":"2020-12-04T10:39:07","guid":{"rendered":"https:\/\/blog.redeacampa.org\/?p=37782"},"modified":"2020-12-04T11:50:11","modified_gmt":"2020-12-04T10:50:11","slug":"espolio-a-mostra-de-acampa-na-coruna-documenta-a-esquilmacion-de-recursos-como-o-coltan-o-petroleo-ou-mesmo-a-area-do-deserto-do-sahara-no-continente-africano","status":"publish","type":"post","link":"https:\/\/blog.redeacampa.org\/gl\/espolio-a-mostra-de-acampa-na-coruna-documenta-a-esquilmacion-de-recursos-como-o-coltan-o-petroleo-ou-mesmo-a-area-do-deserto-do-sahara-no-continente-africano\/","title":{"rendered":"\u201cESPOLIO\u201d, A MOSTRA DE ACAMPA NA CORU\u00d1A, DOCUMENTA A ESQUILMACI\u00d3N DE RECURSOS COMO O COLT\u00c1N, O PETROLEO OU MESMO A AREA DO DESERTO DO S\u00c1HARA NO CONTINENTE AFRICANO"},"content":{"rendered":"<ul>\n<li><em>En \u00c1frica abondan os exemplos de explotaci\u00f3n masiva de bens naturais por parte de grandes compa\u00f1\u00edas e grupos estranxeiros. Os beneficios multimillonarios que xera ese negocio non reverten na vida das poboaci\u00f3ns locais. Pola contra, contrib\u00faen a acrecentar a s\u00faa pobreza, ademais de alimentar guerras, guerrillas e corrupci\u00f3n pol\u00edtica e civil, o c\u00f3ctel que est\u00e1 detr\u00e1s da maior\u00eda dos movementos migratorios que te\u00f1en a s\u00faa orixe no continente como o que estes d\u00edas estase a vivir nas Canarias.<\/em><\/li>\n<\/ul>\n<ul>\n<li><em>A mostra pode visitarse tam\u00e9n de forma virtual, a trav\u00e9s da web de Acampa<\/em> <a href=\"http:\/\/www.redeacampa.org\">redeacampa.org<\/a> <em>ou da plataforma<\/em> <a href=\"http:\/\/www.peopleartfactory.com\">www.peopleartfactory.com<\/a><\/li>\n<\/ul>\n<p>Ao longo e ancho do continente africano abondan os exemplos de explotaci\u00f3n masiva de recursos por parte de grandes compa\u00f1\u00edas e grupos estranxeiros, cuxos beneficios multimillonarios lonxe de reverter na calidade de vida das poboaci\u00f3ns locais, profundan na s\u00faa pobreza, ademais de alimentar guerras, guerrillas e corrupci\u00f3n pol\u00edtica e civil. \u00c9 dicir, o c\u00f3ctel que est\u00e1 detr\u00e1s da maior\u00eda dos movementos migratorios que te\u00f1en a s\u00faa orixe en \u00c1frica, como o que estamos a ver estes \u00faltimos meses cara \u00e1s Canarias. A exposici\u00f3n <em>Espolio<\/em>, que ocupa a fronte dos Xard\u00edns de M\u00e9ndez N\u00fa\u00f1ez da Coru\u00f1a ata o pr\u00f3ximo 14 de decembro, dentro da IV edici\u00f3n de <em>Acampa pola Paz e o Dereito a Refuxio<\/em>, ach\u00e9ganos a algunhas destas pr\u00e1cticas de saqueo de bens: a extracci\u00f3n de colt\u00e1n na Rep\u00fablica Democr\u00e1tica do Congo, os pozos petrol\u00edferos do Delta do N\u00edxer ou os fosfatos no Sahara Occidental ocupado por Marrocos. As exposici\u00f3ns as\u00ednanas os fotoxornalistas <strong>Judith Prat<\/strong>, <strong>Akintunde Akinleye<\/strong>, e <strong>Lu\u00eds de Vega<\/strong>, respectivamente. A mostra pode visitarse tam\u00e9n virtualmente a trav\u00e9s a web da rede <em>Acampa <\/em><a href=\"http:\/\/www.redeacampa.org\">www.redeacampa.org<\/a> ou da plataforma <a href=\"http:\/\/www.peopleartfactory.com\">www.peopleartfactory.com<\/a><\/p>\n<p>A gran riqueza natural do Congo \u00e9 tam\u00e9n a s\u00faa condena. O subsolo deste pa\u00eds africano \u00e9 rico en boa parte dos minerais necesarios para a fabricaci\u00f3n da maior\u00eda das novas tecnolox\u00edas. Alberga, por exemplo, o 80 por cento das reservas mundiais de colt\u00e1n, un mineral fundamental para o desenvolvemento da telefon\u00eda m\u00f3bil, a fabricaci\u00f3n de computadores, de armas intelixentes e para a industria aeroespacial. Multinacionais de todo o mundo benef\u00edcianse da extracci\u00f3n deste \u201cmineral de sangue\u201d e outros recursos como o cobalto, favorecendo ao mesmo tempo a proliferaci\u00f3n de multitude de grupos armados, financiados e ao servizo destes intereses e que est\u00e1n detr\u00e1s do conflito e a violencia que arrasa o pa\u00eds desde hai d\u00e9cadas. As fotos de <strong>Judith Prat<\/strong> mostran a realidade e as condici\u00f3ns extremadamente duras e perigosas nas que traballan os mineiros, moitos desprazados internos e mesmo cativos. As xornadas de traballo sobrepasan as 17 horas diarias, cuando no m\u00e1is, e os xornais apenas chegan aos 7 d\u00f3lares Un grupo de familias afectadass denunciaron en Estados Unidos a grandes empresas tecnol\u00f3xicas como Apple, Google, Microsoft, Dell ou Tesla polo uso de traballo infantil forzado e a morte de nenos en minas da Rep\u00fablica Democr\u00e1tica do Congo.<\/p>\n<p><strong>\u201cDeus negro\u201d<\/strong><\/p>\n<p>O contraste entre beneficios multimillonarios e a pobreza extrema en \u00c1frica tam\u00e9n est\u00e1 presente na mostra que asina o fotoxornalista nixeriano <strong>Akintunde Akinleye<\/strong>. As s\u00faas instant\u00e1neas reflicten a extracci\u00f3n de petr\u00f3leo no Delta do r\u00edo N\u00edxer, unha actividade que leva desde os anos sesenta reportando miles de mill\u00f3ns de d\u00f3lares de beneficio a petroleiras estranxeiras e \u00e1s elites nixerianas. Mentr\u00e9s, as poboaci\u00f3ns locais seguen na m\u00e1is absoluta pobreza, \u00e1 vez que son testemu\u00f1as de como os pozos e o transporte do cru, do \u201cdeus negro\u201d, devasta as s\u00faas terras ancestrais. <strong>Akinleye<\/strong> \u00e9 o autor da ic\u00f3nica fotograf\u00eda dun home que limpa a feluxe da cara no lugar da explosi\u00f3n dun oleoduto en Lagos, en decembro 2006, e que custou a vida de 269 persoas. A imaxe recibiu no ano 2007 o prestixioso premio World Press Photo.<\/p>\n<p>M\u00e1is preto de n\u00f3s, non s\u00f3 xeograficamente, xa que se trata da \u00faltima colonia espa\u00f1ola, \u00e9 o caso da explotaci\u00f3n de recursos no Sahara Occidental, cuxa riqueza econ\u00f3mica est\u00e1 na base da ocupaci\u00f3n marroqu\u00ed de boa parte deste territorio hai xa 45 anos (marcha verde). Un conflito irresoluto desde ent\u00f3n, ante a falta de acci\u00f3n da comunidade internacional, e de Espa\u00f1a en particular, que se reavivou nas \u00faltimas semanas. As imaxes do fotoxornalista espa\u00f1ol, <strong>Luis de Vega<\/strong>, mostran a situaci\u00f3n tanto dos saharau\u00eds que viven nos territorios ocupados, v\u00edtimas da represi\u00f3n de Marrocos, como das miles de persoas refuxiadas que habitan, desde fai case medio s\u00e9culo, os campos de Tinduf (Alxeria), no medio do deserto. Namentres, Marrocos leva case cinco d\u00e9cadas espoliando os recursos dos territorios ocupados, ricos en fosfatos e pesca. Ata a area do deserto, usada para a rexeneraci\u00f3n de praias e a construci\u00f3n no noso pa\u00eds, \u00e9 un pr\u00f3spero negocio para o pa\u00eds ocupante. De todas estas actividades benef\u00edcianse tam\u00e9n grandes empresas espa\u00f1olas. Nunha das fotograf\u00edas que se exhiben na mostra pode verse o longo muro (calc\u00falase que mide entre 2.000 e 3.000 quil\u00f3metros) que o Reino alau\u00ed ten constru\u00eddo ao longo dos anos para separar a zona da ex colonia controlada por Rabat da zona baixo control da Frente Polisario.<em>\u00a0<\/em><\/p>\n<p><strong>Judith Prat\/ <\/strong>Colt\u00e1n<\/p>\n<p>A fot\u00f3grafa aragonesa <strong>Judith Prat<\/strong> traballou nos \u00faltimos anos documentando conflitos e situaci\u00f3ns sociais en \u00c1frica, Oriente Medio e Am\u00e9rica Latina. O seu obxectivo captou as consecuencias da extracci\u00f3n de petr\u00f3leo no Delta do N\u00edxer, a violencia de Boko Haram no nord\u00e9s de Nixeria e a vida dos traballadores agr\u00edcolas mexicanos en Estados Unidos. Tam\u00e9n documentou o drama da poboaci\u00f3n siria en busca de refuxio, o feminicidio en Ciudad Ju\u00e1rez (M\u00e9xico), o conflito no Kurdist\u00e1n e, m\u00e1is recentemente, a pandemia do Covid-19 en Espa\u00f1a. <strong>Judith Prat<\/strong>, que forma do Colectivo 4F de mulleres fot\u00f3grafas, obtivo no ano 2017 o Premio Artes&amp;Letras de fotograf\u00eda e os seus traballos foron premiados en numerosos festivais e concursos internacionais. Publica en numerosas revistas e medios de comunicaci\u00f3n espa\u00f1ois e estranxeiros como o New York Times, Al Yazeera, The Guardian, Vice, Woz, O Mundo, O Confidencial e O Xornal, e as s\u00faas fotograf\u00edas expux\u00e9ronse, ademais de en Espa\u00f1a, en cidades como Quebec, Moscova ou Avignon.<em>\u00a0<\/em><\/p>\n<p><strong>Akintunde Akinleye\/ <\/strong>Refiner\u00edas do Delta Bush<\/p>\n<p><strong>Akintunde Akinleye<\/strong> traballa para a axencia Reuters en Nixeria, o seu pa\u00eds natal. Foi o primeiro fot\u00f3grafo nixeriano en recibir o prestixioso premio World Press Photo. En 2012, Akintunde Akinlenye foi nomeado ao premio de fotograf\u00eda Prix Pictet sobre sustentabilidade polo seu traballo\u00a0 \u201cDelta, unha zona h\u00famida en fuga\u201d. O fot\u00f3grafo nixeriano asistiu a conferencias e seminarios sobre fotograf\u00eda editorial e documental en Etiop\u00eda, Kenya e Lagos, e realizou presentaci\u00f3ns do seu traballo e artigos na Universidade de Stanford nos Estados Unidos, Amsterdam e outras das cidades m\u00e1is importantes do mundo. Actualmente ad\u00edcase a proxectos relacionados coa cultura e as tradici\u00f3ns africanas.<\/p>\n<p><strong>Luis de Vega\/ <\/strong>Os dous lados do muro<\/p>\n<p>O fot\u00f3grafo e xornalista sevillano <strong>Luis de Vega<\/strong> ach\u00e9ganos en <em>Acampa<\/em> 2020 \u00e1 realidade dun dos conflitos m\u00e1is esquecidos do mundo: o que mant\u00e9n o pobo saharau\u00ed pola s\u00faa independencia e a recuperaci\u00f3n das s\u00faas terras, obxecto tam\u00e9n dun espolio salvaxe de recursos: pesca, fosfatos, area\u2026, do que se benefician os ocupantes. De Vega traballou durante as \u00faltimas d\u00faas d\u00e9cadas nunha trintena de pa\u00edses. Durante esta dilatada traxectoria documentou desde a crise do S\u00e1hara, as Primaveras \u00c1rabes de Alxeria, Marrocos e Libia; os movementos migratorios entre \u00c1frica e Europa e a guerra de Iraq, ata o conflito entre Palestina e Israel, o \u00e9xodo dos albaneses de Kosovo desde a fronteira de Macedonia e a crise dos refuxiados entre Hungr\u00eda e Serbia.<\/p>\n<p><strong>\u00a0<\/strong><\/p>\n","protected":false},"excerpt":{"rendered":"<p>En \u00c1frica abondan os exemplos de explotaci\u00f3n masiva de bens naturais por parte de grandes compa\u00f1\u00edas e grupos estranxeiros. Os beneficios multimillonarios que xera ese negocio non reverten na vida das poboaci\u00f3ns locais. Pola contra, contrib\u00faen a acrecentar a s\u00faa pobreza, ademais de alimentar guerras, guerrillas e corrupci\u00f3n pol\u00edtica e civil, o c\u00f3ctel que est\u00e1 [&hellip;]<\/p>\n","protected":false},"author":25,"featured_media":37784,"comment_status":"open","ping_status":"open","sticky":false,"template":"","format":"standard","meta":{"_et_pb_use_builder":"","_et_pb_old_content":"","_et_gb_content_width":"","inline_featured_image":false,"footnotes":""},"categories":[1],"tags":[103,144,48,53,88,112,89,65,98,50,113,121,99,62,141,91,71,64,63,142,143],"class_list":["post-37782","post","type-post","status-publish","format-standard","has-post-thumbnail","hentry","category-presentacios","tag-a-coruna","tag-africa-gl","tag-brasil","tag-deforestacion","tag-dereito-a-refuxio","tag-dereito-a-refuxio-por-espolio","tag-dereito-de-asilo","tag-dereitos-humanos","tag-desprazamientos-forzosos","tag-espolio","tag-fotografia-gl","tag-fotos-gl","tag-migraciones-gl","tag-migracions","tag-nixeria","tag-organizacions-humanitarias","tag-refugiados-climatico","tag-refuxiadas","tag-refuxiados","tag-republica-democratica-do-congo","tag-sahara-occidental-gl"],"yoast_head":"<!-- This site is optimized with the Yoast SEO plugin v27.4 - https:\/\/yoast.com\/product\/yoast-seo-wordpress\/ -->\n<title>\u201cESPOLIO\u201d, A MOSTRA DE ACAMPA NA CORU\u00d1A, DOCUMENTA A ESQUILMACI\u00d3N DE RECURSOS COMO O COLT\u00c1N, O PETROLEO OU MESMO A AREA DO DESERTO DO S\u00c1HARA NO CONTINENTE AFRICANO | Rede Acampa - Por la paz y el derecho a refugio<\/title>\n<meta name=\"robots\" content=\"index, follow, max-snippet:-1, max-image-preview:large, max-video-preview:-1\" \/>\n<link rel=\"canonical\" href=\"https:\/\/blog.redeacampa.org\/gl\/espolio-a-mostra-de-acampa-na-coruna-documenta-a-esquilmacion-de-recursos-como-o-coltan-o-petroleo-ou-mesmo-a-area-do-deserto-do-sahara-no-continente-africano\/\" \/>\n<meta property=\"og:locale\" content=\"gl_ES\" \/>\n<meta property=\"og:type\" content=\"article\" \/>\n<meta property=\"og:title\" content=\"\u201cESPOLIO\u201d, A MOSTRA DE ACAMPA NA CORU\u00d1A, DOCUMENTA A ESQUILMACI\u00d3N DE RECURSOS COMO O COLT\u00c1N, O PETROLEO OU MESMO A AREA DO DESERTO DO S\u00c1HARA NO CONTINENTE AFRICANO | Rede Acampa - Por la paz y el derecho a refugio\" \/>\n<meta property=\"og:description\" content=\"En \u00c1frica abondan os exemplos de explotaci\u00f3n masiva de bens naturais por parte de grandes compa\u00f1\u00edas e grupos estranxeiros. Os beneficios multimillonarios que xera ese negocio non reverten na vida das poboaci\u00f3ns locais. Pola contra, contrib\u00faen a acrecentar a s\u00faa pobreza, ademais de alimentar guerras, guerrillas e corrupci\u00f3n pol\u00edtica e civil, o c\u00f3ctel que est\u00e1 [&hellip;]\" \/>\n<meta property=\"og:url\" content=\"https:\/\/blog.redeacampa.org\/gl\/espolio-a-mostra-de-acampa-na-coruna-documenta-a-esquilmacion-de-recursos-como-o-coltan-o-petroleo-ou-mesmo-a-area-do-deserto-do-sahara-no-continente-africano\/\" \/>\n<meta property=\"og:site_name\" content=\"Rede Acampa - Por la paz y el derecho a refugio\" \/>\n<meta property=\"article:publisher\" content=\"https:\/\/www.facebook.com\/acampapolapazeodereitoarefuxio\" \/>\n<meta property=\"article:published_time\" content=\"2020-12-04T10:39:07+00:00\" \/>\n<meta property=\"article:modified_time\" content=\"2020-12-04T10:50:11+00:00\" \/>\n<meta property=\"og:image\" content=\"https:\/\/blog.redeacampa.org\/wp-content\/uploads\/IMAGENES-CON-COPYRIGHT8-scaled.jpg\" \/>\n\t<meta property=\"og:image:width\" content=\"2560\" \/>\n\t<meta property=\"og:image:height\" content=\"1699\" \/>\n\t<meta property=\"og:image:type\" content=\"image\/jpeg\" \/>\n<meta name=\"author\" content=\"Comunicaci\u00f3n\" \/>\n<meta name=\"twitter:card\" content=\"summary_large_image\" \/>\n<meta name=\"twitter:creator\" content=\"@Acampa_polapaz\" \/>\n<meta name=\"twitter:site\" content=\"@Acampa_polapaz\" \/>\n<meta name=\"twitter:label1\" content=\"Escrito por\" \/>\n\t<meta name=\"twitter:data1\" content=\"Comunicaci\u00f3n\" \/>\n\t<meta name=\"twitter:label2\" content=\"Tempo de lectura\" \/>\n\t<meta name=\"twitter:data2\" content=\"7 minutos\" \/>\n<script type=\"application\/ld+json\" class=\"yoast-schema-graph\">{\"@context\":\"https:\\\/\\\/schema.org\",\"@graph\":[{\"@type\":\"Article\",\"@id\":\"https:\\\/\\\/blog.redeacampa.org\\\/gl\\\/espolio-a-mostra-de-acampa-na-coruna-documenta-a-esquilmacion-de-recursos-como-o-coltan-o-petroleo-ou-mesmo-a-area-do-deserto-do-sahara-no-continente-africano\\\/#article\",\"isPartOf\":{\"@id\":\"https:\\\/\\\/blog.redeacampa.org\\\/gl\\\/espolio-a-mostra-de-acampa-na-coruna-documenta-a-esquilmacion-de-recursos-como-o-coltan-o-petroleo-ou-mesmo-a-area-do-deserto-do-sahara-no-continente-africano\\\/\"},\"author\":{\"name\":\"Comunicaci\u00f3n\",\"@id\":\"https:\\\/\\\/blog.redeacampa.org\\\/gl\\\/#\\\/schema\\\/person\\\/4af0729a8614cbed1e7078bcc7be966b\"},\"headline\":\"\u201cESPOLIO\u201d, A MOSTRA DE ACAMPA NA CORU\u00d1A, DOCUMENTA A ESQUILMACI\u00d3N DE RECURSOS COMO O COLT\u00c1N, O PETROLEO OU MESMO A AREA DO DESERTO DO S\u00c1HARA NO CONTINENTE AFRICANO\",\"datePublished\":\"2020-12-04T10:39:07+00:00\",\"dateModified\":\"2020-12-04T10:50:11+00:00\",\"mainEntityOfPage\":{\"@id\":\"https:\\\/\\\/blog.redeacampa.org\\\/gl\\\/espolio-a-mostra-de-acampa-na-coruna-documenta-a-esquilmacion-de-recursos-como-o-coltan-o-petroleo-ou-mesmo-a-area-do-deserto-do-sahara-no-continente-africano\\\/\"},\"wordCount\":1412,\"commentCount\":0,\"image\":{\"@id\":\"https:\\\/\\\/blog.redeacampa.org\\\/gl\\\/espolio-a-mostra-de-acampa-na-coruna-documenta-a-esquilmacion-de-recursos-como-o-coltan-o-petroleo-ou-mesmo-a-area-do-deserto-do-sahara-no-continente-africano\\\/#primaryimage\"},\"thumbnailUrl\":\"https:\\\/\\\/blog.redeacampa.org\\\/wp-content\\\/uploads\\\/IMAGENES-CON-COPYRIGHT8-scaled.jpg\",\"keywords\":[\"A Coru\u00f1a\",\"\u00c1frica\",\"Brasil\",\"deforestaci\u00f3n\",\"dereito a refuxio\",\"dereito a refuxio por Espolio\",\"dereito de asilo\",\"Dereitos Humanos\",\"desprazamientos forzosos\",\"Espolio\",\"Fotograf\u00eda\",\"fotos\",\"Migraciones\",\"migraci\u00f3ns\",\"Nixeria\",\"organizaci\u00f3ns humanitarias\",\"refugiados clim\u00e1tico\",\"refuxiadas\",\"refuxiados\",\"Rep\u00fablica Democr\u00e1tica do Congo\",\"S\u00e1hara Occidental\"],\"articleSection\":[\"Presentacios\"],\"inLanguage\":\"gl-ES\",\"potentialAction\":[{\"@type\":\"CommentAction\",\"name\":\"Comment\",\"target\":[\"https:\\\/\\\/blog.redeacampa.org\\\/gl\\\/espolio-a-mostra-de-acampa-na-coruna-documenta-a-esquilmacion-de-recursos-como-o-coltan-o-petroleo-ou-mesmo-a-area-do-deserto-do-sahara-no-continente-africano\\\/#respond\"]}]},{\"@type\":\"WebPage\",\"@id\":\"https:\\\/\\\/blog.redeacampa.org\\\/gl\\\/espolio-a-mostra-de-acampa-na-coruna-documenta-a-esquilmacion-de-recursos-como-o-coltan-o-petroleo-ou-mesmo-a-area-do-deserto-do-sahara-no-continente-africano\\\/\",\"url\":\"https:\\\/\\\/blog.redeacampa.org\\\/gl\\\/espolio-a-mostra-de-acampa-na-coruna-documenta-a-esquilmacion-de-recursos-como-o-coltan-o-petroleo-ou-mesmo-a-area-do-deserto-do-sahara-no-continente-africano\\\/\",\"name\":\"\u201cESPOLIO\u201d, A MOSTRA DE ACAMPA NA CORU\u00d1A, DOCUMENTA A ESQUILMACI\u00d3N DE RECURSOS COMO O COLT\u00c1N, O PETROLEO OU MESMO A AREA DO DESERTO DO S\u00c1HARA NO CONTINENTE AFRICANO | Rede Acampa - Por la paz y el derecho a refugio\",\"isPartOf\":{\"@id\":\"https:\\\/\\\/blog.redeacampa.org\\\/gl\\\/#website\"},\"primaryImageOfPage\":{\"@id\":\"https:\\\/\\\/blog.redeacampa.org\\\/gl\\\/espolio-a-mostra-de-acampa-na-coruna-documenta-a-esquilmacion-de-recursos-como-o-coltan-o-petroleo-ou-mesmo-a-area-do-deserto-do-sahara-no-continente-africano\\\/#primaryimage\"},\"image\":{\"@id\":\"https:\\\/\\\/blog.redeacampa.org\\\/gl\\\/espolio-a-mostra-de-acampa-na-coruna-documenta-a-esquilmacion-de-recursos-como-o-coltan-o-petroleo-ou-mesmo-a-area-do-deserto-do-sahara-no-continente-africano\\\/#primaryimage\"},\"thumbnailUrl\":\"https:\\\/\\\/blog.redeacampa.org\\\/wp-content\\\/uploads\\\/IMAGENES-CON-COPYRIGHT8-scaled.jpg\",\"datePublished\":\"2020-12-04T10:39:07+00:00\",\"dateModified\":\"2020-12-04T10:50:11+00:00\",\"author\":{\"@id\":\"https:\\\/\\\/blog.redeacampa.org\\\/gl\\\/#\\\/schema\\\/person\\\/4af0729a8614cbed1e7078bcc7be966b\"},\"breadcrumb\":{\"@id\":\"https:\\\/\\\/blog.redeacampa.org\\\/gl\\\/espolio-a-mostra-de-acampa-na-coruna-documenta-a-esquilmacion-de-recursos-como-o-coltan-o-petroleo-ou-mesmo-a-area-do-deserto-do-sahara-no-continente-africano\\\/#breadcrumb\"},\"inLanguage\":\"gl-ES\",\"potentialAction\":[{\"@type\":\"ReadAction\",\"target\":[\"https:\\\/\\\/blog.redeacampa.org\\\/gl\\\/espolio-a-mostra-de-acampa-na-coruna-documenta-a-esquilmacion-de-recursos-como-o-coltan-o-petroleo-ou-mesmo-a-area-do-deserto-do-sahara-no-continente-africano\\\/\"]}]},{\"@type\":\"ImageObject\",\"inLanguage\":\"gl-ES\",\"@id\":\"https:\\\/\\\/blog.redeacampa.org\\\/gl\\\/espolio-a-mostra-de-acampa-na-coruna-documenta-a-esquilmacion-de-recursos-como-o-coltan-o-petroleo-ou-mesmo-a-area-do-deserto-do-sahara-no-continente-africano\\\/#primaryimage\",\"url\":\"https:\\\/\\\/blog.redeacampa.org\\\/wp-content\\\/uploads\\\/IMAGENES-CON-COPYRIGHT8-scaled.jpg\",\"contentUrl\":\"https:\\\/\\\/blog.redeacampa.org\\\/wp-content\\\/uploads\\\/IMAGENES-CON-COPYRIGHT8-scaled.jpg\",\"width\":2560,\"height\":1699},{\"@type\":\"BreadcrumbList\",\"@id\":\"https:\\\/\\\/blog.redeacampa.org\\\/gl\\\/espolio-a-mostra-de-acampa-na-coruna-documenta-a-esquilmacion-de-recursos-como-o-coltan-o-petroleo-ou-mesmo-a-area-do-deserto-do-sahara-no-continente-africano\\\/#breadcrumb\",\"itemListElement\":[{\"@type\":\"ListItem\",\"position\":1,\"name\":\"Portada\",\"item\":\"https:\\\/\\\/blog.redeacampa.org\\\/gl\\\/\"},{\"@type\":\"ListItem\",\"position\":2,\"name\":\"\u201cESPOLIO\u201d, A MOSTRA DE ACAMPA NA CORU\u00d1A, DOCUMENTA A ESQUILMACI\u00d3N DE RECURSOS COMO O COLT\u00c1N, O PETROLEO OU MESMO A AREA DO DESERTO DO S\u00c1HARA NO CONTINENTE AFRICANO\"}]},{\"@type\":\"WebSite\",\"@id\":\"https:\\\/\\\/blog.redeacampa.org\\\/gl\\\/#website\",\"url\":\"https:\\\/\\\/blog.redeacampa.org\\\/gl\\\/\",\"name\":\"Rede Acampa - Por la paz y el derecho a refugio\",\"description\":\"Una iniciativa ciudadana sin fines de lucro integrada por colectivos sociales, culturales, educativos, veci\u00f1ales, pol\u00edticos, sindicales, art\u00edsticos, de personas solidarias, de instituciones y empresas con responsabilidad social que tienen como objetivo la defensa de los derechos humanos, el Derecho Internacional Humanitario y el Derecho a Refugio\",\"potentialAction\":[{\"@type\":\"SearchAction\",\"target\":{\"@type\":\"EntryPoint\",\"urlTemplate\":\"https:\\\/\\\/blog.redeacampa.org\\\/gl\\\/?s={search_term_string}\"},\"query-input\":{\"@type\":\"PropertyValueSpecification\",\"valueRequired\":true,\"valueName\":\"search_term_string\"}}],\"inLanguage\":\"gl-ES\"},{\"@type\":\"Person\",\"@id\":\"https:\\\/\\\/blog.redeacampa.org\\\/gl\\\/#\\\/schema\\\/person\\\/4af0729a8614cbed1e7078bcc7be966b\",\"name\":\"Comunicaci\u00f3n\",\"image\":{\"@type\":\"ImageObject\",\"inLanguage\":\"gl-ES\",\"@id\":\"https:\\\/\\\/secure.gravatar.com\\\/avatar\\\/8e8fea06f5f2696e331aacd588d2000164152c9aa47459d1e52be3c1ab5f5ca5?s=96&d=mm&r=g\",\"url\":\"https:\\\/\\\/secure.gravatar.com\\\/avatar\\\/8e8fea06f5f2696e331aacd588d2000164152c9aa47459d1e52be3c1ab5f5ca5?s=96&d=mm&r=g\",\"contentUrl\":\"https:\\\/\\\/secure.gravatar.com\\\/avatar\\\/8e8fea06f5f2696e331aacd588d2000164152c9aa47459d1e52be3c1ab5f5ca5?s=96&d=mm&r=g\",\"caption\":\"Comunicaci\u00f3n\"}}]}<\/script>\n<!-- \/ Yoast SEO plugin. -->","yoast_head_json":{"title":"\u201cESPOLIO\u201d, A MOSTRA DE ACAMPA NA CORU\u00d1A, DOCUMENTA A ESQUILMACI\u00d3N DE RECURSOS COMO O COLT\u00c1N, O PETROLEO OU MESMO A AREA DO DESERTO DO S\u00c1HARA NO CONTINENTE AFRICANO | Rede Acampa - Por la paz y el derecho a refugio","robots":{"index":"index","follow":"follow","max-snippet":"max-snippet:-1","max-image-preview":"max-image-preview:large","max-video-preview":"max-video-preview:-1"},"canonical":"https:\/\/blog.redeacampa.org\/gl\/espolio-a-mostra-de-acampa-na-coruna-documenta-a-esquilmacion-de-recursos-como-o-coltan-o-petroleo-ou-mesmo-a-area-do-deserto-do-sahara-no-continente-africano\/","og_locale":"gl_ES","og_type":"article","og_title":"\u201cESPOLIO\u201d, A MOSTRA DE ACAMPA NA CORU\u00d1A, DOCUMENTA A ESQUILMACI\u00d3N DE RECURSOS COMO O COLT\u00c1N, O PETROLEO OU MESMO A AREA DO DESERTO DO S\u00c1HARA NO CONTINENTE AFRICANO | Rede Acampa - Por la paz y el derecho a refugio","og_description":"En \u00c1frica abondan os exemplos de explotaci\u00f3n masiva de bens naturais por parte de grandes compa\u00f1\u00edas e grupos estranxeiros. Os beneficios multimillonarios que xera ese negocio non reverten na vida das poboaci\u00f3ns locais. Pola contra, contrib\u00faen a acrecentar a s\u00faa pobreza, ademais de alimentar guerras, guerrillas e corrupci\u00f3n pol\u00edtica e civil, o c\u00f3ctel que est\u00e1 [&hellip;]","og_url":"https:\/\/blog.redeacampa.org\/gl\/espolio-a-mostra-de-acampa-na-coruna-documenta-a-esquilmacion-de-recursos-como-o-coltan-o-petroleo-ou-mesmo-a-area-do-deserto-do-sahara-no-continente-africano\/","og_site_name":"Rede Acampa - Por la paz y el derecho a refugio","article_publisher":"https:\/\/www.facebook.com\/acampapolapazeodereitoarefuxio","article_published_time":"2020-12-04T10:39:07+00:00","article_modified_time":"2020-12-04T10:50:11+00:00","og_image":[{"width":2560,"height":1699,"url":"https:\/\/blog.redeacampa.org\/wp-content\/uploads\/IMAGENES-CON-COPYRIGHT8-scaled.jpg","type":"image\/jpeg"}],"author":"Comunicaci\u00f3n","twitter_card":"summary_large_image","twitter_creator":"@Acampa_polapaz","twitter_site":"@Acampa_polapaz","twitter_misc":{"Escrito por":"Comunicaci\u00f3n","Tempo de lectura":"7 minutos"},"schema":{"@context":"https:\/\/schema.org","@graph":[{"@type":"Article","@id":"https:\/\/blog.redeacampa.org\/gl\/espolio-a-mostra-de-acampa-na-coruna-documenta-a-esquilmacion-de-recursos-como-o-coltan-o-petroleo-ou-mesmo-a-area-do-deserto-do-sahara-no-continente-africano\/#article","isPartOf":{"@id":"https:\/\/blog.redeacampa.org\/gl\/espolio-a-mostra-de-acampa-na-coruna-documenta-a-esquilmacion-de-recursos-como-o-coltan-o-petroleo-ou-mesmo-a-area-do-deserto-do-sahara-no-continente-africano\/"},"author":{"name":"Comunicaci\u00f3n","@id":"https:\/\/blog.redeacampa.org\/gl\/#\/schema\/person\/4af0729a8614cbed1e7078bcc7be966b"},"headline":"\u201cESPOLIO\u201d, A MOSTRA DE ACAMPA NA CORU\u00d1A, DOCUMENTA A ESQUILMACI\u00d3N DE RECURSOS COMO O COLT\u00c1N, O PETROLEO OU MESMO A AREA DO DESERTO DO S\u00c1HARA NO CONTINENTE AFRICANO","datePublished":"2020-12-04T10:39:07+00:00","dateModified":"2020-12-04T10:50:11+00:00","mainEntityOfPage":{"@id":"https:\/\/blog.redeacampa.org\/gl\/espolio-a-mostra-de-acampa-na-coruna-documenta-a-esquilmacion-de-recursos-como-o-coltan-o-petroleo-ou-mesmo-a-area-do-deserto-do-sahara-no-continente-africano\/"},"wordCount":1412,"commentCount":0,"image":{"@id":"https:\/\/blog.redeacampa.org\/gl\/espolio-a-mostra-de-acampa-na-coruna-documenta-a-esquilmacion-de-recursos-como-o-coltan-o-petroleo-ou-mesmo-a-area-do-deserto-do-sahara-no-continente-africano\/#primaryimage"},"thumbnailUrl":"https:\/\/blog.redeacampa.org\/wp-content\/uploads\/IMAGENES-CON-COPYRIGHT8-scaled.jpg","keywords":["A Coru\u00f1a","\u00c1frica","Brasil","deforestaci\u00f3n","dereito a refuxio","dereito a refuxio por Espolio","dereito de asilo","Dereitos Humanos","desprazamientos forzosos","Espolio","Fotograf\u00eda","fotos","Migraciones","migraci\u00f3ns","Nixeria","organizaci\u00f3ns humanitarias","refugiados clim\u00e1tico","refuxiadas","refuxiados","Rep\u00fablica Democr\u00e1tica do Congo","S\u00e1hara Occidental"],"articleSection":["Presentacios"],"inLanguage":"gl-ES","potentialAction":[{"@type":"CommentAction","name":"Comment","target":["https:\/\/blog.redeacampa.org\/gl\/espolio-a-mostra-de-acampa-na-coruna-documenta-a-esquilmacion-de-recursos-como-o-coltan-o-petroleo-ou-mesmo-a-area-do-deserto-do-sahara-no-continente-africano\/#respond"]}]},{"@type":"WebPage","@id":"https:\/\/blog.redeacampa.org\/gl\/espolio-a-mostra-de-acampa-na-coruna-documenta-a-esquilmacion-de-recursos-como-o-coltan-o-petroleo-ou-mesmo-a-area-do-deserto-do-sahara-no-continente-africano\/","url":"https:\/\/blog.redeacampa.org\/gl\/espolio-a-mostra-de-acampa-na-coruna-documenta-a-esquilmacion-de-recursos-como-o-coltan-o-petroleo-ou-mesmo-a-area-do-deserto-do-sahara-no-continente-africano\/","name":"\u201cESPOLIO\u201d, A MOSTRA DE ACAMPA NA CORU\u00d1A, DOCUMENTA A ESQUILMACI\u00d3N DE RECURSOS COMO O COLT\u00c1N, O PETROLEO OU MESMO A AREA DO DESERTO DO S\u00c1HARA NO CONTINENTE AFRICANO | Rede Acampa - Por la paz y el derecho a refugio","isPartOf":{"@id":"https:\/\/blog.redeacampa.org\/gl\/#website"},"primaryImageOfPage":{"@id":"https:\/\/blog.redeacampa.org\/gl\/espolio-a-mostra-de-acampa-na-coruna-documenta-a-esquilmacion-de-recursos-como-o-coltan-o-petroleo-ou-mesmo-a-area-do-deserto-do-sahara-no-continente-africano\/#primaryimage"},"image":{"@id":"https:\/\/blog.redeacampa.org\/gl\/espolio-a-mostra-de-acampa-na-coruna-documenta-a-esquilmacion-de-recursos-como-o-coltan-o-petroleo-ou-mesmo-a-area-do-deserto-do-sahara-no-continente-africano\/#primaryimage"},"thumbnailUrl":"https:\/\/blog.redeacampa.org\/wp-content\/uploads\/IMAGENES-CON-COPYRIGHT8-scaled.jpg","datePublished":"2020-12-04T10:39:07+00:00","dateModified":"2020-12-04T10:50:11+00:00","author":{"@id":"https:\/\/blog.redeacampa.org\/gl\/#\/schema\/person\/4af0729a8614cbed1e7078bcc7be966b"},"breadcrumb":{"@id":"https:\/\/blog.redeacampa.org\/gl\/espolio-a-mostra-de-acampa-na-coruna-documenta-a-esquilmacion-de-recursos-como-o-coltan-o-petroleo-ou-mesmo-a-area-do-deserto-do-sahara-no-continente-africano\/#breadcrumb"},"inLanguage":"gl-ES","potentialAction":[{"@type":"ReadAction","target":["https:\/\/blog.redeacampa.org\/gl\/espolio-a-mostra-de-acampa-na-coruna-documenta-a-esquilmacion-de-recursos-como-o-coltan-o-petroleo-ou-mesmo-a-area-do-deserto-do-sahara-no-continente-africano\/"]}]},{"@type":"ImageObject","inLanguage":"gl-ES","@id":"https:\/\/blog.redeacampa.org\/gl\/espolio-a-mostra-de-acampa-na-coruna-documenta-a-esquilmacion-de-recursos-como-o-coltan-o-petroleo-ou-mesmo-a-area-do-deserto-do-sahara-no-continente-africano\/#primaryimage","url":"https:\/\/blog.redeacampa.org\/wp-content\/uploads\/IMAGENES-CON-COPYRIGHT8-scaled.jpg","contentUrl":"https:\/\/blog.redeacampa.org\/wp-content\/uploads\/IMAGENES-CON-COPYRIGHT8-scaled.jpg","width":2560,"height":1699},{"@type":"BreadcrumbList","@id":"https:\/\/blog.redeacampa.org\/gl\/espolio-a-mostra-de-acampa-na-coruna-documenta-a-esquilmacion-de-recursos-como-o-coltan-o-petroleo-ou-mesmo-a-area-do-deserto-do-sahara-no-continente-africano\/#breadcrumb","itemListElement":[{"@type":"ListItem","position":1,"name":"Portada","item":"https:\/\/blog.redeacampa.org\/gl\/"},{"@type":"ListItem","position":2,"name":"\u201cESPOLIO\u201d, A MOSTRA DE ACAMPA NA CORU\u00d1A, DOCUMENTA A ESQUILMACI\u00d3N DE RECURSOS COMO O COLT\u00c1N, O PETROLEO OU MESMO A AREA DO DESERTO DO S\u00c1HARA NO CONTINENTE AFRICANO"}]},{"@type":"WebSite","@id":"https:\/\/blog.redeacampa.org\/gl\/#website","url":"https:\/\/blog.redeacampa.org\/gl\/","name":"Rede Acampa - Por la paz y el derecho a refugio","description":"Una iniciativa ciudadana sin fines de lucro integrada por colectivos sociales, culturales, educativos, veci\u00f1ales, pol\u00edticos, sindicales, art\u00edsticos, de personas solidarias, de instituciones y empresas con responsabilidad social que tienen como objetivo la defensa de los derechos humanos, el Derecho Internacional Humanitario y el Derecho a Refugio","potentialAction":[{"@type":"SearchAction","target":{"@type":"EntryPoint","urlTemplate":"https:\/\/blog.redeacampa.org\/gl\/?s={search_term_string}"},"query-input":{"@type":"PropertyValueSpecification","valueRequired":true,"valueName":"search_term_string"}}],"inLanguage":"gl-ES"},{"@type":"Person","@id":"https:\/\/blog.redeacampa.org\/gl\/#\/schema\/person\/4af0729a8614cbed1e7078bcc7be966b","name":"Comunicaci\u00f3n","image":{"@type":"ImageObject","inLanguage":"gl-ES","@id":"https:\/\/secure.gravatar.com\/avatar\/8e8fea06f5f2696e331aacd588d2000164152c9aa47459d1e52be3c1ab5f5ca5?s=96&d=mm&r=g","url":"https:\/\/secure.gravatar.com\/avatar\/8e8fea06f5f2696e331aacd588d2000164152c9aa47459d1e52be3c1ab5f5ca5?s=96&d=mm&r=g","contentUrl":"https:\/\/secure.gravatar.com\/avatar\/8e8fea06f5f2696e331aacd588d2000164152c9aa47459d1e52be3c1ab5f5ca5?s=96&d=mm&r=g","caption":"Comunicaci\u00f3n"}}]}},"_links":{"self":[{"href":"https:\/\/blog.redeacampa.org\/gl\/wp-json\/wp\/v2\/posts\/37782","targetHints":{"allow":["GET"]}}],"collection":[{"href":"https:\/\/blog.redeacampa.org\/gl\/wp-json\/wp\/v2\/posts"}],"about":[{"href":"https:\/\/blog.redeacampa.org\/gl\/wp-json\/wp\/v2\/types\/post"}],"author":[{"embeddable":true,"href":"https:\/\/blog.redeacampa.org\/gl\/wp-json\/wp\/v2\/users\/25"}],"replies":[{"embeddable":true,"href":"https:\/\/blog.redeacampa.org\/gl\/wp-json\/wp\/v2\/comments?post=37782"}],"version-history":[{"count":0,"href":"https:\/\/blog.redeacampa.org\/gl\/wp-json\/wp\/v2\/posts\/37782\/revisions"}],"wp:featuredmedia":[{"embeddable":true,"href":"https:\/\/blog.redeacampa.org\/gl\/wp-json\/wp\/v2\/media\/37784"}],"wp:attachment":[{"href":"https:\/\/blog.redeacampa.org\/gl\/wp-json\/wp\/v2\/media?parent=37782"}],"wp:term":[{"taxonomy":"category","embeddable":true,"href":"https:\/\/blog.redeacampa.org\/gl\/wp-json\/wp\/v2\/categories?post=37782"},{"taxonomy":"post_tag","embeddable":true,"href":"https:\/\/blog.redeacampa.org\/gl\/wp-json\/wp\/v2\/tags?post=37782"}],"curies":[{"name":"wp","href":"https:\/\/api.w.org\/{rel}","templated":true}]}}