{"id":37792,"date":"2020-12-14T10:30:07","date_gmt":"2020-12-14T09:30:07","guid":{"rendered":"https:\/\/blog.redeacampa.org\/?p=37792"},"modified":"2020-12-14T17:28:34","modified_gmt":"2020-12-14T16:28:34","slug":"acampa-pola-paz-profundara-no-encontro-internacional-do-2021-nese-binomio-inseparable-e-perverso-do-espolio-de-recursos-e-os-desprazamentos-forzados","status":"publish","type":"post","link":"https:\/\/blog.redeacampa.org\/gl\/acampa-pola-paz-profundara-no-encontro-internacional-do-2021-nese-binomio-inseparable-e-perverso-do-espolio-de-recursos-e-os-desprazamentos-forzados\/","title":{"rendered":"ACAMPA POLA PAZ PROFUNDAR\u00c1 NO ENCONTRO INTERNACIONAL DO 2021 NESE BINOMIO INSEPARABLE E PERVERSO DO ESPOLIO DE RECURSOS E OS DESPRAZAMENTOS FORZADOS"},"content":{"rendered":"<ul>\n<li><em>A Rede conf\u00eda en celebrar a V edici\u00f3n ao longo do segundo semestre do pr\u00f3ximo ano xa coa normalidade de todas as anteriores \u00e1 Covid-19<\/em><\/li>\n<li><em>\u201cO saqueo de recursos provoca que mill\u00f3ns de persoas estean obrigadas a sa\u00edr dos seus fogares para sobrevivir. Por iso queremos incidir o ano que v\u00e9n no tema que abordamos xa nesta cuarta edici\u00f3n reducida e totalmente condicionada pola pandemia do coronavirus, e seguir reclamando o dereito a refuxio por espolio\u201d, explican os organizadores<\/em><\/li>\n<\/ul>\n<p><em>Acampa pola Paz e o Dereito a Refuxio<\/em> anuncia que o seu V Encontro Internacional 2021, na cidade da Coru\u00f1a, volver\u00e1 ter como tema central o espolio de recursos e a s\u00faa relaci\u00f3n cos procesos migratorios e os desprazamentos forzosos. A pandemia obrigou aos promotores a adaptar o contido da cuarta edici\u00f3n, celebrada ao longo das \u00faltimas semanas, \u00e1s restrici\u00f3ns sociais e sanitarias da Covid-19. \u201cNon quixemos faltar \u00e1 nosa cita anual, a\u00ednda que fose a modo de adianto do que ser\u00e1 o pr\u00f3ximo Encontro, que esperamos celebrar no segundo semestre do ano que v\u00e9n, con todos os ingredientes das edici\u00f3ns anteriores a que o coronavirus puxese o mundo enteiro e as nosas vidas profesion\u00e1is e particulares do rev\u00e9s\u201d, sinala o coordinador de Acampa, o fotodocumentalista Xos\u00e9 Abad.<\/p>\n<p>Coincidindo coa clausura da exposici\u00f3n <em>Espolio<\/em>, que ocupou durante un mes a fronte dos \u00a0Xard\u00edns de M\u00e9ndez N\u00fa\u00f1ez, no centro da Coru\u00f1a, elemento central desta reducida edici\u00f3n 2020, <em>Acampa<\/em> expresou o seu agradecemento a todas as organizaci\u00f3ns, colectivos e empresas que colaboraron na organizaci\u00f3n, especialmente ao Concello da Coru\u00f1a, \u00e1 Deputaci\u00f3n provincial e \u00e1 Universidade coru\u00f1esa, \u201csen cuxo empurre non ter\u00eda sido posible sacala adiante\u201d. Tam\u00e9n \u00e1 Fundaci\u00f3n Emalcsa e a Desarrolla, sen deixar de estender o agradecemento a todas as cidad\u00e1s e cidad\u00e1ns que se achegaron a ver a mostra e asistiron ao encontro dixital celebrado o pasado d\u00eda 26 de novembro sobre o espolio de recursos en Am\u00e9rica Latina en xeral e de Guatemala en particular, pa\u00eds no que a esquilmaci\u00f3n de bens ten moita \u201cmarca Espa\u00f1a\u201d e tam\u00e9n \u201cmarca Galicia\u201d.<\/p>\n<p><strong>Campo simulado con distintos espazos de Espolio<\/strong><\/p>\n<p>A Rede traballa xa na preparaci\u00f3n do programa que incluir\u00e1 como cada ano, se as circunstancias perm\u00edteno, un campo simulado no centro urbano coru\u00f1\u00e9s para achegarnos a distintos espazos de espolio. Nel, trasladar\u00e9mosnos a unha choza guaran\u00ed dunha reserva ind\u00edxena no Brasil, a un campo de traballadores dunha mina de cobalto en Congo e mesmo a boca dunha mina de litio en Bolivia. Acampa 2021 contar\u00e1 adem\u00e1is coa presenza de activistas, defensoras e defensores da terra e os Dereitos Humanos, expertos nacionais e internacionais no tema tratado e prestixiosos fotoxornalistas que documentan crises humanitarias en todo o mundo. Non faltar\u00e1n tampouco as exposici\u00f3ns fotogr\u00e1ficas de gran formato nin a proxecci\u00f3n de audiovisuais, entre outras propostas.<\/p>\n<p>\u201cO espolio est\u00e1 detr\u00e1s da pobreza, as guerras, as secas e do cambio clim\u00e1tico. Pode ata dicirse que das pandemias como a que estamos a sufrir na actualidade. O saqueo de recursos provoca que mill\u00f3ns de persoas estean obrigadas a sa\u00edr dos seus fogares para sobrevivir e por iso queremos seguir reclamando o reco\u00f1ecemento da figura de Refuxiado por Espolio\u201d, recalca Abad. \u201cProfundaremos o ano que v\u00e9n no tema que abordamos xa nesta cuarta edici\u00f3n reducida e totalmente condicionada polo Covid-19\u201d. Entre todos e, a pesar da pandemia, sinala Xos\u00e9 Abad, \u201cconseguimos que a cidade da Coru\u00f1a fose novamente epicentro de denuncia e debate da situaci\u00f3n das persoas migrantes e refuxiadas. Tam\u00e9n recordatorio da necesidade de cumprimento dos Dereitos Humanos. De todos e cada un, especialmente do dereito a refuxio, a unha acollida digna e a unha vida en paz\u201d. O coordinador de <em>Acampa<\/em> fai unha apelaci\u00f3n \u00e1 necesaria mobilizaci\u00f3n da cidadan\u00eda para provocar o cambio necesario das pol\u00edticas migratorias e de refuxio e facer prevalecer a Declaraci\u00f3n Universal de Dereitos Humanos, cuxa aprobaci\u00f3n cumpriu 72 anos fai poucos d\u00edas.<\/p>\n<p><em>Acampa pola Paz e o Dereito a Refuxio<\/em> \u00e9 unha rede transversal da que forman parte case 70 colectivos sociais, culturais, educativos, veci\u00f1ais, oenegu\u00e9s e organizaci\u00f3ns de defensa dos Dereitos Humanos, partidos pol\u00edticos e agrupaci\u00f3ns sindicais, ademais de instituci\u00f3ns e empresas con responsabilidade social da cidade e do resto do pa\u00eds. Creada no ano 2016, na cidade da Coru\u00f1a, xa ten r\u00e9plicas en Madrid, Brasil e Portugal. Xos\u00e9 Abad fai tam\u00e9n un chamamento \u00e1 unidade de acci\u00f3n transnacional entre todos os movementos e organizaci\u00f3ns que est\u00e1n a traballar no mesmo sentido coa finalidade de \u201ccambiar o paradigma e forzar aos gobernos a que lexislen a favor das persoas\u201d. \u201cHai que crear redes o m\u00e1is globais posibles porque o que temos en fronte \u00e9 unha maquinaria global con todo o poder econ\u00f3mico, pol\u00edtico e medi\u00e1tico\u201d.<\/p>\n","protected":false},"excerpt":{"rendered":"<p>A Rede conf\u00eda en celebrar a V edici\u00f3n ao longo do segundo semestre do pr\u00f3ximo ano xa coa normalidade de todas as anteriores \u00e1 Covid-19 \u201cO saqueo de recursos provoca que mill\u00f3ns de persoas estean obrigadas a sa\u00edr dos seus fogares para sobrevivir. Por iso queremos incidir o ano que v\u00e9n no tema que abordamos [&hellip;]<\/p>\n","protected":false},"author":25,"featured_media":37793,"comment_status":"open","ping_status":"open","sticky":false,"template":"","format":"standard","meta":{"_et_pb_use_builder":"","_et_pb_old_content":"","_et_gb_content_width":"","inline_featured_image":false,"footnotes":""},"categories":[1],"tags":[103,88,112,65,146,50,102,66,87,62,64,145,63],"class_list":["post-37792","post","type-post","status-publish","format-standard","has-post-thumbnail","hentry","category-presentacios","tag-a-coruna","tag-dereito-a-refuxio","tag-dereito-a-refuxio-por-espolio","tag-dereitos-humanos","tag-desprazamentos-forzosos","tag-espolio","tag-galicia","tag-inmigracion-gl","tag-inmigrantes","tag-migracions","tag-refuxiadas","tag-refuxiado-climatico","tag-refuxiados"],"yoast_head":"<!-- This site is optimized with the Yoast SEO plugin v27.4 - https:\/\/yoast.com\/product\/yoast-seo-wordpress\/ -->\n<title>ACAMPA POLA PAZ PROFUNDAR\u00c1 NO ENCONTRO INTERNACIONAL DO 2021 NESE BINOMIO INSEPARABLE E PERVERSO DO ESPOLIO DE RECURSOS E OS DESPRAZAMENTOS FORZADOS | Rede Acampa - Por la paz y el derecho a refugio<\/title>\n<meta name=\"robots\" content=\"index, follow, max-snippet:-1, max-image-preview:large, max-video-preview:-1\" \/>\n<link rel=\"canonical\" href=\"https:\/\/blog.redeacampa.org\/gl\/acampa-pola-paz-profundara-no-encontro-internacional-do-2021-nese-binomio-inseparable-e-perverso-do-espolio-de-recursos-e-os-desprazamentos-forzados\/\" \/>\n<meta property=\"og:locale\" content=\"gl_ES\" \/>\n<meta property=\"og:type\" content=\"article\" \/>\n<meta property=\"og:title\" content=\"ACAMPA POLA PAZ PROFUNDAR\u00c1 NO ENCONTRO INTERNACIONAL DO 2021 NESE BINOMIO INSEPARABLE E PERVERSO DO ESPOLIO DE RECURSOS E OS DESPRAZAMENTOS FORZADOS | Rede Acampa - Por la paz y el derecho a refugio\" \/>\n<meta property=\"og:description\" content=\"A Rede conf\u00eda en celebrar a V edici\u00f3n ao longo do segundo semestre do pr\u00f3ximo ano xa coa normalidade de todas as anteriores \u00e1 Covid-19 \u201cO saqueo de recursos provoca que mill\u00f3ns de persoas estean obrigadas a sa\u00edr dos seus fogares para sobrevivir. Por iso queremos incidir o ano que v\u00e9n no tema que abordamos [&hellip;]\" \/>\n<meta property=\"og:url\" content=\"https:\/\/blog.redeacampa.org\/gl\/acampa-pola-paz-profundara-no-encontro-internacional-do-2021-nese-binomio-inseparable-e-perverso-do-espolio-de-recursos-e-os-desprazamentos-forzados\/\" \/>\n<meta property=\"og:site_name\" content=\"Rede Acampa - Por la paz y el derecho a refugio\" \/>\n<meta property=\"article:publisher\" content=\"https:\/\/www.facebook.com\/acampapolapazeodereitoarefuxio\" \/>\n<meta property=\"article:published_time\" content=\"2020-12-14T09:30:07+00:00\" \/>\n<meta property=\"article:modified_time\" content=\"2020-12-14T16:28:34+00:00\" \/>\n<meta property=\"og:image\" content=\"https:\/\/blog.redeacampa.org\/wp-content\/uploads\/Campo-simulado-2021.jpg\" \/>\n\t<meta property=\"og:image:width\" content=\"1600\" \/>\n\t<meta property=\"og:image:height\" content=\"725\" \/>\n\t<meta property=\"og:image:type\" content=\"image\/jpeg\" \/>\n<meta name=\"author\" content=\"Comunicaci\u00f3n\" \/>\n<meta name=\"twitter:card\" content=\"summary_large_image\" \/>\n<meta name=\"twitter:creator\" content=\"@Acampa_polapaz\" \/>\n<meta name=\"twitter:site\" content=\"@Acampa_polapaz\" \/>\n<meta name=\"twitter:label1\" content=\"Escrito por\" \/>\n\t<meta name=\"twitter:data1\" content=\"Comunicaci\u00f3n\" \/>\n\t<meta name=\"twitter:label2\" content=\"Tempo de lectura\" \/>\n\t<meta name=\"twitter:data2\" content=\"4 minutos\" \/>\n<script type=\"application\/ld+json\" class=\"yoast-schema-graph\">{\"@context\":\"https:\\\/\\\/schema.org\",\"@graph\":[{\"@type\":\"Article\",\"@id\":\"https:\\\/\\\/blog.redeacampa.org\\\/gl\\\/acampa-pola-paz-profundara-no-encontro-internacional-do-2021-nese-binomio-inseparable-e-perverso-do-espolio-de-recursos-e-os-desprazamentos-forzados\\\/#article\",\"isPartOf\":{\"@id\":\"https:\\\/\\\/blog.redeacampa.org\\\/gl\\\/acampa-pola-paz-profundara-no-encontro-internacional-do-2021-nese-binomio-inseparable-e-perverso-do-espolio-de-recursos-e-os-desprazamentos-forzados\\\/\"},\"author\":{\"name\":\"Comunicaci\u00f3n\",\"@id\":\"https:\\\/\\\/blog.redeacampa.org\\\/gl\\\/#\\\/schema\\\/person\\\/4af0729a8614cbed1e7078bcc7be966b\"},\"headline\":\"ACAMPA POLA PAZ PROFUNDAR\u00c1 NO ENCONTRO INTERNACIONAL DO 2021 NESE BINOMIO INSEPARABLE E PERVERSO DO ESPOLIO DE RECURSOS E OS DESPRAZAMENTOS FORZADOS\",\"datePublished\":\"2020-12-14T09:30:07+00:00\",\"dateModified\":\"2020-12-14T16:28:34+00:00\",\"mainEntityOfPage\":{\"@id\":\"https:\\\/\\\/blog.redeacampa.org\\\/gl\\\/acampa-pola-paz-profundara-no-encontro-internacional-do-2021-nese-binomio-inseparable-e-perverso-do-espolio-de-recursos-e-os-desprazamentos-forzados\\\/\"},\"wordCount\":865,\"commentCount\":0,\"image\":{\"@id\":\"https:\\\/\\\/blog.redeacampa.org\\\/gl\\\/acampa-pola-paz-profundara-no-encontro-internacional-do-2021-nese-binomio-inseparable-e-perverso-do-espolio-de-recursos-e-os-desprazamentos-forzados\\\/#primaryimage\"},\"thumbnailUrl\":\"https:\\\/\\\/blog.redeacampa.org\\\/wp-content\\\/uploads\\\/Campo-simulado-2021.jpg\",\"keywords\":[\"A Coru\u00f1a\",\"dereito a refuxio\",\"dereito a refuxio por Espolio\",\"Dereitos Humanos\",\"desprazamentos forzosos\",\"Espolio\",\"Galicia\",\"inmigraci\u00f3n\",\"inmigrantes\",\"migraci\u00f3ns\",\"refuxiadas\",\"refuxiado clim\u00e1tico\",\"refuxiados\"],\"articleSection\":[\"Presentacios\"],\"inLanguage\":\"gl-ES\",\"potentialAction\":[{\"@type\":\"CommentAction\",\"name\":\"Comment\",\"target\":[\"https:\\\/\\\/blog.redeacampa.org\\\/gl\\\/acampa-pola-paz-profundara-no-encontro-internacional-do-2021-nese-binomio-inseparable-e-perverso-do-espolio-de-recursos-e-os-desprazamentos-forzados\\\/#respond\"]}]},{\"@type\":\"WebPage\",\"@id\":\"https:\\\/\\\/blog.redeacampa.org\\\/gl\\\/acampa-pola-paz-profundara-no-encontro-internacional-do-2021-nese-binomio-inseparable-e-perverso-do-espolio-de-recursos-e-os-desprazamentos-forzados\\\/\",\"url\":\"https:\\\/\\\/blog.redeacampa.org\\\/gl\\\/acampa-pola-paz-profundara-no-encontro-internacional-do-2021-nese-binomio-inseparable-e-perverso-do-espolio-de-recursos-e-os-desprazamentos-forzados\\\/\",\"name\":\"ACAMPA POLA PAZ PROFUNDAR\u00c1 NO ENCONTRO INTERNACIONAL DO 2021 NESE BINOMIO INSEPARABLE E PERVERSO DO ESPOLIO DE RECURSOS E OS DESPRAZAMENTOS FORZADOS | Rede Acampa - Por la paz y el derecho a refugio\",\"isPartOf\":{\"@id\":\"https:\\\/\\\/blog.redeacampa.org\\\/gl\\\/#website\"},\"primaryImageOfPage\":{\"@id\":\"https:\\\/\\\/blog.redeacampa.org\\\/gl\\\/acampa-pola-paz-profundara-no-encontro-internacional-do-2021-nese-binomio-inseparable-e-perverso-do-espolio-de-recursos-e-os-desprazamentos-forzados\\\/#primaryimage\"},\"image\":{\"@id\":\"https:\\\/\\\/blog.redeacampa.org\\\/gl\\\/acampa-pola-paz-profundara-no-encontro-internacional-do-2021-nese-binomio-inseparable-e-perverso-do-espolio-de-recursos-e-os-desprazamentos-forzados\\\/#primaryimage\"},\"thumbnailUrl\":\"https:\\\/\\\/blog.redeacampa.org\\\/wp-content\\\/uploads\\\/Campo-simulado-2021.jpg\",\"datePublished\":\"2020-12-14T09:30:07+00:00\",\"dateModified\":\"2020-12-14T16:28:34+00:00\",\"author\":{\"@id\":\"https:\\\/\\\/blog.redeacampa.org\\\/gl\\\/#\\\/schema\\\/person\\\/4af0729a8614cbed1e7078bcc7be966b\"},\"breadcrumb\":{\"@id\":\"https:\\\/\\\/blog.redeacampa.org\\\/gl\\\/acampa-pola-paz-profundara-no-encontro-internacional-do-2021-nese-binomio-inseparable-e-perverso-do-espolio-de-recursos-e-os-desprazamentos-forzados\\\/#breadcrumb\"},\"inLanguage\":\"gl-ES\",\"potentialAction\":[{\"@type\":\"ReadAction\",\"target\":[\"https:\\\/\\\/blog.redeacampa.org\\\/gl\\\/acampa-pola-paz-profundara-no-encontro-internacional-do-2021-nese-binomio-inseparable-e-perverso-do-espolio-de-recursos-e-os-desprazamentos-forzados\\\/\"]}]},{\"@type\":\"ImageObject\",\"inLanguage\":\"gl-ES\",\"@id\":\"https:\\\/\\\/blog.redeacampa.org\\\/gl\\\/acampa-pola-paz-profundara-no-encontro-internacional-do-2021-nese-binomio-inseparable-e-perverso-do-espolio-de-recursos-e-os-desprazamentos-forzados\\\/#primaryimage\",\"url\":\"https:\\\/\\\/blog.redeacampa.org\\\/wp-content\\\/uploads\\\/Campo-simulado-2021.jpg\",\"contentUrl\":\"https:\\\/\\\/blog.redeacampa.org\\\/wp-content\\\/uploads\\\/Campo-simulado-2021.jpg\",\"width\":1600,\"height\":725},{\"@type\":\"BreadcrumbList\",\"@id\":\"https:\\\/\\\/blog.redeacampa.org\\\/gl\\\/acampa-pola-paz-profundara-no-encontro-internacional-do-2021-nese-binomio-inseparable-e-perverso-do-espolio-de-recursos-e-os-desprazamentos-forzados\\\/#breadcrumb\",\"itemListElement\":[{\"@type\":\"ListItem\",\"position\":1,\"name\":\"Portada\",\"item\":\"https:\\\/\\\/blog.redeacampa.org\\\/gl\\\/\"},{\"@type\":\"ListItem\",\"position\":2,\"name\":\"ACAMPA POLA PAZ PROFUNDAR\u00c1 NO ENCONTRO INTERNACIONAL DO 2021 NESE BINOMIO INSEPARABLE E PERVERSO DO ESPOLIO DE RECURSOS E OS DESPRAZAMENTOS FORZADOS\"}]},{\"@type\":\"WebSite\",\"@id\":\"https:\\\/\\\/blog.redeacampa.org\\\/gl\\\/#website\",\"url\":\"https:\\\/\\\/blog.redeacampa.org\\\/gl\\\/\",\"name\":\"Rede Acampa - Por la paz y el derecho a refugio\",\"description\":\"Una iniciativa ciudadana sin fines de lucro integrada por colectivos sociales, culturales, educativos, veci\u00f1ales, pol\u00edticos, sindicales, art\u00edsticos, de personas solidarias, de instituciones y empresas con responsabilidad social que tienen como objetivo la defensa de los derechos humanos, el Derecho Internacional Humanitario y el Derecho a Refugio\",\"potentialAction\":[{\"@type\":\"SearchAction\",\"target\":{\"@type\":\"EntryPoint\",\"urlTemplate\":\"https:\\\/\\\/blog.redeacampa.org\\\/gl\\\/?s={search_term_string}\"},\"query-input\":{\"@type\":\"PropertyValueSpecification\",\"valueRequired\":true,\"valueName\":\"search_term_string\"}}],\"inLanguage\":\"gl-ES\"},{\"@type\":\"Person\",\"@id\":\"https:\\\/\\\/blog.redeacampa.org\\\/gl\\\/#\\\/schema\\\/person\\\/4af0729a8614cbed1e7078bcc7be966b\",\"name\":\"Comunicaci\u00f3n\",\"image\":{\"@type\":\"ImageObject\",\"inLanguage\":\"gl-ES\",\"@id\":\"https:\\\/\\\/secure.gravatar.com\\\/avatar\\\/8e8fea06f5f2696e331aacd588d2000164152c9aa47459d1e52be3c1ab5f5ca5?s=96&d=mm&r=g\",\"url\":\"https:\\\/\\\/secure.gravatar.com\\\/avatar\\\/8e8fea06f5f2696e331aacd588d2000164152c9aa47459d1e52be3c1ab5f5ca5?s=96&d=mm&r=g\",\"contentUrl\":\"https:\\\/\\\/secure.gravatar.com\\\/avatar\\\/8e8fea06f5f2696e331aacd588d2000164152c9aa47459d1e52be3c1ab5f5ca5?s=96&d=mm&r=g\",\"caption\":\"Comunicaci\u00f3n\"}}]}<\/script>\n<!-- \/ Yoast SEO plugin. -->","yoast_head_json":{"title":"ACAMPA POLA PAZ PROFUNDAR\u00c1 NO ENCONTRO INTERNACIONAL DO 2021 NESE BINOMIO INSEPARABLE E PERVERSO DO ESPOLIO DE RECURSOS E OS DESPRAZAMENTOS FORZADOS | Rede Acampa - Por la paz y el derecho a refugio","robots":{"index":"index","follow":"follow","max-snippet":"max-snippet:-1","max-image-preview":"max-image-preview:large","max-video-preview":"max-video-preview:-1"},"canonical":"https:\/\/blog.redeacampa.org\/gl\/acampa-pola-paz-profundara-no-encontro-internacional-do-2021-nese-binomio-inseparable-e-perverso-do-espolio-de-recursos-e-os-desprazamentos-forzados\/","og_locale":"gl_ES","og_type":"article","og_title":"ACAMPA POLA PAZ PROFUNDAR\u00c1 NO ENCONTRO INTERNACIONAL DO 2021 NESE BINOMIO INSEPARABLE E PERVERSO DO ESPOLIO DE RECURSOS E OS DESPRAZAMENTOS FORZADOS | Rede Acampa - Por la paz y el derecho a refugio","og_description":"A Rede conf\u00eda en celebrar a V edici\u00f3n ao longo do segundo semestre do pr\u00f3ximo ano xa coa normalidade de todas as anteriores \u00e1 Covid-19 \u201cO saqueo de recursos provoca que mill\u00f3ns de persoas estean obrigadas a sa\u00edr dos seus fogares para sobrevivir. Por iso queremos incidir o ano que v\u00e9n no tema que abordamos [&hellip;]","og_url":"https:\/\/blog.redeacampa.org\/gl\/acampa-pola-paz-profundara-no-encontro-internacional-do-2021-nese-binomio-inseparable-e-perverso-do-espolio-de-recursos-e-os-desprazamentos-forzados\/","og_site_name":"Rede Acampa - Por la paz y el derecho a refugio","article_publisher":"https:\/\/www.facebook.com\/acampapolapazeodereitoarefuxio","article_published_time":"2020-12-14T09:30:07+00:00","article_modified_time":"2020-12-14T16:28:34+00:00","og_image":[{"width":1600,"height":725,"url":"https:\/\/blog.redeacampa.org\/wp-content\/uploads\/Campo-simulado-2021.jpg","type":"image\/jpeg"}],"author":"Comunicaci\u00f3n","twitter_card":"summary_large_image","twitter_creator":"@Acampa_polapaz","twitter_site":"@Acampa_polapaz","twitter_misc":{"Escrito por":"Comunicaci\u00f3n","Tempo de lectura":"4 minutos"},"schema":{"@context":"https:\/\/schema.org","@graph":[{"@type":"Article","@id":"https:\/\/blog.redeacampa.org\/gl\/acampa-pola-paz-profundara-no-encontro-internacional-do-2021-nese-binomio-inseparable-e-perverso-do-espolio-de-recursos-e-os-desprazamentos-forzados\/#article","isPartOf":{"@id":"https:\/\/blog.redeacampa.org\/gl\/acampa-pola-paz-profundara-no-encontro-internacional-do-2021-nese-binomio-inseparable-e-perverso-do-espolio-de-recursos-e-os-desprazamentos-forzados\/"},"author":{"name":"Comunicaci\u00f3n","@id":"https:\/\/blog.redeacampa.org\/gl\/#\/schema\/person\/4af0729a8614cbed1e7078bcc7be966b"},"headline":"ACAMPA POLA PAZ PROFUNDAR\u00c1 NO ENCONTRO INTERNACIONAL DO 2021 NESE BINOMIO INSEPARABLE E PERVERSO DO ESPOLIO DE RECURSOS E OS DESPRAZAMENTOS FORZADOS","datePublished":"2020-12-14T09:30:07+00:00","dateModified":"2020-12-14T16:28:34+00:00","mainEntityOfPage":{"@id":"https:\/\/blog.redeacampa.org\/gl\/acampa-pola-paz-profundara-no-encontro-internacional-do-2021-nese-binomio-inseparable-e-perverso-do-espolio-de-recursos-e-os-desprazamentos-forzados\/"},"wordCount":865,"commentCount":0,"image":{"@id":"https:\/\/blog.redeacampa.org\/gl\/acampa-pola-paz-profundara-no-encontro-internacional-do-2021-nese-binomio-inseparable-e-perverso-do-espolio-de-recursos-e-os-desprazamentos-forzados\/#primaryimage"},"thumbnailUrl":"https:\/\/blog.redeacampa.org\/wp-content\/uploads\/Campo-simulado-2021.jpg","keywords":["A Coru\u00f1a","dereito a refuxio","dereito a refuxio por Espolio","Dereitos Humanos","desprazamentos forzosos","Espolio","Galicia","inmigraci\u00f3n","inmigrantes","migraci\u00f3ns","refuxiadas","refuxiado clim\u00e1tico","refuxiados"],"articleSection":["Presentacios"],"inLanguage":"gl-ES","potentialAction":[{"@type":"CommentAction","name":"Comment","target":["https:\/\/blog.redeacampa.org\/gl\/acampa-pola-paz-profundara-no-encontro-internacional-do-2021-nese-binomio-inseparable-e-perverso-do-espolio-de-recursos-e-os-desprazamentos-forzados\/#respond"]}]},{"@type":"WebPage","@id":"https:\/\/blog.redeacampa.org\/gl\/acampa-pola-paz-profundara-no-encontro-internacional-do-2021-nese-binomio-inseparable-e-perverso-do-espolio-de-recursos-e-os-desprazamentos-forzados\/","url":"https:\/\/blog.redeacampa.org\/gl\/acampa-pola-paz-profundara-no-encontro-internacional-do-2021-nese-binomio-inseparable-e-perverso-do-espolio-de-recursos-e-os-desprazamentos-forzados\/","name":"ACAMPA POLA PAZ PROFUNDAR\u00c1 NO ENCONTRO INTERNACIONAL DO 2021 NESE BINOMIO INSEPARABLE E PERVERSO DO ESPOLIO DE RECURSOS E OS DESPRAZAMENTOS FORZADOS | Rede Acampa - Por la paz y el derecho a refugio","isPartOf":{"@id":"https:\/\/blog.redeacampa.org\/gl\/#website"},"primaryImageOfPage":{"@id":"https:\/\/blog.redeacampa.org\/gl\/acampa-pola-paz-profundara-no-encontro-internacional-do-2021-nese-binomio-inseparable-e-perverso-do-espolio-de-recursos-e-os-desprazamentos-forzados\/#primaryimage"},"image":{"@id":"https:\/\/blog.redeacampa.org\/gl\/acampa-pola-paz-profundara-no-encontro-internacional-do-2021-nese-binomio-inseparable-e-perverso-do-espolio-de-recursos-e-os-desprazamentos-forzados\/#primaryimage"},"thumbnailUrl":"https:\/\/blog.redeacampa.org\/wp-content\/uploads\/Campo-simulado-2021.jpg","datePublished":"2020-12-14T09:30:07+00:00","dateModified":"2020-12-14T16:28:34+00:00","author":{"@id":"https:\/\/blog.redeacampa.org\/gl\/#\/schema\/person\/4af0729a8614cbed1e7078bcc7be966b"},"breadcrumb":{"@id":"https:\/\/blog.redeacampa.org\/gl\/acampa-pola-paz-profundara-no-encontro-internacional-do-2021-nese-binomio-inseparable-e-perverso-do-espolio-de-recursos-e-os-desprazamentos-forzados\/#breadcrumb"},"inLanguage":"gl-ES","potentialAction":[{"@type":"ReadAction","target":["https:\/\/blog.redeacampa.org\/gl\/acampa-pola-paz-profundara-no-encontro-internacional-do-2021-nese-binomio-inseparable-e-perverso-do-espolio-de-recursos-e-os-desprazamentos-forzados\/"]}]},{"@type":"ImageObject","inLanguage":"gl-ES","@id":"https:\/\/blog.redeacampa.org\/gl\/acampa-pola-paz-profundara-no-encontro-internacional-do-2021-nese-binomio-inseparable-e-perverso-do-espolio-de-recursos-e-os-desprazamentos-forzados\/#primaryimage","url":"https:\/\/blog.redeacampa.org\/wp-content\/uploads\/Campo-simulado-2021.jpg","contentUrl":"https:\/\/blog.redeacampa.org\/wp-content\/uploads\/Campo-simulado-2021.jpg","width":1600,"height":725},{"@type":"BreadcrumbList","@id":"https:\/\/blog.redeacampa.org\/gl\/acampa-pola-paz-profundara-no-encontro-internacional-do-2021-nese-binomio-inseparable-e-perverso-do-espolio-de-recursos-e-os-desprazamentos-forzados\/#breadcrumb","itemListElement":[{"@type":"ListItem","position":1,"name":"Portada","item":"https:\/\/blog.redeacampa.org\/gl\/"},{"@type":"ListItem","position":2,"name":"ACAMPA POLA PAZ PROFUNDAR\u00c1 NO ENCONTRO INTERNACIONAL DO 2021 NESE BINOMIO INSEPARABLE E PERVERSO DO ESPOLIO DE RECURSOS E OS DESPRAZAMENTOS FORZADOS"}]},{"@type":"WebSite","@id":"https:\/\/blog.redeacampa.org\/gl\/#website","url":"https:\/\/blog.redeacampa.org\/gl\/","name":"Rede Acampa - Por la paz y el derecho a refugio","description":"Una iniciativa ciudadana sin fines de lucro integrada por colectivos sociales, culturales, educativos, veci\u00f1ales, pol\u00edticos, sindicales, art\u00edsticos, de personas solidarias, de instituciones y empresas con responsabilidad social que tienen como objetivo la defensa de los derechos humanos, el Derecho Internacional Humanitario y el Derecho a Refugio","potentialAction":[{"@type":"SearchAction","target":{"@type":"EntryPoint","urlTemplate":"https:\/\/blog.redeacampa.org\/gl\/?s={search_term_string}"},"query-input":{"@type":"PropertyValueSpecification","valueRequired":true,"valueName":"search_term_string"}}],"inLanguage":"gl-ES"},{"@type":"Person","@id":"https:\/\/blog.redeacampa.org\/gl\/#\/schema\/person\/4af0729a8614cbed1e7078bcc7be966b","name":"Comunicaci\u00f3n","image":{"@type":"ImageObject","inLanguage":"gl-ES","@id":"https:\/\/secure.gravatar.com\/avatar\/8e8fea06f5f2696e331aacd588d2000164152c9aa47459d1e52be3c1ab5f5ca5?s=96&d=mm&r=g","url":"https:\/\/secure.gravatar.com\/avatar\/8e8fea06f5f2696e331aacd588d2000164152c9aa47459d1e52be3c1ab5f5ca5?s=96&d=mm&r=g","contentUrl":"https:\/\/secure.gravatar.com\/avatar\/8e8fea06f5f2696e331aacd588d2000164152c9aa47459d1e52be3c1ab5f5ca5?s=96&d=mm&r=g","caption":"Comunicaci\u00f3n"}}]}},"_links":{"self":[{"href":"https:\/\/blog.redeacampa.org\/gl\/wp-json\/wp\/v2\/posts\/37792","targetHints":{"allow":["GET"]}}],"collection":[{"href":"https:\/\/blog.redeacampa.org\/gl\/wp-json\/wp\/v2\/posts"}],"about":[{"href":"https:\/\/blog.redeacampa.org\/gl\/wp-json\/wp\/v2\/types\/post"}],"author":[{"embeddable":true,"href":"https:\/\/blog.redeacampa.org\/gl\/wp-json\/wp\/v2\/users\/25"}],"replies":[{"embeddable":true,"href":"https:\/\/blog.redeacampa.org\/gl\/wp-json\/wp\/v2\/comments?post=37792"}],"version-history":[{"count":0,"href":"https:\/\/blog.redeacampa.org\/gl\/wp-json\/wp\/v2\/posts\/37792\/revisions"}],"wp:featuredmedia":[{"embeddable":true,"href":"https:\/\/blog.redeacampa.org\/gl\/wp-json\/wp\/v2\/media\/37793"}],"wp:attachment":[{"href":"https:\/\/blog.redeacampa.org\/gl\/wp-json\/wp\/v2\/media?parent=37792"}],"wp:term":[{"taxonomy":"category","embeddable":true,"href":"https:\/\/blog.redeacampa.org\/gl\/wp-json\/wp\/v2\/categories?post=37792"},{"taxonomy":"post_tag","embeddable":true,"href":"https:\/\/blog.redeacampa.org\/gl\/wp-json\/wp\/v2\/tags?post=37792"}],"curies":[{"name":"wp","href":"https:\/\/api.w.org\/{rel}","templated":true}]}}