{"id":37809,"date":"2021-01-27T11:35:09","date_gmt":"2021-01-27T10:35:09","guid":{"rendered":"https:\/\/blog.redeacampa.org\/?p=37809"},"modified":"2021-01-27T11:35:09","modified_gmt":"2021-01-27T10:35:09","slug":"a-exposicion-espolio-e-dereito-a-refuxio-da-iv-edicion-do-encontro-internacional-de-acampa-na-coruna-proxectase-no-foro-social-mundial","status":"publish","type":"post","link":"https:\/\/blog.redeacampa.org\/gl\/a-exposicion-espolio-e-dereito-a-refuxio-da-iv-edicion-do-encontro-internacional-de-acampa-na-coruna-proxectase-no-foro-social-mundial\/","title":{"rendered":"A EXPOSICI\u00d3N \u201cESPOLIO E DEREITO A REFUXIO\u201d DA IV EDICI\u00d3N DO ENCONTRO INTERNACIONAL DE ACAMPA NA CORU\u00d1A PROX\u00c9CTASE NO FORO SOCIAL MUNDIAL"},"content":{"rendered":"<ul>\n<li><em>O FSM, que se celebra estes d\u00edas en M\u00e9xico de forma virtual por mor da pandemia do coronavirus, \u00e9 un movemento global non gobernamental, xurdido hai 20 anos en contraposici\u00f3n ao Foro Econ\u00f3mico de Davos, para po\u00f1er a \u00e9nfase nos asuntos de \u00edndole social e humano fronte aos exclusivamente econ\u00f3micos<\/em><\/li>\n<li><em>A Rede Internacional Acampa pola\u00a0 Paz e o Dereito a Refuxio tam\u00e9n presenta no FSM o v\u00eddeo \u201cTerritorio espoliado. Pobos Ind\u00edxenas no Brasil\u201d que retrata, a trav\u00e9s de fotograf\u00edas e testemu\u00f1os sonoros, as consecuencias do agronegocio para as comunidades ind\u00edxenas dos estados de Mato Grosso do Sul e Ba\u00eda<\/em><\/li>\n<\/ul>\n<p>A mostra ESPOLIO, elemento central do Encontro Internacional 2020 de Acampa pola Paz e o Dereito a Refuxio, na Coru\u00f1a, ser\u00e1 proxectada, na s\u00faa versi\u00f3n dixital, no <strong>FORO SOCIAL MUNDIAL<\/strong> (FSM) 2021, que se desenvolve desde o pasado s\u00e1bado, d\u00eda 23 de xaneiro e ata o domingo 31, en <strong>M\u00e9xico,<\/strong> de forma virtual debido \u00e1s restrici\u00f3ns derivadas da Covid-19. O Foro ser\u00e1 tam\u00e9n escenario da estrea do audiovisual <em>Territorio Espoliado. Pobos ind\u00edxenas no Brasil<\/em>, elaborado pola rede Acampa dese pa\u00eds, que documenta, a trav\u00e9s de imaxes e testemu\u00f1os sonoros, as consecuencias do agronegocio para as comunidades ind\u00edxenas brasileiras. O FSM xurdiu hai agora 20 anos como contrapeso ao Foro Econ\u00f3mico de Davos coa finalidade de opo\u00f1er ao protagonismo do capital, a abordaxe das cuesti\u00f3ns sociais, ambientais e humanitarias.<\/p>\n<p>A primeira das proxecci\u00f3ns ter\u00e1 lugar ma\u00f1\u00e1 xoves 28, \u00e1s 16.15 horas de Brasil e 20.15 de Espa\u00f1a, e ser\u00e1 presentada pola coordinadora Da Rede Internacional Acampa en Brasil, C\u00e9lia Regina Rossi. Todos os participantes no Foro poder\u00e1n visualizar a exposici\u00f3n fotogr\u00e1fica <em>Espolio e Dereito a Refuxio<\/em>, unha xanela a distintos escenarios do planeta onde o saqueo de recursos naturais por parte de compa\u00f1\u00edas estranxeiras e case sempre co apoio de pequenas elites do propio pa\u00eds, xera sufrimento humano e danos ambientais irreparables. Ademais das consecuencias para o medio ambiente e a perda de biodiversidade, estas pr\u00e1cticas capitalistas afectan a centenares de comunidades locais que \u00a0se ven condenadas \u00e1 pobreza extrema e ao desprazamento forzoso pola desaparici\u00f3n dos seus territorios e os seus recursos vitais. Tr\u00e1tase da versi\u00f3n virtual da mostra exposta na cidade da Coru\u00f1a entre os meses de novembro e decembro. Imaxes de gran formato, asinadas por destacados fotoxornalistas nacionais e internacionais, que reflicten o espolio e as s\u00faas consecuencias en lugares como Nixeria, a Rep\u00fablica Democr\u00e1tica do Congo, Colombia, Brasil, Arxentina ou o S\u00e1hara Occidental.<\/p>\n<p><strong>Territorio espoliado<\/strong><\/p>\n<p>O venres 29, \u00e1s 16 hora de Brasil e as 20 hora espa\u00f1ola, ser\u00e1 a quenda da proxecci\u00f3n do audiovisual <em>Territorio expoliado. Pobos ind\u00edxenas no Brasil<\/em> que achegar\u00e1 aos participantes do FSM \u00e1 situaci\u00f3n social e humana das comunidades ind\u00edxenas dos estado brasileiros de Mato Grosso do Sul e Ba\u00eda, cuxos territorios ancestrais foron practicamente devastados polo agronegocio. O contido ser\u00e1 presentado pola fot\u00f3grafa brasileira Clara Belchior e por Celia Regina Rossi, e discorrer\u00e1 polas imaxes da propia Clara Belchior, da fot\u00f3grafa italiana Chiara Tedeschi e do fotodocumentalista e coordinador de Acampa Galicia, Xos\u00e9 Abad.<\/p>\n<p>O cultivo a gran escala de produtos como a soia ou a cana de azucre e a gandeir\u00eda intensiva por parte duns poucos grandes terratenientes expulsou das s\u00faas terras \u00e1 maior\u00eda das poboaci\u00f3ns orixinarias desta \u00e1rea do pa\u00eds. Estas vense obrigadas a vivir en pequenas e acoutadas reservas sen recursos nin acceso \u00e1 m\u00ednima cantidade de terra para subsistir. O achegamento \u00e1 cr\u00faa realidade destas comunidades ser\u00e1 a trav\u00e9s dos testemu\u00f1os en primeira persoa de membros das comunidades afectadas e de imaxes fotogr\u00e1ficas. O audiovisual reflicte, entre outros aspectos, as denominadas \u201cretomadas\u201d, intentos das familias ind\u00edxenas de recuperar pequenos anacos das s\u00faas terras, top\u00e1ndose sempre no intento, nun pulso desigual, coa represi\u00f3n normalmente violenta dos membros armados dos servizos de seguridade dos donos das plantaci\u00f3ns.<\/p>\n<p><strong>Foro Social Mundial<\/strong><\/p>\n<p>O Foro Social Mundial \u00e9 un encontro para o intercambio de ideas, propostas e experiencias entre entidades e movementos da sociedade civil opostos aos ditados do neoliberalismo e ao dominio do capital, que apostan por \u201cunha globalizaci\u00f3n diferente\u201d. Este Foro, que acu\u00f1ou a emblem\u00e1tica frase \u201coutro mundo \u00e9 posible\u201d, naceu en 2001, na cidade brasileira de Porto Alegre, da man de organizaci\u00f3ns e movementos sociais e en contraposici\u00f3n ao Foro Econ\u00f3mico Mundial, que se celebra desde 1971, na cidade su\u00edza de Davos. As primeiras edici\u00f3ns anuais desenvolv\u00e9ronse na mesma cidade, pero desde o ano 2005, estas e outros eventos tem\u00e1ticos do movemento rotan por pa\u00edses de todo o mundo, entre eles Espa\u00f1a, que foi sede nos anos 2006 e 2008. O encontro 2021 que se desenvolve esta semana en M\u00e9xico est\u00e1 marcado polo dif\u00edcil contexto internacional actual no que a pandemia do coronavirus veu a complicar m\u00e1is o escenario de crise econ\u00f3mica, clim\u00e1tica e democr\u00e1tica que xa viv\u00eda o planeta.<\/p>\n","protected":false},"excerpt":{"rendered":"<p>O FSM, que se celebra estes d\u00edas en M\u00e9xico de forma virtual por mor da pandemia do coronavirus, \u00e9 un movemento global non gobernamental, xurdido hai 20 anos en contraposici\u00f3n ao Foro Econ\u00f3mico de Davos, para po\u00f1er a \u00e9nfase nos asuntos de \u00edndole social e humano fronte aos exclusivamente econ\u00f3micos A Rede Internacional Acampa pola\u00a0 [&hellip;]<\/p>\n","protected":false},"author":25,"featured_media":37816,"comment_status":"open","ping_status":"open","sticky":false,"template":"","format":"standard","meta":{"_et_pb_use_builder":"","_et_pb_old_content":"","_et_gb_content_width":"","inline_featured_image":false,"footnotes":""},"categories":[1],"tags":[103,54,47,148,149,48,53,88,112,65,98,50,157,121,102,147,156,49,64,63,131,26],"class_list":["post-37809","post","type-post","status-publish","format-standard","has-post-thumbnail","hentry","category-presentacios","tag-a-coruna","tag-agronegocio","tag-amazonia","tag-bahia","tag-baia","tag-brasil","tag-deforestacion","tag-dereito-a-refuxio","tag-dereito-a-refuxio-por-espolio","tag-dereitos-humanos","tag-desprazamientos-forzosos","tag-espolio","tag-foro-social-mundial-gl","tag-fotos-gl","tag-galicia","tag-mato-grosso-do-sul","tag-outro-mundo-e-posible","tag-pobos-indixenas-do-brasil","tag-refuxiadas","tag-refuxiados","tag-territorios-indixenas","tag-video-gl"],"yoast_head":"<!-- This site is optimized with the Yoast SEO plugin v27.4 - https:\/\/yoast.com\/product\/yoast-seo-wordpress\/ -->\n<title>A EXPOSICI\u00d3N \u201cESPOLIO E DEREITO A REFUXIO\u201d DA IV EDICI\u00d3N DO ENCONTRO INTERNACIONAL DE ACAMPA NA CORU\u00d1A PROX\u00c9CTASE NO FORO SOCIAL MUNDIAL | Rede Acampa - Por la paz y el derecho a refugio<\/title>\n<meta name=\"robots\" content=\"index, follow, max-snippet:-1, max-image-preview:large, max-video-preview:-1\" \/>\n<link rel=\"canonical\" href=\"https:\/\/blog.redeacampa.org\/gl\/a-exposicion-espolio-e-dereito-a-refuxio-da-iv-edicion-do-encontro-internacional-de-acampa-na-coruna-proxectase-no-foro-social-mundial\/\" \/>\n<meta property=\"og:locale\" content=\"gl_ES\" \/>\n<meta property=\"og:type\" content=\"article\" \/>\n<meta property=\"og:title\" content=\"A EXPOSICI\u00d3N \u201cESPOLIO E DEREITO A REFUXIO\u201d DA IV EDICI\u00d3N DO ENCONTRO INTERNACIONAL DE ACAMPA NA CORU\u00d1A PROX\u00c9CTASE NO FORO SOCIAL MUNDIAL | Rede Acampa - Por la paz y el derecho a refugio\" \/>\n<meta property=\"og:description\" content=\"O FSM, que se celebra estes d\u00edas en M\u00e9xico de forma virtual por mor da pandemia do coronavirus, \u00e9 un movemento global non gobernamental, xurdido hai 20 anos en contraposici\u00f3n ao Foro Econ\u00f3mico de Davos, para po\u00f1er a \u00e9nfase nos asuntos de \u00edndole social e humano fronte aos exclusivamente econ\u00f3micos A Rede Internacional Acampa pola\u00a0 [&hellip;]\" \/>\n<meta property=\"og:url\" content=\"https:\/\/blog.redeacampa.org\/gl\/a-exposicion-espolio-e-dereito-a-refuxio-da-iv-edicion-do-encontro-internacional-de-acampa-na-coruna-proxectase-no-foro-social-mundial\/\" \/>\n<meta property=\"og:site_name\" content=\"Rede Acampa - Por la paz y el derecho a refugio\" \/>\n<meta property=\"article:publisher\" content=\"https:\/\/www.facebook.com\/acampapolapazeodereitoarefuxio\" \/>\n<meta property=\"article:published_time\" content=\"2021-01-27T10:35:09+00:00\" \/>\n<meta property=\"og:image\" content=\"https:\/\/blog.redeacampa.org\/wp-content\/uploads\/IMG-20210126-WA0005.jpg\" \/>\n\t<meta property=\"og:image:width\" content=\"1248\" \/>\n\t<meta property=\"og:image:height\" content=\"832\" \/>\n\t<meta property=\"og:image:type\" content=\"image\/jpeg\" \/>\n<meta name=\"author\" content=\"Comunicaci\u00f3n\" \/>\n<meta name=\"twitter:card\" content=\"summary_large_image\" \/>\n<meta name=\"twitter:creator\" content=\"@Acampa_polapaz\" \/>\n<meta name=\"twitter:site\" content=\"@Acampa_polapaz\" \/>\n<meta name=\"twitter:label1\" content=\"Escrito por\" \/>\n\t<meta name=\"twitter:data1\" content=\"Comunicaci\u00f3n\" \/>\n\t<meta name=\"twitter:label2\" content=\"Tempo de lectura\" \/>\n\t<meta name=\"twitter:data2\" content=\"4 minutos\" \/>\n<script type=\"application\/ld+json\" class=\"yoast-schema-graph\">{\"@context\":\"https:\\\/\\\/schema.org\",\"@graph\":[{\"@type\":\"Article\",\"@id\":\"https:\\\/\\\/blog.redeacampa.org\\\/gl\\\/a-exposicion-espolio-e-dereito-a-refuxio-da-iv-edicion-do-encontro-internacional-de-acampa-na-coruna-proxectase-no-foro-social-mundial\\\/#article\",\"isPartOf\":{\"@id\":\"https:\\\/\\\/blog.redeacampa.org\\\/gl\\\/a-exposicion-espolio-e-dereito-a-refuxio-da-iv-edicion-do-encontro-internacional-de-acampa-na-coruna-proxectase-no-foro-social-mundial\\\/\"},\"author\":{\"name\":\"Comunicaci\u00f3n\",\"@id\":\"https:\\\/\\\/blog.redeacampa.org\\\/gl\\\/#\\\/schema\\\/person\\\/4af0729a8614cbed1e7078bcc7be966b\"},\"headline\":\"A EXPOSICI\u00d3N \u201cESPOLIO E DEREITO A REFUXIO\u201d DA IV EDICI\u00d3N DO ENCONTRO INTERNACIONAL DE ACAMPA NA CORU\u00d1A PROX\u00c9CTASE NO FORO SOCIAL MUNDIAL\",\"datePublished\":\"2021-01-27T10:35:09+00:00\",\"mainEntityOfPage\":{\"@id\":\"https:\\\/\\\/blog.redeacampa.org\\\/gl\\\/a-exposicion-espolio-e-dereito-a-refuxio-da-iv-edicion-do-encontro-internacional-de-acampa-na-coruna-proxectase-no-foro-social-mundial\\\/\"},\"wordCount\":879,\"commentCount\":0,\"image\":{\"@id\":\"https:\\\/\\\/blog.redeacampa.org\\\/gl\\\/a-exposicion-espolio-e-dereito-a-refuxio-da-iv-edicion-do-encontro-internacional-de-acampa-na-coruna-proxectase-no-foro-social-mundial\\\/#primaryimage\"},\"thumbnailUrl\":\"https:\\\/\\\/blog.redeacampa.org\\\/wp-content\\\/uploads\\\/IMG-20210126-WA0005.jpg\",\"keywords\":[\"A Coru\u00f1a\",\"agronegocio\",\"Amazon\u00eda\",\"Bah\u00eda\",\"Ba\u00eda\",\"Brasil\",\"deforestaci\u00f3n\",\"dereito a refuxio\",\"dereito a refuxio por Espolio\",\"Dereitos Humanos\",\"desprazamientos forzosos\",\"Espolio\",\"Foro Social Mundial\",\"fotos\",\"Galicia\",\"Mato Grosso do Sul\",\"Outro mundo \u00e9 posible\",\"pobos ind\u00edxenas do Brasil\",\"refuxiadas\",\"refuxiados\",\"Territorios ind\u00edxenas\",\"V\u00eddeo\"],\"articleSection\":[\"Presentacios\"],\"inLanguage\":\"gl-ES\",\"potentialAction\":[{\"@type\":\"CommentAction\",\"name\":\"Comment\",\"target\":[\"https:\\\/\\\/blog.redeacampa.org\\\/gl\\\/a-exposicion-espolio-e-dereito-a-refuxio-da-iv-edicion-do-encontro-internacional-de-acampa-na-coruna-proxectase-no-foro-social-mundial\\\/#respond\"]}]},{\"@type\":\"WebPage\",\"@id\":\"https:\\\/\\\/blog.redeacampa.org\\\/gl\\\/a-exposicion-espolio-e-dereito-a-refuxio-da-iv-edicion-do-encontro-internacional-de-acampa-na-coruna-proxectase-no-foro-social-mundial\\\/\",\"url\":\"https:\\\/\\\/blog.redeacampa.org\\\/gl\\\/a-exposicion-espolio-e-dereito-a-refuxio-da-iv-edicion-do-encontro-internacional-de-acampa-na-coruna-proxectase-no-foro-social-mundial\\\/\",\"name\":\"A EXPOSICI\u00d3N \u201cESPOLIO E DEREITO A REFUXIO\u201d DA IV EDICI\u00d3N DO ENCONTRO INTERNACIONAL DE ACAMPA NA CORU\u00d1A PROX\u00c9CTASE NO FORO SOCIAL MUNDIAL | Rede Acampa - Por la paz y el derecho a refugio\",\"isPartOf\":{\"@id\":\"https:\\\/\\\/blog.redeacampa.org\\\/gl\\\/#website\"},\"primaryImageOfPage\":{\"@id\":\"https:\\\/\\\/blog.redeacampa.org\\\/gl\\\/a-exposicion-espolio-e-dereito-a-refuxio-da-iv-edicion-do-encontro-internacional-de-acampa-na-coruna-proxectase-no-foro-social-mundial\\\/#primaryimage\"},\"image\":{\"@id\":\"https:\\\/\\\/blog.redeacampa.org\\\/gl\\\/a-exposicion-espolio-e-dereito-a-refuxio-da-iv-edicion-do-encontro-internacional-de-acampa-na-coruna-proxectase-no-foro-social-mundial\\\/#primaryimage\"},\"thumbnailUrl\":\"https:\\\/\\\/blog.redeacampa.org\\\/wp-content\\\/uploads\\\/IMG-20210126-WA0005.jpg\",\"datePublished\":\"2021-01-27T10:35:09+00:00\",\"author\":{\"@id\":\"https:\\\/\\\/blog.redeacampa.org\\\/gl\\\/#\\\/schema\\\/person\\\/4af0729a8614cbed1e7078bcc7be966b\"},\"breadcrumb\":{\"@id\":\"https:\\\/\\\/blog.redeacampa.org\\\/gl\\\/a-exposicion-espolio-e-dereito-a-refuxio-da-iv-edicion-do-encontro-internacional-de-acampa-na-coruna-proxectase-no-foro-social-mundial\\\/#breadcrumb\"},\"inLanguage\":\"gl-ES\",\"potentialAction\":[{\"@type\":\"ReadAction\",\"target\":[\"https:\\\/\\\/blog.redeacampa.org\\\/gl\\\/a-exposicion-espolio-e-dereito-a-refuxio-da-iv-edicion-do-encontro-internacional-de-acampa-na-coruna-proxectase-no-foro-social-mundial\\\/\"]}]},{\"@type\":\"ImageObject\",\"inLanguage\":\"gl-ES\",\"@id\":\"https:\\\/\\\/blog.redeacampa.org\\\/gl\\\/a-exposicion-espolio-e-dereito-a-refuxio-da-iv-edicion-do-encontro-internacional-de-acampa-na-coruna-proxectase-no-foro-social-mundial\\\/#primaryimage\",\"url\":\"https:\\\/\\\/blog.redeacampa.org\\\/wp-content\\\/uploads\\\/IMG-20210126-WA0005.jpg\",\"contentUrl\":\"https:\\\/\\\/blog.redeacampa.org\\\/wp-content\\\/uploads\\\/IMG-20210126-WA0005.jpg\",\"width\":1248,\"height\":832},{\"@type\":\"BreadcrumbList\",\"@id\":\"https:\\\/\\\/blog.redeacampa.org\\\/gl\\\/a-exposicion-espolio-e-dereito-a-refuxio-da-iv-edicion-do-encontro-internacional-de-acampa-na-coruna-proxectase-no-foro-social-mundial\\\/#breadcrumb\",\"itemListElement\":[{\"@type\":\"ListItem\",\"position\":1,\"name\":\"Portada\",\"item\":\"https:\\\/\\\/blog.redeacampa.org\\\/gl\\\/\"},{\"@type\":\"ListItem\",\"position\":2,\"name\":\"A EXPOSICI\u00d3N \u201cESPOLIO E DEREITO A REFUXIO\u201d DA IV EDICI\u00d3N DO ENCONTRO INTERNACIONAL DE ACAMPA NA CORU\u00d1A PROX\u00c9CTASE NO FORO SOCIAL MUNDIAL\"}]},{\"@type\":\"WebSite\",\"@id\":\"https:\\\/\\\/blog.redeacampa.org\\\/gl\\\/#website\",\"url\":\"https:\\\/\\\/blog.redeacampa.org\\\/gl\\\/\",\"name\":\"Rede Acampa - Por la paz y el derecho a refugio\",\"description\":\"Una iniciativa ciudadana sin fines de lucro integrada por colectivos sociales, culturales, educativos, veci\u00f1ales, pol\u00edticos, sindicales, art\u00edsticos, de personas solidarias, de instituciones y empresas con responsabilidad social que tienen como objetivo la defensa de los derechos humanos, el Derecho Internacional Humanitario y el Derecho a Refugio\",\"potentialAction\":[{\"@type\":\"SearchAction\",\"target\":{\"@type\":\"EntryPoint\",\"urlTemplate\":\"https:\\\/\\\/blog.redeacampa.org\\\/gl\\\/?s={search_term_string}\"},\"query-input\":{\"@type\":\"PropertyValueSpecification\",\"valueRequired\":true,\"valueName\":\"search_term_string\"}}],\"inLanguage\":\"gl-ES\"},{\"@type\":\"Person\",\"@id\":\"https:\\\/\\\/blog.redeacampa.org\\\/gl\\\/#\\\/schema\\\/person\\\/4af0729a8614cbed1e7078bcc7be966b\",\"name\":\"Comunicaci\u00f3n\",\"image\":{\"@type\":\"ImageObject\",\"inLanguage\":\"gl-ES\",\"@id\":\"https:\\\/\\\/secure.gravatar.com\\\/avatar\\\/8e8fea06f5f2696e331aacd588d2000164152c9aa47459d1e52be3c1ab5f5ca5?s=96&d=mm&r=g\",\"url\":\"https:\\\/\\\/secure.gravatar.com\\\/avatar\\\/8e8fea06f5f2696e331aacd588d2000164152c9aa47459d1e52be3c1ab5f5ca5?s=96&d=mm&r=g\",\"contentUrl\":\"https:\\\/\\\/secure.gravatar.com\\\/avatar\\\/8e8fea06f5f2696e331aacd588d2000164152c9aa47459d1e52be3c1ab5f5ca5?s=96&d=mm&r=g\",\"caption\":\"Comunicaci\u00f3n\"}}]}<\/script>\n<!-- \/ Yoast SEO plugin. -->","yoast_head_json":{"title":"A EXPOSICI\u00d3N \u201cESPOLIO E DEREITO A REFUXIO\u201d DA IV EDICI\u00d3N DO ENCONTRO INTERNACIONAL DE ACAMPA NA CORU\u00d1A PROX\u00c9CTASE NO FORO SOCIAL MUNDIAL | Rede Acampa - Por la paz y el derecho a refugio","robots":{"index":"index","follow":"follow","max-snippet":"max-snippet:-1","max-image-preview":"max-image-preview:large","max-video-preview":"max-video-preview:-1"},"canonical":"https:\/\/blog.redeacampa.org\/gl\/a-exposicion-espolio-e-dereito-a-refuxio-da-iv-edicion-do-encontro-internacional-de-acampa-na-coruna-proxectase-no-foro-social-mundial\/","og_locale":"gl_ES","og_type":"article","og_title":"A EXPOSICI\u00d3N \u201cESPOLIO E DEREITO A REFUXIO\u201d DA IV EDICI\u00d3N DO ENCONTRO INTERNACIONAL DE ACAMPA NA CORU\u00d1A PROX\u00c9CTASE NO FORO SOCIAL MUNDIAL | Rede Acampa - Por la paz y el derecho a refugio","og_description":"O FSM, que se celebra estes d\u00edas en M\u00e9xico de forma virtual por mor da pandemia do coronavirus, \u00e9 un movemento global non gobernamental, xurdido hai 20 anos en contraposici\u00f3n ao Foro Econ\u00f3mico de Davos, para po\u00f1er a \u00e9nfase nos asuntos de \u00edndole social e humano fronte aos exclusivamente econ\u00f3micos A Rede Internacional Acampa pola\u00a0 [&hellip;]","og_url":"https:\/\/blog.redeacampa.org\/gl\/a-exposicion-espolio-e-dereito-a-refuxio-da-iv-edicion-do-encontro-internacional-de-acampa-na-coruna-proxectase-no-foro-social-mundial\/","og_site_name":"Rede Acampa - Por la paz y el derecho a refugio","article_publisher":"https:\/\/www.facebook.com\/acampapolapazeodereitoarefuxio","article_published_time":"2021-01-27T10:35:09+00:00","og_image":[{"width":1248,"height":832,"url":"https:\/\/blog.redeacampa.org\/wp-content\/uploads\/IMG-20210126-WA0005.jpg","type":"image\/jpeg"}],"author":"Comunicaci\u00f3n","twitter_card":"summary_large_image","twitter_creator":"@Acampa_polapaz","twitter_site":"@Acampa_polapaz","twitter_misc":{"Escrito por":"Comunicaci\u00f3n","Tempo de lectura":"4 minutos"},"schema":{"@context":"https:\/\/schema.org","@graph":[{"@type":"Article","@id":"https:\/\/blog.redeacampa.org\/gl\/a-exposicion-espolio-e-dereito-a-refuxio-da-iv-edicion-do-encontro-internacional-de-acampa-na-coruna-proxectase-no-foro-social-mundial\/#article","isPartOf":{"@id":"https:\/\/blog.redeacampa.org\/gl\/a-exposicion-espolio-e-dereito-a-refuxio-da-iv-edicion-do-encontro-internacional-de-acampa-na-coruna-proxectase-no-foro-social-mundial\/"},"author":{"name":"Comunicaci\u00f3n","@id":"https:\/\/blog.redeacampa.org\/gl\/#\/schema\/person\/4af0729a8614cbed1e7078bcc7be966b"},"headline":"A EXPOSICI\u00d3N \u201cESPOLIO E DEREITO A REFUXIO\u201d DA IV EDICI\u00d3N DO ENCONTRO INTERNACIONAL DE ACAMPA NA CORU\u00d1A PROX\u00c9CTASE NO FORO SOCIAL MUNDIAL","datePublished":"2021-01-27T10:35:09+00:00","mainEntityOfPage":{"@id":"https:\/\/blog.redeacampa.org\/gl\/a-exposicion-espolio-e-dereito-a-refuxio-da-iv-edicion-do-encontro-internacional-de-acampa-na-coruna-proxectase-no-foro-social-mundial\/"},"wordCount":879,"commentCount":0,"image":{"@id":"https:\/\/blog.redeacampa.org\/gl\/a-exposicion-espolio-e-dereito-a-refuxio-da-iv-edicion-do-encontro-internacional-de-acampa-na-coruna-proxectase-no-foro-social-mundial\/#primaryimage"},"thumbnailUrl":"https:\/\/blog.redeacampa.org\/wp-content\/uploads\/IMG-20210126-WA0005.jpg","keywords":["A Coru\u00f1a","agronegocio","Amazon\u00eda","Bah\u00eda","Ba\u00eda","Brasil","deforestaci\u00f3n","dereito a refuxio","dereito a refuxio por Espolio","Dereitos Humanos","desprazamientos forzosos","Espolio","Foro Social Mundial","fotos","Galicia","Mato Grosso do Sul","Outro mundo \u00e9 posible","pobos ind\u00edxenas do Brasil","refuxiadas","refuxiados","Territorios ind\u00edxenas","V\u00eddeo"],"articleSection":["Presentacios"],"inLanguage":"gl-ES","potentialAction":[{"@type":"CommentAction","name":"Comment","target":["https:\/\/blog.redeacampa.org\/gl\/a-exposicion-espolio-e-dereito-a-refuxio-da-iv-edicion-do-encontro-internacional-de-acampa-na-coruna-proxectase-no-foro-social-mundial\/#respond"]}]},{"@type":"WebPage","@id":"https:\/\/blog.redeacampa.org\/gl\/a-exposicion-espolio-e-dereito-a-refuxio-da-iv-edicion-do-encontro-internacional-de-acampa-na-coruna-proxectase-no-foro-social-mundial\/","url":"https:\/\/blog.redeacampa.org\/gl\/a-exposicion-espolio-e-dereito-a-refuxio-da-iv-edicion-do-encontro-internacional-de-acampa-na-coruna-proxectase-no-foro-social-mundial\/","name":"A EXPOSICI\u00d3N \u201cESPOLIO E DEREITO A REFUXIO\u201d DA IV EDICI\u00d3N DO ENCONTRO INTERNACIONAL DE ACAMPA NA CORU\u00d1A PROX\u00c9CTASE NO FORO SOCIAL MUNDIAL | Rede Acampa - Por la paz y el derecho a refugio","isPartOf":{"@id":"https:\/\/blog.redeacampa.org\/gl\/#website"},"primaryImageOfPage":{"@id":"https:\/\/blog.redeacampa.org\/gl\/a-exposicion-espolio-e-dereito-a-refuxio-da-iv-edicion-do-encontro-internacional-de-acampa-na-coruna-proxectase-no-foro-social-mundial\/#primaryimage"},"image":{"@id":"https:\/\/blog.redeacampa.org\/gl\/a-exposicion-espolio-e-dereito-a-refuxio-da-iv-edicion-do-encontro-internacional-de-acampa-na-coruna-proxectase-no-foro-social-mundial\/#primaryimage"},"thumbnailUrl":"https:\/\/blog.redeacampa.org\/wp-content\/uploads\/IMG-20210126-WA0005.jpg","datePublished":"2021-01-27T10:35:09+00:00","author":{"@id":"https:\/\/blog.redeacampa.org\/gl\/#\/schema\/person\/4af0729a8614cbed1e7078bcc7be966b"},"breadcrumb":{"@id":"https:\/\/blog.redeacampa.org\/gl\/a-exposicion-espolio-e-dereito-a-refuxio-da-iv-edicion-do-encontro-internacional-de-acampa-na-coruna-proxectase-no-foro-social-mundial\/#breadcrumb"},"inLanguage":"gl-ES","potentialAction":[{"@type":"ReadAction","target":["https:\/\/blog.redeacampa.org\/gl\/a-exposicion-espolio-e-dereito-a-refuxio-da-iv-edicion-do-encontro-internacional-de-acampa-na-coruna-proxectase-no-foro-social-mundial\/"]}]},{"@type":"ImageObject","inLanguage":"gl-ES","@id":"https:\/\/blog.redeacampa.org\/gl\/a-exposicion-espolio-e-dereito-a-refuxio-da-iv-edicion-do-encontro-internacional-de-acampa-na-coruna-proxectase-no-foro-social-mundial\/#primaryimage","url":"https:\/\/blog.redeacampa.org\/wp-content\/uploads\/IMG-20210126-WA0005.jpg","contentUrl":"https:\/\/blog.redeacampa.org\/wp-content\/uploads\/IMG-20210126-WA0005.jpg","width":1248,"height":832},{"@type":"BreadcrumbList","@id":"https:\/\/blog.redeacampa.org\/gl\/a-exposicion-espolio-e-dereito-a-refuxio-da-iv-edicion-do-encontro-internacional-de-acampa-na-coruna-proxectase-no-foro-social-mundial\/#breadcrumb","itemListElement":[{"@type":"ListItem","position":1,"name":"Portada","item":"https:\/\/blog.redeacampa.org\/gl\/"},{"@type":"ListItem","position":2,"name":"A EXPOSICI\u00d3N \u201cESPOLIO E DEREITO A REFUXIO\u201d DA IV EDICI\u00d3N DO ENCONTRO INTERNACIONAL DE ACAMPA NA CORU\u00d1A PROX\u00c9CTASE NO FORO SOCIAL MUNDIAL"}]},{"@type":"WebSite","@id":"https:\/\/blog.redeacampa.org\/gl\/#website","url":"https:\/\/blog.redeacampa.org\/gl\/","name":"Rede Acampa - Por la paz y el derecho a refugio","description":"Una iniciativa ciudadana sin fines de lucro integrada por colectivos sociales, culturales, educativos, veci\u00f1ales, pol\u00edticos, sindicales, art\u00edsticos, de personas solidarias, de instituciones y empresas con responsabilidad social que tienen como objetivo la defensa de los derechos humanos, el Derecho Internacional Humanitario y el Derecho a Refugio","potentialAction":[{"@type":"SearchAction","target":{"@type":"EntryPoint","urlTemplate":"https:\/\/blog.redeacampa.org\/gl\/?s={search_term_string}"},"query-input":{"@type":"PropertyValueSpecification","valueRequired":true,"valueName":"search_term_string"}}],"inLanguage":"gl-ES"},{"@type":"Person","@id":"https:\/\/blog.redeacampa.org\/gl\/#\/schema\/person\/4af0729a8614cbed1e7078bcc7be966b","name":"Comunicaci\u00f3n","image":{"@type":"ImageObject","inLanguage":"gl-ES","@id":"https:\/\/secure.gravatar.com\/avatar\/8e8fea06f5f2696e331aacd588d2000164152c9aa47459d1e52be3c1ab5f5ca5?s=96&d=mm&r=g","url":"https:\/\/secure.gravatar.com\/avatar\/8e8fea06f5f2696e331aacd588d2000164152c9aa47459d1e52be3c1ab5f5ca5?s=96&d=mm&r=g","contentUrl":"https:\/\/secure.gravatar.com\/avatar\/8e8fea06f5f2696e331aacd588d2000164152c9aa47459d1e52be3c1ab5f5ca5?s=96&d=mm&r=g","caption":"Comunicaci\u00f3n"}}]}},"_links":{"self":[{"href":"https:\/\/blog.redeacampa.org\/gl\/wp-json\/wp\/v2\/posts\/37809","targetHints":{"allow":["GET"]}}],"collection":[{"href":"https:\/\/blog.redeacampa.org\/gl\/wp-json\/wp\/v2\/posts"}],"about":[{"href":"https:\/\/blog.redeacampa.org\/gl\/wp-json\/wp\/v2\/types\/post"}],"author":[{"embeddable":true,"href":"https:\/\/blog.redeacampa.org\/gl\/wp-json\/wp\/v2\/users\/25"}],"replies":[{"embeddable":true,"href":"https:\/\/blog.redeacampa.org\/gl\/wp-json\/wp\/v2\/comments?post=37809"}],"version-history":[{"count":2,"href":"https:\/\/blog.redeacampa.org\/gl\/wp-json\/wp\/v2\/posts\/37809\/revisions"}],"predecessor-version":[{"id":37813,"href":"https:\/\/blog.redeacampa.org\/gl\/wp-json\/wp\/v2\/posts\/37809\/revisions\/37813"}],"wp:featuredmedia":[{"embeddable":true,"href":"https:\/\/blog.redeacampa.org\/gl\/wp-json\/wp\/v2\/media\/37816"}],"wp:attachment":[{"href":"https:\/\/blog.redeacampa.org\/gl\/wp-json\/wp\/v2\/media?parent=37809"}],"wp:term":[{"taxonomy":"category","embeddable":true,"href":"https:\/\/blog.redeacampa.org\/gl\/wp-json\/wp\/v2\/categories?post=37809"},{"taxonomy":"post_tag","embeddable":true,"href":"https:\/\/blog.redeacampa.org\/gl\/wp-json\/wp\/v2\/tags?post=37809"}],"curies":[{"name":"wp","href":"https:\/\/api.w.org\/{rel}","templated":true}]}}