{"id":37841,"date":"2021-02-12T11:14:04","date_gmt":"2021-02-12T10:14:04","guid":{"rendered":"https:\/\/blog.redeacampa.org\/?p=37841"},"modified":"2021-02-12T11:14:04","modified_gmt":"2021-02-12T10:14:04","slug":"a-rede-acampa-reclama-aos-grupos-parlamentarios-galegos-o-seu-aval-para-o-reconecemento-da-figura-de-persoa-refuxiada-por-cambio-climatico","status":"publish","type":"post","link":"https:\/\/blog.redeacampa.org\/gl\/a-rede-acampa-reclama-aos-grupos-parlamentarios-galegos-o-seu-aval-para-o-reconecemento-da-figura-de-persoa-refuxiada-por-cambio-climatico\/","title":{"rendered":"A REDE ACAMPA RECLAMA AOS GRUPOS PARLAMENTARIOS GALEGOS O SEU AVAL PARA O RECO\u00d1ECEMENTO DA FIGURA DE PERSOA REFUXIADA POR CAMBIO CLIM\u00c1TICO"},"content":{"rendered":"<ul>\n<li><em>Desde o 2018 no que a rede adicou o seu II Encontro Internacional Acampa pola Paz e o Dereito ao Refuxio aos desprazamentos forzosos por cambio clim\u00e1tico estase a reclamar o reco\u00f1ecemento desa categor\u00eda<\/em><\/li>\n<li><em>Nos pr\u00f3ximos trinta anos o n\u00famero de persoas desprazadas polo clima pode chegar, segundo a ONU, aos 1.000 mill\u00f3ns<\/em><\/li>\n<\/ul>\n<p>Os bimbios est\u00e1n. A ONU alerta que nos pr\u00f3ximos trinta anos haber\u00e1 entre 250\u00a0 e 1.000 mill\u00f3ns de persoas desprazadas por motivos clim\u00e1ticos f\u00f3ra das s\u00faas comunidades e pa\u00edses por non dispo\u00f1er de auga e outros recursos para sobreviver. ACNUR constatou que desde 2009 en diante, cada segundo, unha persoa foi desprazada por un desastre ambiental, cunha media de 22.5 mill\u00f3ns de persoas desprazadas polo clima ou por eventos relacionados con el. En decembro do 2010 os Estados presentes na Conferencia de Canc\u00fan adoptaron un acord\u00f3 invitando aos gobernos a incrementar as s\u00faas acci\u00f3ns e medidas para mellorar a interpretaci\u00f3n, coordinaci\u00f3n e cooperaci\u00f3n con respecto aos desprazamentos inducidos polo cambio clim\u00e1tico as\u00ed como a organizar unha migraci\u00f3n e recolocaci\u00f3n planificada, cando corresponda, a nivel nacional, rexional ou internacional. Na iniciativa Nansen (entre Suiza e Noruega, outubro do 2012) lembrouse aos Estados que sobre eles reca\u00eda a responsabilidade de protexer \u00e1s poboaci\u00f3ns afectadas polo cambio clim\u00e1tico ou os perigos ambientais. Doce anos m\u00e1is tarde de todas esas alarmas, os pasos dados neste senso son cativos. Por iso, a Rede Acampa est\u00e1 pendente de reunirse nas pr\u00f3ximas semanas cos grupos pol\u00edticos con representaci\u00f3n no Parlamento Galego para reclamarlles o seu aval. Queren que a C\u00e1mara galega traslade ao Parlamento espa\u00f1ol a esixencia do reco\u00f1ecemento da <strong>figura de Persoa Refuxiada por Cambio Clim\u00e1tico<\/strong> nas s\u00faas correspondentes leis de migraci\u00f3n e asilo.<\/p>\n<p>O vimos ben a trav\u00e9s do programa que conformou o II Encontro Internacional Acampa pola Paz e o Dereito a Refuxio celebrado na Coru\u00f1a en xu\u00f1o do 2018. \u201cO crecemento econ\u00f3mico sen l\u00edmites, sen unha regulaci\u00f3n que o free, desemboca nunha gran traxedia para a humanidade, conduc\u00edndonos a unha situaci\u00f3n dram\u00e1tica sen volta atr\u00e1s\u201d, recorda o coordinador da rede, Xos\u00e9 Abad. Lumes sen control en Australia e mais nos Estados Unidos. O \u00c1rtico perdendo a s\u00faa x\u00e9lida identidade. Centroam\u00e9rica asolagada por furiosos furac\u00e1ns. As m\u00e1is recentes tormentas de neve que paralizaron o centro de Espa\u00f1a e deixaron por semanas paisaxes propios da Rusia central. Os fen\u00f3menos meteorol\u00f3xicos adversos e extremos desembocan en cat\u00e1strofes naturais e obrigan \u00e1s administraci\u00f3ns a desembolsar grandes cantidades de di\u00f1eiro para palialas. Todo iso \u00e9 o resultado da crise clim\u00e1tica que poucos parecen tomar en serio. Os efectos do dano inflixido ao planeta polos seres humanos, e a s\u00faa incidencia directa nos desprazamentos de mill\u00f3ns de persoas que ven como o seu h\u00e1bitat desaparece, facendo imposible a s\u00faa supervivencia, son palmarios. \u00a0Para\u00a0 lembrar o Encontro Internacional sobre o tema, nesta ligaz\u00f3n acc\u00e9dese a Acampa 2018:<\/p>\n<p><a href=\"https:\/\/coruna2018.redeacampa.org\/gl\/programa\/\">https:\/\/coruna2018.redeacampa.org\/gl\/programa\/<\/a><\/p>\n<p>Desde o 2018 Acampa pola Paz reclama o reco\u00f1ecemento internacional da figura de Persoa Refuxiada polo Clima, non contemplada sequera pola normativa que regula o Dereito ao Asilo. Agora ser\u00e1 o Parlamento Galego quen debe asumir unha Declaraci\u00f3n Institucional nesa li\u00f1a que poida ser replicada no Parlamento nacional e nas instituci\u00f3ns europeas.<\/p>\n","protected":false},"excerpt":{"rendered":"<p>Desde o 2018 no que a rede adicou o seu II Encontro Internacional Acampa pola Paz e o Dereito ao Refuxio aos desprazamentos forzosos por cambio clim\u00e1tico estase a reclamar o reco\u00f1ecemento desa categor\u00eda Nos pr\u00f3ximos trinta anos o n\u00famero de persoas desprazadas polo clima pode chegar, segundo a ONU, aos 1.000 mill\u00f3ns Os bimbios [&hellip;]<\/p>\n","protected":false},"author":25,"featured_media":37835,"comment_status":"open","ping_status":"open","sticky":false,"template":"","format":"standard","meta":{"_et_pb_use_builder":"","_et_pb_old_content":"","_et_gb_content_width":"","inline_featured_image":false,"footnotes":""},"categories":[1],"tags":[92,163,53,88,65,62,64,145],"class_list":["post-37841","post","type-post","status-publish","format-standard","has-post-thumbnail","hentry","category-presentacios","tag-cambio-climatico-gl","tag-crise-climatica","tag-deforestacion","tag-dereito-a-refuxio","tag-dereitos-humanos","tag-migracions","tag-refuxiadas","tag-refuxiado-climatico"],"yoast_head":"<!-- This site is optimized with the Yoast SEO plugin v27.4 - https:\/\/yoast.com\/product\/yoast-seo-wordpress\/ -->\n<title>A REDE ACAMPA RECLAMA AOS GRUPOS PARLAMENTARIOS GALEGOS O SEU AVAL PARA O RECO\u00d1ECEMENTO DA FIGURA DE PERSOA REFUXIADA POR CAMBIO CLIM\u00c1TICO | Rede Acampa - Por la paz y el derecho a refugio<\/title>\n<meta name=\"robots\" content=\"index, follow, max-snippet:-1, max-image-preview:large, max-video-preview:-1\" \/>\n<link rel=\"canonical\" href=\"https:\/\/blog.redeacampa.org\/gl\/a-rede-acampa-reclama-aos-grupos-parlamentarios-galegos-o-seu-aval-para-o-reconecemento-da-figura-de-persoa-refuxiada-por-cambio-climatico\/\" \/>\n<meta property=\"og:locale\" content=\"gl_ES\" \/>\n<meta property=\"og:type\" content=\"article\" \/>\n<meta property=\"og:title\" content=\"A REDE ACAMPA RECLAMA AOS GRUPOS PARLAMENTARIOS GALEGOS O SEU AVAL PARA O RECO\u00d1ECEMENTO DA FIGURA DE PERSOA REFUXIADA POR CAMBIO CLIM\u00c1TICO | Rede Acampa - Por la paz y el derecho a refugio\" \/>\n<meta property=\"og:description\" content=\"Desde o 2018 no que a rede adicou o seu II Encontro Internacional Acampa pola Paz e o Dereito ao Refuxio aos desprazamentos forzosos por cambio clim\u00e1tico estase a reclamar o reco\u00f1ecemento desa categor\u00eda Nos pr\u00f3ximos trinta anos o n\u00famero de persoas desprazadas polo clima pode chegar, segundo a ONU, aos 1.000 mill\u00f3ns Os bimbios [&hellip;]\" \/>\n<meta property=\"og:url\" content=\"https:\/\/blog.redeacampa.org\/gl\/a-rede-acampa-reclama-aos-grupos-parlamentarios-galegos-o-seu-aval-para-o-reconecemento-da-figura-de-persoa-refuxiada-por-cambio-climatico\/\" \/>\n<meta property=\"og:site_name\" content=\"Rede Acampa - Por la paz y el derecho a refugio\" \/>\n<meta property=\"article:publisher\" content=\"https:\/\/www.facebook.com\/acampapolapazeodereitoarefuxio\" \/>\n<meta property=\"article:published_time\" content=\"2021-02-12T10:14:04+00:00\" \/>\n<meta property=\"og:image\" content=\"https:\/\/blog.redeacampa.org\/wp-content\/uploads\/Grassani-3-scaled.jpg\" \/>\n\t<meta property=\"og:image:width\" content=\"2560\" \/>\n\t<meta property=\"og:image:height\" content=\"1703\" \/>\n\t<meta property=\"og:image:type\" content=\"image\/jpeg\" \/>\n<meta name=\"author\" content=\"Comunicaci\u00f3n\" \/>\n<meta name=\"twitter:card\" content=\"summary_large_image\" \/>\n<meta name=\"twitter:creator\" content=\"@Acampa_polapaz\" \/>\n<meta name=\"twitter:site\" content=\"@Acampa_polapaz\" \/>\n<meta name=\"twitter:label1\" content=\"Escrito por\" \/>\n\t<meta name=\"twitter:data1\" content=\"Comunicaci\u00f3n\" \/>\n\t<meta name=\"twitter:label2\" content=\"Tempo de lectura\" \/>\n\t<meta name=\"twitter:data2\" content=\"3 minutos\" \/>\n<script type=\"application\/ld+json\" class=\"yoast-schema-graph\">{\"@context\":\"https:\\\/\\\/schema.org\",\"@graph\":[{\"@type\":\"Article\",\"@id\":\"https:\\\/\\\/blog.redeacampa.org\\\/gl\\\/a-rede-acampa-reclama-aos-grupos-parlamentarios-galegos-o-seu-aval-para-o-reconecemento-da-figura-de-persoa-refuxiada-por-cambio-climatico\\\/#article\",\"isPartOf\":{\"@id\":\"https:\\\/\\\/blog.redeacampa.org\\\/gl\\\/a-rede-acampa-reclama-aos-grupos-parlamentarios-galegos-o-seu-aval-para-o-reconecemento-da-figura-de-persoa-refuxiada-por-cambio-climatico\\\/\"},\"author\":{\"name\":\"Comunicaci\u00f3n\",\"@id\":\"https:\\\/\\\/blog.redeacampa.org\\\/gl\\\/#\\\/schema\\\/person\\\/4af0729a8614cbed1e7078bcc7be966b\"},\"headline\":\"A REDE ACAMPA RECLAMA AOS GRUPOS PARLAMENTARIOS GALEGOS O SEU AVAL PARA O RECO\u00d1ECEMENTO DA FIGURA DE PERSOA REFUXIADA POR CAMBIO CLIM\u00c1TICO\",\"datePublished\":\"2021-02-12T10:14:04+00:00\",\"mainEntityOfPage\":{\"@id\":\"https:\\\/\\\/blog.redeacampa.org\\\/gl\\\/a-rede-acampa-reclama-aos-grupos-parlamentarios-galegos-o-seu-aval-para-o-reconecemento-da-figura-de-persoa-refuxiada-por-cambio-climatico\\\/\"},\"wordCount\":609,\"commentCount\":0,\"image\":{\"@id\":\"https:\\\/\\\/blog.redeacampa.org\\\/gl\\\/a-rede-acampa-reclama-aos-grupos-parlamentarios-galegos-o-seu-aval-para-o-reconecemento-da-figura-de-persoa-refuxiada-por-cambio-climatico\\\/#primaryimage\"},\"thumbnailUrl\":\"https:\\\/\\\/blog.redeacampa.org\\\/wp-content\\\/uploads\\\/Grassani-3-scaled.jpg\",\"keywords\":[\"Cambio Clim\u00e1tico\",\"Crise clim\u00e1tica\",\"deforestaci\u00f3n\",\"dereito a refuxio\",\"Dereitos Humanos\",\"migraci\u00f3ns\",\"refuxiadas\",\"refuxiado clim\u00e1tico\"],\"articleSection\":[\"Presentacios\"],\"inLanguage\":\"gl-ES\",\"potentialAction\":[{\"@type\":\"CommentAction\",\"name\":\"Comment\",\"target\":[\"https:\\\/\\\/blog.redeacampa.org\\\/gl\\\/a-rede-acampa-reclama-aos-grupos-parlamentarios-galegos-o-seu-aval-para-o-reconecemento-da-figura-de-persoa-refuxiada-por-cambio-climatico\\\/#respond\"]}]},{\"@type\":\"WebPage\",\"@id\":\"https:\\\/\\\/blog.redeacampa.org\\\/gl\\\/a-rede-acampa-reclama-aos-grupos-parlamentarios-galegos-o-seu-aval-para-o-reconecemento-da-figura-de-persoa-refuxiada-por-cambio-climatico\\\/\",\"url\":\"https:\\\/\\\/blog.redeacampa.org\\\/gl\\\/a-rede-acampa-reclama-aos-grupos-parlamentarios-galegos-o-seu-aval-para-o-reconecemento-da-figura-de-persoa-refuxiada-por-cambio-climatico\\\/\",\"name\":\"A REDE ACAMPA RECLAMA AOS GRUPOS PARLAMENTARIOS GALEGOS O SEU AVAL PARA O RECO\u00d1ECEMENTO DA FIGURA DE PERSOA REFUXIADA POR CAMBIO CLIM\u00c1TICO | Rede Acampa - Por la paz y el derecho a refugio\",\"isPartOf\":{\"@id\":\"https:\\\/\\\/blog.redeacampa.org\\\/gl\\\/#website\"},\"primaryImageOfPage\":{\"@id\":\"https:\\\/\\\/blog.redeacampa.org\\\/gl\\\/a-rede-acampa-reclama-aos-grupos-parlamentarios-galegos-o-seu-aval-para-o-reconecemento-da-figura-de-persoa-refuxiada-por-cambio-climatico\\\/#primaryimage\"},\"image\":{\"@id\":\"https:\\\/\\\/blog.redeacampa.org\\\/gl\\\/a-rede-acampa-reclama-aos-grupos-parlamentarios-galegos-o-seu-aval-para-o-reconecemento-da-figura-de-persoa-refuxiada-por-cambio-climatico\\\/#primaryimage\"},\"thumbnailUrl\":\"https:\\\/\\\/blog.redeacampa.org\\\/wp-content\\\/uploads\\\/Grassani-3-scaled.jpg\",\"datePublished\":\"2021-02-12T10:14:04+00:00\",\"author\":{\"@id\":\"https:\\\/\\\/blog.redeacampa.org\\\/gl\\\/#\\\/schema\\\/person\\\/4af0729a8614cbed1e7078bcc7be966b\"},\"breadcrumb\":{\"@id\":\"https:\\\/\\\/blog.redeacampa.org\\\/gl\\\/a-rede-acampa-reclama-aos-grupos-parlamentarios-galegos-o-seu-aval-para-o-reconecemento-da-figura-de-persoa-refuxiada-por-cambio-climatico\\\/#breadcrumb\"},\"inLanguage\":\"gl-ES\",\"potentialAction\":[{\"@type\":\"ReadAction\",\"target\":[\"https:\\\/\\\/blog.redeacampa.org\\\/gl\\\/a-rede-acampa-reclama-aos-grupos-parlamentarios-galegos-o-seu-aval-para-o-reconecemento-da-figura-de-persoa-refuxiada-por-cambio-climatico\\\/\"]}]},{\"@type\":\"ImageObject\",\"inLanguage\":\"gl-ES\",\"@id\":\"https:\\\/\\\/blog.redeacampa.org\\\/gl\\\/a-rede-acampa-reclama-aos-grupos-parlamentarios-galegos-o-seu-aval-para-o-reconecemento-da-figura-de-persoa-refuxiada-por-cambio-climatico\\\/#primaryimage\",\"url\":\"https:\\\/\\\/blog.redeacampa.org\\\/wp-content\\\/uploads\\\/Grassani-3-scaled.jpg\",\"contentUrl\":\"https:\\\/\\\/blog.redeacampa.org\\\/wp-content\\\/uploads\\\/Grassani-3-scaled.jpg\",\"width\":2560,\"height\":1703,\"caption\":\"Ethiopia, Seis village, along the Kenyan-Ethiopian border. These villages\u2019 inhabitants are exhausted because of the continuous lack of rainfalls; they have nothing to eat or drink. Elders and children are those who suffer the most from famine and that risk dying because of their poverty. This shot shows a man struggling to stand on his feet and the signs of famine are not visible on his skeletal body.\"},{\"@type\":\"BreadcrumbList\",\"@id\":\"https:\\\/\\\/blog.redeacampa.org\\\/gl\\\/a-rede-acampa-reclama-aos-grupos-parlamentarios-galegos-o-seu-aval-para-o-reconecemento-da-figura-de-persoa-refuxiada-por-cambio-climatico\\\/#breadcrumb\",\"itemListElement\":[{\"@type\":\"ListItem\",\"position\":1,\"name\":\"Portada\",\"item\":\"https:\\\/\\\/blog.redeacampa.org\\\/gl\\\/\"},{\"@type\":\"ListItem\",\"position\":2,\"name\":\"A REDE ACAMPA RECLAMA AOS GRUPOS PARLAMENTARIOS GALEGOS O SEU AVAL PARA O RECO\u00d1ECEMENTO DA FIGURA DE PERSOA REFUXIADA POR CAMBIO CLIM\u00c1TICO\"}]},{\"@type\":\"WebSite\",\"@id\":\"https:\\\/\\\/blog.redeacampa.org\\\/gl\\\/#website\",\"url\":\"https:\\\/\\\/blog.redeacampa.org\\\/gl\\\/\",\"name\":\"Rede Acampa - Por la paz y el derecho a refugio\",\"description\":\"Una iniciativa ciudadana sin fines de lucro integrada por colectivos sociales, culturales, educativos, veci\u00f1ales, pol\u00edticos, sindicales, art\u00edsticos, de personas solidarias, de instituciones y empresas con responsabilidad social que tienen como objetivo la defensa de los derechos humanos, el Derecho Internacional Humanitario y el Derecho a Refugio\",\"potentialAction\":[{\"@type\":\"SearchAction\",\"target\":{\"@type\":\"EntryPoint\",\"urlTemplate\":\"https:\\\/\\\/blog.redeacampa.org\\\/gl\\\/?s={search_term_string}\"},\"query-input\":{\"@type\":\"PropertyValueSpecification\",\"valueRequired\":true,\"valueName\":\"search_term_string\"}}],\"inLanguage\":\"gl-ES\"},{\"@type\":\"Person\",\"@id\":\"https:\\\/\\\/blog.redeacampa.org\\\/gl\\\/#\\\/schema\\\/person\\\/4af0729a8614cbed1e7078bcc7be966b\",\"name\":\"Comunicaci\u00f3n\",\"image\":{\"@type\":\"ImageObject\",\"inLanguage\":\"gl-ES\",\"@id\":\"https:\\\/\\\/secure.gravatar.com\\\/avatar\\\/8e8fea06f5f2696e331aacd588d2000164152c9aa47459d1e52be3c1ab5f5ca5?s=96&d=mm&r=g\",\"url\":\"https:\\\/\\\/secure.gravatar.com\\\/avatar\\\/8e8fea06f5f2696e331aacd588d2000164152c9aa47459d1e52be3c1ab5f5ca5?s=96&d=mm&r=g\",\"contentUrl\":\"https:\\\/\\\/secure.gravatar.com\\\/avatar\\\/8e8fea06f5f2696e331aacd588d2000164152c9aa47459d1e52be3c1ab5f5ca5?s=96&d=mm&r=g\",\"caption\":\"Comunicaci\u00f3n\"}}]}<\/script>\n<!-- \/ Yoast SEO plugin. -->","yoast_head_json":{"title":"A REDE ACAMPA RECLAMA AOS GRUPOS PARLAMENTARIOS GALEGOS O SEU AVAL PARA O RECO\u00d1ECEMENTO DA FIGURA DE PERSOA REFUXIADA POR CAMBIO CLIM\u00c1TICO | Rede Acampa - Por la paz y el derecho a refugio","robots":{"index":"index","follow":"follow","max-snippet":"max-snippet:-1","max-image-preview":"max-image-preview:large","max-video-preview":"max-video-preview:-1"},"canonical":"https:\/\/blog.redeacampa.org\/gl\/a-rede-acampa-reclama-aos-grupos-parlamentarios-galegos-o-seu-aval-para-o-reconecemento-da-figura-de-persoa-refuxiada-por-cambio-climatico\/","og_locale":"gl_ES","og_type":"article","og_title":"A REDE ACAMPA RECLAMA AOS GRUPOS PARLAMENTARIOS GALEGOS O SEU AVAL PARA O RECO\u00d1ECEMENTO DA FIGURA DE PERSOA REFUXIADA POR CAMBIO CLIM\u00c1TICO | Rede Acampa - Por la paz y el derecho a refugio","og_description":"Desde o 2018 no que a rede adicou o seu II Encontro Internacional Acampa pola Paz e o Dereito ao Refuxio aos desprazamentos forzosos por cambio clim\u00e1tico estase a reclamar o reco\u00f1ecemento desa categor\u00eda Nos pr\u00f3ximos trinta anos o n\u00famero de persoas desprazadas polo clima pode chegar, segundo a ONU, aos 1.000 mill\u00f3ns Os bimbios [&hellip;]","og_url":"https:\/\/blog.redeacampa.org\/gl\/a-rede-acampa-reclama-aos-grupos-parlamentarios-galegos-o-seu-aval-para-o-reconecemento-da-figura-de-persoa-refuxiada-por-cambio-climatico\/","og_site_name":"Rede Acampa - Por la paz y el derecho a refugio","article_publisher":"https:\/\/www.facebook.com\/acampapolapazeodereitoarefuxio","article_published_time":"2021-02-12T10:14:04+00:00","og_image":[{"width":2560,"height":1703,"url":"https:\/\/blog.redeacampa.org\/wp-content\/uploads\/Grassani-3-scaled.jpg","type":"image\/jpeg"}],"author":"Comunicaci\u00f3n","twitter_card":"summary_large_image","twitter_creator":"@Acampa_polapaz","twitter_site":"@Acampa_polapaz","twitter_misc":{"Escrito por":"Comunicaci\u00f3n","Tempo de lectura":"3 minutos"},"schema":{"@context":"https:\/\/schema.org","@graph":[{"@type":"Article","@id":"https:\/\/blog.redeacampa.org\/gl\/a-rede-acampa-reclama-aos-grupos-parlamentarios-galegos-o-seu-aval-para-o-reconecemento-da-figura-de-persoa-refuxiada-por-cambio-climatico\/#article","isPartOf":{"@id":"https:\/\/blog.redeacampa.org\/gl\/a-rede-acampa-reclama-aos-grupos-parlamentarios-galegos-o-seu-aval-para-o-reconecemento-da-figura-de-persoa-refuxiada-por-cambio-climatico\/"},"author":{"name":"Comunicaci\u00f3n","@id":"https:\/\/blog.redeacampa.org\/gl\/#\/schema\/person\/4af0729a8614cbed1e7078bcc7be966b"},"headline":"A REDE ACAMPA RECLAMA AOS GRUPOS PARLAMENTARIOS GALEGOS O SEU AVAL PARA O RECO\u00d1ECEMENTO DA FIGURA DE PERSOA REFUXIADA POR CAMBIO CLIM\u00c1TICO","datePublished":"2021-02-12T10:14:04+00:00","mainEntityOfPage":{"@id":"https:\/\/blog.redeacampa.org\/gl\/a-rede-acampa-reclama-aos-grupos-parlamentarios-galegos-o-seu-aval-para-o-reconecemento-da-figura-de-persoa-refuxiada-por-cambio-climatico\/"},"wordCount":609,"commentCount":0,"image":{"@id":"https:\/\/blog.redeacampa.org\/gl\/a-rede-acampa-reclama-aos-grupos-parlamentarios-galegos-o-seu-aval-para-o-reconecemento-da-figura-de-persoa-refuxiada-por-cambio-climatico\/#primaryimage"},"thumbnailUrl":"https:\/\/blog.redeacampa.org\/wp-content\/uploads\/Grassani-3-scaled.jpg","keywords":["Cambio Clim\u00e1tico","Crise clim\u00e1tica","deforestaci\u00f3n","dereito a refuxio","Dereitos Humanos","migraci\u00f3ns","refuxiadas","refuxiado clim\u00e1tico"],"articleSection":["Presentacios"],"inLanguage":"gl-ES","potentialAction":[{"@type":"CommentAction","name":"Comment","target":["https:\/\/blog.redeacampa.org\/gl\/a-rede-acampa-reclama-aos-grupos-parlamentarios-galegos-o-seu-aval-para-o-reconecemento-da-figura-de-persoa-refuxiada-por-cambio-climatico\/#respond"]}]},{"@type":"WebPage","@id":"https:\/\/blog.redeacampa.org\/gl\/a-rede-acampa-reclama-aos-grupos-parlamentarios-galegos-o-seu-aval-para-o-reconecemento-da-figura-de-persoa-refuxiada-por-cambio-climatico\/","url":"https:\/\/blog.redeacampa.org\/gl\/a-rede-acampa-reclama-aos-grupos-parlamentarios-galegos-o-seu-aval-para-o-reconecemento-da-figura-de-persoa-refuxiada-por-cambio-climatico\/","name":"A REDE ACAMPA RECLAMA AOS GRUPOS PARLAMENTARIOS GALEGOS O SEU AVAL PARA O RECO\u00d1ECEMENTO DA FIGURA DE PERSOA REFUXIADA POR CAMBIO CLIM\u00c1TICO | Rede Acampa - Por la paz y el derecho a refugio","isPartOf":{"@id":"https:\/\/blog.redeacampa.org\/gl\/#website"},"primaryImageOfPage":{"@id":"https:\/\/blog.redeacampa.org\/gl\/a-rede-acampa-reclama-aos-grupos-parlamentarios-galegos-o-seu-aval-para-o-reconecemento-da-figura-de-persoa-refuxiada-por-cambio-climatico\/#primaryimage"},"image":{"@id":"https:\/\/blog.redeacampa.org\/gl\/a-rede-acampa-reclama-aos-grupos-parlamentarios-galegos-o-seu-aval-para-o-reconecemento-da-figura-de-persoa-refuxiada-por-cambio-climatico\/#primaryimage"},"thumbnailUrl":"https:\/\/blog.redeacampa.org\/wp-content\/uploads\/Grassani-3-scaled.jpg","datePublished":"2021-02-12T10:14:04+00:00","author":{"@id":"https:\/\/blog.redeacampa.org\/gl\/#\/schema\/person\/4af0729a8614cbed1e7078bcc7be966b"},"breadcrumb":{"@id":"https:\/\/blog.redeacampa.org\/gl\/a-rede-acampa-reclama-aos-grupos-parlamentarios-galegos-o-seu-aval-para-o-reconecemento-da-figura-de-persoa-refuxiada-por-cambio-climatico\/#breadcrumb"},"inLanguage":"gl-ES","potentialAction":[{"@type":"ReadAction","target":["https:\/\/blog.redeacampa.org\/gl\/a-rede-acampa-reclama-aos-grupos-parlamentarios-galegos-o-seu-aval-para-o-reconecemento-da-figura-de-persoa-refuxiada-por-cambio-climatico\/"]}]},{"@type":"ImageObject","inLanguage":"gl-ES","@id":"https:\/\/blog.redeacampa.org\/gl\/a-rede-acampa-reclama-aos-grupos-parlamentarios-galegos-o-seu-aval-para-o-reconecemento-da-figura-de-persoa-refuxiada-por-cambio-climatico\/#primaryimage","url":"https:\/\/blog.redeacampa.org\/wp-content\/uploads\/Grassani-3-scaled.jpg","contentUrl":"https:\/\/blog.redeacampa.org\/wp-content\/uploads\/Grassani-3-scaled.jpg","width":2560,"height":1703,"caption":"Ethiopia, Seis village, along the Kenyan-Ethiopian border. These villages\u2019 inhabitants are exhausted because of the continuous lack of rainfalls; they have nothing to eat or drink. Elders and children are those who suffer the most from famine and that risk dying because of their poverty. This shot shows a man struggling to stand on his feet and the signs of famine are not visible on his skeletal body."},{"@type":"BreadcrumbList","@id":"https:\/\/blog.redeacampa.org\/gl\/a-rede-acampa-reclama-aos-grupos-parlamentarios-galegos-o-seu-aval-para-o-reconecemento-da-figura-de-persoa-refuxiada-por-cambio-climatico\/#breadcrumb","itemListElement":[{"@type":"ListItem","position":1,"name":"Portada","item":"https:\/\/blog.redeacampa.org\/gl\/"},{"@type":"ListItem","position":2,"name":"A REDE ACAMPA RECLAMA AOS GRUPOS PARLAMENTARIOS GALEGOS O SEU AVAL PARA O RECO\u00d1ECEMENTO DA FIGURA DE PERSOA REFUXIADA POR CAMBIO CLIM\u00c1TICO"}]},{"@type":"WebSite","@id":"https:\/\/blog.redeacampa.org\/gl\/#website","url":"https:\/\/blog.redeacampa.org\/gl\/","name":"Rede Acampa - Por la paz y el derecho a refugio","description":"Una iniciativa ciudadana sin fines de lucro integrada por colectivos sociales, culturales, educativos, veci\u00f1ales, pol\u00edticos, sindicales, art\u00edsticos, de personas solidarias, de instituciones y empresas con responsabilidad social que tienen como objetivo la defensa de los derechos humanos, el Derecho Internacional Humanitario y el Derecho a Refugio","potentialAction":[{"@type":"SearchAction","target":{"@type":"EntryPoint","urlTemplate":"https:\/\/blog.redeacampa.org\/gl\/?s={search_term_string}"},"query-input":{"@type":"PropertyValueSpecification","valueRequired":true,"valueName":"search_term_string"}}],"inLanguage":"gl-ES"},{"@type":"Person","@id":"https:\/\/blog.redeacampa.org\/gl\/#\/schema\/person\/4af0729a8614cbed1e7078bcc7be966b","name":"Comunicaci\u00f3n","image":{"@type":"ImageObject","inLanguage":"gl-ES","@id":"https:\/\/secure.gravatar.com\/avatar\/8e8fea06f5f2696e331aacd588d2000164152c9aa47459d1e52be3c1ab5f5ca5?s=96&d=mm&r=g","url":"https:\/\/secure.gravatar.com\/avatar\/8e8fea06f5f2696e331aacd588d2000164152c9aa47459d1e52be3c1ab5f5ca5?s=96&d=mm&r=g","contentUrl":"https:\/\/secure.gravatar.com\/avatar\/8e8fea06f5f2696e331aacd588d2000164152c9aa47459d1e52be3c1ab5f5ca5?s=96&d=mm&r=g","caption":"Comunicaci\u00f3n"}}]}},"_links":{"self":[{"href":"https:\/\/blog.redeacampa.org\/gl\/wp-json\/wp\/v2\/posts\/37841","targetHints":{"allow":["GET"]}}],"collection":[{"href":"https:\/\/blog.redeacampa.org\/gl\/wp-json\/wp\/v2\/posts"}],"about":[{"href":"https:\/\/blog.redeacampa.org\/gl\/wp-json\/wp\/v2\/types\/post"}],"author":[{"embeddable":true,"href":"https:\/\/blog.redeacampa.org\/gl\/wp-json\/wp\/v2\/users\/25"}],"replies":[{"embeddable":true,"href":"https:\/\/blog.redeacampa.org\/gl\/wp-json\/wp\/v2\/comments?post=37841"}],"version-history":[{"count":3,"href":"https:\/\/blog.redeacampa.org\/gl\/wp-json\/wp\/v2\/posts\/37841\/revisions"}],"predecessor-version":[{"id":37848,"href":"https:\/\/blog.redeacampa.org\/gl\/wp-json\/wp\/v2\/posts\/37841\/revisions\/37848"}],"wp:featuredmedia":[{"embeddable":true,"href":"https:\/\/blog.redeacampa.org\/gl\/wp-json\/wp\/v2\/media\/37835"}],"wp:attachment":[{"href":"https:\/\/blog.redeacampa.org\/gl\/wp-json\/wp\/v2\/media?parent=37841"}],"wp:term":[{"taxonomy":"category","embeddable":true,"href":"https:\/\/blog.redeacampa.org\/gl\/wp-json\/wp\/v2\/categories?post=37841"},{"taxonomy":"post_tag","embeddable":true,"href":"https:\/\/blog.redeacampa.org\/gl\/wp-json\/wp\/v2\/tags?post=37841"}],"curies":[{"name":"wp","href":"https:\/\/api.w.org\/{rel}","templated":true}]}}