{"id":37928,"date":"2021-05-19T21:42:45","date_gmt":"2021-05-19T19:42:45","guid":{"rendered":"https:\/\/blog.redeacampa.org\/?p=37928"},"modified":"2021-05-20T11:42:11","modified_gmt":"2021-05-20T09:42:11","slug":"a-rede-acampa-insiste-na-necesidade-de-abordar-a-chegada-de-miles-de-migrantes-a-ceuta-sen-que-se-pisen-os-dereitos-humanos-destas-persoas-vulnerables","status":"publish","type":"post","link":"https:\/\/blog.redeacampa.org\/gl\/a-rede-acampa-insiste-na-necesidade-de-abordar-a-chegada-de-miles-de-migrantes-a-ceuta-sen-que-se-pisen-os-dereitos-humanos-destas-persoas-vulnerables\/","title":{"rendered":"A REDE ACAMPA INSISTE NA NECESIDADE DE ABORDAR A CHEGADA DE MILES DE MIGRANTES A CEUTA SEN QUE SE PISEN OS DEREITOS HUMANOS DESTAS PERSOAS VULNERABLES"},"content":{"rendered":"<p>Foto: Sergi C\u00e1mara<\/p>\n<ul>\n<li><em>Mentres a diplomacia e a pol\u00edtica res\u00f3lveno, non se poden permitir nin as devoluci\u00f3ns en quente nin a precariedade nos medios de atenci\u00f3n a estes seres humanos<\/em><\/li>\n<li><em>A cidade aut\u00f3noma \u00e9 a porta de Europa. Por iso a soluci\u00f3n a esta crise creada polo reino de Marrocos como resposta \u00e1 atenci\u00f3n sanitaria que Espa\u00f1a est\u00e1 a prestar ao responsable da Fronte Polisario non pode ser s\u00f3 responsabilidade do goberno espa\u00f1ol<\/em><\/li>\n<\/ul>\n<p>Dereitos Humanos e Dereito Humanitario. Ese \u00e9 o marco. A chegada masiva de\u00a0 migrantes promovida polo reino de Marrocos como expresi\u00f3n da s\u00faa rabecha porque Espa\u00f1a estea a prestar atenci\u00f3n hospitalaria ao responsable da Fronte Polisario non pode ser abordada f\u00f3ra dese marco, insiste <em>Acampa\u00a0 pola Paz e o\u00a0 Dereito a\u00a0 Refuxio.<\/em> A preocupaci\u00f3n da rede \u00e9 m\u00e1xima tras ver como nestas \u00faltimas horas proced\u00edase \u00e1 \u201cdevoluci\u00f3n en quente\u201d de centos de persoas, moitos deles menores, sen facer ningunha xesti\u00f3n de filiaci\u00f3n para pescudar se ti\u00f1an dereito a ser acollidos e protexidos. As expulsi\u00f3ns en quente non est\u00e1n permitidas por lei e debe individualizarse calquera tipo de medida. As\u00ed o estableceu o Tribunal Europeo de Dereitos Humanos o 13 de febreiro do pasado ano.<\/p>\n<p>Esta vergo\u00f1osa xornada de \u201cportas abertas\u201d do reino\u00a0 alauita, na que usa \u00e1s persoas coma se fosen balas nunha pequena liorta fronteiriza, non pode resolverse cun portazo sen m\u00e1is por parte das autoridades espa\u00f1olas. A linguaxe co que se relatan os acontecementos despersonaliza aos seres humanos protagonistas. O ex\u00e9rcito despr\u00e9gase- como en calquera conflito entre soberan\u00edas- e exhibe material antidisturbios. A diplomacia comeza o seu delicado baile, e os organismos nacionais e supranacionais comunican oficialmente as s\u00faas posturas. Todo iso \u00e9 necesario pero non suficiente. En Ceuta v\u00edvese unha crise humanitaria e eses miles de seres humanos foxen da fame, dos malos tratos, da falta de dereitos, da persecuci\u00f3n. Por iso han ser protexidos. O Dereito Internacional as\u00edstelles.<\/p>\n<p><em>Acampa pola Paz<\/em> lembra, ademais, a responsabilidade internacional no que estes d\u00edas acontece e a permisividade que Espa\u00f1a, Europa e o resto do mundo tiveron e te\u00f1en con Marrocos. Nada \u00e9 de balde. O conflito sobre o Sahara Occidental leva m\u00e1is de catro d\u00e9cadas sen resolver, tempo en que a presi\u00f3n de Marrocos e os intereses empresariais deste e outros moitos pa\u00edses sobre os recursos desa rica \u00e1rea someteu e abandonou \u00e1 s\u00faa sorte ao pobo saharau\u00ed en\u00a0 inhabitables campos de refuxiados. Mentres o valo ao lado espa\u00f1ol suavizaba a s\u00faa est\u00e9tica eliminando as\u00a0 concertinas pola presi\u00f3n social, Espa\u00f1a financiaba a instalaci\u00f3n desas coitelas ao lado marroqu\u00ed, crendo as\u00ed, inxenuamente, avanzar nos medios de contenci\u00f3n. A tensi\u00f3n pola atenci\u00f3n do lider da Fronte Polisario ter\u00edase que haber resolto por v\u00eda diplom\u00e1tica. Pero o rei de Marrocos ti\u00f1a unha arma moito m\u00e1is eficaz e r\u00e1pida, abrir a porta e esperar que Espa\u00f1a e Europa, unha vez m\u00e1is, se sometan aos seus plantexamentos.<\/p>\n<p>Como na realidade canaria dos \u00faltimos meses, desde o movemento <em>Acampa<\/em> insistimos en que a actualidade\u00a0 ceut\u00ed esixe que toda Europa asuma responsablemente a atenci\u00f3n e protecci\u00f3n desas persoas. Espa\u00f1a \u00e9, como Ceuta, unha porta, a s\u00faa porta. Os menores, asistidos polas leis internacionais de protecci\u00f3n, deben ser distribu\u00eddos e atendidos nunha repartici\u00f3n xusta que non faga estalar o sistema de protecci\u00f3n dun s\u00f3 pa\u00eds, neste caso Espa\u00f1a, e non debe ser alimentada a\u00ednda m\u00e1is a xenofobia, sempre famenta. Europa debe esixir, ademais, que EEUU\u00a0 desande os pasos que\u00a0 Trump deu <em>in extremis<\/em> reco\u00f1ecendo a soberan\u00eda de Marrocos sobre o Sahara a poucos d\u00edas de perder as elecci\u00f3ns fronte a\u00a0 Biden. E debe convocarse o\u00a0 referendum sobre o Sahara. Mentres todo iso ocorre, a atenci\u00f3n \u00e1s persoas vulnerables ten que estar na cabeza de calquera actuaci\u00f3n.<\/p>\n","protected":false},"excerpt":{"rendered":"<p>Foto: Sergi C\u00e1mara Mentres a diplomacia e a pol\u00edtica res\u00f3lveno, non se poden permitir nin as devoluci\u00f3ns en quente nin a precariedade nos medios de atenci\u00f3n a estes seres humanos A cidade aut\u00f3noma \u00e9 a porta de Europa. Por iso a soluci\u00f3n a esta crise creada polo reino de Marrocos como resposta \u00e1 atenci\u00f3n sanitaria [&hellip;]<\/p>\n","protected":false},"author":25,"featured_media":37932,"comment_status":"open","ping_status":"open","sticky":false,"template":"","format":"standard","meta":{"_et_pb_use_builder":"","_et_pb_old_content":"","_et_gb_content_width":"","inline_featured_image":false,"footnotes":""},"categories":[1],"tags":[184,88,89,65,98,187,66,87,186,185,62,172,166,107],"class_list":["post-37928","post","type-post","status-publish","format-standard","has-post-thumbnail","hentry","category-presentacios","tag-ceuta","tag-dereito-a-refuxio","tag-dereito-de-asilo","tag-dereitos-humanos","tag-desprazamientos-forzosos","tag-fronteira-sur","tag-inmigracion-gl","tag-inmigrantes","tag-marrocos","tag-melilla","tag-migracions","tag-migrantes-gl","tag-persoas-migrantes","tag-sahara"],"yoast_head":"<!-- This site is optimized with the Yoast SEO plugin v27.4 - https:\/\/yoast.com\/product\/yoast-seo-wordpress\/ -->\n<title>A REDE ACAMPA INSISTE NA NECESIDADE DE ABORDAR A CHEGADA DE MILES DE MIGRANTES A CEUTA SEN QUE SE PISEN OS DEREITOS HUMANOS DESTAS PERSOAS VULNERABLES | Rede Acampa - Por la paz y el derecho a refugio<\/title>\n<meta name=\"robots\" content=\"index, follow, max-snippet:-1, max-image-preview:large, max-video-preview:-1\" \/>\n<link rel=\"canonical\" href=\"https:\/\/blog.redeacampa.org\/gl\/a-rede-acampa-insiste-na-necesidade-de-abordar-a-chegada-de-miles-de-migrantes-a-ceuta-sen-que-se-pisen-os-dereitos-humanos-destas-persoas-vulnerables\/\" \/>\n<meta property=\"og:locale\" content=\"gl_ES\" \/>\n<meta property=\"og:type\" content=\"article\" \/>\n<meta property=\"og:title\" content=\"A REDE ACAMPA INSISTE NA NECESIDADE DE ABORDAR A CHEGADA DE MILES DE MIGRANTES A CEUTA SEN QUE SE PISEN OS DEREITOS HUMANOS DESTAS PERSOAS VULNERABLES | Rede Acampa - Por la paz y el derecho a refugio\" \/>\n<meta property=\"og:description\" content=\"Foto: Sergi C\u00e1mara Mentres a diplomacia e a pol\u00edtica res\u00f3lveno, non se poden permitir nin as devoluci\u00f3ns en quente nin a precariedade nos medios de atenci\u00f3n a estes seres humanos A cidade aut\u00f3noma \u00e9 a porta de Europa. Por iso a soluci\u00f3n a esta crise creada polo reino de Marrocos como resposta \u00e1 atenci\u00f3n sanitaria [&hellip;]\" \/>\n<meta property=\"og:url\" content=\"https:\/\/blog.redeacampa.org\/gl\/a-rede-acampa-insiste-na-necesidade-de-abordar-a-chegada-de-miles-de-migrantes-a-ceuta-sen-que-se-pisen-os-dereitos-humanos-destas-persoas-vulnerables\/\" \/>\n<meta property=\"og:site_name\" content=\"Rede Acampa - Por la paz y el derecho a refugio\" \/>\n<meta property=\"article:publisher\" content=\"https:\/\/www.facebook.com\/acampapolapazeodereitoarefuxio\" \/>\n<meta property=\"article:published_time\" content=\"2021-05-19T19:42:45+00:00\" \/>\n<meta property=\"article:modified_time\" content=\"2021-05-20T09:42:11+00:00\" \/>\n<meta property=\"og:image\" content=\"https:\/\/blog.redeacampa.org\/wp-content\/uploads\/IMG-20210519-WA0002.jpg\" \/>\n\t<meta property=\"og:image:width\" content=\"1134\" \/>\n\t<meta property=\"og:image:height\" content=\"754\" \/>\n\t<meta property=\"og:image:type\" content=\"image\/jpeg\" \/>\n<meta name=\"author\" content=\"Comunicaci\u00f3n\" \/>\n<meta name=\"twitter:card\" content=\"summary_large_image\" \/>\n<meta name=\"twitter:creator\" content=\"@Acampa_polapaz\" \/>\n<meta name=\"twitter:site\" content=\"@Acampa_polapaz\" \/>\n<meta name=\"twitter:label1\" content=\"Escrito por\" \/>\n\t<meta name=\"twitter:data1\" content=\"Comunicaci\u00f3n\" \/>\n\t<meta name=\"twitter:label2\" content=\"Tempo de lectura\" \/>\n\t<meta name=\"twitter:data2\" content=\"3 minutos\" \/>\n<script type=\"application\/ld+json\" class=\"yoast-schema-graph\">{\"@context\":\"https:\\\/\\\/schema.org\",\"@graph\":[{\"@type\":\"Article\",\"@id\":\"https:\\\/\\\/blog.redeacampa.org\\\/gl\\\/a-rede-acampa-insiste-na-necesidade-de-abordar-a-chegada-de-miles-de-migrantes-a-ceuta-sen-que-se-pisen-os-dereitos-humanos-destas-persoas-vulnerables\\\/#article\",\"isPartOf\":{\"@id\":\"https:\\\/\\\/blog.redeacampa.org\\\/gl\\\/a-rede-acampa-insiste-na-necesidade-de-abordar-a-chegada-de-miles-de-migrantes-a-ceuta-sen-que-se-pisen-os-dereitos-humanos-destas-persoas-vulnerables\\\/\"},\"author\":{\"name\":\"Comunicaci\u00f3n\",\"@id\":\"https:\\\/\\\/blog.redeacampa.org\\\/gl\\\/#\\\/schema\\\/person\\\/4af0729a8614cbed1e7078bcc7be966b\"},\"headline\":\"A REDE ACAMPA INSISTE NA NECESIDADE DE ABORDAR A CHEGADA DE MILES DE MIGRANTES A CEUTA SEN QUE SE PISEN OS DEREITOS HUMANOS DESTAS PERSOAS VULNERABLES\",\"datePublished\":\"2021-05-19T19:42:45+00:00\",\"dateModified\":\"2021-05-20T09:42:11+00:00\",\"mainEntityOfPage\":{\"@id\":\"https:\\\/\\\/blog.redeacampa.org\\\/gl\\\/a-rede-acampa-insiste-na-necesidade-de-abordar-a-chegada-de-miles-de-migrantes-a-ceuta-sen-que-se-pisen-os-dereitos-humanos-destas-persoas-vulnerables\\\/\"},\"wordCount\":705,\"commentCount\":0,\"image\":{\"@id\":\"https:\\\/\\\/blog.redeacampa.org\\\/gl\\\/a-rede-acampa-insiste-na-necesidade-de-abordar-a-chegada-de-miles-de-migrantes-a-ceuta-sen-que-se-pisen-os-dereitos-humanos-destas-persoas-vulnerables\\\/#primaryimage\"},\"thumbnailUrl\":\"https:\\\/\\\/blog.redeacampa.org\\\/wp-content\\\/uploads\\\/IMG-20210519-WA0002.jpg\",\"keywords\":[\"Ceuta\",\"dereito a refuxio\",\"dereito de asilo\",\"Dereitos Humanos\",\"desprazamientos forzosos\",\"fronteira Sur\",\"inmigraci\u00f3n\",\"inmigrantes\",\"Marrocos\",\"Melilla\",\"migraci\u00f3ns\",\"migrantes\",\"persoas migrantes\",\"S\u00e1hara\"],\"articleSection\":[\"Presentacios\"],\"inLanguage\":\"gl-ES\",\"potentialAction\":[{\"@type\":\"CommentAction\",\"name\":\"Comment\",\"target\":[\"https:\\\/\\\/blog.redeacampa.org\\\/gl\\\/a-rede-acampa-insiste-na-necesidade-de-abordar-a-chegada-de-miles-de-migrantes-a-ceuta-sen-que-se-pisen-os-dereitos-humanos-destas-persoas-vulnerables\\\/#respond\"]}]},{\"@type\":\"WebPage\",\"@id\":\"https:\\\/\\\/blog.redeacampa.org\\\/gl\\\/a-rede-acampa-insiste-na-necesidade-de-abordar-a-chegada-de-miles-de-migrantes-a-ceuta-sen-que-se-pisen-os-dereitos-humanos-destas-persoas-vulnerables\\\/\",\"url\":\"https:\\\/\\\/blog.redeacampa.org\\\/gl\\\/a-rede-acampa-insiste-na-necesidade-de-abordar-a-chegada-de-miles-de-migrantes-a-ceuta-sen-que-se-pisen-os-dereitos-humanos-destas-persoas-vulnerables\\\/\",\"name\":\"A REDE ACAMPA INSISTE NA NECESIDADE DE ABORDAR A CHEGADA DE MILES DE MIGRANTES A CEUTA SEN QUE SE PISEN OS DEREITOS HUMANOS DESTAS PERSOAS VULNERABLES | Rede Acampa - Por la paz y el derecho a refugio\",\"isPartOf\":{\"@id\":\"https:\\\/\\\/blog.redeacampa.org\\\/gl\\\/#website\"},\"primaryImageOfPage\":{\"@id\":\"https:\\\/\\\/blog.redeacampa.org\\\/gl\\\/a-rede-acampa-insiste-na-necesidade-de-abordar-a-chegada-de-miles-de-migrantes-a-ceuta-sen-que-se-pisen-os-dereitos-humanos-destas-persoas-vulnerables\\\/#primaryimage\"},\"image\":{\"@id\":\"https:\\\/\\\/blog.redeacampa.org\\\/gl\\\/a-rede-acampa-insiste-na-necesidade-de-abordar-a-chegada-de-miles-de-migrantes-a-ceuta-sen-que-se-pisen-os-dereitos-humanos-destas-persoas-vulnerables\\\/#primaryimage\"},\"thumbnailUrl\":\"https:\\\/\\\/blog.redeacampa.org\\\/wp-content\\\/uploads\\\/IMG-20210519-WA0002.jpg\",\"datePublished\":\"2021-05-19T19:42:45+00:00\",\"dateModified\":\"2021-05-20T09:42:11+00:00\",\"author\":{\"@id\":\"https:\\\/\\\/blog.redeacampa.org\\\/gl\\\/#\\\/schema\\\/person\\\/4af0729a8614cbed1e7078bcc7be966b\"},\"breadcrumb\":{\"@id\":\"https:\\\/\\\/blog.redeacampa.org\\\/gl\\\/a-rede-acampa-insiste-na-necesidade-de-abordar-a-chegada-de-miles-de-migrantes-a-ceuta-sen-que-se-pisen-os-dereitos-humanos-destas-persoas-vulnerables\\\/#breadcrumb\"},\"inLanguage\":\"gl-ES\",\"potentialAction\":[{\"@type\":\"ReadAction\",\"target\":[\"https:\\\/\\\/blog.redeacampa.org\\\/gl\\\/a-rede-acampa-insiste-na-necesidade-de-abordar-a-chegada-de-miles-de-migrantes-a-ceuta-sen-que-se-pisen-os-dereitos-humanos-destas-persoas-vulnerables\\\/\"]}]},{\"@type\":\"ImageObject\",\"inLanguage\":\"gl-ES\",\"@id\":\"https:\\\/\\\/blog.redeacampa.org\\\/gl\\\/a-rede-acampa-insiste-na-necesidade-de-abordar-a-chegada-de-miles-de-migrantes-a-ceuta-sen-que-se-pisen-os-dereitos-humanos-destas-persoas-vulnerables\\\/#primaryimage\",\"url\":\"https:\\\/\\\/blog.redeacampa.org\\\/wp-content\\\/uploads\\\/IMG-20210519-WA0002.jpg\",\"contentUrl\":\"https:\\\/\\\/blog.redeacampa.org\\\/wp-content\\\/uploads\\\/IMG-20210519-WA0002.jpg\",\"width\":1134,\"height\":754},{\"@type\":\"BreadcrumbList\",\"@id\":\"https:\\\/\\\/blog.redeacampa.org\\\/gl\\\/a-rede-acampa-insiste-na-necesidade-de-abordar-a-chegada-de-miles-de-migrantes-a-ceuta-sen-que-se-pisen-os-dereitos-humanos-destas-persoas-vulnerables\\\/#breadcrumb\",\"itemListElement\":[{\"@type\":\"ListItem\",\"position\":1,\"name\":\"Portada\",\"item\":\"https:\\\/\\\/blog.redeacampa.org\\\/gl\\\/\"},{\"@type\":\"ListItem\",\"position\":2,\"name\":\"A REDE ACAMPA INSISTE NA NECESIDADE DE ABORDAR A CHEGADA DE MILES DE MIGRANTES A CEUTA SEN QUE SE PISEN OS DEREITOS HUMANOS DESTAS PERSOAS VULNERABLES\"}]},{\"@type\":\"WebSite\",\"@id\":\"https:\\\/\\\/blog.redeacampa.org\\\/gl\\\/#website\",\"url\":\"https:\\\/\\\/blog.redeacampa.org\\\/gl\\\/\",\"name\":\"Rede Acampa - Por la paz y el derecho a refugio\",\"description\":\"Una iniciativa ciudadana sin fines de lucro integrada por colectivos sociales, culturales, educativos, veci\u00f1ales, pol\u00edticos, sindicales, art\u00edsticos, de personas solidarias, de instituciones y empresas con responsabilidad social que tienen como objetivo la defensa de los derechos humanos, el Derecho Internacional Humanitario y el Derecho a Refugio\",\"potentialAction\":[{\"@type\":\"SearchAction\",\"target\":{\"@type\":\"EntryPoint\",\"urlTemplate\":\"https:\\\/\\\/blog.redeacampa.org\\\/gl\\\/?s={search_term_string}\"},\"query-input\":{\"@type\":\"PropertyValueSpecification\",\"valueRequired\":true,\"valueName\":\"search_term_string\"}}],\"inLanguage\":\"gl-ES\"},{\"@type\":\"Person\",\"@id\":\"https:\\\/\\\/blog.redeacampa.org\\\/gl\\\/#\\\/schema\\\/person\\\/4af0729a8614cbed1e7078bcc7be966b\",\"name\":\"Comunicaci\u00f3n\",\"image\":{\"@type\":\"ImageObject\",\"inLanguage\":\"gl-ES\",\"@id\":\"https:\\\/\\\/secure.gravatar.com\\\/avatar\\\/8e8fea06f5f2696e331aacd588d2000164152c9aa47459d1e52be3c1ab5f5ca5?s=96&d=mm&r=g\",\"url\":\"https:\\\/\\\/secure.gravatar.com\\\/avatar\\\/8e8fea06f5f2696e331aacd588d2000164152c9aa47459d1e52be3c1ab5f5ca5?s=96&d=mm&r=g\",\"contentUrl\":\"https:\\\/\\\/secure.gravatar.com\\\/avatar\\\/8e8fea06f5f2696e331aacd588d2000164152c9aa47459d1e52be3c1ab5f5ca5?s=96&d=mm&r=g\",\"caption\":\"Comunicaci\u00f3n\"}}]}<\/script>\n<!-- \/ Yoast SEO plugin. -->","yoast_head_json":{"title":"A REDE ACAMPA INSISTE NA NECESIDADE DE ABORDAR A CHEGADA DE MILES DE MIGRANTES A CEUTA SEN QUE SE PISEN OS DEREITOS HUMANOS DESTAS PERSOAS VULNERABLES | Rede Acampa - Por la paz y el derecho a refugio","robots":{"index":"index","follow":"follow","max-snippet":"max-snippet:-1","max-image-preview":"max-image-preview:large","max-video-preview":"max-video-preview:-1"},"canonical":"https:\/\/blog.redeacampa.org\/gl\/a-rede-acampa-insiste-na-necesidade-de-abordar-a-chegada-de-miles-de-migrantes-a-ceuta-sen-que-se-pisen-os-dereitos-humanos-destas-persoas-vulnerables\/","og_locale":"gl_ES","og_type":"article","og_title":"A REDE ACAMPA INSISTE NA NECESIDADE DE ABORDAR A CHEGADA DE MILES DE MIGRANTES A CEUTA SEN QUE SE PISEN OS DEREITOS HUMANOS DESTAS PERSOAS VULNERABLES | Rede Acampa - Por la paz y el derecho a refugio","og_description":"Foto: Sergi C\u00e1mara Mentres a diplomacia e a pol\u00edtica res\u00f3lveno, non se poden permitir nin as devoluci\u00f3ns en quente nin a precariedade nos medios de atenci\u00f3n a estes seres humanos A cidade aut\u00f3noma \u00e9 a porta de Europa. Por iso a soluci\u00f3n a esta crise creada polo reino de Marrocos como resposta \u00e1 atenci\u00f3n sanitaria [&hellip;]","og_url":"https:\/\/blog.redeacampa.org\/gl\/a-rede-acampa-insiste-na-necesidade-de-abordar-a-chegada-de-miles-de-migrantes-a-ceuta-sen-que-se-pisen-os-dereitos-humanos-destas-persoas-vulnerables\/","og_site_name":"Rede Acampa - Por la paz y el derecho a refugio","article_publisher":"https:\/\/www.facebook.com\/acampapolapazeodereitoarefuxio","article_published_time":"2021-05-19T19:42:45+00:00","article_modified_time":"2021-05-20T09:42:11+00:00","og_image":[{"width":1134,"height":754,"url":"https:\/\/blog.redeacampa.org\/wp-content\/uploads\/IMG-20210519-WA0002.jpg","type":"image\/jpeg"}],"author":"Comunicaci\u00f3n","twitter_card":"summary_large_image","twitter_creator":"@Acampa_polapaz","twitter_site":"@Acampa_polapaz","twitter_misc":{"Escrito por":"Comunicaci\u00f3n","Tempo de lectura":"3 minutos"},"schema":{"@context":"https:\/\/schema.org","@graph":[{"@type":"Article","@id":"https:\/\/blog.redeacampa.org\/gl\/a-rede-acampa-insiste-na-necesidade-de-abordar-a-chegada-de-miles-de-migrantes-a-ceuta-sen-que-se-pisen-os-dereitos-humanos-destas-persoas-vulnerables\/#article","isPartOf":{"@id":"https:\/\/blog.redeacampa.org\/gl\/a-rede-acampa-insiste-na-necesidade-de-abordar-a-chegada-de-miles-de-migrantes-a-ceuta-sen-que-se-pisen-os-dereitos-humanos-destas-persoas-vulnerables\/"},"author":{"name":"Comunicaci\u00f3n","@id":"https:\/\/blog.redeacampa.org\/gl\/#\/schema\/person\/4af0729a8614cbed1e7078bcc7be966b"},"headline":"A REDE ACAMPA INSISTE NA NECESIDADE DE ABORDAR A CHEGADA DE MILES DE MIGRANTES A CEUTA SEN QUE SE PISEN OS DEREITOS HUMANOS DESTAS PERSOAS VULNERABLES","datePublished":"2021-05-19T19:42:45+00:00","dateModified":"2021-05-20T09:42:11+00:00","mainEntityOfPage":{"@id":"https:\/\/blog.redeacampa.org\/gl\/a-rede-acampa-insiste-na-necesidade-de-abordar-a-chegada-de-miles-de-migrantes-a-ceuta-sen-que-se-pisen-os-dereitos-humanos-destas-persoas-vulnerables\/"},"wordCount":705,"commentCount":0,"image":{"@id":"https:\/\/blog.redeacampa.org\/gl\/a-rede-acampa-insiste-na-necesidade-de-abordar-a-chegada-de-miles-de-migrantes-a-ceuta-sen-que-se-pisen-os-dereitos-humanos-destas-persoas-vulnerables\/#primaryimage"},"thumbnailUrl":"https:\/\/blog.redeacampa.org\/wp-content\/uploads\/IMG-20210519-WA0002.jpg","keywords":["Ceuta","dereito a refuxio","dereito de asilo","Dereitos Humanos","desprazamientos forzosos","fronteira Sur","inmigraci\u00f3n","inmigrantes","Marrocos","Melilla","migraci\u00f3ns","migrantes","persoas migrantes","S\u00e1hara"],"articleSection":["Presentacios"],"inLanguage":"gl-ES","potentialAction":[{"@type":"CommentAction","name":"Comment","target":["https:\/\/blog.redeacampa.org\/gl\/a-rede-acampa-insiste-na-necesidade-de-abordar-a-chegada-de-miles-de-migrantes-a-ceuta-sen-que-se-pisen-os-dereitos-humanos-destas-persoas-vulnerables\/#respond"]}]},{"@type":"WebPage","@id":"https:\/\/blog.redeacampa.org\/gl\/a-rede-acampa-insiste-na-necesidade-de-abordar-a-chegada-de-miles-de-migrantes-a-ceuta-sen-que-se-pisen-os-dereitos-humanos-destas-persoas-vulnerables\/","url":"https:\/\/blog.redeacampa.org\/gl\/a-rede-acampa-insiste-na-necesidade-de-abordar-a-chegada-de-miles-de-migrantes-a-ceuta-sen-que-se-pisen-os-dereitos-humanos-destas-persoas-vulnerables\/","name":"A REDE ACAMPA INSISTE NA NECESIDADE DE ABORDAR A CHEGADA DE MILES DE MIGRANTES A CEUTA SEN QUE SE PISEN OS DEREITOS HUMANOS DESTAS PERSOAS VULNERABLES | Rede Acampa - Por la paz y el derecho a refugio","isPartOf":{"@id":"https:\/\/blog.redeacampa.org\/gl\/#website"},"primaryImageOfPage":{"@id":"https:\/\/blog.redeacampa.org\/gl\/a-rede-acampa-insiste-na-necesidade-de-abordar-a-chegada-de-miles-de-migrantes-a-ceuta-sen-que-se-pisen-os-dereitos-humanos-destas-persoas-vulnerables\/#primaryimage"},"image":{"@id":"https:\/\/blog.redeacampa.org\/gl\/a-rede-acampa-insiste-na-necesidade-de-abordar-a-chegada-de-miles-de-migrantes-a-ceuta-sen-que-se-pisen-os-dereitos-humanos-destas-persoas-vulnerables\/#primaryimage"},"thumbnailUrl":"https:\/\/blog.redeacampa.org\/wp-content\/uploads\/IMG-20210519-WA0002.jpg","datePublished":"2021-05-19T19:42:45+00:00","dateModified":"2021-05-20T09:42:11+00:00","author":{"@id":"https:\/\/blog.redeacampa.org\/gl\/#\/schema\/person\/4af0729a8614cbed1e7078bcc7be966b"},"breadcrumb":{"@id":"https:\/\/blog.redeacampa.org\/gl\/a-rede-acampa-insiste-na-necesidade-de-abordar-a-chegada-de-miles-de-migrantes-a-ceuta-sen-que-se-pisen-os-dereitos-humanos-destas-persoas-vulnerables\/#breadcrumb"},"inLanguage":"gl-ES","potentialAction":[{"@type":"ReadAction","target":["https:\/\/blog.redeacampa.org\/gl\/a-rede-acampa-insiste-na-necesidade-de-abordar-a-chegada-de-miles-de-migrantes-a-ceuta-sen-que-se-pisen-os-dereitos-humanos-destas-persoas-vulnerables\/"]}]},{"@type":"ImageObject","inLanguage":"gl-ES","@id":"https:\/\/blog.redeacampa.org\/gl\/a-rede-acampa-insiste-na-necesidade-de-abordar-a-chegada-de-miles-de-migrantes-a-ceuta-sen-que-se-pisen-os-dereitos-humanos-destas-persoas-vulnerables\/#primaryimage","url":"https:\/\/blog.redeacampa.org\/wp-content\/uploads\/IMG-20210519-WA0002.jpg","contentUrl":"https:\/\/blog.redeacampa.org\/wp-content\/uploads\/IMG-20210519-WA0002.jpg","width":1134,"height":754},{"@type":"BreadcrumbList","@id":"https:\/\/blog.redeacampa.org\/gl\/a-rede-acampa-insiste-na-necesidade-de-abordar-a-chegada-de-miles-de-migrantes-a-ceuta-sen-que-se-pisen-os-dereitos-humanos-destas-persoas-vulnerables\/#breadcrumb","itemListElement":[{"@type":"ListItem","position":1,"name":"Portada","item":"https:\/\/blog.redeacampa.org\/gl\/"},{"@type":"ListItem","position":2,"name":"A REDE ACAMPA INSISTE NA NECESIDADE DE ABORDAR A CHEGADA DE MILES DE MIGRANTES A CEUTA SEN QUE SE PISEN OS DEREITOS HUMANOS DESTAS PERSOAS VULNERABLES"}]},{"@type":"WebSite","@id":"https:\/\/blog.redeacampa.org\/gl\/#website","url":"https:\/\/blog.redeacampa.org\/gl\/","name":"Rede Acampa - Por la paz y el derecho a refugio","description":"Una iniciativa ciudadana sin fines de lucro integrada por colectivos sociales, culturales, educativos, veci\u00f1ales, pol\u00edticos, sindicales, art\u00edsticos, de personas solidarias, de instituciones y empresas con responsabilidad social que tienen como objetivo la defensa de los derechos humanos, el Derecho Internacional Humanitario y el Derecho a Refugio","potentialAction":[{"@type":"SearchAction","target":{"@type":"EntryPoint","urlTemplate":"https:\/\/blog.redeacampa.org\/gl\/?s={search_term_string}"},"query-input":{"@type":"PropertyValueSpecification","valueRequired":true,"valueName":"search_term_string"}}],"inLanguage":"gl-ES"},{"@type":"Person","@id":"https:\/\/blog.redeacampa.org\/gl\/#\/schema\/person\/4af0729a8614cbed1e7078bcc7be966b","name":"Comunicaci\u00f3n","image":{"@type":"ImageObject","inLanguage":"gl-ES","@id":"https:\/\/secure.gravatar.com\/avatar\/8e8fea06f5f2696e331aacd588d2000164152c9aa47459d1e52be3c1ab5f5ca5?s=96&d=mm&r=g","url":"https:\/\/secure.gravatar.com\/avatar\/8e8fea06f5f2696e331aacd588d2000164152c9aa47459d1e52be3c1ab5f5ca5?s=96&d=mm&r=g","contentUrl":"https:\/\/secure.gravatar.com\/avatar\/8e8fea06f5f2696e331aacd588d2000164152c9aa47459d1e52be3c1ab5f5ca5?s=96&d=mm&r=g","caption":"Comunicaci\u00f3n"}}]}},"_links":{"self":[{"href":"https:\/\/blog.redeacampa.org\/gl\/wp-json\/wp\/v2\/posts\/37928","targetHints":{"allow":["GET"]}}],"collection":[{"href":"https:\/\/blog.redeacampa.org\/gl\/wp-json\/wp\/v2\/posts"}],"about":[{"href":"https:\/\/blog.redeacampa.org\/gl\/wp-json\/wp\/v2\/types\/post"}],"author":[{"embeddable":true,"href":"https:\/\/blog.redeacampa.org\/gl\/wp-json\/wp\/v2\/users\/25"}],"replies":[{"embeddable":true,"href":"https:\/\/blog.redeacampa.org\/gl\/wp-json\/wp\/v2\/comments?post=37928"}],"version-history":[{"count":6,"href":"https:\/\/blog.redeacampa.org\/gl\/wp-json\/wp\/v2\/posts\/37928\/revisions"}],"predecessor-version":[{"id":37942,"href":"https:\/\/blog.redeacampa.org\/gl\/wp-json\/wp\/v2\/posts\/37928\/revisions\/37942"}],"wp:featuredmedia":[{"embeddable":true,"href":"https:\/\/blog.redeacampa.org\/gl\/wp-json\/wp\/v2\/media\/37932"}],"wp:attachment":[{"href":"https:\/\/blog.redeacampa.org\/gl\/wp-json\/wp\/v2\/media?parent=37928"}],"wp:term":[{"taxonomy":"category","embeddable":true,"href":"https:\/\/blog.redeacampa.org\/gl\/wp-json\/wp\/v2\/categories?post=37928"},{"taxonomy":"post_tag","embeddable":true,"href":"https:\/\/blog.redeacampa.org\/gl\/wp-json\/wp\/v2\/tags?post=37928"}],"curies":[{"name":"wp","href":"https:\/\/api.w.org\/{rel}","templated":true}]}}