{"id":38033,"date":"2021-09-10T12:00:16","date_gmt":"2021-09-10T10:00:16","guid":{"rendered":"https:\/\/blog.redeacampa.org\/?p=38033"},"modified":"2021-09-10T15:57:00","modified_gmt":"2021-09-10T13:57:00","slug":"acampa-entrega-no-marco-do-v-encontro-internacional-que-se-celebra-na-coruna-os-seus-reconecementos-a-defensa-dos-dereitos-humanos","status":"publish","type":"post","link":"https:\/\/blog.redeacampa.org\/gl\/acampa-entrega-no-marco-do-v-encontro-internacional-que-se-celebra-na-coruna-os-seus-reconecementos-a-defensa-dos-dereitos-humanos\/","title":{"rendered":"ACAMPA ENTREGA, NO MARCO DO V ENCONTRO INTERNACIONAL QUE SE CELEBRA NA CORU\u00d1A, OS SEUS RECO\u00d1ECEMENTOS \u00c1 DEFENSA DOS DEREITOS HUMANOS"},"content":{"rendered":"<ul>\n<li><em>A programaci\u00f3n da xornada incl\u00fae tam\u00e9n a charla\u00a0 da dirixente do MST brasileiro, Marina dos Santos, e do xornalista experto en migraci\u00f3ns e crises humanitarias, Nicol\u00e1s Castellano<\/em><\/li>\n<li><em>Recibir\u00e1n a peza que simboliza este Reco\u00f1ecemento, creada pola escultora Pilar Sub\u00edas, o MST de Brasil, organizaci\u00f3n sobre a que recaeu na s\u00faa versi\u00f3n internacional e o incombustible activista coru\u00f1\u00e9s Nicanor Acosta, destinatario del na categor\u00eda local.<\/em><\/li>\n<li><em>No programa da \u00faltima xornada de Acampa 2021 \u201cA Vida Negada\u201d hai todo un abanico de propostas, entre elas, unha visita guiada coa fotoxornalista Judith Prat \u00e1 s\u00faa exposici\u00f3n \u201c Matria\u201d, proxecci\u00f3ns audiovisuais como \u201c Azur e Asmar\u201d e \u201cMujeres saharau\u00eds, o piar da vida\u201d, a obra de teatro \u201cAtrapadas\u201d, sobre a situaci\u00f3n das mulleres sirias refuxiadas e actuaci\u00f3ns musicais como as de A Bule Quartet e Richi Cas\u00e1s. O acto de clausura (20.30 horas) estar\u00e1 conducido pola actriz galega, Isabel Naveira.<\/em><\/li>\n<\/ul>\n<p>O V Encontro Internacional \u201cA Vida Negada\u201d que se celebra na Coru\u00f1a \u00e9 o marco elixido pola Rede Acampa para entregar os seus primeiros Reco\u00f1ecementos \u00e1 Defensa dos Dereitos Humanos. Ma\u00f1\u00e1 s\u00e1bado, \u00e1s 12.30 horas, no escenario da carpa central, recoller\u00e1 a escultura (obra de <strong>Pilar Sub\u00edas<\/strong>) que simboliza este reco\u00f1ecemento, <strong>Marina dos Santos<\/strong>, membro da direcci\u00f3n nacional do Movimento de Trabalhadores Rur\u00e1is sem Terra ( MST) de Brasil, organizaci\u00f3n na que recaeu a versi\u00f3n internacional. Tam\u00e9n o far\u00e1 o veterano e incansable activista coru\u00f1\u00e9s, <strong>Nicanor Acosta<\/strong>, destinatario del na categor\u00eda local.<\/p>\n<p>Dos Santos ser\u00e1, ademais, unha das protagonistas da charla desta \u00faltima xornada do Encontro Internacional. Falar\u00e1 da labor de recuperaci\u00f3n de terras que realiza o MST para o campesi\u00f1ado do seu pa\u00eds. Compartir\u00e1 mesa co xornalista especializado en desprazamentos forzosos e desastres humanitarios <strong>Nicol\u00e1s Castellano<\/strong>, testemu\u00f1a directa das principais \u201ccrises migratorias\u201d que enfronta o mundo, sobre todo na Uni\u00f3n Europea e en Espa\u00f1a (Lesbos, Lampedusa, Canarias ou Ceuta). O coloquio, \u00e1s sete da tarde, ser\u00e1 moderado pola xornalista de Radio Voz, <strong>Loreto Silvoso<\/strong>. Poder\u00e1 seguirse en directo a trav\u00e9s de <a href=\"https:\/\/www.youtube.com\/watch?v=vef-cYYcRo8&amp;authuser=0\">https:\/\/www.youtube.com\/watch?v=vef-cYYcRo8&amp;authuser=0<\/a><\/p>\n<p>O MST brasileiro \u00e9 un dos movementos sociais m\u00e1is potentes de Am\u00e9rica Latina. Leva desde os anos setenta defendendo o acceso dos e das brasileiras \u00e1 terra, tal e como recolle a Constituci\u00f3n Federal e a Reforma Agraria incumprida. Promove ocupaci\u00f3ns pac\u00edficas (rurais e urbanas), impulsando ao redor delas estruturas c\u00edvicas e sociais funcionais, \u201cacampamentos\u201d, ao longo de todo o pa\u00eds. Nicanor Acosta \u00e9 unha presenza coti\u00e1 en canta causa xusta sae \u00e1 r\u00faa na Coru\u00f1a e Galicia. A voz do activista -82 anos- sempre soa tras o altofalante de toda reivindicaci\u00f3n a favor dos m\u00e1is desfavorecidos. O acto de entrega dos Reco\u00f1ecementos contar\u00e1 coa actuaci\u00f3n musical de <em>A Bule Quartet<\/em> (Xos\u00e9 Taboada, Frankie Lafuente, Sapo e Antonio Ya\u00f1ez).<\/p>\n<p>O programa da \u00faltima xornada do Encontro Internacional Acampa pola Paz incl\u00fae outras moitas propostas. Ademais dunha visita guiada (11.30 horas) ao campo simulado, ao longo da ma\u00f1\u00e1 haber\u00e1 tam\u00e9n xogos de mesa no Kiosco Alfonso (11\/ 12.30 horas), que da man de Amnist\u00eda Internacional visibilizan a situaci\u00f3n das persoas refuxiadas no mundo, ou a proxecci\u00f3n de cinema infantil \u201c Azur e Asmar\u201d (12.30,\u00a0 tam\u00e9n no Kiosco Alfonso), que organiza a ONG Aire. Na caseta de Greenpeace, unha mostra de carteis\u00a0 percorre o espolio de recursos no continente africano, unha das causas principais da migraci\u00f3n que chega as nosas costas na procura de futuro.<\/p>\n<p><strong>\u201cMatria\u201d de Judith Prat<\/strong><\/p>\n<p>O colof\u00f3n da ma\u00f1\u00e1 ser\u00e1 unha visita guiada coa fotoxornalista <strong>Judith Prat<\/strong> pola s\u00faa exposici\u00f3n \u201cMatria\u201d, un relato visual da situaci\u00f3n do campesi\u00f1ado no mundo e un berro de alerta diante as agresi\u00f3ns que sofre a \u201cnai terra\u201d por mor dos intereses transnacionais da agroindustria ou a gran miner\u00eda, e contra as violaci\u00f3ns dos Dereitos Humanos que esta explotaci\u00f3n intensiva xera. \u00c9, ademais, unha homenaxe \u00e1 muller campesi\u00f1a, alma mater da agricultura familiar que, en toda a xeograf\u00eda do planeta, garante a seguridade e a soberan\u00eda alimentaria.<\/p>\n<p>As actividades da tarde comezar\u00e1n \u00e1s 16 horas (carpa central) coa posta en escena, da peza teatral \u201cAtrapadas\u201d, de Maquinaria Teatro. As actrices ferrol\u00e1s <strong>Eugenia Sanmart\u00edn<\/strong> e <strong>Helga M\u00e9ndez<\/strong> p\u00f3\u00f1ense na pel de mulleres sirias refuxiadas no Pireo. A obra est\u00e1 escrita a partir de testemu\u00f1os reais e ten como finalidade visibilizar a situaci\u00f3n das mulleres refuxiadas v\u00edtimas dunha dobre violencia: a que sofren as persoas desprazadas fuxindo dunha guerra e a de x\u00e9nero. No mesmo escenario, \u00e1s 18 horas, os fot\u00f3grafos <strong>Javier Corso<\/strong>, <strong>Xos\u00e9 Abad<\/strong> e <strong>Judith Prat<\/strong> falar\u00e1n en \u201cUnha foto, unha historia\u201d do drama humano que hai detr\u00e1s dunha das imaxes das s\u00faas exposici\u00f3ns, tres das sete que balizan Os Cant\u00f3ns. Poder\u00e1 seguirse na ligaz\u00f3n, <a href=\"https:\/\/www.youtube.com\/watch?v=viPRTtKCbts\">https:\/\/www.youtube.com\/watch?v=viPRTtKCbts<\/a><\/p>\n<p>Unha hora antes, \u00e1s 17 horas, haber\u00e1 tam\u00e9n unha visita guiada \u00e1 exposici\u00f3n \u201cRefuxiadas na sa\u00fade\u201d, no palco da m\u00fasica (Xard\u00edns), e a proxecci\u00f3n do documental \u201cMujeres saharau\u00eds, el pilar de la vida. Hunna Raquizat Alhayat&#8221;, realizados pola creadora galega <strong>Eva Neira Carballo<\/strong> para M\u00e9dicos do Mundo ( MdM). Ambas \u00a0propostas abordan o papel das mulleres como \u201cpiar da vida\u201d nos campamentos de persoas refuxiadas saharau\u00eds do deserto de Alxeria.<\/p>\n<p>Todas estas actividades po\u00f1er\u00e1n fin a Acampa 2021 \u201cA Vida Negada\u201d. O acto de clausura da edici\u00f3n ser\u00e1 conducido, a partir das 20.30 horas, pola actriz galega de series tan co\u00f1ecidas como \u201cMareas Vivas\u201d, \u201cVis a Vis\u201d, \u201cFari\u00f1a\u201d ou \u201cLas chicas del cable\u201d, <strong>Isabel Naveira<\/strong>. Contar\u00e1 coa actuaci\u00f3n musical do saxofonista <strong>Richi Cas\u00e1s<\/strong>. Nunha asemblea que ter\u00e1 lugar tam\u00e9n pola tarde, a rede Acampa decidir\u00e1 o tema central\u00a0 da edici\u00f3n do Encontro Internacional <em>Acampa pola Paz e o Dereito a Refuxio<\/em> 2022.<\/p>\n","protected":false},"excerpt":{"rendered":"<p>A programaci\u00f3n da xornada incl\u00fae tam\u00e9n a charla\u00a0 da dirixente do MST brasileiro, Marina dos Santos, e do xornalista experto en migraci\u00f3ns e crises humanitarias, Nicol\u00e1s Castellano Recibir\u00e1n a peza que simboliza este Reco\u00f1ecemento, creada pola escultora Pilar Sub\u00edas, o MST de Brasil, organizaci\u00f3n sobre a que recaeu na s\u00faa versi\u00f3n internacional e o incombustible [&hellip;]<\/p>\n","protected":false},"author":25,"featured_media":38034,"comment_status":"open","ping_status":"open","sticky":false,"template":"","format":"standard","meta":{"_et_pb_use_builder":"","_et_pb_old_content":"","_et_gb_content_width":"","inline_featured_image":false,"footnotes":""},"categories":[1],"tags":[],"class_list":["post-38033","post","type-post","status-publish","format-standard","has-post-thumbnail","hentry","category-presentacios"],"yoast_head":"<!-- This site is optimized with the Yoast SEO plugin v27.4 - https:\/\/yoast.com\/product\/yoast-seo-wordpress\/ -->\n<title>ACAMPA ENTREGA, NO MARCO DO V ENCONTRO INTERNACIONAL QUE SE CELEBRA NA CORU\u00d1A, OS SEUS RECO\u00d1ECEMENTOS \u00c1 DEFENSA DOS DEREITOS HUMANOS | Rede Acampa - Por la paz y el derecho a refugio<\/title>\n<meta name=\"robots\" content=\"index, follow, max-snippet:-1, max-image-preview:large, max-video-preview:-1\" \/>\n<link rel=\"canonical\" href=\"https:\/\/blog.redeacampa.org\/gl\/acampa-entrega-no-marco-do-v-encontro-internacional-que-se-celebra-na-coruna-os-seus-reconecementos-a-defensa-dos-dereitos-humanos\/\" \/>\n<meta property=\"og:locale\" content=\"gl_ES\" \/>\n<meta property=\"og:type\" content=\"article\" \/>\n<meta property=\"og:title\" content=\"ACAMPA ENTREGA, NO MARCO DO V ENCONTRO INTERNACIONAL QUE SE CELEBRA NA CORU\u00d1A, OS SEUS RECO\u00d1ECEMENTOS \u00c1 DEFENSA DOS DEREITOS HUMANOS | Rede Acampa - Por la paz y el derecho a refugio\" \/>\n<meta property=\"og:description\" content=\"A programaci\u00f3n da xornada incl\u00fae tam\u00e9n a charla\u00a0 da dirixente do MST brasileiro, Marina dos Santos, e do xornalista experto en migraci\u00f3ns e crises humanitarias, Nicol\u00e1s Castellano Recibir\u00e1n a peza que simboliza este Reco\u00f1ecemento, creada pola escultora Pilar Sub\u00edas, o MST de Brasil, organizaci\u00f3n sobre a que recaeu na s\u00faa versi\u00f3n internacional e o incombustible [&hellip;]\" \/>\n<meta property=\"og:url\" content=\"https:\/\/blog.redeacampa.org\/gl\/acampa-entrega-no-marco-do-v-encontro-internacional-que-se-celebra-na-coruna-os-seus-reconecementos-a-defensa-dos-dereitos-humanos\/\" \/>\n<meta property=\"og:site_name\" content=\"Rede Acampa - Por la paz y el derecho a refugio\" \/>\n<meta property=\"article:publisher\" content=\"https:\/\/www.facebook.com\/acampapolapazeodereitoarefuxio\" \/>\n<meta property=\"article:published_time\" content=\"2021-09-10T10:00:16+00:00\" \/>\n<meta property=\"article:modified_time\" content=\"2021-09-10T13:57:00+00:00\" \/>\n<meta property=\"og:image\" content=\"https:\/\/blog.redeacampa.org\/wp-content\/uploads\/Nico-Castellano.jpg\" \/>\n\t<meta property=\"og:image:width\" content=\"467\" \/>\n\t<meta property=\"og:image:height\" content=\"700\" \/>\n\t<meta property=\"og:image:type\" content=\"image\/jpeg\" \/>\n<meta name=\"author\" content=\"Comunicaci\u00f3n\" \/>\n<meta name=\"twitter:card\" content=\"summary_large_image\" \/>\n<meta name=\"twitter:creator\" content=\"@Acampa_polapaz\" \/>\n<meta name=\"twitter:site\" content=\"@Acampa_polapaz\" \/>\n<meta name=\"twitter:label1\" content=\"Escrito por\" \/>\n\t<meta name=\"twitter:data1\" content=\"Comunicaci\u00f3n\" \/>\n\t<meta name=\"twitter:label2\" content=\"Tempo de lectura\" \/>\n\t<meta name=\"twitter:data2\" content=\"4 minutos\" \/>\n<script type=\"application\/ld+json\" class=\"yoast-schema-graph\">{\"@context\":\"https:\\\/\\\/schema.org\",\"@graph\":[{\"@type\":\"Article\",\"@id\":\"https:\\\/\\\/blog.redeacampa.org\\\/gl\\\/acampa-entrega-no-marco-do-v-encontro-internacional-que-se-celebra-na-coruna-os-seus-reconecementos-a-defensa-dos-dereitos-humanos\\\/#article\",\"isPartOf\":{\"@id\":\"https:\\\/\\\/blog.redeacampa.org\\\/gl\\\/acampa-entrega-no-marco-do-v-encontro-internacional-que-se-celebra-na-coruna-os-seus-reconecementos-a-defensa-dos-dereitos-humanos\\\/\"},\"author\":{\"name\":\"Comunicaci\u00f3n\",\"@id\":\"https:\\\/\\\/blog.redeacampa.org\\\/gl\\\/#\\\/schema\\\/person\\\/4af0729a8614cbed1e7078bcc7be966b\"},\"headline\":\"ACAMPA ENTREGA, NO MARCO DO V ENCONTRO INTERNACIONAL QUE SE CELEBRA NA CORU\u00d1A, OS SEUS RECO\u00d1ECEMENTOS \u00c1 DEFENSA DOS DEREITOS HUMANOS\",\"datePublished\":\"2021-09-10T10:00:16+00:00\",\"dateModified\":\"2021-09-10T13:57:00+00:00\",\"mainEntityOfPage\":{\"@id\":\"https:\\\/\\\/blog.redeacampa.org\\\/gl\\\/acampa-entrega-no-marco-do-v-encontro-internacional-que-se-celebra-na-coruna-os-seus-reconecementos-a-defensa-dos-dereitos-humanos\\\/\"},\"wordCount\":1029,\"commentCount\":0,\"image\":{\"@id\":\"https:\\\/\\\/blog.redeacampa.org\\\/gl\\\/acampa-entrega-no-marco-do-v-encontro-internacional-que-se-celebra-na-coruna-os-seus-reconecementos-a-defensa-dos-dereitos-humanos\\\/#primaryimage\"},\"thumbnailUrl\":\"https:\\\/\\\/blog.redeacampa.org\\\/wp-content\\\/uploads\\\/Nico-Castellano.jpg\",\"articleSection\":[\"Presentacios\"],\"inLanguage\":\"gl-ES\",\"potentialAction\":[{\"@type\":\"CommentAction\",\"name\":\"Comment\",\"target\":[\"https:\\\/\\\/blog.redeacampa.org\\\/gl\\\/acampa-entrega-no-marco-do-v-encontro-internacional-que-se-celebra-na-coruna-os-seus-reconecementos-a-defensa-dos-dereitos-humanos\\\/#respond\"]}]},{\"@type\":\"WebPage\",\"@id\":\"https:\\\/\\\/blog.redeacampa.org\\\/gl\\\/acampa-entrega-no-marco-do-v-encontro-internacional-que-se-celebra-na-coruna-os-seus-reconecementos-a-defensa-dos-dereitos-humanos\\\/\",\"url\":\"https:\\\/\\\/blog.redeacampa.org\\\/gl\\\/acampa-entrega-no-marco-do-v-encontro-internacional-que-se-celebra-na-coruna-os-seus-reconecementos-a-defensa-dos-dereitos-humanos\\\/\",\"name\":\"ACAMPA ENTREGA, NO MARCO DO V ENCONTRO INTERNACIONAL QUE SE CELEBRA NA CORU\u00d1A, OS SEUS RECO\u00d1ECEMENTOS \u00c1 DEFENSA DOS DEREITOS HUMANOS | Rede Acampa - Por la paz y el derecho a refugio\",\"isPartOf\":{\"@id\":\"https:\\\/\\\/blog.redeacampa.org\\\/gl\\\/#website\"},\"primaryImageOfPage\":{\"@id\":\"https:\\\/\\\/blog.redeacampa.org\\\/gl\\\/acampa-entrega-no-marco-do-v-encontro-internacional-que-se-celebra-na-coruna-os-seus-reconecementos-a-defensa-dos-dereitos-humanos\\\/#primaryimage\"},\"image\":{\"@id\":\"https:\\\/\\\/blog.redeacampa.org\\\/gl\\\/acampa-entrega-no-marco-do-v-encontro-internacional-que-se-celebra-na-coruna-os-seus-reconecementos-a-defensa-dos-dereitos-humanos\\\/#primaryimage\"},\"thumbnailUrl\":\"https:\\\/\\\/blog.redeacampa.org\\\/wp-content\\\/uploads\\\/Nico-Castellano.jpg\",\"datePublished\":\"2021-09-10T10:00:16+00:00\",\"dateModified\":\"2021-09-10T13:57:00+00:00\",\"author\":{\"@id\":\"https:\\\/\\\/blog.redeacampa.org\\\/gl\\\/#\\\/schema\\\/person\\\/4af0729a8614cbed1e7078bcc7be966b\"},\"breadcrumb\":{\"@id\":\"https:\\\/\\\/blog.redeacampa.org\\\/gl\\\/acampa-entrega-no-marco-do-v-encontro-internacional-que-se-celebra-na-coruna-os-seus-reconecementos-a-defensa-dos-dereitos-humanos\\\/#breadcrumb\"},\"inLanguage\":\"gl-ES\",\"potentialAction\":[{\"@type\":\"ReadAction\",\"target\":[\"https:\\\/\\\/blog.redeacampa.org\\\/gl\\\/acampa-entrega-no-marco-do-v-encontro-internacional-que-se-celebra-na-coruna-os-seus-reconecementos-a-defensa-dos-dereitos-humanos\\\/\"]}]},{\"@type\":\"ImageObject\",\"inLanguage\":\"gl-ES\",\"@id\":\"https:\\\/\\\/blog.redeacampa.org\\\/gl\\\/acampa-entrega-no-marco-do-v-encontro-internacional-que-se-celebra-na-coruna-os-seus-reconecementos-a-defensa-dos-dereitos-humanos\\\/#primaryimage\",\"url\":\"https:\\\/\\\/blog.redeacampa.org\\\/wp-content\\\/uploads\\\/Nico-Castellano.jpg\",\"contentUrl\":\"https:\\\/\\\/blog.redeacampa.org\\\/wp-content\\\/uploads\\\/Nico-Castellano.jpg\",\"width\":467,\"height\":700},{\"@type\":\"BreadcrumbList\",\"@id\":\"https:\\\/\\\/blog.redeacampa.org\\\/gl\\\/acampa-entrega-no-marco-do-v-encontro-internacional-que-se-celebra-na-coruna-os-seus-reconecementos-a-defensa-dos-dereitos-humanos\\\/#breadcrumb\",\"itemListElement\":[{\"@type\":\"ListItem\",\"position\":1,\"name\":\"Portada\",\"item\":\"https:\\\/\\\/blog.redeacampa.org\\\/gl\\\/\"},{\"@type\":\"ListItem\",\"position\":2,\"name\":\"ACAMPA ENTREGA, NO MARCO DO V ENCONTRO INTERNACIONAL QUE SE CELEBRA NA CORU\u00d1A, OS SEUS RECO\u00d1ECEMENTOS \u00c1 DEFENSA DOS DEREITOS HUMANOS\"}]},{\"@type\":\"WebSite\",\"@id\":\"https:\\\/\\\/blog.redeacampa.org\\\/gl\\\/#website\",\"url\":\"https:\\\/\\\/blog.redeacampa.org\\\/gl\\\/\",\"name\":\"Rede Acampa - Por la paz y el derecho a refugio\",\"description\":\"Una iniciativa ciudadana sin fines de lucro integrada por colectivos sociales, culturales, educativos, veci\u00f1ales, pol\u00edticos, sindicales, art\u00edsticos, de personas solidarias, de instituciones y empresas con responsabilidad social que tienen como objetivo la defensa de los derechos humanos, el Derecho Internacional Humanitario y el Derecho a Refugio\",\"potentialAction\":[{\"@type\":\"SearchAction\",\"target\":{\"@type\":\"EntryPoint\",\"urlTemplate\":\"https:\\\/\\\/blog.redeacampa.org\\\/gl\\\/?s={search_term_string}\"},\"query-input\":{\"@type\":\"PropertyValueSpecification\",\"valueRequired\":true,\"valueName\":\"search_term_string\"}}],\"inLanguage\":\"gl-ES\"},{\"@type\":\"Person\",\"@id\":\"https:\\\/\\\/blog.redeacampa.org\\\/gl\\\/#\\\/schema\\\/person\\\/4af0729a8614cbed1e7078bcc7be966b\",\"name\":\"Comunicaci\u00f3n\",\"image\":{\"@type\":\"ImageObject\",\"inLanguage\":\"gl-ES\",\"@id\":\"https:\\\/\\\/secure.gravatar.com\\\/avatar\\\/8e8fea06f5f2696e331aacd588d2000164152c9aa47459d1e52be3c1ab5f5ca5?s=96&d=mm&r=g\",\"url\":\"https:\\\/\\\/secure.gravatar.com\\\/avatar\\\/8e8fea06f5f2696e331aacd588d2000164152c9aa47459d1e52be3c1ab5f5ca5?s=96&d=mm&r=g\",\"contentUrl\":\"https:\\\/\\\/secure.gravatar.com\\\/avatar\\\/8e8fea06f5f2696e331aacd588d2000164152c9aa47459d1e52be3c1ab5f5ca5?s=96&d=mm&r=g\",\"caption\":\"Comunicaci\u00f3n\"}}]}<\/script>\n<!-- \/ Yoast SEO plugin. -->","yoast_head_json":{"title":"ACAMPA ENTREGA, NO MARCO DO V ENCONTRO INTERNACIONAL QUE SE CELEBRA NA CORU\u00d1A, OS SEUS RECO\u00d1ECEMENTOS \u00c1 DEFENSA DOS DEREITOS HUMANOS | Rede Acampa - Por la paz y el derecho a refugio","robots":{"index":"index","follow":"follow","max-snippet":"max-snippet:-1","max-image-preview":"max-image-preview:large","max-video-preview":"max-video-preview:-1"},"canonical":"https:\/\/blog.redeacampa.org\/gl\/acampa-entrega-no-marco-do-v-encontro-internacional-que-se-celebra-na-coruna-os-seus-reconecementos-a-defensa-dos-dereitos-humanos\/","og_locale":"gl_ES","og_type":"article","og_title":"ACAMPA ENTREGA, NO MARCO DO V ENCONTRO INTERNACIONAL QUE SE CELEBRA NA CORU\u00d1A, OS SEUS RECO\u00d1ECEMENTOS \u00c1 DEFENSA DOS DEREITOS HUMANOS | Rede Acampa - Por la paz y el derecho a refugio","og_description":"A programaci\u00f3n da xornada incl\u00fae tam\u00e9n a charla\u00a0 da dirixente do MST brasileiro, Marina dos Santos, e do xornalista experto en migraci\u00f3ns e crises humanitarias, Nicol\u00e1s Castellano Recibir\u00e1n a peza que simboliza este Reco\u00f1ecemento, creada pola escultora Pilar Sub\u00edas, o MST de Brasil, organizaci\u00f3n sobre a que recaeu na s\u00faa versi\u00f3n internacional e o incombustible [&hellip;]","og_url":"https:\/\/blog.redeacampa.org\/gl\/acampa-entrega-no-marco-do-v-encontro-internacional-que-se-celebra-na-coruna-os-seus-reconecementos-a-defensa-dos-dereitos-humanos\/","og_site_name":"Rede Acampa - Por la paz y el derecho a refugio","article_publisher":"https:\/\/www.facebook.com\/acampapolapazeodereitoarefuxio","article_published_time":"2021-09-10T10:00:16+00:00","article_modified_time":"2021-09-10T13:57:00+00:00","og_image":[{"width":467,"height":700,"url":"https:\/\/blog.redeacampa.org\/wp-content\/uploads\/Nico-Castellano.jpg","type":"image\/jpeg"}],"author":"Comunicaci\u00f3n","twitter_card":"summary_large_image","twitter_creator":"@Acampa_polapaz","twitter_site":"@Acampa_polapaz","twitter_misc":{"Escrito por":"Comunicaci\u00f3n","Tempo de lectura":"4 minutos"},"schema":{"@context":"https:\/\/schema.org","@graph":[{"@type":"Article","@id":"https:\/\/blog.redeacampa.org\/gl\/acampa-entrega-no-marco-do-v-encontro-internacional-que-se-celebra-na-coruna-os-seus-reconecementos-a-defensa-dos-dereitos-humanos\/#article","isPartOf":{"@id":"https:\/\/blog.redeacampa.org\/gl\/acampa-entrega-no-marco-do-v-encontro-internacional-que-se-celebra-na-coruna-os-seus-reconecementos-a-defensa-dos-dereitos-humanos\/"},"author":{"name":"Comunicaci\u00f3n","@id":"https:\/\/blog.redeacampa.org\/gl\/#\/schema\/person\/4af0729a8614cbed1e7078bcc7be966b"},"headline":"ACAMPA ENTREGA, NO MARCO DO V ENCONTRO INTERNACIONAL QUE SE CELEBRA NA CORU\u00d1A, OS SEUS RECO\u00d1ECEMENTOS \u00c1 DEFENSA DOS DEREITOS HUMANOS","datePublished":"2021-09-10T10:00:16+00:00","dateModified":"2021-09-10T13:57:00+00:00","mainEntityOfPage":{"@id":"https:\/\/blog.redeacampa.org\/gl\/acampa-entrega-no-marco-do-v-encontro-internacional-que-se-celebra-na-coruna-os-seus-reconecementos-a-defensa-dos-dereitos-humanos\/"},"wordCount":1029,"commentCount":0,"image":{"@id":"https:\/\/blog.redeacampa.org\/gl\/acampa-entrega-no-marco-do-v-encontro-internacional-que-se-celebra-na-coruna-os-seus-reconecementos-a-defensa-dos-dereitos-humanos\/#primaryimage"},"thumbnailUrl":"https:\/\/blog.redeacampa.org\/wp-content\/uploads\/Nico-Castellano.jpg","articleSection":["Presentacios"],"inLanguage":"gl-ES","potentialAction":[{"@type":"CommentAction","name":"Comment","target":["https:\/\/blog.redeacampa.org\/gl\/acampa-entrega-no-marco-do-v-encontro-internacional-que-se-celebra-na-coruna-os-seus-reconecementos-a-defensa-dos-dereitos-humanos\/#respond"]}]},{"@type":"WebPage","@id":"https:\/\/blog.redeacampa.org\/gl\/acampa-entrega-no-marco-do-v-encontro-internacional-que-se-celebra-na-coruna-os-seus-reconecementos-a-defensa-dos-dereitos-humanos\/","url":"https:\/\/blog.redeacampa.org\/gl\/acampa-entrega-no-marco-do-v-encontro-internacional-que-se-celebra-na-coruna-os-seus-reconecementos-a-defensa-dos-dereitos-humanos\/","name":"ACAMPA ENTREGA, NO MARCO DO V ENCONTRO INTERNACIONAL QUE SE CELEBRA NA CORU\u00d1A, OS SEUS RECO\u00d1ECEMENTOS \u00c1 DEFENSA DOS DEREITOS HUMANOS | Rede Acampa - Por la paz y el derecho a refugio","isPartOf":{"@id":"https:\/\/blog.redeacampa.org\/gl\/#website"},"primaryImageOfPage":{"@id":"https:\/\/blog.redeacampa.org\/gl\/acampa-entrega-no-marco-do-v-encontro-internacional-que-se-celebra-na-coruna-os-seus-reconecementos-a-defensa-dos-dereitos-humanos\/#primaryimage"},"image":{"@id":"https:\/\/blog.redeacampa.org\/gl\/acampa-entrega-no-marco-do-v-encontro-internacional-que-se-celebra-na-coruna-os-seus-reconecementos-a-defensa-dos-dereitos-humanos\/#primaryimage"},"thumbnailUrl":"https:\/\/blog.redeacampa.org\/wp-content\/uploads\/Nico-Castellano.jpg","datePublished":"2021-09-10T10:00:16+00:00","dateModified":"2021-09-10T13:57:00+00:00","author":{"@id":"https:\/\/blog.redeacampa.org\/gl\/#\/schema\/person\/4af0729a8614cbed1e7078bcc7be966b"},"breadcrumb":{"@id":"https:\/\/blog.redeacampa.org\/gl\/acampa-entrega-no-marco-do-v-encontro-internacional-que-se-celebra-na-coruna-os-seus-reconecementos-a-defensa-dos-dereitos-humanos\/#breadcrumb"},"inLanguage":"gl-ES","potentialAction":[{"@type":"ReadAction","target":["https:\/\/blog.redeacampa.org\/gl\/acampa-entrega-no-marco-do-v-encontro-internacional-que-se-celebra-na-coruna-os-seus-reconecementos-a-defensa-dos-dereitos-humanos\/"]}]},{"@type":"ImageObject","inLanguage":"gl-ES","@id":"https:\/\/blog.redeacampa.org\/gl\/acampa-entrega-no-marco-do-v-encontro-internacional-que-se-celebra-na-coruna-os-seus-reconecementos-a-defensa-dos-dereitos-humanos\/#primaryimage","url":"https:\/\/blog.redeacampa.org\/wp-content\/uploads\/Nico-Castellano.jpg","contentUrl":"https:\/\/blog.redeacampa.org\/wp-content\/uploads\/Nico-Castellano.jpg","width":467,"height":700},{"@type":"BreadcrumbList","@id":"https:\/\/blog.redeacampa.org\/gl\/acampa-entrega-no-marco-do-v-encontro-internacional-que-se-celebra-na-coruna-os-seus-reconecementos-a-defensa-dos-dereitos-humanos\/#breadcrumb","itemListElement":[{"@type":"ListItem","position":1,"name":"Portada","item":"https:\/\/blog.redeacampa.org\/gl\/"},{"@type":"ListItem","position":2,"name":"ACAMPA ENTREGA, NO MARCO DO V ENCONTRO INTERNACIONAL QUE SE CELEBRA NA CORU\u00d1A, OS SEUS RECO\u00d1ECEMENTOS \u00c1 DEFENSA DOS DEREITOS HUMANOS"}]},{"@type":"WebSite","@id":"https:\/\/blog.redeacampa.org\/gl\/#website","url":"https:\/\/blog.redeacampa.org\/gl\/","name":"Rede Acampa - Por la paz y el derecho a refugio","description":"Una iniciativa ciudadana sin fines de lucro integrada por colectivos sociales, culturales, educativos, veci\u00f1ales, pol\u00edticos, sindicales, art\u00edsticos, de personas solidarias, de instituciones y empresas con responsabilidad social que tienen como objetivo la defensa de los derechos humanos, el Derecho Internacional Humanitario y el Derecho a Refugio","potentialAction":[{"@type":"SearchAction","target":{"@type":"EntryPoint","urlTemplate":"https:\/\/blog.redeacampa.org\/gl\/?s={search_term_string}"},"query-input":{"@type":"PropertyValueSpecification","valueRequired":true,"valueName":"search_term_string"}}],"inLanguage":"gl-ES"},{"@type":"Person","@id":"https:\/\/blog.redeacampa.org\/gl\/#\/schema\/person\/4af0729a8614cbed1e7078bcc7be966b","name":"Comunicaci\u00f3n","image":{"@type":"ImageObject","inLanguage":"gl-ES","@id":"https:\/\/secure.gravatar.com\/avatar\/8e8fea06f5f2696e331aacd588d2000164152c9aa47459d1e52be3c1ab5f5ca5?s=96&d=mm&r=g","url":"https:\/\/secure.gravatar.com\/avatar\/8e8fea06f5f2696e331aacd588d2000164152c9aa47459d1e52be3c1ab5f5ca5?s=96&d=mm&r=g","contentUrl":"https:\/\/secure.gravatar.com\/avatar\/8e8fea06f5f2696e331aacd588d2000164152c9aa47459d1e52be3c1ab5f5ca5?s=96&d=mm&r=g","caption":"Comunicaci\u00f3n"}}]}},"_links":{"self":[{"href":"https:\/\/blog.redeacampa.org\/gl\/wp-json\/wp\/v2\/posts\/38033","targetHints":{"allow":["GET"]}}],"collection":[{"href":"https:\/\/blog.redeacampa.org\/gl\/wp-json\/wp\/v2\/posts"}],"about":[{"href":"https:\/\/blog.redeacampa.org\/gl\/wp-json\/wp\/v2\/types\/post"}],"author":[{"embeddable":true,"href":"https:\/\/blog.redeacampa.org\/gl\/wp-json\/wp\/v2\/users\/25"}],"replies":[{"embeddable":true,"href":"https:\/\/blog.redeacampa.org\/gl\/wp-json\/wp\/v2\/comments?post=38033"}],"version-history":[{"count":1,"href":"https:\/\/blog.redeacampa.org\/gl\/wp-json\/wp\/v2\/posts\/38033\/revisions"}],"predecessor-version":[{"id":38036,"href":"https:\/\/blog.redeacampa.org\/gl\/wp-json\/wp\/v2\/posts\/38033\/revisions\/38036"}],"wp:featuredmedia":[{"embeddable":true,"href":"https:\/\/blog.redeacampa.org\/gl\/wp-json\/wp\/v2\/media\/38034"}],"wp:attachment":[{"href":"https:\/\/blog.redeacampa.org\/gl\/wp-json\/wp\/v2\/media?parent=38033"}],"wp:term":[{"taxonomy":"category","embeddable":true,"href":"https:\/\/blog.redeacampa.org\/gl\/wp-json\/wp\/v2\/categories?post=38033"},{"taxonomy":"post_tag","embeddable":true,"href":"https:\/\/blog.redeacampa.org\/gl\/wp-json\/wp\/v2\/tags?post=38033"}],"curies":[{"name":"wp","href":"https:\/\/api.w.org\/{rel}","templated":true}]}}