{"id":38053,"date":"2021-09-20T12:03:46","date_gmt":"2021-09-20T10:03:46","guid":{"rendered":"https:\/\/blog.redeacampa.org\/?p=38053"},"modified":"2021-09-20T12:03:46","modified_gmt":"2021-09-20T10:03:46","slug":"o-vandalismo-cebase-sobre-a-exposicion-fotografica-a-vida-negada-que-a-rede-acampa-pola-paz-ten-instalada-nos-xardins-de-mendez-nunez-da-coruna","status":"publish","type":"post","link":"https:\/\/blog.redeacampa.org\/gl\/o-vandalismo-cebase-sobre-a-exposicion-fotografica-a-vida-negada-que-a-rede-acampa-pola-paz-ten-instalada-nos-xardins-de-mendez-nunez-da-coruna\/","title":{"rendered":"O VANDALISMO C\u00c9BASE SOBRE A EXPOSICI\u00d3N FOTOGR\u00c1FICA \u201cA VIDA NEGADA\u201d QUE A REDE ACAMPA POLA PAZ TEN INSTALADA NOS XARD\u00cdNS DE M\u00c9NDEZ N\u00da\u00d1EZ DA CORU\u00d1A"},"content":{"rendered":"<ul>\n<li><em>Na \u00faltima semana roubaron varias lonas con imaxes a gran formato, danado outras e dobrado as estruturas met\u00e1licas que as soste\u00f1en.<\/em><\/li>\n<li><em>A mostra, que forma parte do V Encontro Internacional Acampa pola Paz e o\u00a0 Dereito a\u00a0 Refuxio celebrado entre o 9 e o 11 deste mes, pretende sensibilizar sobre os grav\u00edsimos danos que o saqueo de recursos xera nas comunidades locais en distintos puntos do planeta. <\/em><\/li>\n<li><em>\u201cNestes anos e en todas as nosas propostas concienciadoras a cidadan\u00eda coru\u00f1esa deunos exemplos m\u00e1is que sobrados sobre o seu compromiso c\u00edvico e o seu interese por reflexionar ao redor dos Dereitos Humanos e o Dereito a Refuxio, sinalan desde o Movemento Acampa. Por iso resulta m\u00e1is triste se cabe comprobar como a intolerancia ou a irresponsabilidade duns poucos, no medio da noite, furta aos coru\u00f1eses do seu dereito a estar informados e a asomar ao traballo de fotoperiodistas internacionais que nos achegan mundos nos que os dereitos est\u00e1n conculcados.<\/em><\/li>\n<\/ul>\n<p>O vandalismo est\u00e1 a cebarse, noite si, noite tam\u00e9n, coa exposici\u00f3n fotogr\u00e1fica \u201cA vida Negada\u201d que a Rede Acampa despregou nos Xard\u00edns de M\u00e9ndez N\u00fa\u00f1ez no marco do seu V Encontro Internacional Acampa\u00a0 pola Paz e o\u00a0 Dereito a\u00a0 Refuxio. Na \u00faltima semana roubaron varias lonas con imaxes a gran formato, danado ou desprendido outras e mesmo dobrado os resistentes valos met\u00e1licos que lle dan soporte. \u201c\u00c9 bastante desolador\u201d, confesan desde o Movemento Acampa, porque o que nace para convidar \u00e1 cidadan\u00eda a reflexionar sobre os\u00a0 grav\u00edsimos efectos do saqueo de recursos nas comunidades locais de distintos puntos do planeta acaba, inesperadamente, fac\u00e9ndonos reflexionar sobre a sociedade m\u00e1is pr\u00f3xima, sobre eses poucos que cren que \u00e9 unha valent\u00eda levar unha fotograf\u00eda a casa ou que reafirma o seu liderado desprendendo varias ou dobrando os seus soportes.<\/p>\n<p>Desde o Movemento Acampa\u00a0 pola Paz insisten en defender e agradecer o comportamento c\u00edvico dos coru\u00f1eses. \u201cAo longo destes \u00faltimos anos, a cidadan\u00eda coru\u00f1esa deunos exemplos m\u00e1is que sobrados sobre o seu compromiso e o seu interese por reflexionar ao redor das nosas propostas, participando en cada un dos cinco Encontros Internacionais que tivemos. Desde o ano pasado, forzados pola COVID-19, as exposici\u00f3ns fotogr\u00e1ficas sa\u00edron das salas de exposici\u00f3ns e tomaron a r\u00faa, unha f\u00f3rmula ademais que garante que miles de coru\u00f1eses poidan gozalas, poidan reflexionar, durante o seu paseo polo centro. \u201cG\u00fastanos abrir esas xanelas, neste caso aos espazos de espolio, e interpelar \u00e1 cidadan\u00eda\u201d. Sabemos, engaden desde a Rede Acampa, que o\u00a0 \u201co vandalismo non \u00e9 responsabilidade m\u00e1is que do que o practica, pero sen d\u00fabida minim\u00edzase se os que cami\u00f1an ao car\u00f3n desa persoa, con cuxa acci\u00f3n non est\u00e1n de acordo, te\u00f1en a valent\u00eda de cuestionarlle, de afearlle a conduta\u201d.<\/p>\n<p>A Rede Acampa\u00a0 pola Paz \u00e9 unha organizaci\u00f3n sen \u00e1nimo de lucro que na actualidade integra a perto de 70 organizaci\u00f3ns, asociaci\u00f3ns, oenegu\u00e9s que traballan no \u00e1mbito social, as\u00ed como a partidos pol\u00edticos, entidades de todo tipo e particulares sensibles \u00e1 necesidade de defender os Dereitos Humanos e o Dereito a Refuxio. Organizar cada ano o Encontro Internacional no que se enmarca esta proposta expositiva sup\u00f3n moitas horas e moito esforzo de traballo voluntario, desinteresado. Por iso \u00e9 a\u00ednda m\u00e1is doloroso comprobar que esa proposta, asentada no centro da cidade, nun dos xard\u00edns sen d\u00fabida con m\u00e1is vixilancia por c\u00e1maras de toda a cidade, \u00e9 danada unha e outra vez.<\/p>\n<p>Acampa conf\u00eda en que estes ataques deixen de suceder para evitar ter que retirar antes de tempo as exposici\u00f3ns dos\u00a0 fotoperiodistas Judith\u00a0 Prat, Javier Corso, Xos\u00e9 Abad,\u00a0 Akinlunde\u00a0 Akinlenye, Lu\u00eds de Vega,\u00a0 Victor\u00a0 Moriyama e Ernesto\u00a0 Piovano, pois ti\u00f1an previsto manterse ata o d\u00eda 10 de outubro. \u201cO que \u00e9 inviable \u00e9 estar todas as ma\u00f1\u00e1s arranxando as desfeitas, substitu\u00edndo valos ou copiando lonas desaparecidas ou ter que pagar vixiancia nocturna\u201d, concl\u00faen.<\/p>\n","protected":false},"excerpt":{"rendered":"<p>Na \u00faltima semana roubaron varias lonas con imaxes a gran formato, danado outras e dobrado as estruturas met\u00e1licas que as soste\u00f1en. A mostra, que forma parte do V Encontro Internacional Acampa pola Paz e o\u00a0 Dereito a\u00a0 Refuxio celebrado entre o 9 e o 11 deste mes, pretende sensibilizar sobre os grav\u00edsimos danos que o [&hellip;]<\/p>\n","protected":false},"author":25,"featured_media":38056,"comment_status":"open","ping_status":"open","sticky":false,"template":"","format":"standard","meta":{"_et_pb_use_builder":"","_et_pb_old_content":"","_et_gb_content_width":"","inline_featured_image":false,"footnotes":""},"categories":[1],"tags":[103,200,88,89,65,98,50,113,121,102,172,166,165,64,63],"class_list":["post-38053","post","type-post","status-publish","format-standard","has-post-thumbnail","hentry","category-presentacios","tag-a-coruna","tag-acampa-pola-paz","tag-dereito-a-refuxio","tag-dereito-de-asilo","tag-dereitos-humanos","tag-desprazamientos-forzosos","tag-espolio","tag-fotografia-gl","tag-fotos-gl","tag-galicia","tag-migrantes-gl","tag-persoas-migrantes","tag-persoas-refuxiadas","tag-refuxiadas","tag-refuxiados"],"yoast_head":"<!-- This site is optimized with the Yoast SEO plugin v27.4 - https:\/\/yoast.com\/product\/yoast-seo-wordpress\/ -->\n<title>O VANDALISMO C\u00c9BASE SOBRE A EXPOSICI\u00d3N FOTOGR\u00c1FICA \u201cA VIDA NEGADA\u201d QUE A REDE ACAMPA POLA PAZ TEN INSTALADA NOS XARD\u00cdNS DE M\u00c9NDEZ N\u00da\u00d1EZ DA CORU\u00d1A | Rede Acampa - Por la paz y el derecho a refugio<\/title>\n<meta name=\"robots\" content=\"index, follow, max-snippet:-1, max-image-preview:large, max-video-preview:-1\" \/>\n<link rel=\"canonical\" href=\"https:\/\/blog.redeacampa.org\/gl\/o-vandalismo-cebase-sobre-a-exposicion-fotografica-a-vida-negada-que-a-rede-acampa-pola-paz-ten-instalada-nos-xardins-de-mendez-nunez-da-coruna\/\" \/>\n<meta property=\"og:locale\" content=\"gl_ES\" \/>\n<meta property=\"og:type\" content=\"article\" \/>\n<meta property=\"og:title\" content=\"O VANDALISMO C\u00c9BASE SOBRE A EXPOSICI\u00d3N FOTOGR\u00c1FICA \u201cA VIDA NEGADA\u201d QUE A REDE ACAMPA POLA PAZ TEN INSTALADA NOS XARD\u00cdNS DE M\u00c9NDEZ N\u00da\u00d1EZ DA CORU\u00d1A | Rede Acampa - Por la paz y el derecho a refugio\" \/>\n<meta property=\"og:description\" content=\"Na \u00faltima semana roubaron varias lonas con imaxes a gran formato, danado outras e dobrado as estruturas met\u00e1licas que as soste\u00f1en. A mostra, que forma parte do V Encontro Internacional Acampa pola Paz e o\u00a0 Dereito a\u00a0 Refuxio celebrado entre o 9 e o 11 deste mes, pretende sensibilizar sobre os grav\u00edsimos danos que o [&hellip;]\" \/>\n<meta property=\"og:url\" content=\"https:\/\/blog.redeacampa.org\/gl\/o-vandalismo-cebase-sobre-a-exposicion-fotografica-a-vida-negada-que-a-rede-acampa-pola-paz-ten-instalada-nos-xardins-de-mendez-nunez-da-coruna\/\" \/>\n<meta property=\"og:site_name\" content=\"Rede Acampa - Por la paz y el derecho a refugio\" \/>\n<meta property=\"article:publisher\" content=\"https:\/\/www.facebook.com\/acampapolapazeodereitoarefuxio\" \/>\n<meta property=\"article:published_time\" content=\"2021-09-20T10:03:46+00:00\" \/>\n<meta property=\"og:image\" content=\"https:\/\/blog.redeacampa.org\/wp-content\/uploads\/IMG-20210918-WA0000.jpg\" \/>\n\t<meta property=\"og:image:width\" content=\"1920\" \/>\n\t<meta property=\"og:image:height\" content=\"1080\" \/>\n\t<meta property=\"og:image:type\" content=\"image\/jpeg\" \/>\n<meta name=\"author\" content=\"Comunicaci\u00f3n\" \/>\n<meta name=\"twitter:card\" content=\"summary_large_image\" \/>\n<meta name=\"twitter:creator\" content=\"@Acampa_polapaz\" \/>\n<meta name=\"twitter:site\" content=\"@Acampa_polapaz\" \/>\n<meta name=\"twitter:label1\" content=\"Escrito por\" \/>\n\t<meta name=\"twitter:data1\" content=\"Comunicaci\u00f3n\" \/>\n\t<meta name=\"twitter:label2\" content=\"Tempo de lectura\" \/>\n\t<meta name=\"twitter:data2\" content=\"3 minutos\" \/>\n<script type=\"application\/ld+json\" class=\"yoast-schema-graph\">{\"@context\":\"https:\\\/\\\/schema.org\",\"@graph\":[{\"@type\":\"Article\",\"@id\":\"https:\\\/\\\/blog.redeacampa.org\\\/gl\\\/o-vandalismo-cebase-sobre-a-exposicion-fotografica-a-vida-negada-que-a-rede-acampa-pola-paz-ten-instalada-nos-xardins-de-mendez-nunez-da-coruna\\\/#article\",\"isPartOf\":{\"@id\":\"https:\\\/\\\/blog.redeacampa.org\\\/gl\\\/o-vandalismo-cebase-sobre-a-exposicion-fotografica-a-vida-negada-que-a-rede-acampa-pola-paz-ten-instalada-nos-xardins-de-mendez-nunez-da-coruna\\\/\"},\"author\":{\"name\":\"Comunicaci\u00f3n\",\"@id\":\"https:\\\/\\\/blog.redeacampa.org\\\/gl\\\/#\\\/schema\\\/person\\\/4af0729a8614cbed1e7078bcc7be966b\"},\"headline\":\"O VANDALISMO C\u00c9BASE SOBRE A EXPOSICI\u00d3N FOTOGR\u00c1FICA \u201cA VIDA NEGADA\u201d QUE A REDE ACAMPA POLA PAZ TEN INSTALADA NOS XARD\u00cdNS DE M\u00c9NDEZ N\u00da\u00d1EZ DA CORU\u00d1A\",\"datePublished\":\"2021-09-20T10:03:46+00:00\",\"mainEntityOfPage\":{\"@id\":\"https:\\\/\\\/blog.redeacampa.org\\\/gl\\\/o-vandalismo-cebase-sobre-a-exposicion-fotografica-a-vida-negada-que-a-rede-acampa-pola-paz-ten-instalada-nos-xardins-de-mendez-nunez-da-coruna\\\/\"},\"wordCount\":712,\"commentCount\":0,\"image\":{\"@id\":\"https:\\\/\\\/blog.redeacampa.org\\\/gl\\\/o-vandalismo-cebase-sobre-a-exposicion-fotografica-a-vida-negada-que-a-rede-acampa-pola-paz-ten-instalada-nos-xardins-de-mendez-nunez-da-coruna\\\/#primaryimage\"},\"thumbnailUrl\":\"https:\\\/\\\/blog.redeacampa.org\\\/wp-content\\\/uploads\\\/IMG-20210918-WA0000.jpg\",\"keywords\":[\"A Coru\u00f1a\",\"Acampa pola paz\",\"dereito a refuxio\",\"dereito de asilo\",\"Dereitos Humanos\",\"desprazamientos forzosos\",\"Espolio\",\"Fotograf\u00eda\",\"fotos\",\"Galicia\",\"migrantes\",\"persoas migrantes\",\"persoas refuxiadas\",\"refuxiadas\",\"refuxiados\"],\"articleSection\":[\"Presentacios\"],\"inLanguage\":\"gl-ES\",\"potentialAction\":[{\"@type\":\"CommentAction\",\"name\":\"Comment\",\"target\":[\"https:\\\/\\\/blog.redeacampa.org\\\/gl\\\/o-vandalismo-cebase-sobre-a-exposicion-fotografica-a-vida-negada-que-a-rede-acampa-pola-paz-ten-instalada-nos-xardins-de-mendez-nunez-da-coruna\\\/#respond\"]}]},{\"@type\":\"WebPage\",\"@id\":\"https:\\\/\\\/blog.redeacampa.org\\\/gl\\\/o-vandalismo-cebase-sobre-a-exposicion-fotografica-a-vida-negada-que-a-rede-acampa-pola-paz-ten-instalada-nos-xardins-de-mendez-nunez-da-coruna\\\/\",\"url\":\"https:\\\/\\\/blog.redeacampa.org\\\/gl\\\/o-vandalismo-cebase-sobre-a-exposicion-fotografica-a-vida-negada-que-a-rede-acampa-pola-paz-ten-instalada-nos-xardins-de-mendez-nunez-da-coruna\\\/\",\"name\":\"O VANDALISMO C\u00c9BASE SOBRE A EXPOSICI\u00d3N FOTOGR\u00c1FICA \u201cA VIDA NEGADA\u201d QUE A REDE ACAMPA POLA PAZ TEN INSTALADA NOS XARD\u00cdNS DE M\u00c9NDEZ N\u00da\u00d1EZ DA CORU\u00d1A | Rede Acampa - Por la paz y el derecho a refugio\",\"isPartOf\":{\"@id\":\"https:\\\/\\\/blog.redeacampa.org\\\/gl\\\/#website\"},\"primaryImageOfPage\":{\"@id\":\"https:\\\/\\\/blog.redeacampa.org\\\/gl\\\/o-vandalismo-cebase-sobre-a-exposicion-fotografica-a-vida-negada-que-a-rede-acampa-pola-paz-ten-instalada-nos-xardins-de-mendez-nunez-da-coruna\\\/#primaryimage\"},\"image\":{\"@id\":\"https:\\\/\\\/blog.redeacampa.org\\\/gl\\\/o-vandalismo-cebase-sobre-a-exposicion-fotografica-a-vida-negada-que-a-rede-acampa-pola-paz-ten-instalada-nos-xardins-de-mendez-nunez-da-coruna\\\/#primaryimage\"},\"thumbnailUrl\":\"https:\\\/\\\/blog.redeacampa.org\\\/wp-content\\\/uploads\\\/IMG-20210918-WA0000.jpg\",\"datePublished\":\"2021-09-20T10:03:46+00:00\",\"author\":{\"@id\":\"https:\\\/\\\/blog.redeacampa.org\\\/gl\\\/#\\\/schema\\\/person\\\/4af0729a8614cbed1e7078bcc7be966b\"},\"breadcrumb\":{\"@id\":\"https:\\\/\\\/blog.redeacampa.org\\\/gl\\\/o-vandalismo-cebase-sobre-a-exposicion-fotografica-a-vida-negada-que-a-rede-acampa-pola-paz-ten-instalada-nos-xardins-de-mendez-nunez-da-coruna\\\/#breadcrumb\"},\"inLanguage\":\"gl-ES\",\"potentialAction\":[{\"@type\":\"ReadAction\",\"target\":[\"https:\\\/\\\/blog.redeacampa.org\\\/gl\\\/o-vandalismo-cebase-sobre-a-exposicion-fotografica-a-vida-negada-que-a-rede-acampa-pola-paz-ten-instalada-nos-xardins-de-mendez-nunez-da-coruna\\\/\"]}]},{\"@type\":\"ImageObject\",\"inLanguage\":\"gl-ES\",\"@id\":\"https:\\\/\\\/blog.redeacampa.org\\\/gl\\\/o-vandalismo-cebase-sobre-a-exposicion-fotografica-a-vida-negada-que-a-rede-acampa-pola-paz-ten-instalada-nos-xardins-de-mendez-nunez-da-coruna\\\/#primaryimage\",\"url\":\"https:\\\/\\\/blog.redeacampa.org\\\/wp-content\\\/uploads\\\/IMG-20210918-WA0000.jpg\",\"contentUrl\":\"https:\\\/\\\/blog.redeacampa.org\\\/wp-content\\\/uploads\\\/IMG-20210918-WA0000.jpg\",\"width\":1920,\"height\":1080},{\"@type\":\"BreadcrumbList\",\"@id\":\"https:\\\/\\\/blog.redeacampa.org\\\/gl\\\/o-vandalismo-cebase-sobre-a-exposicion-fotografica-a-vida-negada-que-a-rede-acampa-pola-paz-ten-instalada-nos-xardins-de-mendez-nunez-da-coruna\\\/#breadcrumb\",\"itemListElement\":[{\"@type\":\"ListItem\",\"position\":1,\"name\":\"Portada\",\"item\":\"https:\\\/\\\/blog.redeacampa.org\\\/gl\\\/\"},{\"@type\":\"ListItem\",\"position\":2,\"name\":\"O VANDALISMO C\u00c9BASE SOBRE A EXPOSICI\u00d3N FOTOGR\u00c1FICA \u201cA VIDA NEGADA\u201d QUE A REDE ACAMPA POLA PAZ TEN INSTALADA NOS XARD\u00cdNS DE M\u00c9NDEZ N\u00da\u00d1EZ DA CORU\u00d1A\"}]},{\"@type\":\"WebSite\",\"@id\":\"https:\\\/\\\/blog.redeacampa.org\\\/gl\\\/#website\",\"url\":\"https:\\\/\\\/blog.redeacampa.org\\\/gl\\\/\",\"name\":\"Rede Acampa - Por la paz y el derecho a refugio\",\"description\":\"Una iniciativa ciudadana sin fines de lucro integrada por colectivos sociales, culturales, educativos, veci\u00f1ales, pol\u00edticos, sindicales, art\u00edsticos, de personas solidarias, de instituciones y empresas con responsabilidad social que tienen como objetivo la defensa de los derechos humanos, el Derecho Internacional Humanitario y el Derecho a Refugio\",\"potentialAction\":[{\"@type\":\"SearchAction\",\"target\":{\"@type\":\"EntryPoint\",\"urlTemplate\":\"https:\\\/\\\/blog.redeacampa.org\\\/gl\\\/?s={search_term_string}\"},\"query-input\":{\"@type\":\"PropertyValueSpecification\",\"valueRequired\":true,\"valueName\":\"search_term_string\"}}],\"inLanguage\":\"gl-ES\"},{\"@type\":\"Person\",\"@id\":\"https:\\\/\\\/blog.redeacampa.org\\\/gl\\\/#\\\/schema\\\/person\\\/4af0729a8614cbed1e7078bcc7be966b\",\"name\":\"Comunicaci\u00f3n\",\"image\":{\"@type\":\"ImageObject\",\"inLanguage\":\"gl-ES\",\"@id\":\"https:\\\/\\\/secure.gravatar.com\\\/avatar\\\/8e8fea06f5f2696e331aacd588d2000164152c9aa47459d1e52be3c1ab5f5ca5?s=96&d=mm&r=g\",\"url\":\"https:\\\/\\\/secure.gravatar.com\\\/avatar\\\/8e8fea06f5f2696e331aacd588d2000164152c9aa47459d1e52be3c1ab5f5ca5?s=96&d=mm&r=g\",\"contentUrl\":\"https:\\\/\\\/secure.gravatar.com\\\/avatar\\\/8e8fea06f5f2696e331aacd588d2000164152c9aa47459d1e52be3c1ab5f5ca5?s=96&d=mm&r=g\",\"caption\":\"Comunicaci\u00f3n\"}}]}<\/script>\n<!-- \/ Yoast SEO plugin. -->","yoast_head_json":{"title":"O VANDALISMO C\u00c9BASE SOBRE A EXPOSICI\u00d3N FOTOGR\u00c1FICA \u201cA VIDA NEGADA\u201d QUE A REDE ACAMPA POLA PAZ TEN INSTALADA NOS XARD\u00cdNS DE M\u00c9NDEZ N\u00da\u00d1EZ DA CORU\u00d1A | Rede Acampa - Por la paz y el derecho a refugio","robots":{"index":"index","follow":"follow","max-snippet":"max-snippet:-1","max-image-preview":"max-image-preview:large","max-video-preview":"max-video-preview:-1"},"canonical":"https:\/\/blog.redeacampa.org\/gl\/o-vandalismo-cebase-sobre-a-exposicion-fotografica-a-vida-negada-que-a-rede-acampa-pola-paz-ten-instalada-nos-xardins-de-mendez-nunez-da-coruna\/","og_locale":"gl_ES","og_type":"article","og_title":"O VANDALISMO C\u00c9BASE SOBRE A EXPOSICI\u00d3N FOTOGR\u00c1FICA \u201cA VIDA NEGADA\u201d QUE A REDE ACAMPA POLA PAZ TEN INSTALADA NOS XARD\u00cdNS DE M\u00c9NDEZ N\u00da\u00d1EZ DA CORU\u00d1A | Rede Acampa - Por la paz y el derecho a refugio","og_description":"Na \u00faltima semana roubaron varias lonas con imaxes a gran formato, danado outras e dobrado as estruturas met\u00e1licas que as soste\u00f1en. A mostra, que forma parte do V Encontro Internacional Acampa pola Paz e o\u00a0 Dereito a\u00a0 Refuxio celebrado entre o 9 e o 11 deste mes, pretende sensibilizar sobre os grav\u00edsimos danos que o [&hellip;]","og_url":"https:\/\/blog.redeacampa.org\/gl\/o-vandalismo-cebase-sobre-a-exposicion-fotografica-a-vida-negada-que-a-rede-acampa-pola-paz-ten-instalada-nos-xardins-de-mendez-nunez-da-coruna\/","og_site_name":"Rede Acampa - Por la paz y el derecho a refugio","article_publisher":"https:\/\/www.facebook.com\/acampapolapazeodereitoarefuxio","article_published_time":"2021-09-20T10:03:46+00:00","og_image":[{"width":1920,"height":1080,"url":"https:\/\/blog.redeacampa.org\/wp-content\/uploads\/IMG-20210918-WA0000.jpg","type":"image\/jpeg"}],"author":"Comunicaci\u00f3n","twitter_card":"summary_large_image","twitter_creator":"@Acampa_polapaz","twitter_site":"@Acampa_polapaz","twitter_misc":{"Escrito por":"Comunicaci\u00f3n","Tempo de lectura":"3 minutos"},"schema":{"@context":"https:\/\/schema.org","@graph":[{"@type":"Article","@id":"https:\/\/blog.redeacampa.org\/gl\/o-vandalismo-cebase-sobre-a-exposicion-fotografica-a-vida-negada-que-a-rede-acampa-pola-paz-ten-instalada-nos-xardins-de-mendez-nunez-da-coruna\/#article","isPartOf":{"@id":"https:\/\/blog.redeacampa.org\/gl\/o-vandalismo-cebase-sobre-a-exposicion-fotografica-a-vida-negada-que-a-rede-acampa-pola-paz-ten-instalada-nos-xardins-de-mendez-nunez-da-coruna\/"},"author":{"name":"Comunicaci\u00f3n","@id":"https:\/\/blog.redeacampa.org\/gl\/#\/schema\/person\/4af0729a8614cbed1e7078bcc7be966b"},"headline":"O VANDALISMO C\u00c9BASE SOBRE A EXPOSICI\u00d3N FOTOGR\u00c1FICA \u201cA VIDA NEGADA\u201d QUE A REDE ACAMPA POLA PAZ TEN INSTALADA NOS XARD\u00cdNS DE M\u00c9NDEZ N\u00da\u00d1EZ DA CORU\u00d1A","datePublished":"2021-09-20T10:03:46+00:00","mainEntityOfPage":{"@id":"https:\/\/blog.redeacampa.org\/gl\/o-vandalismo-cebase-sobre-a-exposicion-fotografica-a-vida-negada-que-a-rede-acampa-pola-paz-ten-instalada-nos-xardins-de-mendez-nunez-da-coruna\/"},"wordCount":712,"commentCount":0,"image":{"@id":"https:\/\/blog.redeacampa.org\/gl\/o-vandalismo-cebase-sobre-a-exposicion-fotografica-a-vida-negada-que-a-rede-acampa-pola-paz-ten-instalada-nos-xardins-de-mendez-nunez-da-coruna\/#primaryimage"},"thumbnailUrl":"https:\/\/blog.redeacampa.org\/wp-content\/uploads\/IMG-20210918-WA0000.jpg","keywords":["A Coru\u00f1a","Acampa pola paz","dereito a refuxio","dereito de asilo","Dereitos Humanos","desprazamientos forzosos","Espolio","Fotograf\u00eda","fotos","Galicia","migrantes","persoas migrantes","persoas refuxiadas","refuxiadas","refuxiados"],"articleSection":["Presentacios"],"inLanguage":"gl-ES","potentialAction":[{"@type":"CommentAction","name":"Comment","target":["https:\/\/blog.redeacampa.org\/gl\/o-vandalismo-cebase-sobre-a-exposicion-fotografica-a-vida-negada-que-a-rede-acampa-pola-paz-ten-instalada-nos-xardins-de-mendez-nunez-da-coruna\/#respond"]}]},{"@type":"WebPage","@id":"https:\/\/blog.redeacampa.org\/gl\/o-vandalismo-cebase-sobre-a-exposicion-fotografica-a-vida-negada-que-a-rede-acampa-pola-paz-ten-instalada-nos-xardins-de-mendez-nunez-da-coruna\/","url":"https:\/\/blog.redeacampa.org\/gl\/o-vandalismo-cebase-sobre-a-exposicion-fotografica-a-vida-negada-que-a-rede-acampa-pola-paz-ten-instalada-nos-xardins-de-mendez-nunez-da-coruna\/","name":"O VANDALISMO C\u00c9BASE SOBRE A EXPOSICI\u00d3N FOTOGR\u00c1FICA \u201cA VIDA NEGADA\u201d QUE A REDE ACAMPA POLA PAZ TEN INSTALADA NOS XARD\u00cdNS DE M\u00c9NDEZ N\u00da\u00d1EZ DA CORU\u00d1A | Rede Acampa - Por la paz y el derecho a refugio","isPartOf":{"@id":"https:\/\/blog.redeacampa.org\/gl\/#website"},"primaryImageOfPage":{"@id":"https:\/\/blog.redeacampa.org\/gl\/o-vandalismo-cebase-sobre-a-exposicion-fotografica-a-vida-negada-que-a-rede-acampa-pola-paz-ten-instalada-nos-xardins-de-mendez-nunez-da-coruna\/#primaryimage"},"image":{"@id":"https:\/\/blog.redeacampa.org\/gl\/o-vandalismo-cebase-sobre-a-exposicion-fotografica-a-vida-negada-que-a-rede-acampa-pola-paz-ten-instalada-nos-xardins-de-mendez-nunez-da-coruna\/#primaryimage"},"thumbnailUrl":"https:\/\/blog.redeacampa.org\/wp-content\/uploads\/IMG-20210918-WA0000.jpg","datePublished":"2021-09-20T10:03:46+00:00","author":{"@id":"https:\/\/blog.redeacampa.org\/gl\/#\/schema\/person\/4af0729a8614cbed1e7078bcc7be966b"},"breadcrumb":{"@id":"https:\/\/blog.redeacampa.org\/gl\/o-vandalismo-cebase-sobre-a-exposicion-fotografica-a-vida-negada-que-a-rede-acampa-pola-paz-ten-instalada-nos-xardins-de-mendez-nunez-da-coruna\/#breadcrumb"},"inLanguage":"gl-ES","potentialAction":[{"@type":"ReadAction","target":["https:\/\/blog.redeacampa.org\/gl\/o-vandalismo-cebase-sobre-a-exposicion-fotografica-a-vida-negada-que-a-rede-acampa-pola-paz-ten-instalada-nos-xardins-de-mendez-nunez-da-coruna\/"]}]},{"@type":"ImageObject","inLanguage":"gl-ES","@id":"https:\/\/blog.redeacampa.org\/gl\/o-vandalismo-cebase-sobre-a-exposicion-fotografica-a-vida-negada-que-a-rede-acampa-pola-paz-ten-instalada-nos-xardins-de-mendez-nunez-da-coruna\/#primaryimage","url":"https:\/\/blog.redeacampa.org\/wp-content\/uploads\/IMG-20210918-WA0000.jpg","contentUrl":"https:\/\/blog.redeacampa.org\/wp-content\/uploads\/IMG-20210918-WA0000.jpg","width":1920,"height":1080},{"@type":"BreadcrumbList","@id":"https:\/\/blog.redeacampa.org\/gl\/o-vandalismo-cebase-sobre-a-exposicion-fotografica-a-vida-negada-que-a-rede-acampa-pola-paz-ten-instalada-nos-xardins-de-mendez-nunez-da-coruna\/#breadcrumb","itemListElement":[{"@type":"ListItem","position":1,"name":"Portada","item":"https:\/\/blog.redeacampa.org\/gl\/"},{"@type":"ListItem","position":2,"name":"O VANDALISMO C\u00c9BASE SOBRE A EXPOSICI\u00d3N FOTOGR\u00c1FICA \u201cA VIDA NEGADA\u201d QUE A REDE ACAMPA POLA PAZ TEN INSTALADA NOS XARD\u00cdNS DE M\u00c9NDEZ N\u00da\u00d1EZ DA CORU\u00d1A"}]},{"@type":"WebSite","@id":"https:\/\/blog.redeacampa.org\/gl\/#website","url":"https:\/\/blog.redeacampa.org\/gl\/","name":"Rede Acampa - Por la paz y el derecho a refugio","description":"Una iniciativa ciudadana sin fines de lucro integrada por colectivos sociales, culturales, educativos, veci\u00f1ales, pol\u00edticos, sindicales, art\u00edsticos, de personas solidarias, de instituciones y empresas con responsabilidad social que tienen como objetivo la defensa de los derechos humanos, el Derecho Internacional Humanitario y el Derecho a Refugio","potentialAction":[{"@type":"SearchAction","target":{"@type":"EntryPoint","urlTemplate":"https:\/\/blog.redeacampa.org\/gl\/?s={search_term_string}"},"query-input":{"@type":"PropertyValueSpecification","valueRequired":true,"valueName":"search_term_string"}}],"inLanguage":"gl-ES"},{"@type":"Person","@id":"https:\/\/blog.redeacampa.org\/gl\/#\/schema\/person\/4af0729a8614cbed1e7078bcc7be966b","name":"Comunicaci\u00f3n","image":{"@type":"ImageObject","inLanguage":"gl-ES","@id":"https:\/\/secure.gravatar.com\/avatar\/8e8fea06f5f2696e331aacd588d2000164152c9aa47459d1e52be3c1ab5f5ca5?s=96&d=mm&r=g","url":"https:\/\/secure.gravatar.com\/avatar\/8e8fea06f5f2696e331aacd588d2000164152c9aa47459d1e52be3c1ab5f5ca5?s=96&d=mm&r=g","contentUrl":"https:\/\/secure.gravatar.com\/avatar\/8e8fea06f5f2696e331aacd588d2000164152c9aa47459d1e52be3c1ab5f5ca5?s=96&d=mm&r=g","caption":"Comunicaci\u00f3n"}}]}},"_links":{"self":[{"href":"https:\/\/blog.redeacampa.org\/gl\/wp-json\/wp\/v2\/posts\/38053","targetHints":{"allow":["GET"]}}],"collection":[{"href":"https:\/\/blog.redeacampa.org\/gl\/wp-json\/wp\/v2\/posts"}],"about":[{"href":"https:\/\/blog.redeacampa.org\/gl\/wp-json\/wp\/v2\/types\/post"}],"author":[{"embeddable":true,"href":"https:\/\/blog.redeacampa.org\/gl\/wp-json\/wp\/v2\/users\/25"}],"replies":[{"embeddable":true,"href":"https:\/\/blog.redeacampa.org\/gl\/wp-json\/wp\/v2\/comments?post=38053"}],"version-history":[{"count":4,"href":"https:\/\/blog.redeacampa.org\/gl\/wp-json\/wp\/v2\/posts\/38053\/revisions"}],"predecessor-version":[{"id":38063,"href":"https:\/\/blog.redeacampa.org\/gl\/wp-json\/wp\/v2\/posts\/38053\/revisions\/38063"}],"wp:featuredmedia":[{"embeddable":true,"href":"https:\/\/blog.redeacampa.org\/gl\/wp-json\/wp\/v2\/media\/38056"}],"wp:attachment":[{"href":"https:\/\/blog.redeacampa.org\/gl\/wp-json\/wp\/v2\/media?parent=38053"}],"wp:term":[{"taxonomy":"category","embeddable":true,"href":"https:\/\/blog.redeacampa.org\/gl\/wp-json\/wp\/v2\/categories?post=38053"},{"taxonomy":"post_tag","embeddable":true,"href":"https:\/\/blog.redeacampa.org\/gl\/wp-json\/wp\/v2\/tags?post=38053"}],"curies":[{"name":"wp","href":"https:\/\/api.w.org\/{rel}","templated":true}]}}