{"id":38069,"date":"2021-10-05T15:08:41","date_gmt":"2021-10-05T13:08:41","guid":{"rendered":"https:\/\/blog.redeacampa.org\/?p=38069"},"modified":"2021-11-01T11:27:20","modified_gmt":"2021-11-01T10:27:20","slug":"a-rede-acampa-estima-que-ao-redor-de-120-000-cidadans-haberan-visto-a-exposicion-a-vida-negada-a-sua-clausura","status":"publish","type":"post","link":"https:\/\/blog.redeacampa.org\/gl\/a-rede-acampa-estima-que-ao-redor-de-120-000-cidadans-haberan-visto-a-exposicion-a-vida-negada-a-sua-clausura\/","title":{"rendered":"A  REDE ACAMPA ESTIMA QUE AO REDOR DE 120.000 CIDAD\u00c1NS HABER\u00c1N VISTO A EXPOSICI\u00d3N \u201cA VIDA NEGADA\u201d \u00c1 S\u00daA CLAUSURA"},"content":{"rendered":"<ul>\n<li><em>As fotograf\u00edas de gran formato que balizan os Xard\u00edns de M\u00e9ndez N\u00fa\u00f1ez documentan os danos que o espolio de recursos deixa tras de si nas poboaci\u00f3ns locais de distintas \u00e1reas\u00a0 do planeta<\/em><\/li>\n<li><em>Un paseo reflexivo. Esa foi a pretensi\u00f3n do Movemento Acampa pola Paz e o\u00a0 Dereito a\u00a0 A Rede est\u00e1 convencida de que o impacto visual das imaxes \u00e9 unha das f\u00f3rmulas m\u00e1is adecuadas para crear unha conciencia cr\u00edtica na sociedade. O obxectivo est\u00e1 alcanzado<\/em><\/li>\n<\/ul>\n<p>Un paseo reflexivo, isto \u00e9 o que a Rede Acampa prop\u00faxose ofrecer \u00e1 cidadan\u00eda cando decidiu sacar a exposici\u00f3n \u201cA Vida Negada\u201d -enmarcada na celebraci\u00f3n do seu V Encontro Internacional Acampa\u00a0 pola Paz- \u00e1 r\u00faa. Iso si, nun espazo privilexiado, os c\u00e9ntricos Xard\u00edns de M\u00e9ndez N\u00fa\u00f1ez. Segundo c\u00e1lculos da organizaci\u00f3n, cando a mostra sexa clausurada, o pr\u00f3ximo 10 de outubro, haber\u00e1 sido visitada por ao redor de 120.000 persoas, unha cifra nada desde\u00f1able se pensamos que A Coru\u00f1a ten unha poboaci\u00f3n que ronda o cuarto de mill\u00f3n de habitantes.<\/p>\n<p>Os traballos dos sete\u00a0 fotoperiodistas con cuxas obras conformouse \u201cA Vida Negada\u201d non deixan indiferente. E permiten aos transe\u00fantes asomar aos espazos m\u00e1is diversos cun denominador com\u00fan, o saqueo de recursos e a violencia, pobreza e morte que esa pr\u00e1ctica abusiva sementa nas poboaci\u00f3ns locais esquilmadas. <strong>Judith\u00a0 Prat<\/strong> pr\u00e9stanos a s\u00faa mirada ao roubo da terra e ao traballo das campesi\u00f1as na s\u00faa defensa, en puntos tan afastados como Mozambique, M\u00e9xico ou Iemen. <strong>Javier Corso<\/strong> merg\u00fallanos na dureza das explotaci\u00f3ns mineiras de\u00a0 esmeraldas de Colombia, que enriquecen\u00a0 obscenamente a uns poucos e condenan \u00e1 miseria, \u00e1 fame e ao traballo\u00a0 semiesclavo \u00e1 poboaci\u00f3n local. <strong>Lu\u00eds de Vega<\/strong> m\u00f3stranos unha realidade na que Espa\u00f1a, como pa\u00eds, non \u00e9 inocente: os dous lados do muro que Marrocos levantou para someter ao pobo saharau\u00ed. <strong>Pablo\u00a0 Piovano<\/strong>\u00a0 sobrecolle co seu repaso \u00e1 enfermidade e \u00e1 morte que o uso de agrot\u00f3xicos como o\u00a0 glifosato sementou nos campos\u00a0 latifundistas de Arxentina. <strong>Xos\u00e9 Abad<\/strong> perm\u00edtenos co\u00f1ecer o d\u00eda a d\u00eda dun dos asentamentos que o\u00a0 MST (Movimento dos\u00a0 Trabalhadores\u00a0 Rurais\u00a0 sem Terra) ten en Brasil, onde viven a acubillo miles de campesi\u00f1os aos que se lles devolve a terra e a esperanza.\u00a0 <strong>Akintunde\u00a0 Akinleye<\/strong> enfr\u00f3ntanos a ese espazo\u00a0 degradadamente irreal que deixan as explotaci\u00f3ns petrol\u00edferas no delta do N\u00edxer. Por \u00faltimo e da man de <strong>V\u00edctor\u00a0 Moriyama<\/strong> os visitantes poden sentir a devastaci\u00f3n da\u00a0 Amazon\u00eda, con mill\u00f3ns de hect\u00e1reas arrasadas no pulm\u00f3n verde do planeta por causa do lume ou a talla indiscriminada de especies milenarias para conseguir acrecentar m\u00e1is e m\u00e1is as explotaci\u00f3ns agr\u00edcolas ou gandeiras\u2026<\/p>\n<p>A Rede Acampa est\u00e1 convencida de que o impacto visual das imaxes \u00e9 un dos veh\u00edculos m\u00e1is r\u00e1pidos para a reflexi\u00f3n e unha das f\u00f3rmulas m\u00e1is adecuadas para crear unha conciencia cr\u00edtica na sociedade. Nesta ocasi\u00f3n, ademais, e debido aos ataques nocturnos que a mostra sufriu nas primeiras semanas, serviu tam\u00e9n, aseguran desde a organizaci\u00f3n \u201cpara reflexionar sobre a sociedade m\u00e1is pr\u00f3xima e sobre aqueles \u2013afortunadamente unha minor\u00eda- que cren que o p\u00fablico, o que \u00e9 de todos, pode ser\u00a0 vandalizado\u201d.<\/p>\n<p>A\u00ednda hai tempo. \u201cA Vida Negada\u201d permanecer\u00e1 nos Xard\u00edns de M\u00e9ndez N\u00fa\u00f1ez ata este domingo 10 de outubro. As\u00ed que desde a Rede Acampa reiteran a invitaci\u00f3n \u00e1 cidadan\u00eda para que a gocen. O que \u00e9 seguro, porque as\u00ed o confirmou tanto a asistencia do p\u00fablico \u00e1s distintas propostas do programa do V Encontro Internacional Acampa\u00a0 pola Paz (9-11 de setembro) como as visitas \u00e1 exposici\u00f3n, \u00e9 que o Movemento Acampa conta coa complicidade da cidadan\u00eda coru\u00f1esa polo que s\u00f3 queda reiterar as grazas.<\/p>\n<p>&nbsp;<\/p>\n","protected":false},"excerpt":{"rendered":"<p>As fotograf\u00edas de gran formato que balizan os Xard\u00edns de M\u00e9ndez N\u00fa\u00f1ez documentan os danos que o espolio de recursos deixa tras de si nas poboaci\u00f3ns locais de distintas \u00e1reas\u00a0 do planeta Un paseo reflexivo. Esa foi a pretensi\u00f3n do Movemento Acampa pola Paz e o\u00a0 Dereito a\u00a0 A Rede est\u00e1 convencida de que o [&hellip;]<\/p>\n","protected":false},"author":25,"featured_media":38070,"comment_status":"open","ping_status":"open","sticky":false,"template":"","format":"standard","meta":{"_et_pb_use_builder":"","_et_pb_old_content":"","_et_gb_content_width":"","inline_featured_image":false,"footnotes":""},"categories":[1],"tags":[88,112,89,65,98,50,113,121,66,99,166,165,64,63],"class_list":["post-38069","post","type-post","status-publish","format-standard","has-post-thumbnail","hentry","category-presentacios","tag-dereito-a-refuxio","tag-dereito-a-refuxio-por-espolio","tag-dereito-de-asilo","tag-dereitos-humanos","tag-desprazamientos-forzosos","tag-espolio","tag-fotografia-gl","tag-fotos-gl","tag-inmigracion-gl","tag-migraciones-gl","tag-persoas-migrantes","tag-persoas-refuxiadas","tag-refuxiadas","tag-refuxiados"],"yoast_head":"<!-- This site is optimized with the Yoast SEO plugin v27.4 - https:\/\/yoast.com\/product\/yoast-seo-wordpress\/ -->\n<title>A REDE ACAMPA ESTIMA QUE AO REDOR DE 120.000 CIDAD\u00c1NS HABER\u00c1N VISTO A EXPOSICI\u00d3N \u201cA VIDA NEGADA\u201d \u00c1 S\u00daA CLAUSURA | Rede Acampa - Por la paz y el derecho a refugio<\/title>\n<meta name=\"robots\" content=\"index, follow, max-snippet:-1, max-image-preview:large, max-video-preview:-1\" \/>\n<link rel=\"canonical\" href=\"https:\/\/blog.redeacampa.org\/gl\/a-rede-acampa-estima-que-ao-redor-de-120-000-cidadans-haberan-visto-a-exposicion-a-vida-negada-a-sua-clausura\/\" \/>\n<meta property=\"og:locale\" content=\"gl_ES\" \/>\n<meta property=\"og:type\" content=\"article\" \/>\n<meta property=\"og:title\" content=\"A REDE ACAMPA ESTIMA QUE AO REDOR DE 120.000 CIDAD\u00c1NS HABER\u00c1N VISTO A EXPOSICI\u00d3N \u201cA VIDA NEGADA\u201d \u00c1 S\u00daA CLAUSURA | Rede Acampa - Por la paz y el derecho a refugio\" \/>\n<meta property=\"og:description\" content=\"As fotograf\u00edas de gran formato que balizan os Xard\u00edns de M\u00e9ndez N\u00fa\u00f1ez documentan os danos que o espolio de recursos deixa tras de si nas poboaci\u00f3ns locais de distintas \u00e1reas\u00a0 do planeta Un paseo reflexivo. Esa foi a pretensi\u00f3n do Movemento Acampa pola Paz e o\u00a0 Dereito a\u00a0 A Rede est\u00e1 convencida de que o [&hellip;]\" \/>\n<meta property=\"og:url\" content=\"https:\/\/blog.redeacampa.org\/gl\/a-rede-acampa-estima-que-ao-redor-de-120-000-cidadans-haberan-visto-a-exposicion-a-vida-negada-a-sua-clausura\/\" \/>\n<meta property=\"og:site_name\" content=\"Rede Acampa - Por la paz y el derecho a refugio\" \/>\n<meta property=\"article:publisher\" content=\"https:\/\/www.facebook.com\/acampapolapazeodereitoarefuxio\" \/>\n<meta property=\"article:published_time\" content=\"2021-10-05T13:08:41+00:00\" \/>\n<meta property=\"article:modified_time\" content=\"2021-11-01T10:27:20+00:00\" \/>\n<meta property=\"og:image\" content=\"https:\/\/blog.redeacampa.org\/wp-content\/uploads\/WEB-ACAMPA-068.jpg\" \/>\n\t<meta property=\"og:image:width\" content=\"1000\" \/>\n\t<meta property=\"og:image:height\" content=\"668\" \/>\n\t<meta property=\"og:image:type\" content=\"image\/jpeg\" \/>\n<meta name=\"author\" content=\"Comunicaci\u00f3n\" \/>\n<meta name=\"twitter:card\" content=\"summary_large_image\" \/>\n<meta name=\"twitter:creator\" content=\"@Acampa_polapaz\" \/>\n<meta name=\"twitter:site\" content=\"@Acampa_polapaz\" \/>\n<meta name=\"twitter:label1\" content=\"Escrito por\" \/>\n\t<meta name=\"twitter:data1\" content=\"Comunicaci\u00f3n\" \/>\n\t<meta name=\"twitter:label2\" content=\"Tempo de lectura\" \/>\n\t<meta name=\"twitter:data2\" content=\"3 minutos\" \/>\n<script type=\"application\/ld+json\" class=\"yoast-schema-graph\">{\"@context\":\"https:\\\/\\\/schema.org\",\"@graph\":[{\"@type\":\"Article\",\"@id\":\"https:\\\/\\\/blog.redeacampa.org\\\/gl\\\/a-rede-acampa-estima-que-ao-redor-de-120-000-cidadans-haberan-visto-a-exposicion-a-vida-negada-a-sua-clausura\\\/#article\",\"isPartOf\":{\"@id\":\"https:\\\/\\\/blog.redeacampa.org\\\/gl\\\/a-rede-acampa-estima-que-ao-redor-de-120-000-cidadans-haberan-visto-a-exposicion-a-vida-negada-a-sua-clausura\\\/\"},\"author\":{\"name\":\"Comunicaci\u00f3n\",\"@id\":\"https:\\\/\\\/blog.redeacampa.org\\\/gl\\\/#\\\/schema\\\/person\\\/4af0729a8614cbed1e7078bcc7be966b\"},\"headline\":\"A REDE ACAMPA ESTIMA QUE AO REDOR DE 120.000 CIDAD\u00c1NS HABER\u00c1N VISTO A EXPOSICI\u00d3N \u201cA VIDA NEGADA\u201d \u00c1 S\u00daA CLAUSURA\",\"datePublished\":\"2021-10-05T13:08:41+00:00\",\"dateModified\":\"2021-11-01T10:27:20+00:00\",\"mainEntityOfPage\":{\"@id\":\"https:\\\/\\\/blog.redeacampa.org\\\/gl\\\/a-rede-acampa-estima-que-ao-redor-de-120-000-cidadans-haberan-visto-a-exposicion-a-vida-negada-a-sua-clausura\\\/\"},\"wordCount\":681,\"commentCount\":0,\"image\":{\"@id\":\"https:\\\/\\\/blog.redeacampa.org\\\/gl\\\/a-rede-acampa-estima-que-ao-redor-de-120-000-cidadans-haberan-visto-a-exposicion-a-vida-negada-a-sua-clausura\\\/#primaryimage\"},\"thumbnailUrl\":\"https:\\\/\\\/blog.redeacampa.org\\\/wp-content\\\/uploads\\\/WEB-ACAMPA-068.jpg\",\"keywords\":[\"dereito a refuxio\",\"dereito a refuxio por Espolio\",\"dereito de asilo\",\"Dereitos Humanos\",\"desprazamientos forzosos\",\"Espolio\",\"Fotograf\u00eda\",\"fotos\",\"inmigraci\u00f3n\",\"Migraciones\",\"persoas migrantes\",\"persoas refuxiadas\",\"refuxiadas\",\"refuxiados\"],\"articleSection\":[\"Presentacios\"],\"inLanguage\":\"gl-ES\",\"potentialAction\":[{\"@type\":\"CommentAction\",\"name\":\"Comment\",\"target\":[\"https:\\\/\\\/blog.redeacampa.org\\\/gl\\\/a-rede-acampa-estima-que-ao-redor-de-120-000-cidadans-haberan-visto-a-exposicion-a-vida-negada-a-sua-clausura\\\/#respond\"]}]},{\"@type\":\"WebPage\",\"@id\":\"https:\\\/\\\/blog.redeacampa.org\\\/gl\\\/a-rede-acampa-estima-que-ao-redor-de-120-000-cidadans-haberan-visto-a-exposicion-a-vida-negada-a-sua-clausura\\\/\",\"url\":\"https:\\\/\\\/blog.redeacampa.org\\\/gl\\\/a-rede-acampa-estima-que-ao-redor-de-120-000-cidadans-haberan-visto-a-exposicion-a-vida-negada-a-sua-clausura\\\/\",\"name\":\"A REDE ACAMPA ESTIMA QUE AO REDOR DE 120.000 CIDAD\u00c1NS HABER\u00c1N VISTO A EXPOSICI\u00d3N \u201cA VIDA NEGADA\u201d \u00c1 S\u00daA CLAUSURA | Rede Acampa - Por la paz y el derecho a refugio\",\"isPartOf\":{\"@id\":\"https:\\\/\\\/blog.redeacampa.org\\\/gl\\\/#website\"},\"primaryImageOfPage\":{\"@id\":\"https:\\\/\\\/blog.redeacampa.org\\\/gl\\\/a-rede-acampa-estima-que-ao-redor-de-120-000-cidadans-haberan-visto-a-exposicion-a-vida-negada-a-sua-clausura\\\/#primaryimage\"},\"image\":{\"@id\":\"https:\\\/\\\/blog.redeacampa.org\\\/gl\\\/a-rede-acampa-estima-que-ao-redor-de-120-000-cidadans-haberan-visto-a-exposicion-a-vida-negada-a-sua-clausura\\\/#primaryimage\"},\"thumbnailUrl\":\"https:\\\/\\\/blog.redeacampa.org\\\/wp-content\\\/uploads\\\/WEB-ACAMPA-068.jpg\",\"datePublished\":\"2021-10-05T13:08:41+00:00\",\"dateModified\":\"2021-11-01T10:27:20+00:00\",\"author\":{\"@id\":\"https:\\\/\\\/blog.redeacampa.org\\\/gl\\\/#\\\/schema\\\/person\\\/4af0729a8614cbed1e7078bcc7be966b\"},\"breadcrumb\":{\"@id\":\"https:\\\/\\\/blog.redeacampa.org\\\/gl\\\/a-rede-acampa-estima-que-ao-redor-de-120-000-cidadans-haberan-visto-a-exposicion-a-vida-negada-a-sua-clausura\\\/#breadcrumb\"},\"inLanguage\":\"gl-ES\",\"potentialAction\":[{\"@type\":\"ReadAction\",\"target\":[\"https:\\\/\\\/blog.redeacampa.org\\\/gl\\\/a-rede-acampa-estima-que-ao-redor-de-120-000-cidadans-haberan-visto-a-exposicion-a-vida-negada-a-sua-clausura\\\/\"]}]},{\"@type\":\"ImageObject\",\"inLanguage\":\"gl-ES\",\"@id\":\"https:\\\/\\\/blog.redeacampa.org\\\/gl\\\/a-rede-acampa-estima-que-ao-redor-de-120-000-cidadans-haberan-visto-a-exposicion-a-vida-negada-a-sua-clausura\\\/#primaryimage\",\"url\":\"https:\\\/\\\/blog.redeacampa.org\\\/wp-content\\\/uploads\\\/WEB-ACAMPA-068.jpg\",\"contentUrl\":\"https:\\\/\\\/blog.redeacampa.org\\\/wp-content\\\/uploads\\\/WEB-ACAMPA-068.jpg\",\"width\":1000,\"height\":668},{\"@type\":\"BreadcrumbList\",\"@id\":\"https:\\\/\\\/blog.redeacampa.org\\\/gl\\\/a-rede-acampa-estima-que-ao-redor-de-120-000-cidadans-haberan-visto-a-exposicion-a-vida-negada-a-sua-clausura\\\/#breadcrumb\",\"itemListElement\":[{\"@type\":\"ListItem\",\"position\":1,\"name\":\"Portada\",\"item\":\"https:\\\/\\\/blog.redeacampa.org\\\/gl\\\/\"},{\"@type\":\"ListItem\",\"position\":2,\"name\":\"A REDE ACAMPA ESTIMA QUE AO REDOR DE 120.000 CIDAD\u00c1NS HABER\u00c1N VISTO A EXPOSICI\u00d3N \u201cA VIDA NEGADA\u201d \u00c1 S\u00daA CLAUSURA\"}]},{\"@type\":\"WebSite\",\"@id\":\"https:\\\/\\\/blog.redeacampa.org\\\/gl\\\/#website\",\"url\":\"https:\\\/\\\/blog.redeacampa.org\\\/gl\\\/\",\"name\":\"Rede Acampa - Por la paz y el derecho a refugio\",\"description\":\"Una iniciativa ciudadana sin fines de lucro integrada por colectivos sociales, culturales, educativos, veci\u00f1ales, pol\u00edticos, sindicales, art\u00edsticos, de personas solidarias, de instituciones y empresas con responsabilidad social que tienen como objetivo la defensa de los derechos humanos, el Derecho Internacional Humanitario y el Derecho a Refugio\",\"potentialAction\":[{\"@type\":\"SearchAction\",\"target\":{\"@type\":\"EntryPoint\",\"urlTemplate\":\"https:\\\/\\\/blog.redeacampa.org\\\/gl\\\/?s={search_term_string}\"},\"query-input\":{\"@type\":\"PropertyValueSpecification\",\"valueRequired\":true,\"valueName\":\"search_term_string\"}}],\"inLanguage\":\"gl-ES\"},{\"@type\":\"Person\",\"@id\":\"https:\\\/\\\/blog.redeacampa.org\\\/gl\\\/#\\\/schema\\\/person\\\/4af0729a8614cbed1e7078bcc7be966b\",\"name\":\"Comunicaci\u00f3n\",\"image\":{\"@type\":\"ImageObject\",\"inLanguage\":\"gl-ES\",\"@id\":\"https:\\\/\\\/secure.gravatar.com\\\/avatar\\\/8e8fea06f5f2696e331aacd588d2000164152c9aa47459d1e52be3c1ab5f5ca5?s=96&d=mm&r=g\",\"url\":\"https:\\\/\\\/secure.gravatar.com\\\/avatar\\\/8e8fea06f5f2696e331aacd588d2000164152c9aa47459d1e52be3c1ab5f5ca5?s=96&d=mm&r=g\",\"contentUrl\":\"https:\\\/\\\/secure.gravatar.com\\\/avatar\\\/8e8fea06f5f2696e331aacd588d2000164152c9aa47459d1e52be3c1ab5f5ca5?s=96&d=mm&r=g\",\"caption\":\"Comunicaci\u00f3n\"}}]}<\/script>\n<!-- \/ Yoast SEO plugin. -->","yoast_head_json":{"title":"A REDE ACAMPA ESTIMA QUE AO REDOR DE 120.000 CIDAD\u00c1NS HABER\u00c1N VISTO A EXPOSICI\u00d3N \u201cA VIDA NEGADA\u201d \u00c1 S\u00daA CLAUSURA | Rede Acampa - Por la paz y el derecho a refugio","robots":{"index":"index","follow":"follow","max-snippet":"max-snippet:-1","max-image-preview":"max-image-preview:large","max-video-preview":"max-video-preview:-1"},"canonical":"https:\/\/blog.redeacampa.org\/gl\/a-rede-acampa-estima-que-ao-redor-de-120-000-cidadans-haberan-visto-a-exposicion-a-vida-negada-a-sua-clausura\/","og_locale":"gl_ES","og_type":"article","og_title":"A REDE ACAMPA ESTIMA QUE AO REDOR DE 120.000 CIDAD\u00c1NS HABER\u00c1N VISTO A EXPOSICI\u00d3N \u201cA VIDA NEGADA\u201d \u00c1 S\u00daA CLAUSURA | Rede Acampa - Por la paz y el derecho a refugio","og_description":"As fotograf\u00edas de gran formato que balizan os Xard\u00edns de M\u00e9ndez N\u00fa\u00f1ez documentan os danos que o espolio de recursos deixa tras de si nas poboaci\u00f3ns locais de distintas \u00e1reas\u00a0 do planeta Un paseo reflexivo. Esa foi a pretensi\u00f3n do Movemento Acampa pola Paz e o\u00a0 Dereito a\u00a0 A Rede est\u00e1 convencida de que o [&hellip;]","og_url":"https:\/\/blog.redeacampa.org\/gl\/a-rede-acampa-estima-que-ao-redor-de-120-000-cidadans-haberan-visto-a-exposicion-a-vida-negada-a-sua-clausura\/","og_site_name":"Rede Acampa - Por la paz y el derecho a refugio","article_publisher":"https:\/\/www.facebook.com\/acampapolapazeodereitoarefuxio","article_published_time":"2021-10-05T13:08:41+00:00","article_modified_time":"2021-11-01T10:27:20+00:00","og_image":[{"width":1000,"height":668,"url":"https:\/\/blog.redeacampa.org\/wp-content\/uploads\/WEB-ACAMPA-068.jpg","type":"image\/jpeg"}],"author":"Comunicaci\u00f3n","twitter_card":"summary_large_image","twitter_creator":"@Acampa_polapaz","twitter_site":"@Acampa_polapaz","twitter_misc":{"Escrito por":"Comunicaci\u00f3n","Tempo de lectura":"3 minutos"},"schema":{"@context":"https:\/\/schema.org","@graph":[{"@type":"Article","@id":"https:\/\/blog.redeacampa.org\/gl\/a-rede-acampa-estima-que-ao-redor-de-120-000-cidadans-haberan-visto-a-exposicion-a-vida-negada-a-sua-clausura\/#article","isPartOf":{"@id":"https:\/\/blog.redeacampa.org\/gl\/a-rede-acampa-estima-que-ao-redor-de-120-000-cidadans-haberan-visto-a-exposicion-a-vida-negada-a-sua-clausura\/"},"author":{"name":"Comunicaci\u00f3n","@id":"https:\/\/blog.redeacampa.org\/gl\/#\/schema\/person\/4af0729a8614cbed1e7078bcc7be966b"},"headline":"A REDE ACAMPA ESTIMA QUE AO REDOR DE 120.000 CIDAD\u00c1NS HABER\u00c1N VISTO A EXPOSICI\u00d3N \u201cA VIDA NEGADA\u201d \u00c1 S\u00daA CLAUSURA","datePublished":"2021-10-05T13:08:41+00:00","dateModified":"2021-11-01T10:27:20+00:00","mainEntityOfPage":{"@id":"https:\/\/blog.redeacampa.org\/gl\/a-rede-acampa-estima-que-ao-redor-de-120-000-cidadans-haberan-visto-a-exposicion-a-vida-negada-a-sua-clausura\/"},"wordCount":681,"commentCount":0,"image":{"@id":"https:\/\/blog.redeacampa.org\/gl\/a-rede-acampa-estima-que-ao-redor-de-120-000-cidadans-haberan-visto-a-exposicion-a-vida-negada-a-sua-clausura\/#primaryimage"},"thumbnailUrl":"https:\/\/blog.redeacampa.org\/wp-content\/uploads\/WEB-ACAMPA-068.jpg","keywords":["dereito a refuxio","dereito a refuxio por Espolio","dereito de asilo","Dereitos Humanos","desprazamientos forzosos","Espolio","Fotograf\u00eda","fotos","inmigraci\u00f3n","Migraciones","persoas migrantes","persoas refuxiadas","refuxiadas","refuxiados"],"articleSection":["Presentacios"],"inLanguage":"gl-ES","potentialAction":[{"@type":"CommentAction","name":"Comment","target":["https:\/\/blog.redeacampa.org\/gl\/a-rede-acampa-estima-que-ao-redor-de-120-000-cidadans-haberan-visto-a-exposicion-a-vida-negada-a-sua-clausura\/#respond"]}]},{"@type":"WebPage","@id":"https:\/\/blog.redeacampa.org\/gl\/a-rede-acampa-estima-que-ao-redor-de-120-000-cidadans-haberan-visto-a-exposicion-a-vida-negada-a-sua-clausura\/","url":"https:\/\/blog.redeacampa.org\/gl\/a-rede-acampa-estima-que-ao-redor-de-120-000-cidadans-haberan-visto-a-exposicion-a-vida-negada-a-sua-clausura\/","name":"A REDE ACAMPA ESTIMA QUE AO REDOR DE 120.000 CIDAD\u00c1NS HABER\u00c1N VISTO A EXPOSICI\u00d3N \u201cA VIDA NEGADA\u201d \u00c1 S\u00daA CLAUSURA | Rede Acampa - Por la paz y el derecho a refugio","isPartOf":{"@id":"https:\/\/blog.redeacampa.org\/gl\/#website"},"primaryImageOfPage":{"@id":"https:\/\/blog.redeacampa.org\/gl\/a-rede-acampa-estima-que-ao-redor-de-120-000-cidadans-haberan-visto-a-exposicion-a-vida-negada-a-sua-clausura\/#primaryimage"},"image":{"@id":"https:\/\/blog.redeacampa.org\/gl\/a-rede-acampa-estima-que-ao-redor-de-120-000-cidadans-haberan-visto-a-exposicion-a-vida-negada-a-sua-clausura\/#primaryimage"},"thumbnailUrl":"https:\/\/blog.redeacampa.org\/wp-content\/uploads\/WEB-ACAMPA-068.jpg","datePublished":"2021-10-05T13:08:41+00:00","dateModified":"2021-11-01T10:27:20+00:00","author":{"@id":"https:\/\/blog.redeacampa.org\/gl\/#\/schema\/person\/4af0729a8614cbed1e7078bcc7be966b"},"breadcrumb":{"@id":"https:\/\/blog.redeacampa.org\/gl\/a-rede-acampa-estima-que-ao-redor-de-120-000-cidadans-haberan-visto-a-exposicion-a-vida-negada-a-sua-clausura\/#breadcrumb"},"inLanguage":"gl-ES","potentialAction":[{"@type":"ReadAction","target":["https:\/\/blog.redeacampa.org\/gl\/a-rede-acampa-estima-que-ao-redor-de-120-000-cidadans-haberan-visto-a-exposicion-a-vida-negada-a-sua-clausura\/"]}]},{"@type":"ImageObject","inLanguage":"gl-ES","@id":"https:\/\/blog.redeacampa.org\/gl\/a-rede-acampa-estima-que-ao-redor-de-120-000-cidadans-haberan-visto-a-exposicion-a-vida-negada-a-sua-clausura\/#primaryimage","url":"https:\/\/blog.redeacampa.org\/wp-content\/uploads\/WEB-ACAMPA-068.jpg","contentUrl":"https:\/\/blog.redeacampa.org\/wp-content\/uploads\/WEB-ACAMPA-068.jpg","width":1000,"height":668},{"@type":"BreadcrumbList","@id":"https:\/\/blog.redeacampa.org\/gl\/a-rede-acampa-estima-que-ao-redor-de-120-000-cidadans-haberan-visto-a-exposicion-a-vida-negada-a-sua-clausura\/#breadcrumb","itemListElement":[{"@type":"ListItem","position":1,"name":"Portada","item":"https:\/\/blog.redeacampa.org\/gl\/"},{"@type":"ListItem","position":2,"name":"A REDE ACAMPA ESTIMA QUE AO REDOR DE 120.000 CIDAD\u00c1NS HABER\u00c1N VISTO A EXPOSICI\u00d3N \u201cA VIDA NEGADA\u201d \u00c1 S\u00daA CLAUSURA"}]},{"@type":"WebSite","@id":"https:\/\/blog.redeacampa.org\/gl\/#website","url":"https:\/\/blog.redeacampa.org\/gl\/","name":"Rede Acampa - Por la paz y el derecho a refugio","description":"Una iniciativa ciudadana sin fines de lucro integrada por colectivos sociales, culturales, educativos, veci\u00f1ales, pol\u00edticos, sindicales, art\u00edsticos, de personas solidarias, de instituciones y empresas con responsabilidad social que tienen como objetivo la defensa de los derechos humanos, el Derecho Internacional Humanitario y el Derecho a Refugio","potentialAction":[{"@type":"SearchAction","target":{"@type":"EntryPoint","urlTemplate":"https:\/\/blog.redeacampa.org\/gl\/?s={search_term_string}"},"query-input":{"@type":"PropertyValueSpecification","valueRequired":true,"valueName":"search_term_string"}}],"inLanguage":"gl-ES"},{"@type":"Person","@id":"https:\/\/blog.redeacampa.org\/gl\/#\/schema\/person\/4af0729a8614cbed1e7078bcc7be966b","name":"Comunicaci\u00f3n","image":{"@type":"ImageObject","inLanguage":"gl-ES","@id":"https:\/\/secure.gravatar.com\/avatar\/8e8fea06f5f2696e331aacd588d2000164152c9aa47459d1e52be3c1ab5f5ca5?s=96&d=mm&r=g","url":"https:\/\/secure.gravatar.com\/avatar\/8e8fea06f5f2696e331aacd588d2000164152c9aa47459d1e52be3c1ab5f5ca5?s=96&d=mm&r=g","contentUrl":"https:\/\/secure.gravatar.com\/avatar\/8e8fea06f5f2696e331aacd588d2000164152c9aa47459d1e52be3c1ab5f5ca5?s=96&d=mm&r=g","caption":"Comunicaci\u00f3n"}}]}},"_links":{"self":[{"href":"https:\/\/blog.redeacampa.org\/gl\/wp-json\/wp\/v2\/posts\/38069","targetHints":{"allow":["GET"]}}],"collection":[{"href":"https:\/\/blog.redeacampa.org\/gl\/wp-json\/wp\/v2\/posts"}],"about":[{"href":"https:\/\/blog.redeacampa.org\/gl\/wp-json\/wp\/v2\/types\/post"}],"author":[{"embeddable":true,"href":"https:\/\/blog.redeacampa.org\/gl\/wp-json\/wp\/v2\/users\/25"}],"replies":[{"embeddable":true,"href":"https:\/\/blog.redeacampa.org\/gl\/wp-json\/wp\/v2\/comments?post=38069"}],"version-history":[{"count":3,"href":"https:\/\/blog.redeacampa.org\/gl\/wp-json\/wp\/v2\/posts\/38069\/revisions"}],"predecessor-version":[{"id":38089,"href":"https:\/\/blog.redeacampa.org\/gl\/wp-json\/wp\/v2\/posts\/38069\/revisions\/38089"}],"wp:featuredmedia":[{"embeddable":true,"href":"https:\/\/blog.redeacampa.org\/gl\/wp-json\/wp\/v2\/media\/38070"}],"wp:attachment":[{"href":"https:\/\/blog.redeacampa.org\/gl\/wp-json\/wp\/v2\/media?parent=38069"}],"wp:term":[{"taxonomy":"category","embeddable":true,"href":"https:\/\/blog.redeacampa.org\/gl\/wp-json\/wp\/v2\/categories?post=38069"},{"taxonomy":"post_tag","embeddable":true,"href":"https:\/\/blog.redeacampa.org\/gl\/wp-json\/wp\/v2\/tags?post=38069"}],"curies":[{"name":"wp","href":"https:\/\/api.w.org\/{rel}","templated":true}]}}