{"id":38283,"date":"2022-05-12T12:16:55","date_gmt":"2022-05-12T10:16:55","guid":{"rendered":"https:\/\/blog.redeacampa.org\/?p=38283"},"modified":"2022-05-12T15:06:38","modified_gmt":"2022-05-12T13:06:38","slug":"a-empresa-galega-torculo-colabora-unha-edicion-mais-co-encontro-internacional-acampa-pola-paz-que-en-xuno-abordara-na-coruna-a-realidade-da-fame-no-mundo","status":"publish","type":"post","link":"https:\/\/blog.redeacampa.org\/gl\/a-empresa-galega-torculo-colabora-unha-edicion-mais-co-encontro-internacional-acampa-pola-paz-que-en-xuno-abordara-na-coruna-a-realidade-da-fame-no-mundo\/","title":{"rendered":"A EMPRESA GALEGA  T\u00d3RCULO COLABORA UNHA EDICI\u00d3N M\u00c1IS CO ENCONTRO INTERNACIONAL ACAMPA POLA PAZ QUE EN XU\u00d1O ABORDAR\u00c1 NA CORU\u00d1A A REALIDADE DA FAME NO MUNDO"},"content":{"rendered":"<p>Foto V.Casteleiro<\/p>\n<ul>\n<li><em>O compromiso da firma de Comunicaci\u00f3n Gr\u00e1fica co Movemento Acampa\u00a0 e o que este defende mantense<\/em><\/li>\n<li><em>A cita baixo o lema \u201cFame e Refuxio\u201d que acoller\u00e1 a cidade entre o 9 e o 11 de xu\u00f1o, ser\u00e1 posible grazas ao financiamento do Concello coru\u00f1\u00e9s, o apoio da Deputaci\u00f3n Provincial e a Universidade coru\u00f1esas e outros patrocinios e colaboraci\u00f3ns<\/em><\/li>\n<\/ul>\n<p>Acampa\u00a0 pola Paz e o\u00a0 Dereito a\u00a0 Refuxio segue sumando apoios. Un ano m\u00e1is, a empresa de Comunicaci\u00f3n Gr\u00e1fica\u00a0 <strong>T\u00f3rculo,<\/strong> unha das m\u00e1is prestixiosas do sector da Comunicaci\u00f3n Gr\u00e1fica en Galicia, mant\u00e9n e reforza a s\u00faa colaboraci\u00f3n para facer posible o VI Encontro Internacional Acampa\u00a0 pola Paz e o\u00a0 Dereito a\u00a0 Refuxio que, entre o 9 e o 11 de xu\u00f1o, reflexionar\u00e1 na Coru\u00f1a sobre a realidade da fame no mundo.<\/p>\n<p>Esta proposta cultural e\u00a0 concienciadora, que durante uns d\u00edas converte \u00e1 cidade da Coru\u00f1a nun porto refuxio dos Dereitos Humanos, \u00e9 posible grazas ao financiamento do Concello coru\u00f1\u00e9s e o apoio da Deputaci\u00f3n provincial e a Universidade coru\u00f1esas. Ademais de\u00a0 T\u00f3rculo, conta tam\u00e9n con outros patrocinios e colaboraci\u00f3ns: La Opini\u00f3n da Coru\u00f1a\u00a0 e Radio Coru\u00f1a-Cadena Ser, as\u00ed como Hoteis\u00a0 Zenit e a adega Terras\u00a0 Gauda.<\/p>\n<p><strong>Unha rede transversal con m\u00e1is de 70 organizaci\u00f3ns e colectivos<\/strong><\/p>\n<p>O movemento Acampa\u00a0 pola Paz e o\u00a0 Dereito a\u00a0 Refuxio naceu na cidade da Coru\u00f1a en 2016. Actualmente funcionan xa redes Acampa en Madrid, Brasil e Portugal. Tr\u00e1tase dun movemento sen fins de lucro, cuxo obxectivo \u00e9 defender os Dereitos Humanos, o Dereito Internacional Humanitario e o Dereito a Refuxio. \u00c9 unha rede transversal da que forman parte m\u00e1is de setenta colectivos sociais, culturais, educativos, veci\u00f1ais, oenegu\u00e9s e organizaci\u00f3ns de defensa dos Dereitos Humanos. Tam\u00e9n partidos pol\u00edticos, organizaci\u00f3ns sindicais,\u00a0 instituci\u00f3ns e empresas con responsabilidade social, xunto con particulares.<\/p>\n<p>Desde o 2017 a Rede Acampa organiza anualmente un Encontro Internacional cun eixo central de actualidade relacionado cos desprazamentos forzosos de persoas no mundo. Nesta sexta edici\u00f3n abordarase a realidade da fame que arrasa a 811 mill\u00f3ns de persoas no planeta. Ao redor dun campo de interpretaci\u00f3n que se monta nos Xard\u00edns de M\u00e9ndez N\u00fa\u00f1ez, balizado por diversas exposici\u00f3ns fotogr\u00e1ficas de imaxes a gran formato dos m\u00e1is destacados\u00a0 fotoperiodistas, organ\u00edzanse durante tres d\u00edas (do 9 ao 11 de xu\u00f1o) unha serie de conferencias e mesas redondas coa presenza de especialistas e activistas internacionais para analizar desde todas as arestas as causas da fame e as s\u00faas consecuencias.\u00a0 Proxecci\u00f3ns audiovisuais, presentaci\u00f3ns de libros, actividades\u00a0 concienciadoras, obradoiros\u2026 po\u00f1er\u00e1n o foco na pandemia da fame da que toda a sociedade \u00e9 responsable. Un programa ben amplo que se ultima estes d\u00edas e ser\u00e1 presentado oficialmente en pouco tempo.<\/p>\n","protected":false},"excerpt":{"rendered":"<p>Foto V.Casteleiro O compromiso da firma de Comunicaci\u00f3n Gr\u00e1fica co Movemento Acampa\u00a0 e o que este defende mantense A cita baixo o lema \u201cFame e Refuxio\u201d que acoller\u00e1 a cidade entre o 9 e o 11 de xu\u00f1o, ser\u00e1 posible grazas ao financiamento do Concello coru\u00f1\u00e9s, o apoio da Deputaci\u00f3n Provincial e a Universidade coru\u00f1esas [&hellip;]<\/p>\n","protected":false},"author":25,"featured_media":38284,"comment_status":"open","ping_status":"open","sticky":false,"template":"","format":"standard","meta":{"_et_pb_use_builder":"","_et_pb_old_content":"","_et_gb_content_width":"","inline_featured_image":false,"footnotes":""},"categories":[1],"tags":[103,65,220,102,221],"class_list":["post-38283","post","type-post","status-publish","format-standard","has-post-thumbnail","hentry","category-presentacios","tag-a-coruna","tag-dereitos-humanos","tag-fame","tag-galicia","tag-refuxio"],"yoast_head":"<!-- This site is optimized with the Yoast SEO plugin v27.4 - https:\/\/yoast.com\/product\/yoast-seo-wordpress\/ -->\n<title>A EMPRESA GALEGA T\u00d3RCULO COLABORA UNHA EDICI\u00d3N M\u00c1IS CO ENCONTRO INTERNACIONAL ACAMPA POLA PAZ QUE EN XU\u00d1O ABORDAR\u00c1 NA CORU\u00d1A A REALIDADE DA FAME NO MUNDO | Rede Acampa - Por la paz y el derecho a refugio<\/title>\n<meta name=\"robots\" content=\"index, follow, max-snippet:-1, max-image-preview:large, max-video-preview:-1\" \/>\n<link rel=\"canonical\" href=\"https:\/\/blog.redeacampa.org\/gl\/a-empresa-galega-torculo-colabora-unha-edicion-mais-co-encontro-internacional-acampa-pola-paz-que-en-xuno-abordara-na-coruna-a-realidade-da-fame-no-mundo\/\" \/>\n<meta property=\"og:locale\" content=\"gl_ES\" \/>\n<meta property=\"og:type\" content=\"article\" \/>\n<meta property=\"og:title\" content=\"A EMPRESA GALEGA T\u00d3RCULO COLABORA UNHA EDICI\u00d3N M\u00c1IS CO ENCONTRO INTERNACIONAL ACAMPA POLA PAZ QUE EN XU\u00d1O ABORDAR\u00c1 NA CORU\u00d1A A REALIDADE DA FAME NO MUNDO | Rede Acampa - Por la paz y el derecho a refugio\" \/>\n<meta property=\"og:description\" content=\"Foto V.Casteleiro O compromiso da firma de Comunicaci\u00f3n Gr\u00e1fica co Movemento Acampa\u00a0 e o que este defende mantense A cita baixo o lema \u201cFame e Refuxio\u201d que acoller\u00e1 a cidade entre o 9 e o 11 de xu\u00f1o, ser\u00e1 posible grazas ao financiamento do Concello coru\u00f1\u00e9s, o apoio da Deputaci\u00f3n Provincial e a Universidade coru\u00f1esas [&hellip;]\" \/>\n<meta property=\"og:url\" content=\"https:\/\/blog.redeacampa.org\/gl\/a-empresa-galega-torculo-colabora-unha-edicion-mais-co-encontro-internacional-acampa-pola-paz-que-en-xuno-abordara-na-coruna-a-realidade-da-fame-no-mundo\/\" \/>\n<meta property=\"og:site_name\" content=\"Rede Acampa - Por la paz y el derecho a refugio\" \/>\n<meta property=\"article:publisher\" content=\"https:\/\/www.facebook.com\/acampapolapazeodereitoarefuxio\" \/>\n<meta property=\"article:published_time\" content=\"2022-05-12T10:16:55+00:00\" \/>\n<meta property=\"article:modified_time\" content=\"2022-05-12T13:06:38+00:00\" \/>\n<meta property=\"og:image\" content=\"https:\/\/blog.redeacampa.org\/wp-content\/uploads\/WEB-ACAMPA-069.jpg\" \/>\n\t<meta property=\"og:image:width\" content=\"1000\" \/>\n\t<meta property=\"og:image:height\" content=\"668\" \/>\n\t<meta property=\"og:image:type\" content=\"image\/jpeg\" \/>\n<meta name=\"author\" content=\"Comunicaci\u00f3n\" \/>\n<meta name=\"twitter:card\" content=\"summary_large_image\" \/>\n<meta name=\"twitter:creator\" content=\"@Acampa_polapaz\" \/>\n<meta name=\"twitter:site\" content=\"@Acampa_polapaz\" \/>\n<meta name=\"twitter:label1\" content=\"Escrito por\" \/>\n\t<meta name=\"twitter:data1\" content=\"Comunicaci\u00f3n\" \/>\n\t<meta name=\"twitter:label2\" content=\"Tempo de lectura\" \/>\n\t<meta name=\"twitter:data2\" content=\"3 minutos\" \/>\n<script type=\"application\/ld+json\" class=\"yoast-schema-graph\">{\"@context\":\"https:\\\/\\\/schema.org\",\"@graph\":[{\"@type\":\"Article\",\"@id\":\"https:\\\/\\\/blog.redeacampa.org\\\/gl\\\/a-empresa-galega-torculo-colabora-unha-edicion-mais-co-encontro-internacional-acampa-pola-paz-que-en-xuno-abordara-na-coruna-a-realidade-da-fame-no-mundo\\\/#article\",\"isPartOf\":{\"@id\":\"https:\\\/\\\/blog.redeacampa.org\\\/gl\\\/a-empresa-galega-torculo-colabora-unha-edicion-mais-co-encontro-internacional-acampa-pola-paz-que-en-xuno-abordara-na-coruna-a-realidade-da-fame-no-mundo\\\/\"},\"author\":{\"name\":\"Comunicaci\u00f3n\",\"@id\":\"https:\\\/\\\/blog.redeacampa.org\\\/gl\\\/#\\\/schema\\\/person\\\/4af0729a8614cbed1e7078bcc7be966b\"},\"headline\":\"A EMPRESA GALEGA T\u00d3RCULO COLABORA UNHA EDICI\u00d3N M\u00c1IS CO ENCONTRO INTERNACIONAL ACAMPA POLA PAZ QUE EN XU\u00d1O ABORDAR\u00c1 NA CORU\u00d1A A REALIDADE DA FAME NO MUNDO\",\"datePublished\":\"2022-05-12T10:16:55+00:00\",\"dateModified\":\"2022-05-12T13:06:38+00:00\",\"mainEntityOfPage\":{\"@id\":\"https:\\\/\\\/blog.redeacampa.org\\\/gl\\\/a-empresa-galega-torculo-colabora-unha-edicion-mais-co-encontro-internacional-acampa-pola-paz-que-en-xuno-abordara-na-coruna-a-realidade-da-fame-no-mundo\\\/\"},\"wordCount\":516,\"commentCount\":0,\"image\":{\"@id\":\"https:\\\/\\\/blog.redeacampa.org\\\/gl\\\/a-empresa-galega-torculo-colabora-unha-edicion-mais-co-encontro-internacional-acampa-pola-paz-que-en-xuno-abordara-na-coruna-a-realidade-da-fame-no-mundo\\\/#primaryimage\"},\"thumbnailUrl\":\"https:\\\/\\\/blog.redeacampa.org\\\/wp-content\\\/uploads\\\/WEB-ACAMPA-069.jpg\",\"keywords\":[\"A Coru\u00f1a\",\"Dereitos Humanos\",\"Fame\",\"Galicia\",\"Refuxio\"],\"articleSection\":[\"Presentacios\"],\"inLanguage\":\"gl-ES\",\"potentialAction\":[{\"@type\":\"CommentAction\",\"name\":\"Comment\",\"target\":[\"https:\\\/\\\/blog.redeacampa.org\\\/gl\\\/a-empresa-galega-torculo-colabora-unha-edicion-mais-co-encontro-internacional-acampa-pola-paz-que-en-xuno-abordara-na-coruna-a-realidade-da-fame-no-mundo\\\/#respond\"]}]},{\"@type\":\"WebPage\",\"@id\":\"https:\\\/\\\/blog.redeacampa.org\\\/gl\\\/a-empresa-galega-torculo-colabora-unha-edicion-mais-co-encontro-internacional-acampa-pola-paz-que-en-xuno-abordara-na-coruna-a-realidade-da-fame-no-mundo\\\/\",\"url\":\"https:\\\/\\\/blog.redeacampa.org\\\/gl\\\/a-empresa-galega-torculo-colabora-unha-edicion-mais-co-encontro-internacional-acampa-pola-paz-que-en-xuno-abordara-na-coruna-a-realidade-da-fame-no-mundo\\\/\",\"name\":\"A EMPRESA GALEGA T\u00d3RCULO COLABORA UNHA EDICI\u00d3N M\u00c1IS CO ENCONTRO INTERNACIONAL ACAMPA POLA PAZ QUE EN XU\u00d1O ABORDAR\u00c1 NA CORU\u00d1A A REALIDADE DA FAME NO MUNDO | Rede Acampa - Por la paz y el derecho a refugio\",\"isPartOf\":{\"@id\":\"https:\\\/\\\/blog.redeacampa.org\\\/gl\\\/#website\"},\"primaryImageOfPage\":{\"@id\":\"https:\\\/\\\/blog.redeacampa.org\\\/gl\\\/a-empresa-galega-torculo-colabora-unha-edicion-mais-co-encontro-internacional-acampa-pola-paz-que-en-xuno-abordara-na-coruna-a-realidade-da-fame-no-mundo\\\/#primaryimage\"},\"image\":{\"@id\":\"https:\\\/\\\/blog.redeacampa.org\\\/gl\\\/a-empresa-galega-torculo-colabora-unha-edicion-mais-co-encontro-internacional-acampa-pola-paz-que-en-xuno-abordara-na-coruna-a-realidade-da-fame-no-mundo\\\/#primaryimage\"},\"thumbnailUrl\":\"https:\\\/\\\/blog.redeacampa.org\\\/wp-content\\\/uploads\\\/WEB-ACAMPA-069.jpg\",\"datePublished\":\"2022-05-12T10:16:55+00:00\",\"dateModified\":\"2022-05-12T13:06:38+00:00\",\"author\":{\"@id\":\"https:\\\/\\\/blog.redeacampa.org\\\/gl\\\/#\\\/schema\\\/person\\\/4af0729a8614cbed1e7078bcc7be966b\"},\"breadcrumb\":{\"@id\":\"https:\\\/\\\/blog.redeacampa.org\\\/gl\\\/a-empresa-galega-torculo-colabora-unha-edicion-mais-co-encontro-internacional-acampa-pola-paz-que-en-xuno-abordara-na-coruna-a-realidade-da-fame-no-mundo\\\/#breadcrumb\"},\"inLanguage\":\"gl-ES\",\"potentialAction\":[{\"@type\":\"ReadAction\",\"target\":[\"https:\\\/\\\/blog.redeacampa.org\\\/gl\\\/a-empresa-galega-torculo-colabora-unha-edicion-mais-co-encontro-internacional-acampa-pola-paz-que-en-xuno-abordara-na-coruna-a-realidade-da-fame-no-mundo\\\/\"]}]},{\"@type\":\"ImageObject\",\"inLanguage\":\"gl-ES\",\"@id\":\"https:\\\/\\\/blog.redeacampa.org\\\/gl\\\/a-empresa-galega-torculo-colabora-unha-edicion-mais-co-encontro-internacional-acampa-pola-paz-que-en-xuno-abordara-na-coruna-a-realidade-da-fame-no-mundo\\\/#primaryimage\",\"url\":\"https:\\\/\\\/blog.redeacampa.org\\\/wp-content\\\/uploads\\\/WEB-ACAMPA-069.jpg\",\"contentUrl\":\"https:\\\/\\\/blog.redeacampa.org\\\/wp-content\\\/uploads\\\/WEB-ACAMPA-069.jpg\",\"width\":1000,\"height\":668},{\"@type\":\"BreadcrumbList\",\"@id\":\"https:\\\/\\\/blog.redeacampa.org\\\/gl\\\/a-empresa-galega-torculo-colabora-unha-edicion-mais-co-encontro-internacional-acampa-pola-paz-que-en-xuno-abordara-na-coruna-a-realidade-da-fame-no-mundo\\\/#breadcrumb\",\"itemListElement\":[{\"@type\":\"ListItem\",\"position\":1,\"name\":\"Portada\",\"item\":\"https:\\\/\\\/blog.redeacampa.org\\\/gl\\\/\"},{\"@type\":\"ListItem\",\"position\":2,\"name\":\"A EMPRESA GALEGA T\u00d3RCULO COLABORA UNHA EDICI\u00d3N M\u00c1IS CO ENCONTRO INTERNACIONAL ACAMPA POLA PAZ QUE EN XU\u00d1O ABORDAR\u00c1 NA CORU\u00d1A A REALIDADE DA FAME NO MUNDO\"}]},{\"@type\":\"WebSite\",\"@id\":\"https:\\\/\\\/blog.redeacampa.org\\\/gl\\\/#website\",\"url\":\"https:\\\/\\\/blog.redeacampa.org\\\/gl\\\/\",\"name\":\"Rede Acampa - Por la paz y el derecho a refugio\",\"description\":\"Una iniciativa ciudadana sin fines de lucro integrada por colectivos sociales, culturales, educativos, veci\u00f1ales, pol\u00edticos, sindicales, art\u00edsticos, de personas solidarias, de instituciones y empresas con responsabilidad social que tienen como objetivo la defensa de los derechos humanos, el Derecho Internacional Humanitario y el Derecho a Refugio\",\"potentialAction\":[{\"@type\":\"SearchAction\",\"target\":{\"@type\":\"EntryPoint\",\"urlTemplate\":\"https:\\\/\\\/blog.redeacampa.org\\\/gl\\\/?s={search_term_string}\"},\"query-input\":{\"@type\":\"PropertyValueSpecification\",\"valueRequired\":true,\"valueName\":\"search_term_string\"}}],\"inLanguage\":\"gl-ES\"},{\"@type\":\"Person\",\"@id\":\"https:\\\/\\\/blog.redeacampa.org\\\/gl\\\/#\\\/schema\\\/person\\\/4af0729a8614cbed1e7078bcc7be966b\",\"name\":\"Comunicaci\u00f3n\",\"image\":{\"@type\":\"ImageObject\",\"inLanguage\":\"gl-ES\",\"@id\":\"https:\\\/\\\/secure.gravatar.com\\\/avatar\\\/8e8fea06f5f2696e331aacd588d2000164152c9aa47459d1e52be3c1ab5f5ca5?s=96&d=mm&r=g\",\"url\":\"https:\\\/\\\/secure.gravatar.com\\\/avatar\\\/8e8fea06f5f2696e331aacd588d2000164152c9aa47459d1e52be3c1ab5f5ca5?s=96&d=mm&r=g\",\"contentUrl\":\"https:\\\/\\\/secure.gravatar.com\\\/avatar\\\/8e8fea06f5f2696e331aacd588d2000164152c9aa47459d1e52be3c1ab5f5ca5?s=96&d=mm&r=g\",\"caption\":\"Comunicaci\u00f3n\"}}]}<\/script>\n<!-- \/ Yoast SEO plugin. -->","yoast_head_json":{"title":"A EMPRESA GALEGA T\u00d3RCULO COLABORA UNHA EDICI\u00d3N M\u00c1IS CO ENCONTRO INTERNACIONAL ACAMPA POLA PAZ QUE EN XU\u00d1O ABORDAR\u00c1 NA CORU\u00d1A A REALIDADE DA FAME NO MUNDO | Rede Acampa - Por la paz y el derecho a refugio","robots":{"index":"index","follow":"follow","max-snippet":"max-snippet:-1","max-image-preview":"max-image-preview:large","max-video-preview":"max-video-preview:-1"},"canonical":"https:\/\/blog.redeacampa.org\/gl\/a-empresa-galega-torculo-colabora-unha-edicion-mais-co-encontro-internacional-acampa-pola-paz-que-en-xuno-abordara-na-coruna-a-realidade-da-fame-no-mundo\/","og_locale":"gl_ES","og_type":"article","og_title":"A EMPRESA GALEGA T\u00d3RCULO COLABORA UNHA EDICI\u00d3N M\u00c1IS CO ENCONTRO INTERNACIONAL ACAMPA POLA PAZ QUE EN XU\u00d1O ABORDAR\u00c1 NA CORU\u00d1A A REALIDADE DA FAME NO MUNDO | Rede Acampa - Por la paz y el derecho a refugio","og_description":"Foto V.Casteleiro O compromiso da firma de Comunicaci\u00f3n Gr\u00e1fica co Movemento Acampa\u00a0 e o que este defende mantense A cita baixo o lema \u201cFame e Refuxio\u201d que acoller\u00e1 a cidade entre o 9 e o 11 de xu\u00f1o, ser\u00e1 posible grazas ao financiamento do Concello coru\u00f1\u00e9s, o apoio da Deputaci\u00f3n Provincial e a Universidade coru\u00f1esas [&hellip;]","og_url":"https:\/\/blog.redeacampa.org\/gl\/a-empresa-galega-torculo-colabora-unha-edicion-mais-co-encontro-internacional-acampa-pola-paz-que-en-xuno-abordara-na-coruna-a-realidade-da-fame-no-mundo\/","og_site_name":"Rede Acampa - Por la paz y el derecho a refugio","article_publisher":"https:\/\/www.facebook.com\/acampapolapazeodereitoarefuxio","article_published_time":"2022-05-12T10:16:55+00:00","article_modified_time":"2022-05-12T13:06:38+00:00","og_image":[{"width":1000,"height":668,"url":"https:\/\/blog.redeacampa.org\/wp-content\/uploads\/WEB-ACAMPA-069.jpg","type":"image\/jpeg"}],"author":"Comunicaci\u00f3n","twitter_card":"summary_large_image","twitter_creator":"@Acampa_polapaz","twitter_site":"@Acampa_polapaz","twitter_misc":{"Escrito por":"Comunicaci\u00f3n","Tempo de lectura":"3 minutos"},"schema":{"@context":"https:\/\/schema.org","@graph":[{"@type":"Article","@id":"https:\/\/blog.redeacampa.org\/gl\/a-empresa-galega-torculo-colabora-unha-edicion-mais-co-encontro-internacional-acampa-pola-paz-que-en-xuno-abordara-na-coruna-a-realidade-da-fame-no-mundo\/#article","isPartOf":{"@id":"https:\/\/blog.redeacampa.org\/gl\/a-empresa-galega-torculo-colabora-unha-edicion-mais-co-encontro-internacional-acampa-pola-paz-que-en-xuno-abordara-na-coruna-a-realidade-da-fame-no-mundo\/"},"author":{"name":"Comunicaci\u00f3n","@id":"https:\/\/blog.redeacampa.org\/gl\/#\/schema\/person\/4af0729a8614cbed1e7078bcc7be966b"},"headline":"A EMPRESA GALEGA T\u00d3RCULO COLABORA UNHA EDICI\u00d3N M\u00c1IS CO ENCONTRO INTERNACIONAL ACAMPA POLA PAZ QUE EN XU\u00d1O ABORDAR\u00c1 NA CORU\u00d1A A REALIDADE DA FAME NO MUNDO","datePublished":"2022-05-12T10:16:55+00:00","dateModified":"2022-05-12T13:06:38+00:00","mainEntityOfPage":{"@id":"https:\/\/blog.redeacampa.org\/gl\/a-empresa-galega-torculo-colabora-unha-edicion-mais-co-encontro-internacional-acampa-pola-paz-que-en-xuno-abordara-na-coruna-a-realidade-da-fame-no-mundo\/"},"wordCount":516,"commentCount":0,"image":{"@id":"https:\/\/blog.redeacampa.org\/gl\/a-empresa-galega-torculo-colabora-unha-edicion-mais-co-encontro-internacional-acampa-pola-paz-que-en-xuno-abordara-na-coruna-a-realidade-da-fame-no-mundo\/#primaryimage"},"thumbnailUrl":"https:\/\/blog.redeacampa.org\/wp-content\/uploads\/WEB-ACAMPA-069.jpg","keywords":["A Coru\u00f1a","Dereitos Humanos","Fame","Galicia","Refuxio"],"articleSection":["Presentacios"],"inLanguage":"gl-ES","potentialAction":[{"@type":"CommentAction","name":"Comment","target":["https:\/\/blog.redeacampa.org\/gl\/a-empresa-galega-torculo-colabora-unha-edicion-mais-co-encontro-internacional-acampa-pola-paz-que-en-xuno-abordara-na-coruna-a-realidade-da-fame-no-mundo\/#respond"]}]},{"@type":"WebPage","@id":"https:\/\/blog.redeacampa.org\/gl\/a-empresa-galega-torculo-colabora-unha-edicion-mais-co-encontro-internacional-acampa-pola-paz-que-en-xuno-abordara-na-coruna-a-realidade-da-fame-no-mundo\/","url":"https:\/\/blog.redeacampa.org\/gl\/a-empresa-galega-torculo-colabora-unha-edicion-mais-co-encontro-internacional-acampa-pola-paz-que-en-xuno-abordara-na-coruna-a-realidade-da-fame-no-mundo\/","name":"A EMPRESA GALEGA T\u00d3RCULO COLABORA UNHA EDICI\u00d3N M\u00c1IS CO ENCONTRO INTERNACIONAL ACAMPA POLA PAZ QUE EN XU\u00d1O ABORDAR\u00c1 NA CORU\u00d1A A REALIDADE DA FAME NO MUNDO | Rede Acampa - Por la paz y el derecho a refugio","isPartOf":{"@id":"https:\/\/blog.redeacampa.org\/gl\/#website"},"primaryImageOfPage":{"@id":"https:\/\/blog.redeacampa.org\/gl\/a-empresa-galega-torculo-colabora-unha-edicion-mais-co-encontro-internacional-acampa-pola-paz-que-en-xuno-abordara-na-coruna-a-realidade-da-fame-no-mundo\/#primaryimage"},"image":{"@id":"https:\/\/blog.redeacampa.org\/gl\/a-empresa-galega-torculo-colabora-unha-edicion-mais-co-encontro-internacional-acampa-pola-paz-que-en-xuno-abordara-na-coruna-a-realidade-da-fame-no-mundo\/#primaryimage"},"thumbnailUrl":"https:\/\/blog.redeacampa.org\/wp-content\/uploads\/WEB-ACAMPA-069.jpg","datePublished":"2022-05-12T10:16:55+00:00","dateModified":"2022-05-12T13:06:38+00:00","author":{"@id":"https:\/\/blog.redeacampa.org\/gl\/#\/schema\/person\/4af0729a8614cbed1e7078bcc7be966b"},"breadcrumb":{"@id":"https:\/\/blog.redeacampa.org\/gl\/a-empresa-galega-torculo-colabora-unha-edicion-mais-co-encontro-internacional-acampa-pola-paz-que-en-xuno-abordara-na-coruna-a-realidade-da-fame-no-mundo\/#breadcrumb"},"inLanguage":"gl-ES","potentialAction":[{"@type":"ReadAction","target":["https:\/\/blog.redeacampa.org\/gl\/a-empresa-galega-torculo-colabora-unha-edicion-mais-co-encontro-internacional-acampa-pola-paz-que-en-xuno-abordara-na-coruna-a-realidade-da-fame-no-mundo\/"]}]},{"@type":"ImageObject","inLanguage":"gl-ES","@id":"https:\/\/blog.redeacampa.org\/gl\/a-empresa-galega-torculo-colabora-unha-edicion-mais-co-encontro-internacional-acampa-pola-paz-que-en-xuno-abordara-na-coruna-a-realidade-da-fame-no-mundo\/#primaryimage","url":"https:\/\/blog.redeacampa.org\/wp-content\/uploads\/WEB-ACAMPA-069.jpg","contentUrl":"https:\/\/blog.redeacampa.org\/wp-content\/uploads\/WEB-ACAMPA-069.jpg","width":1000,"height":668},{"@type":"BreadcrumbList","@id":"https:\/\/blog.redeacampa.org\/gl\/a-empresa-galega-torculo-colabora-unha-edicion-mais-co-encontro-internacional-acampa-pola-paz-que-en-xuno-abordara-na-coruna-a-realidade-da-fame-no-mundo\/#breadcrumb","itemListElement":[{"@type":"ListItem","position":1,"name":"Portada","item":"https:\/\/blog.redeacampa.org\/gl\/"},{"@type":"ListItem","position":2,"name":"A EMPRESA GALEGA T\u00d3RCULO COLABORA UNHA EDICI\u00d3N M\u00c1IS CO ENCONTRO INTERNACIONAL ACAMPA POLA PAZ QUE EN XU\u00d1O ABORDAR\u00c1 NA CORU\u00d1A A REALIDADE DA FAME NO MUNDO"}]},{"@type":"WebSite","@id":"https:\/\/blog.redeacampa.org\/gl\/#website","url":"https:\/\/blog.redeacampa.org\/gl\/","name":"Rede Acampa - Por la paz y el derecho a refugio","description":"Una iniciativa ciudadana sin fines de lucro integrada por colectivos sociales, culturales, educativos, veci\u00f1ales, pol\u00edticos, sindicales, art\u00edsticos, de personas solidarias, de instituciones y empresas con responsabilidad social que tienen como objetivo la defensa de los derechos humanos, el Derecho Internacional Humanitario y el Derecho a Refugio","potentialAction":[{"@type":"SearchAction","target":{"@type":"EntryPoint","urlTemplate":"https:\/\/blog.redeacampa.org\/gl\/?s={search_term_string}"},"query-input":{"@type":"PropertyValueSpecification","valueRequired":true,"valueName":"search_term_string"}}],"inLanguage":"gl-ES"},{"@type":"Person","@id":"https:\/\/blog.redeacampa.org\/gl\/#\/schema\/person\/4af0729a8614cbed1e7078bcc7be966b","name":"Comunicaci\u00f3n","image":{"@type":"ImageObject","inLanguage":"gl-ES","@id":"https:\/\/secure.gravatar.com\/avatar\/8e8fea06f5f2696e331aacd588d2000164152c9aa47459d1e52be3c1ab5f5ca5?s=96&d=mm&r=g","url":"https:\/\/secure.gravatar.com\/avatar\/8e8fea06f5f2696e331aacd588d2000164152c9aa47459d1e52be3c1ab5f5ca5?s=96&d=mm&r=g","contentUrl":"https:\/\/secure.gravatar.com\/avatar\/8e8fea06f5f2696e331aacd588d2000164152c9aa47459d1e52be3c1ab5f5ca5?s=96&d=mm&r=g","caption":"Comunicaci\u00f3n"}}]}},"_links":{"self":[{"href":"https:\/\/blog.redeacampa.org\/gl\/wp-json\/wp\/v2\/posts\/38283","targetHints":{"allow":["GET"]}}],"collection":[{"href":"https:\/\/blog.redeacampa.org\/gl\/wp-json\/wp\/v2\/posts"}],"about":[{"href":"https:\/\/blog.redeacampa.org\/gl\/wp-json\/wp\/v2\/types\/post"}],"author":[{"embeddable":true,"href":"https:\/\/blog.redeacampa.org\/gl\/wp-json\/wp\/v2\/users\/25"}],"replies":[{"embeddable":true,"href":"https:\/\/blog.redeacampa.org\/gl\/wp-json\/wp\/v2\/comments?post=38283"}],"version-history":[{"count":2,"href":"https:\/\/blog.redeacampa.org\/gl\/wp-json\/wp\/v2\/posts\/38283\/revisions"}],"predecessor-version":[{"id":38293,"href":"https:\/\/blog.redeacampa.org\/gl\/wp-json\/wp\/v2\/posts\/38283\/revisions\/38293"}],"wp:featuredmedia":[{"embeddable":true,"href":"https:\/\/blog.redeacampa.org\/gl\/wp-json\/wp\/v2\/media\/38284"}],"wp:attachment":[{"href":"https:\/\/blog.redeacampa.org\/gl\/wp-json\/wp\/v2\/media?parent=38283"}],"wp:term":[{"taxonomy":"category","embeddable":true,"href":"https:\/\/blog.redeacampa.org\/gl\/wp-json\/wp\/v2\/categories?post=38283"},{"taxonomy":"post_tag","embeddable":true,"href":"https:\/\/blog.redeacampa.org\/gl\/wp-json\/wp\/v2\/tags?post=38283"}],"curies":[{"name":"wp","href":"https:\/\/api.w.org\/{rel}","templated":true}]}}