{"id":38295,"date":"2022-05-17T09:30:13","date_gmt":"2022-05-17T07:30:13","guid":{"rendered":"https:\/\/blog.redeacampa.org\/?p=38295"},"modified":"2022-05-16T13:41:21","modified_gmt":"2022-05-16T11:41:21","slug":"guillermo-fesser-gomaespuma-patricia-simon-xornalismo-humano-e-juan-carlos-tomasi-medicos-sen-fronteiras-presentaran-os-seus-ultimos-libros-no-encontro-internacional-acampa-do-mes-de-xuno","status":"publish","type":"post","link":"https:\/\/blog.redeacampa.org\/gl\/guillermo-fesser-gomaespuma-patricia-simon-xornalismo-humano-e-juan-carlos-tomasi-medicos-sen-fronteiras-presentaran-os-seus-ultimos-libros-no-encontro-internacional-acampa-do-mes-de-xuno\/","title":{"rendered":"GUILLERMO FESSER (GOMAESPUMA), PATRICIA SIM\u00d3N (XORNALISMO HUMANO) E JUAN CARLOS TOMASI (M\u00c9DICOS SEN FRONTEIRAS) PRESENTAR\u00c1N OS SEUS \u00daLTIMOS LIBROS NO ENCONTRO INTERNACIONAL ACAMPA DO MES DE XU\u00d1O"},"content":{"rendered":"<ul>\n<li><em>A edici\u00f3n deste ano \u201cFame e Refuxio\u201d reflexionar\u00e1 sobre a relaci\u00f3n entre os grandes desprazamentos de persoas e a penuria alimentaria<\/em><\/li>\n<li><em>O xornalista de Gomaespuma e El Intermedio vir\u00e1 \u00e1 Coru\u00f1a co seu \u00faltimo traballo literario \u201cMarcelo\u201d, unha homenaxe aos inmigrantes hispanos que levantaron o negocio da hostelar\u00eda en Estados Unidos. Recentemente chegada da guerra de Ucra\u00edna, a tam\u00e9n xornalista, Patricia Sim\u00f3n, profundar\u00e1 no contido do seu ensaio \u201cMiedo\u201d, un repaso polos temores de nosa era que instrumentalizan a ultradereita e o populismo para medrar. O fotoxornalista Juan Carlos Tomasi repasar\u00e1 as fotograf\u00edas que ilustran o libro \u201cLa memoria del olvido\u201d en alusi\u00f3n as crises humanitarias cr\u00f3nicas que sofren numerosos pa\u00edses e das que apenas se fala. Fesser presentar\u00e1 tam\u00e9n o documental \u201cO monstro invisible\u201d, que realizou co seu irm\u00e1n, sobre os estragos da desnutrici\u00f3n infantil<\/em><\/li>\n<\/ul>\n<p>O papel da inmigraci\u00f3n de Am\u00e9rica Latina en Estados Unidos nas \u00faltimas d\u00e9cadas, o avance da ultradereita e os populismos que criminalizan \u00e1s persoas migrantes e refuxiadas e os lugares esquecidos do mundo nos que a insuficiencia alimentaria e a desnutrici\u00f3n severa son unha situaci\u00f3n coti\u00e1. Destas realidades falar\u00e1n na presentaci\u00f3n das s\u00faas \u00faltimas publicaci\u00f3ns tres reco\u00f1ecidos xornalistas, <strong>Guillermo Fesser<\/strong>, <strong>Patricia Sim\u00f3n<\/strong> e <strong>Juan Carlos Tomasi<\/strong>, durante o VI Encontro Internacional Acampa pola Paz \u201cFame e Refuxio\u201d, que se celebrar\u00e1 na cidade da Coru\u00f1a os d\u00edas 9, 10 e 11 de xu\u00f1o. As presentaci\u00f3ns forman parte do amplo programa do Encontro, centrado nesta edici\u00f3n na pandemia da fame que afecta a 811 mill\u00f3ns de persoas no mundo e que \u00e9 unha das principais causas dos desprazamentos masivos de persoas no planeta.<\/p>\n<p><strong>Guillermo Fesser<\/strong>, o cincoenta por cento do innovador programa radiof\u00f3nico Gomaespuma e actualmente correspondente en EE. UU do programa de televisi\u00f3n El Intermedio, presentar\u00e1 a s\u00faa recentemente publicada obra \u201cMarcelo\u201d (Contraluz), unha novela baseada na biograf\u00eda do barman do m\u00edtico Oyster Bar da estaci\u00f3n de Grand Central en Nova York, un personaxe real a trav\u00e9s do cal o escritor radiograf\u00eda o importante papel das persoas migrantes de Am\u00e9rica Latina na econom\u00eda en Am\u00e9rica do Norte, especialmente no sector da hostaler\u00eda. O traballo creativo de Fesser estar\u00e1 presente por partida dobre. Na listaxe de proxecci\u00f3ns audiovisuais desta sexta edici\u00f3n figura tam\u00e9n a curtametraxe \u201cEl Monstruo invisible\u201d que realizou co seu irm\u00e1n, o director de cinema <strong>Javier Fesser<\/strong>, para concienciar e mobilizar contra a desnutrici\u00f3n cr\u00f3nica que afecta a 149 mill\u00f3ns de menores no mundo. O audiovisual est\u00e1 protagonizado por Aminodin e Alim\u00e1n, dous cativos que, a pesar de traballar nunha vertedoiro e a vivir nun campo de desprazados, non perden o sorriso.<\/p>\n<p>\u201cMiedo\u201d (Debate), a obra de <strong>Patricia Sim\u00f3n<\/strong>, reporteira especializada en Dereitos Humanos e enfoque feminista, cofundadora de Periodismo Humano, \u00e9 un ensaio sobre os temores que definen a nosa era e como os instrumentalizan a ultradereita e os populismos. Sim\u00f3n, que estivo cubrindo a guerra de Ucra\u00edna durante cinco semanas, estar\u00e1 acompa\u00f1ada na presentaci\u00f3n polo xornalista <strong>Javier Gallego \u201cCrudo\u201d<\/strong> (condutor do programa de radio Carne Cruda, que se emitir\u00e1 tam\u00e9n ese d\u00eda desde Acampa) e da escritora e profesora galega <strong>Susana S\u00e1nchez Ar\u00edns<\/strong>.<\/p>\n<p>\u201cLa memoria del olvido, una historia gr\u00e1fica de M\u00e9dicos Sin Fronteras\u201d (Blume) publicouse o pasado ano 2021 con motivo do 50 aniversario da organizaci\u00f3n de axuda e atenci\u00f3n m\u00e9dica humanitaria. As imaxes deste espectacular libro gr\u00e1fico est\u00e1n asinadas por <strong>Juan Carlos Tomasi<\/strong>, xornalista e fot\u00f3grafo que leva traballando 25 anos para a ONG. Con ela percorreu practicamente o planeta, documentando todo tipo de desastres humanitarios, moitos deles, cr\u00f3nicos e esquecidos, que sofren mill\u00f3ns de persoas como resultado da combinaci\u00f3n das pol\u00edticas que protexen o prezo do gran nos mercados, a falta de choiva e auga ou o cambio clim\u00e1tico. <strong>Tomasi<\/strong> presentar\u00e1 o libro acompa\u00f1ado de <strong>Anna Surinyach<\/strong>,\u00a0 fotoxornalista e editora gr\u00e1fica da Revista 5W<strong>\u00a0<\/strong><\/p>\n<p><strong>Campo de interpretaci\u00f3n da fame<\/strong><\/p>\n<p>Os Encontros Internacionais Acampa pola Paz transforman o centro da Coru\u00f1a durante tres d\u00edas nun foro de reflexi\u00f3n e debate sobre a situaci\u00f3n das persoas migrantes e refuxiadas, as causas dos seus desprazamentos e o estado de cumprimento dos Dereitos Humanos. Todas as actividades desenv\u00f3lvense ao redor dun campo, instalado nos c\u00e9ntricos Xard\u00edns de M\u00e9ndez N\u00fa\u00f1ez. Un espazo que permite \u00e1 cidadan\u00eda imaxinar, pasear e percibir eses espazos nos que sobreviven mill\u00f3ns de persoas. Nesta ocasi\u00f3n ser\u00e1 un campo no que poderemos asomar a distintos escenarios de fame no mundo.<\/p>\n<p>\u00c9 tam\u00e9n un referente dos Encontros a gran exposici\u00f3n de fotograf\u00eda humanitaria, unha das m\u00e1is importantes que se poden contemplar no estado espa\u00f1ol, que baliza, con imaxes de gran formato, os xard\u00edns de M\u00e9ndez N\u00fa\u00f1ez. Unha mirada sobre a fame, as s\u00faas causas e efectos que asinan sete fotoxornalistas de prestixio internacional como son <strong>Ricard Garc\u00eda Vilanova, Silvia Landi, Lys Arango, Pablo Tosco, Roberto Za\u00edm, Javier Teniente ou o citado Juan Carlos Tomasi<\/strong>.<\/p>\n<p>Os relatorios diarios con activistas, expertos e testemu\u00f1as do tema da edici\u00f3n, actividade central dos Encontros, contar\u00e1n nesta sexta edici\u00f3n entre outros, coa f\u00edsica, fil\u00f3sofa e escritora india <strong>Vandana Shiva<\/strong>, activista do ecofeminismo e receptora en 1993 do chamado Premio Nobel Alternativo, coa responsable en Nutrici\u00f3n de M\u00e9dicos Sen Fronteiras, <strong>Montse Escruela<\/strong>, ou co correspondente internacional <strong>Rafael Poch<\/strong>.<\/p>\n","protected":false},"excerpt":{"rendered":"<p>A edici\u00f3n deste ano \u201cFame e Refuxio\u201d reflexionar\u00e1 sobre a relaci\u00f3n entre os grandes desprazamentos de persoas e a penuria alimentaria O xornalista de Gomaespuma e El Intermedio vir\u00e1 \u00e1 Coru\u00f1a co seu \u00faltimo traballo literario \u201cMarcelo\u201d, unha homenaxe aos inmigrantes hispanos que levantaron o negocio da hostelar\u00eda en Estados Unidos. Recentemente chegada da guerra [&hellip;]<\/p>\n","protected":false},"author":25,"featured_media":38296,"comment_status":"open","ping_status":"open","sticky":false,"template":"","format":"standard","meta":{"_et_pb_use_builder":"","_et_pb_old_content":"","_et_gb_content_width":"","inline_featured_image":false,"footnotes":""},"categories":[1],"tags":[103,92,88,89,65,98,220,226,102,166,165],"class_list":["post-38295","post","type-post","status-publish","format-standard","has-post-thumbnail","hentry","category-presentacios","tag-a-coruna","tag-cambio-climatico-gl","tag-dereito-a-refuxio","tag-dereito-de-asilo","tag-dereitos-humanos","tag-desprazamientos-forzosos","tag-fame","tag-fame-e-refuxio","tag-galicia","tag-persoas-migrantes","tag-persoas-refuxiadas"],"yoast_head":"<!-- This site is optimized with the Yoast SEO plugin v27.4 - https:\/\/yoast.com\/product\/yoast-seo-wordpress\/ -->\n<title>GUILLERMO FESSER (GOMAESPUMA), PATRICIA SIM\u00d3N (XORNALISMO HUMANO) E JUAN CARLOS TOMASI (M\u00c9DICOS SEN FRONTEIRAS) PRESENTAR\u00c1N OS SEUS \u00daLTIMOS LIBROS NO ENCONTRO INTERNACIONAL ACAMPA DO MES DE XU\u00d1O | Rede Acampa - Por la paz y el derecho a refugio<\/title>\n<meta name=\"robots\" content=\"index, follow, max-snippet:-1, max-image-preview:large, max-video-preview:-1\" \/>\n<link rel=\"canonical\" href=\"https:\/\/blog.redeacampa.org\/gl\/guillermo-fesser-gomaespuma-patricia-simon-xornalismo-humano-e-juan-carlos-tomasi-medicos-sen-fronteiras-presentaran-os-seus-ultimos-libros-no-encontro-internacional-acampa-do-mes-de-xuno\/\" \/>\n<meta property=\"og:locale\" content=\"gl_ES\" \/>\n<meta property=\"og:type\" content=\"article\" \/>\n<meta property=\"og:title\" content=\"GUILLERMO FESSER (GOMAESPUMA), PATRICIA SIM\u00d3N (XORNALISMO HUMANO) E JUAN CARLOS TOMASI (M\u00c9DICOS SEN FRONTEIRAS) PRESENTAR\u00c1N OS SEUS \u00daLTIMOS LIBROS NO ENCONTRO INTERNACIONAL ACAMPA DO MES DE XU\u00d1O | Rede Acampa - Por la paz y el derecho a refugio\" \/>\n<meta property=\"og:description\" content=\"A edici\u00f3n deste ano \u201cFame e Refuxio\u201d reflexionar\u00e1 sobre a relaci\u00f3n entre os grandes desprazamentos de persoas e a penuria alimentaria O xornalista de Gomaespuma e El Intermedio vir\u00e1 \u00e1 Coru\u00f1a co seu \u00faltimo traballo literario \u201cMarcelo\u201d, unha homenaxe aos inmigrantes hispanos que levantaron o negocio da hostelar\u00eda en Estados Unidos. Recentemente chegada da guerra [&hellip;]\" \/>\n<meta property=\"og:url\" content=\"https:\/\/blog.redeacampa.org\/gl\/guillermo-fesser-gomaespuma-patricia-simon-xornalismo-humano-e-juan-carlos-tomasi-medicos-sen-fronteiras-presentaran-os-seus-ultimos-libros-no-encontro-internacional-acampa-do-mes-de-xuno\/\" \/>\n<meta property=\"og:site_name\" content=\"Rede Acampa - Por la paz y el derecho a refugio\" \/>\n<meta property=\"article:publisher\" content=\"https:\/\/www.facebook.com\/acampapolapazeodereitoarefuxio\" \/>\n<meta property=\"article:published_time\" content=\"2022-05-17T07:30:13+00:00\" \/>\n<meta property=\"og:image\" content=\"https:\/\/blog.redeacampa.org\/wp-content\/uploads\/GFesser-Marcelo_Web.jpg\" \/>\n\t<meta property=\"og:image:width\" content=\"1280\" \/>\n\t<meta property=\"og:image:height\" content=\"720\" \/>\n\t<meta property=\"og:image:type\" content=\"image\/jpeg\" \/>\n<meta name=\"author\" content=\"Comunicaci\u00f3n\" \/>\n<meta name=\"twitter:card\" content=\"summary_large_image\" \/>\n<meta name=\"twitter:creator\" content=\"@Acampa_polapaz\" \/>\n<meta name=\"twitter:site\" content=\"@Acampa_polapaz\" \/>\n<meta name=\"twitter:label1\" content=\"Escrito por\" \/>\n\t<meta name=\"twitter:data1\" content=\"Comunicaci\u00f3n\" \/>\n\t<meta name=\"twitter:label2\" content=\"Tempo de lectura\" \/>\n\t<meta name=\"twitter:data2\" content=\"4 minutos\" \/>\n<script type=\"application\/ld+json\" class=\"yoast-schema-graph\">{\"@context\":\"https:\\\/\\\/schema.org\",\"@graph\":[{\"@type\":\"Article\",\"@id\":\"https:\\\/\\\/blog.redeacampa.org\\\/gl\\\/guillermo-fesser-gomaespuma-patricia-simon-xornalismo-humano-e-juan-carlos-tomasi-medicos-sen-fronteiras-presentaran-os-seus-ultimos-libros-no-encontro-internacional-acampa-do-mes-de-xuno\\\/#article\",\"isPartOf\":{\"@id\":\"https:\\\/\\\/blog.redeacampa.org\\\/gl\\\/guillermo-fesser-gomaespuma-patricia-simon-xornalismo-humano-e-juan-carlos-tomasi-medicos-sen-fronteiras-presentaran-os-seus-ultimos-libros-no-encontro-internacional-acampa-do-mes-de-xuno\\\/\"},\"author\":{\"name\":\"Comunicaci\u00f3n\",\"@id\":\"https:\\\/\\\/blog.redeacampa.org\\\/gl\\\/#\\\/schema\\\/person\\\/4af0729a8614cbed1e7078bcc7be966b\"},\"headline\":\"GUILLERMO FESSER (GOMAESPUMA), PATRICIA SIM\u00d3N (XORNALISMO HUMANO) E JUAN CARLOS TOMASI (M\u00c9DICOS SEN FRONTEIRAS) PRESENTAR\u00c1N OS SEUS \u00daLTIMOS LIBROS NO ENCONTRO INTERNACIONAL ACAMPA DO MES DE XU\u00d1O\",\"datePublished\":\"2022-05-17T07:30:13+00:00\",\"mainEntityOfPage\":{\"@id\":\"https:\\\/\\\/blog.redeacampa.org\\\/gl\\\/guillermo-fesser-gomaespuma-patricia-simon-xornalismo-humano-e-juan-carlos-tomasi-medicos-sen-fronteiras-presentaran-os-seus-ultimos-libros-no-encontro-internacional-acampa-do-mes-de-xuno\\\/\"},\"wordCount\":975,\"commentCount\":0,\"image\":{\"@id\":\"https:\\\/\\\/blog.redeacampa.org\\\/gl\\\/guillermo-fesser-gomaespuma-patricia-simon-xornalismo-humano-e-juan-carlos-tomasi-medicos-sen-fronteiras-presentaran-os-seus-ultimos-libros-no-encontro-internacional-acampa-do-mes-de-xuno\\\/#primaryimage\"},\"thumbnailUrl\":\"https:\\\/\\\/blog.redeacampa.org\\\/wp-content\\\/uploads\\\/GFesser-Marcelo_Web.jpg\",\"keywords\":[\"A Coru\u00f1a\",\"Cambio Clim\u00e1tico\",\"dereito a refuxio\",\"dereito de asilo\",\"Dereitos Humanos\",\"desprazamientos forzosos\",\"Fame\",\"Fame e Refuxio\",\"Galicia\",\"persoas migrantes\",\"persoas refuxiadas\"],\"articleSection\":[\"Presentacios\"],\"inLanguage\":\"gl-ES\",\"potentialAction\":[{\"@type\":\"CommentAction\",\"name\":\"Comment\",\"target\":[\"https:\\\/\\\/blog.redeacampa.org\\\/gl\\\/guillermo-fesser-gomaespuma-patricia-simon-xornalismo-humano-e-juan-carlos-tomasi-medicos-sen-fronteiras-presentaran-os-seus-ultimos-libros-no-encontro-internacional-acampa-do-mes-de-xuno\\\/#respond\"]}]},{\"@type\":\"WebPage\",\"@id\":\"https:\\\/\\\/blog.redeacampa.org\\\/gl\\\/guillermo-fesser-gomaespuma-patricia-simon-xornalismo-humano-e-juan-carlos-tomasi-medicos-sen-fronteiras-presentaran-os-seus-ultimos-libros-no-encontro-internacional-acampa-do-mes-de-xuno\\\/\",\"url\":\"https:\\\/\\\/blog.redeacampa.org\\\/gl\\\/guillermo-fesser-gomaespuma-patricia-simon-xornalismo-humano-e-juan-carlos-tomasi-medicos-sen-fronteiras-presentaran-os-seus-ultimos-libros-no-encontro-internacional-acampa-do-mes-de-xuno\\\/\",\"name\":\"GUILLERMO FESSER (GOMAESPUMA), PATRICIA SIM\u00d3N (XORNALISMO HUMANO) E JUAN CARLOS TOMASI (M\u00c9DICOS SEN FRONTEIRAS) PRESENTAR\u00c1N OS SEUS \u00daLTIMOS LIBROS NO ENCONTRO INTERNACIONAL ACAMPA DO MES DE XU\u00d1O | Rede Acampa - Por la paz y el derecho a refugio\",\"isPartOf\":{\"@id\":\"https:\\\/\\\/blog.redeacampa.org\\\/gl\\\/#website\"},\"primaryImageOfPage\":{\"@id\":\"https:\\\/\\\/blog.redeacampa.org\\\/gl\\\/guillermo-fesser-gomaespuma-patricia-simon-xornalismo-humano-e-juan-carlos-tomasi-medicos-sen-fronteiras-presentaran-os-seus-ultimos-libros-no-encontro-internacional-acampa-do-mes-de-xuno\\\/#primaryimage\"},\"image\":{\"@id\":\"https:\\\/\\\/blog.redeacampa.org\\\/gl\\\/guillermo-fesser-gomaespuma-patricia-simon-xornalismo-humano-e-juan-carlos-tomasi-medicos-sen-fronteiras-presentaran-os-seus-ultimos-libros-no-encontro-internacional-acampa-do-mes-de-xuno\\\/#primaryimage\"},\"thumbnailUrl\":\"https:\\\/\\\/blog.redeacampa.org\\\/wp-content\\\/uploads\\\/GFesser-Marcelo_Web.jpg\",\"datePublished\":\"2022-05-17T07:30:13+00:00\",\"author\":{\"@id\":\"https:\\\/\\\/blog.redeacampa.org\\\/gl\\\/#\\\/schema\\\/person\\\/4af0729a8614cbed1e7078bcc7be966b\"},\"breadcrumb\":{\"@id\":\"https:\\\/\\\/blog.redeacampa.org\\\/gl\\\/guillermo-fesser-gomaespuma-patricia-simon-xornalismo-humano-e-juan-carlos-tomasi-medicos-sen-fronteiras-presentaran-os-seus-ultimos-libros-no-encontro-internacional-acampa-do-mes-de-xuno\\\/#breadcrumb\"},\"inLanguage\":\"gl-ES\",\"potentialAction\":[{\"@type\":\"ReadAction\",\"target\":[\"https:\\\/\\\/blog.redeacampa.org\\\/gl\\\/guillermo-fesser-gomaespuma-patricia-simon-xornalismo-humano-e-juan-carlos-tomasi-medicos-sen-fronteiras-presentaran-os-seus-ultimos-libros-no-encontro-internacional-acampa-do-mes-de-xuno\\\/\"]}]},{\"@type\":\"ImageObject\",\"inLanguage\":\"gl-ES\",\"@id\":\"https:\\\/\\\/blog.redeacampa.org\\\/gl\\\/guillermo-fesser-gomaespuma-patricia-simon-xornalismo-humano-e-juan-carlos-tomasi-medicos-sen-fronteiras-presentaran-os-seus-ultimos-libros-no-encontro-internacional-acampa-do-mes-de-xuno\\\/#primaryimage\",\"url\":\"https:\\\/\\\/blog.redeacampa.org\\\/wp-content\\\/uploads\\\/GFesser-Marcelo_Web.jpg\",\"contentUrl\":\"https:\\\/\\\/blog.redeacampa.org\\\/wp-content\\\/uploads\\\/GFesser-Marcelo_Web.jpg\",\"width\":1280,\"height\":720},{\"@type\":\"BreadcrumbList\",\"@id\":\"https:\\\/\\\/blog.redeacampa.org\\\/gl\\\/guillermo-fesser-gomaespuma-patricia-simon-xornalismo-humano-e-juan-carlos-tomasi-medicos-sen-fronteiras-presentaran-os-seus-ultimos-libros-no-encontro-internacional-acampa-do-mes-de-xuno\\\/#breadcrumb\",\"itemListElement\":[{\"@type\":\"ListItem\",\"position\":1,\"name\":\"Portada\",\"item\":\"https:\\\/\\\/blog.redeacampa.org\\\/gl\\\/\"},{\"@type\":\"ListItem\",\"position\":2,\"name\":\"GUILLERMO FESSER (GOMAESPUMA), PATRICIA SIM\u00d3N (XORNALISMO HUMANO) E JUAN CARLOS TOMASI (M\u00c9DICOS SEN FRONTEIRAS) PRESENTAR\u00c1N OS SEUS \u00daLTIMOS LIBROS NO ENCONTRO INTERNACIONAL ACAMPA DO MES DE XU\u00d1O\"}]},{\"@type\":\"WebSite\",\"@id\":\"https:\\\/\\\/blog.redeacampa.org\\\/gl\\\/#website\",\"url\":\"https:\\\/\\\/blog.redeacampa.org\\\/gl\\\/\",\"name\":\"Rede Acampa - Por la paz y el derecho a refugio\",\"description\":\"Una iniciativa ciudadana sin fines de lucro integrada por colectivos sociales, culturales, educativos, veci\u00f1ales, pol\u00edticos, sindicales, art\u00edsticos, de personas solidarias, de instituciones y empresas con responsabilidad social que tienen como objetivo la defensa de los derechos humanos, el Derecho Internacional Humanitario y el Derecho a Refugio\",\"potentialAction\":[{\"@type\":\"SearchAction\",\"target\":{\"@type\":\"EntryPoint\",\"urlTemplate\":\"https:\\\/\\\/blog.redeacampa.org\\\/gl\\\/?s={search_term_string}\"},\"query-input\":{\"@type\":\"PropertyValueSpecification\",\"valueRequired\":true,\"valueName\":\"search_term_string\"}}],\"inLanguage\":\"gl-ES\"},{\"@type\":\"Person\",\"@id\":\"https:\\\/\\\/blog.redeacampa.org\\\/gl\\\/#\\\/schema\\\/person\\\/4af0729a8614cbed1e7078bcc7be966b\",\"name\":\"Comunicaci\u00f3n\",\"image\":{\"@type\":\"ImageObject\",\"inLanguage\":\"gl-ES\",\"@id\":\"https:\\\/\\\/secure.gravatar.com\\\/avatar\\\/8e8fea06f5f2696e331aacd588d2000164152c9aa47459d1e52be3c1ab5f5ca5?s=96&d=mm&r=g\",\"url\":\"https:\\\/\\\/secure.gravatar.com\\\/avatar\\\/8e8fea06f5f2696e331aacd588d2000164152c9aa47459d1e52be3c1ab5f5ca5?s=96&d=mm&r=g\",\"contentUrl\":\"https:\\\/\\\/secure.gravatar.com\\\/avatar\\\/8e8fea06f5f2696e331aacd588d2000164152c9aa47459d1e52be3c1ab5f5ca5?s=96&d=mm&r=g\",\"caption\":\"Comunicaci\u00f3n\"}}]}<\/script>\n<!-- \/ Yoast SEO plugin. -->","yoast_head_json":{"title":"GUILLERMO FESSER (GOMAESPUMA), PATRICIA SIM\u00d3N (XORNALISMO HUMANO) E JUAN CARLOS TOMASI (M\u00c9DICOS SEN FRONTEIRAS) PRESENTAR\u00c1N OS SEUS \u00daLTIMOS LIBROS NO ENCONTRO INTERNACIONAL ACAMPA DO MES DE XU\u00d1O | Rede Acampa - Por la paz y el derecho a refugio","robots":{"index":"index","follow":"follow","max-snippet":"max-snippet:-1","max-image-preview":"max-image-preview:large","max-video-preview":"max-video-preview:-1"},"canonical":"https:\/\/blog.redeacampa.org\/gl\/guillermo-fesser-gomaespuma-patricia-simon-xornalismo-humano-e-juan-carlos-tomasi-medicos-sen-fronteiras-presentaran-os-seus-ultimos-libros-no-encontro-internacional-acampa-do-mes-de-xuno\/","og_locale":"gl_ES","og_type":"article","og_title":"GUILLERMO FESSER (GOMAESPUMA), PATRICIA SIM\u00d3N (XORNALISMO HUMANO) E JUAN CARLOS TOMASI (M\u00c9DICOS SEN FRONTEIRAS) PRESENTAR\u00c1N OS SEUS \u00daLTIMOS LIBROS NO ENCONTRO INTERNACIONAL ACAMPA DO MES DE XU\u00d1O | Rede Acampa - Por la paz y el derecho a refugio","og_description":"A edici\u00f3n deste ano \u201cFame e Refuxio\u201d reflexionar\u00e1 sobre a relaci\u00f3n entre os grandes desprazamentos de persoas e a penuria alimentaria O xornalista de Gomaespuma e El Intermedio vir\u00e1 \u00e1 Coru\u00f1a co seu \u00faltimo traballo literario \u201cMarcelo\u201d, unha homenaxe aos inmigrantes hispanos que levantaron o negocio da hostelar\u00eda en Estados Unidos. Recentemente chegada da guerra [&hellip;]","og_url":"https:\/\/blog.redeacampa.org\/gl\/guillermo-fesser-gomaespuma-patricia-simon-xornalismo-humano-e-juan-carlos-tomasi-medicos-sen-fronteiras-presentaran-os-seus-ultimos-libros-no-encontro-internacional-acampa-do-mes-de-xuno\/","og_site_name":"Rede Acampa - Por la paz y el derecho a refugio","article_publisher":"https:\/\/www.facebook.com\/acampapolapazeodereitoarefuxio","article_published_time":"2022-05-17T07:30:13+00:00","og_image":[{"width":1280,"height":720,"url":"https:\/\/blog.redeacampa.org\/wp-content\/uploads\/GFesser-Marcelo_Web.jpg","type":"image\/jpeg"}],"author":"Comunicaci\u00f3n","twitter_card":"summary_large_image","twitter_creator":"@Acampa_polapaz","twitter_site":"@Acampa_polapaz","twitter_misc":{"Escrito por":"Comunicaci\u00f3n","Tempo de lectura":"4 minutos"},"schema":{"@context":"https:\/\/schema.org","@graph":[{"@type":"Article","@id":"https:\/\/blog.redeacampa.org\/gl\/guillermo-fesser-gomaespuma-patricia-simon-xornalismo-humano-e-juan-carlos-tomasi-medicos-sen-fronteiras-presentaran-os-seus-ultimos-libros-no-encontro-internacional-acampa-do-mes-de-xuno\/#article","isPartOf":{"@id":"https:\/\/blog.redeacampa.org\/gl\/guillermo-fesser-gomaespuma-patricia-simon-xornalismo-humano-e-juan-carlos-tomasi-medicos-sen-fronteiras-presentaran-os-seus-ultimos-libros-no-encontro-internacional-acampa-do-mes-de-xuno\/"},"author":{"name":"Comunicaci\u00f3n","@id":"https:\/\/blog.redeacampa.org\/gl\/#\/schema\/person\/4af0729a8614cbed1e7078bcc7be966b"},"headline":"GUILLERMO FESSER (GOMAESPUMA), PATRICIA SIM\u00d3N (XORNALISMO HUMANO) E JUAN CARLOS TOMASI (M\u00c9DICOS SEN FRONTEIRAS) PRESENTAR\u00c1N OS SEUS \u00daLTIMOS LIBROS NO ENCONTRO INTERNACIONAL ACAMPA DO MES DE XU\u00d1O","datePublished":"2022-05-17T07:30:13+00:00","mainEntityOfPage":{"@id":"https:\/\/blog.redeacampa.org\/gl\/guillermo-fesser-gomaespuma-patricia-simon-xornalismo-humano-e-juan-carlos-tomasi-medicos-sen-fronteiras-presentaran-os-seus-ultimos-libros-no-encontro-internacional-acampa-do-mes-de-xuno\/"},"wordCount":975,"commentCount":0,"image":{"@id":"https:\/\/blog.redeacampa.org\/gl\/guillermo-fesser-gomaespuma-patricia-simon-xornalismo-humano-e-juan-carlos-tomasi-medicos-sen-fronteiras-presentaran-os-seus-ultimos-libros-no-encontro-internacional-acampa-do-mes-de-xuno\/#primaryimage"},"thumbnailUrl":"https:\/\/blog.redeacampa.org\/wp-content\/uploads\/GFesser-Marcelo_Web.jpg","keywords":["A Coru\u00f1a","Cambio Clim\u00e1tico","dereito a refuxio","dereito de asilo","Dereitos Humanos","desprazamientos forzosos","Fame","Fame e Refuxio","Galicia","persoas migrantes","persoas refuxiadas"],"articleSection":["Presentacios"],"inLanguage":"gl-ES","potentialAction":[{"@type":"CommentAction","name":"Comment","target":["https:\/\/blog.redeacampa.org\/gl\/guillermo-fesser-gomaespuma-patricia-simon-xornalismo-humano-e-juan-carlos-tomasi-medicos-sen-fronteiras-presentaran-os-seus-ultimos-libros-no-encontro-internacional-acampa-do-mes-de-xuno\/#respond"]}]},{"@type":"WebPage","@id":"https:\/\/blog.redeacampa.org\/gl\/guillermo-fesser-gomaespuma-patricia-simon-xornalismo-humano-e-juan-carlos-tomasi-medicos-sen-fronteiras-presentaran-os-seus-ultimos-libros-no-encontro-internacional-acampa-do-mes-de-xuno\/","url":"https:\/\/blog.redeacampa.org\/gl\/guillermo-fesser-gomaespuma-patricia-simon-xornalismo-humano-e-juan-carlos-tomasi-medicos-sen-fronteiras-presentaran-os-seus-ultimos-libros-no-encontro-internacional-acampa-do-mes-de-xuno\/","name":"GUILLERMO FESSER (GOMAESPUMA), PATRICIA SIM\u00d3N (XORNALISMO HUMANO) E JUAN CARLOS TOMASI (M\u00c9DICOS SEN FRONTEIRAS) PRESENTAR\u00c1N OS SEUS \u00daLTIMOS LIBROS NO ENCONTRO INTERNACIONAL ACAMPA DO MES DE XU\u00d1O | Rede Acampa - Por la paz y el derecho a refugio","isPartOf":{"@id":"https:\/\/blog.redeacampa.org\/gl\/#website"},"primaryImageOfPage":{"@id":"https:\/\/blog.redeacampa.org\/gl\/guillermo-fesser-gomaespuma-patricia-simon-xornalismo-humano-e-juan-carlos-tomasi-medicos-sen-fronteiras-presentaran-os-seus-ultimos-libros-no-encontro-internacional-acampa-do-mes-de-xuno\/#primaryimage"},"image":{"@id":"https:\/\/blog.redeacampa.org\/gl\/guillermo-fesser-gomaespuma-patricia-simon-xornalismo-humano-e-juan-carlos-tomasi-medicos-sen-fronteiras-presentaran-os-seus-ultimos-libros-no-encontro-internacional-acampa-do-mes-de-xuno\/#primaryimage"},"thumbnailUrl":"https:\/\/blog.redeacampa.org\/wp-content\/uploads\/GFesser-Marcelo_Web.jpg","datePublished":"2022-05-17T07:30:13+00:00","author":{"@id":"https:\/\/blog.redeacampa.org\/gl\/#\/schema\/person\/4af0729a8614cbed1e7078bcc7be966b"},"breadcrumb":{"@id":"https:\/\/blog.redeacampa.org\/gl\/guillermo-fesser-gomaespuma-patricia-simon-xornalismo-humano-e-juan-carlos-tomasi-medicos-sen-fronteiras-presentaran-os-seus-ultimos-libros-no-encontro-internacional-acampa-do-mes-de-xuno\/#breadcrumb"},"inLanguage":"gl-ES","potentialAction":[{"@type":"ReadAction","target":["https:\/\/blog.redeacampa.org\/gl\/guillermo-fesser-gomaespuma-patricia-simon-xornalismo-humano-e-juan-carlos-tomasi-medicos-sen-fronteiras-presentaran-os-seus-ultimos-libros-no-encontro-internacional-acampa-do-mes-de-xuno\/"]}]},{"@type":"ImageObject","inLanguage":"gl-ES","@id":"https:\/\/blog.redeacampa.org\/gl\/guillermo-fesser-gomaespuma-patricia-simon-xornalismo-humano-e-juan-carlos-tomasi-medicos-sen-fronteiras-presentaran-os-seus-ultimos-libros-no-encontro-internacional-acampa-do-mes-de-xuno\/#primaryimage","url":"https:\/\/blog.redeacampa.org\/wp-content\/uploads\/GFesser-Marcelo_Web.jpg","contentUrl":"https:\/\/blog.redeacampa.org\/wp-content\/uploads\/GFesser-Marcelo_Web.jpg","width":1280,"height":720},{"@type":"BreadcrumbList","@id":"https:\/\/blog.redeacampa.org\/gl\/guillermo-fesser-gomaespuma-patricia-simon-xornalismo-humano-e-juan-carlos-tomasi-medicos-sen-fronteiras-presentaran-os-seus-ultimos-libros-no-encontro-internacional-acampa-do-mes-de-xuno\/#breadcrumb","itemListElement":[{"@type":"ListItem","position":1,"name":"Portada","item":"https:\/\/blog.redeacampa.org\/gl\/"},{"@type":"ListItem","position":2,"name":"GUILLERMO FESSER (GOMAESPUMA), PATRICIA SIM\u00d3N (XORNALISMO HUMANO) E JUAN CARLOS TOMASI (M\u00c9DICOS SEN FRONTEIRAS) PRESENTAR\u00c1N OS SEUS \u00daLTIMOS LIBROS NO ENCONTRO INTERNACIONAL ACAMPA DO MES DE XU\u00d1O"}]},{"@type":"WebSite","@id":"https:\/\/blog.redeacampa.org\/gl\/#website","url":"https:\/\/blog.redeacampa.org\/gl\/","name":"Rede Acampa - Por la paz y el derecho a refugio","description":"Una iniciativa ciudadana sin fines de lucro integrada por colectivos sociales, culturales, educativos, veci\u00f1ales, pol\u00edticos, sindicales, art\u00edsticos, de personas solidarias, de instituciones y empresas con responsabilidad social que tienen como objetivo la defensa de los derechos humanos, el Derecho Internacional Humanitario y el Derecho a Refugio","potentialAction":[{"@type":"SearchAction","target":{"@type":"EntryPoint","urlTemplate":"https:\/\/blog.redeacampa.org\/gl\/?s={search_term_string}"},"query-input":{"@type":"PropertyValueSpecification","valueRequired":true,"valueName":"search_term_string"}}],"inLanguage":"gl-ES"},{"@type":"Person","@id":"https:\/\/blog.redeacampa.org\/gl\/#\/schema\/person\/4af0729a8614cbed1e7078bcc7be966b","name":"Comunicaci\u00f3n","image":{"@type":"ImageObject","inLanguage":"gl-ES","@id":"https:\/\/secure.gravatar.com\/avatar\/8e8fea06f5f2696e331aacd588d2000164152c9aa47459d1e52be3c1ab5f5ca5?s=96&d=mm&r=g","url":"https:\/\/secure.gravatar.com\/avatar\/8e8fea06f5f2696e331aacd588d2000164152c9aa47459d1e52be3c1ab5f5ca5?s=96&d=mm&r=g","contentUrl":"https:\/\/secure.gravatar.com\/avatar\/8e8fea06f5f2696e331aacd588d2000164152c9aa47459d1e52be3c1ab5f5ca5?s=96&d=mm&r=g","caption":"Comunicaci\u00f3n"}}]}},"_links":{"self":[{"href":"https:\/\/blog.redeacampa.org\/gl\/wp-json\/wp\/v2\/posts\/38295","targetHints":{"allow":["GET"]}}],"collection":[{"href":"https:\/\/blog.redeacampa.org\/gl\/wp-json\/wp\/v2\/posts"}],"about":[{"href":"https:\/\/blog.redeacampa.org\/gl\/wp-json\/wp\/v2\/types\/post"}],"author":[{"embeddable":true,"href":"https:\/\/blog.redeacampa.org\/gl\/wp-json\/wp\/v2\/users\/25"}],"replies":[{"embeddable":true,"href":"https:\/\/blog.redeacampa.org\/gl\/wp-json\/wp\/v2\/comments?post=38295"}],"version-history":[{"count":1,"href":"https:\/\/blog.redeacampa.org\/gl\/wp-json\/wp\/v2\/posts\/38295\/revisions"}],"predecessor-version":[{"id":38298,"href":"https:\/\/blog.redeacampa.org\/gl\/wp-json\/wp\/v2\/posts\/38295\/revisions\/38298"}],"wp:featuredmedia":[{"embeddable":true,"href":"https:\/\/blog.redeacampa.org\/gl\/wp-json\/wp\/v2\/media\/38296"}],"wp:attachment":[{"href":"https:\/\/blog.redeacampa.org\/gl\/wp-json\/wp\/v2\/media?parent=38295"}],"wp:term":[{"taxonomy":"category","embeddable":true,"href":"https:\/\/blog.redeacampa.org\/gl\/wp-json\/wp\/v2\/categories?post=38295"},{"taxonomy":"post_tag","embeddable":true,"href":"https:\/\/blog.redeacampa.org\/gl\/wp-json\/wp\/v2\/tags?post=38295"}],"curies":[{"name":"wp","href":"https:\/\/api.w.org\/{rel}","templated":true}]}}