{"id":38326,"date":"2022-06-01T08:58:10","date_gmt":"2022-06-01T06:58:10","guid":{"rendered":"https:\/\/blog.redeacampa.org\/?p=38326"},"modified":"2022-06-01T08:58:10","modified_gmt":"2022-06-01T06:58:10","slug":"moitas-das-organizacions-que-integran-rede-acampa-teran-actividades-propias-no-desenvolvemento-do-vi-encontro-internacional-fame-e-refuxio","status":"publish","type":"post","link":"https:\/\/blog.redeacampa.org\/gl\/moitas-das-organizacions-que-integran-rede-acampa-teran-actividades-propias-no-desenvolvemento-do-vi-encontro-internacional-fame-e-refuxio\/","title":{"rendered":"MOITAS DAS ORGANIZACI\u00d3NS QUE INTEGRAN REDE ACAMPA TER\u00c1N ACTIVIDADES PROPIAS NO DESENVOLVEMENTO DO VI ENCONTRO INTERNACIONAL FAME E REFUXIO"},"content":{"rendered":"<ul>\n<li><em>Ao intenso programa oficial desta cita que abrir\u00e1 \u00e1s s\u00faas portas o 9 de xu\u00f1o s\u00famanse unha infinidade de propostas propias. Haber\u00e1 un posto de asesoramento xur\u00eddico, clases de espa\u00f1ol, xogos populares de distintos pa\u00edses, un xigantesco mapa do espolio de recursos, asesoramento sobre o Sistema Estatal de Acollida\u2026<\/em><\/li>\n<li><em>Suman as\u00ed as s\u00faas propostas ao programa oficial desta convocatoria para a reflexi\u00f3n social colectiva que un ano m\u00e1is converter\u00e1 A Coru\u00f1a nun porto refuxio dos Dereitos Humanos<\/em><\/li>\n<\/ul>\n<p>O Movemento Acampa est\u00e1 integrado por m\u00e1is de 70 organizaci\u00f3ns. Por iso, este VI Encontro Internacional Acampa pola Paz e o Dereito a Refuxio ter\u00e1, como en anteriores edici\u00f3ns, un programa complementario ao oficial no que se ofertar\u00e1n distintas actividades por parte dalgunhas das citadas entidades e colectivos. Propostas propias que profundar\u00e1n no obxectivo: a reflexi\u00f3n cidad\u00e1 en torno \u00e1 Fame.<\/p>\n<p>As\u00ed, entre o 9 e o 11 de xu\u00f1o, ter\u00e1n caseta propia nos Xard\u00edns de M\u00e9ndez N\u00fa\u00f1ez as organizaci\u00f3ns\u00a0\u00a0 Sen\u00a0 Valos , Amnist\u00eda Internacional, Mundo\u00a0 Sen Guerras e\u00a0 Sen Violencia, AIRE, Greenpeace,\u00a0 Simbiose,\u00a0 Refugees\u00a0 Welcome, Sos Racismo-Galicia, Por que non?, Home\u00a0 Novo,\u00a0 Solidariedade\u00a0 Galega,\u00a0 Vangarda\u00a0 Obreira, e\u00a0 Solidariedade Internacional, os sindicatos CCOO Coru\u00f1a, SLG e os partidos pol\u00edticos PSOE, Podemos Coru\u00f1a, Marea Atl\u00e1ntica e BNG.<strong>\u00a0<\/strong><\/p>\n<p><strong>Unha ampla oferta<\/strong><\/p>\n<p>Sen\u00a0 Valos dispo\u00f1er\u00e1 dun posto de atenci\u00f3n xur\u00eddica con avogados que despexen as d\u00fabidas dos que se acheguen ata al\u00ed, as\u00ed como un posto de mediaci\u00f3n e informaci\u00f3n, con mediadoras e mediadores especializados en informaci\u00f3n ao colectivo subsahariano, \u00e1rabe, latino,\u00a0 ucra\u00edno e ruso. Tam\u00e9n informar\u00e1n de axudas, tr\u00e1mites\u2026 Os seus activistas dar\u00e1n clases de espa\u00f1ol e ensinar\u00e1n xogos populares de distintas partes do mundo.\u00a0 Simbiose adicar\u00e1 o s\u00e1bado para recoller, en entrevistas gravadas, as voces da propia Rede Acampa e das distintas organizaci\u00f3ns reunidas neste VI Encontro.\u00a0 Solidariedade Internacional instalar\u00e1 un mapamundi xigante para mostrar que bens saqu\u00e9anse en cada pa\u00eds. Mundo\u00a0 Sen Guerras e\u00a0 Sen Violencia permitir\u00e1 aos asistentes gravar un v\u00eddeo persoal contra a guerra, que se mover\u00e1 nas s\u00faas redes sociais.<\/p>\n<p>Ecos\u00a0 do Sur e Rede Acolle ofrecer\u00e1n unha charla sobre o sistema estatal de acollida integral e integraci\u00f3n de solicitantes de asilo, refuxiados,\u00a0 ap\u00e1tridas, persoas acollidas ao r\u00e9xime de protecci\u00f3n temporal e outros estatutos de protecci\u00f3n subsidiaria. X\u00f3venes activistas da Oficina de Cooperaci\u00f3n e Voluntariado da Universidade da Coru\u00f1a, pola s\u00faa banda, realizar\u00e1n nos Xard\u00edns unha actividade de sensibilizaci\u00f3n sobre os distintos conflitos esquecidos a\u00ednda que activos en distintas partes do mundo, e sobre eses mill\u00f3ns de persoas que foxen buscando refuxio noutros pa\u00edses vendo vulnerados os seus dereitos, principalmente o de acceso \u00e1 vivenda.<\/p>\n<p>Para rematar, destacar que M\u00e9dicos do Mundo traer\u00e1 ao VI Encontro Internacional Acampa a exposici\u00f3n fotogr\u00e1fica \u201cMulleres que\u00a0 migran. Raz\u00f3ns e violencias na viaxe eterna de\u00a0 Mesoam\u00e9rica\u201d, unha mostra que, en colaboraci\u00f3n co xornal\u00a0 salvadore\u00f1o O Faro, recolle o traballo dos\u00a0 fotoperiodistas Fred Ramos e V\u00edctor Pe\u00f1a.<\/p>\n","protected":false},"excerpt":{"rendered":"<p>Ao intenso programa oficial desta cita que abrir\u00e1 \u00e1s s\u00faas portas o 9 de xu\u00f1o s\u00famanse unha infinidade de propostas propias. Haber\u00e1 un posto de asesoramento xur\u00eddico, clases de espa\u00f1ol, xogos populares de distintos pa\u00edses, un xigantesco mapa do espolio de recursos, asesoramento sobre o Sistema Estatal de Acollida\u2026 Suman as\u00ed as s\u00faas propostas ao [&hellip;]<\/p>\n","protected":false},"author":25,"featured_media":38327,"comment_status":"open","ping_status":"open","sticky":false,"template":"","format":"standard","meta":{"_et_pb_use_builder":"","_et_pb_old_content":"","_et_gb_content_width":"","inline_featured_image":false,"footnotes":""},"categories":[1],"tags":[103,88,89,65,220,226,113,62,172,166,165,64,63],"class_list":["post-38326","post","type-post","status-publish","format-standard","has-post-thumbnail","hentry","category-presentacios","tag-a-coruna","tag-dereito-a-refuxio","tag-dereito-de-asilo","tag-dereitos-humanos","tag-fame","tag-fame-e-refuxio","tag-fotografia-gl","tag-migracions","tag-migrantes-gl","tag-persoas-migrantes","tag-persoas-refuxiadas","tag-refuxiadas","tag-refuxiados"],"yoast_head":"<!-- This site is optimized with the Yoast SEO plugin v27.4 - https:\/\/yoast.com\/product\/yoast-seo-wordpress\/ -->\n<title>MOITAS DAS ORGANIZACI\u00d3NS QUE INTEGRAN REDE ACAMPA TER\u00c1N ACTIVIDADES PROPIAS NO DESENVOLVEMENTO DO VI ENCONTRO INTERNACIONAL FAME E REFUXIO | Rede Acampa - Por la paz y el derecho a refugio<\/title>\n<meta name=\"robots\" content=\"index, follow, max-snippet:-1, max-image-preview:large, max-video-preview:-1\" \/>\n<link rel=\"canonical\" href=\"https:\/\/blog.redeacampa.org\/gl\/moitas-das-organizacions-que-integran-rede-acampa-teran-actividades-propias-no-desenvolvemento-do-vi-encontro-internacional-fame-e-refuxio\/\" \/>\n<meta property=\"og:locale\" content=\"gl_ES\" \/>\n<meta property=\"og:type\" content=\"article\" \/>\n<meta property=\"og:title\" content=\"MOITAS DAS ORGANIZACI\u00d3NS QUE INTEGRAN REDE ACAMPA TER\u00c1N ACTIVIDADES PROPIAS NO DESENVOLVEMENTO DO VI ENCONTRO INTERNACIONAL FAME E REFUXIO | Rede Acampa - Por la paz y el derecho a refugio\" \/>\n<meta property=\"og:description\" content=\"Ao intenso programa oficial desta cita que abrir\u00e1 \u00e1s s\u00faas portas o 9 de xu\u00f1o s\u00famanse unha infinidade de propostas propias. Haber\u00e1 un posto de asesoramento xur\u00eddico, clases de espa\u00f1ol, xogos populares de distintos pa\u00edses, un xigantesco mapa do espolio de recursos, asesoramento sobre o Sistema Estatal de Acollida\u2026 Suman as\u00ed as s\u00faas propostas ao [&hellip;]\" \/>\n<meta property=\"og:url\" content=\"https:\/\/blog.redeacampa.org\/gl\/moitas-das-organizacions-que-integran-rede-acampa-teran-actividades-propias-no-desenvolvemento-do-vi-encontro-internacional-fame-e-refuxio\/\" \/>\n<meta property=\"og:site_name\" content=\"Rede Acampa - Por la paz y el derecho a refugio\" \/>\n<meta property=\"article:publisher\" content=\"https:\/\/www.facebook.com\/acampapolapazeodereitoarefuxio\" \/>\n<meta property=\"article:published_time\" content=\"2022-06-01T06:58:10+00:00\" \/>\n<meta property=\"og:image\" content=\"https:\/\/blog.redeacampa.org\/wp-content\/uploads\/WEB-ACAMPA-035.jpg\" \/>\n\t<meta property=\"og:image:width\" content=\"1000\" \/>\n\t<meta property=\"og:image:height\" content=\"668\" \/>\n\t<meta property=\"og:image:type\" content=\"image\/jpeg\" \/>\n<meta name=\"author\" content=\"Comunicaci\u00f3n\" \/>\n<meta name=\"twitter:card\" content=\"summary_large_image\" \/>\n<meta name=\"twitter:creator\" content=\"@Acampa_polapaz\" \/>\n<meta name=\"twitter:site\" content=\"@Acampa_polapaz\" \/>\n<meta name=\"twitter:label1\" content=\"Escrito por\" \/>\n\t<meta name=\"twitter:data1\" content=\"Comunicaci\u00f3n\" \/>\n\t<meta name=\"twitter:label2\" content=\"Tempo de lectura\" \/>\n\t<meta name=\"twitter:data2\" content=\"3 minutos\" \/>\n<script type=\"application\/ld+json\" class=\"yoast-schema-graph\">{\"@context\":\"https:\\\/\\\/schema.org\",\"@graph\":[{\"@type\":\"Article\",\"@id\":\"https:\\\/\\\/blog.redeacampa.org\\\/gl\\\/moitas-das-organizacions-que-integran-rede-acampa-teran-actividades-propias-no-desenvolvemento-do-vi-encontro-internacional-fame-e-refuxio\\\/#article\",\"isPartOf\":{\"@id\":\"https:\\\/\\\/blog.redeacampa.org\\\/gl\\\/moitas-das-organizacions-que-integran-rede-acampa-teran-actividades-propias-no-desenvolvemento-do-vi-encontro-internacional-fame-e-refuxio\\\/\"},\"author\":{\"name\":\"Comunicaci\u00f3n\",\"@id\":\"https:\\\/\\\/blog.redeacampa.org\\\/gl\\\/#\\\/schema\\\/person\\\/4af0729a8614cbed1e7078bcc7be966b\"},\"headline\":\"MOITAS DAS ORGANIZACI\u00d3NS QUE INTEGRAN REDE ACAMPA TER\u00c1N ACTIVIDADES PROPIAS NO DESENVOLVEMENTO DO VI ENCONTRO INTERNACIONAL FAME E REFUXIO\",\"datePublished\":\"2022-06-01T06:58:10+00:00\",\"mainEntityOfPage\":{\"@id\":\"https:\\\/\\\/blog.redeacampa.org\\\/gl\\\/moitas-das-organizacions-que-integran-rede-acampa-teran-actividades-propias-no-desenvolvemento-do-vi-encontro-internacional-fame-e-refuxio\\\/\"},\"wordCount\":558,\"commentCount\":0,\"image\":{\"@id\":\"https:\\\/\\\/blog.redeacampa.org\\\/gl\\\/moitas-das-organizacions-que-integran-rede-acampa-teran-actividades-propias-no-desenvolvemento-do-vi-encontro-internacional-fame-e-refuxio\\\/#primaryimage\"},\"thumbnailUrl\":\"https:\\\/\\\/blog.redeacampa.org\\\/wp-content\\\/uploads\\\/WEB-ACAMPA-035.jpg\",\"keywords\":[\"A Coru\u00f1a\",\"dereito a refuxio\",\"dereito de asilo\",\"Dereitos Humanos\",\"Fame\",\"Fame e Refuxio\",\"Fotograf\u00eda\",\"migraci\u00f3ns\",\"migrantes\",\"persoas migrantes\",\"persoas refuxiadas\",\"refuxiadas\",\"refuxiados\"],\"articleSection\":[\"Presentacios\"],\"inLanguage\":\"gl-ES\",\"potentialAction\":[{\"@type\":\"CommentAction\",\"name\":\"Comment\",\"target\":[\"https:\\\/\\\/blog.redeacampa.org\\\/gl\\\/moitas-das-organizacions-que-integran-rede-acampa-teran-actividades-propias-no-desenvolvemento-do-vi-encontro-internacional-fame-e-refuxio\\\/#respond\"]}]},{\"@type\":\"WebPage\",\"@id\":\"https:\\\/\\\/blog.redeacampa.org\\\/gl\\\/moitas-das-organizacions-que-integran-rede-acampa-teran-actividades-propias-no-desenvolvemento-do-vi-encontro-internacional-fame-e-refuxio\\\/\",\"url\":\"https:\\\/\\\/blog.redeacampa.org\\\/gl\\\/moitas-das-organizacions-que-integran-rede-acampa-teran-actividades-propias-no-desenvolvemento-do-vi-encontro-internacional-fame-e-refuxio\\\/\",\"name\":\"MOITAS DAS ORGANIZACI\u00d3NS QUE INTEGRAN REDE ACAMPA TER\u00c1N ACTIVIDADES PROPIAS NO DESENVOLVEMENTO DO VI ENCONTRO INTERNACIONAL FAME E REFUXIO | Rede Acampa - Por la paz y el derecho a refugio\",\"isPartOf\":{\"@id\":\"https:\\\/\\\/blog.redeacampa.org\\\/gl\\\/#website\"},\"primaryImageOfPage\":{\"@id\":\"https:\\\/\\\/blog.redeacampa.org\\\/gl\\\/moitas-das-organizacions-que-integran-rede-acampa-teran-actividades-propias-no-desenvolvemento-do-vi-encontro-internacional-fame-e-refuxio\\\/#primaryimage\"},\"image\":{\"@id\":\"https:\\\/\\\/blog.redeacampa.org\\\/gl\\\/moitas-das-organizacions-que-integran-rede-acampa-teran-actividades-propias-no-desenvolvemento-do-vi-encontro-internacional-fame-e-refuxio\\\/#primaryimage\"},\"thumbnailUrl\":\"https:\\\/\\\/blog.redeacampa.org\\\/wp-content\\\/uploads\\\/WEB-ACAMPA-035.jpg\",\"datePublished\":\"2022-06-01T06:58:10+00:00\",\"author\":{\"@id\":\"https:\\\/\\\/blog.redeacampa.org\\\/gl\\\/#\\\/schema\\\/person\\\/4af0729a8614cbed1e7078bcc7be966b\"},\"breadcrumb\":{\"@id\":\"https:\\\/\\\/blog.redeacampa.org\\\/gl\\\/moitas-das-organizacions-que-integran-rede-acampa-teran-actividades-propias-no-desenvolvemento-do-vi-encontro-internacional-fame-e-refuxio\\\/#breadcrumb\"},\"inLanguage\":\"gl-ES\",\"potentialAction\":[{\"@type\":\"ReadAction\",\"target\":[\"https:\\\/\\\/blog.redeacampa.org\\\/gl\\\/moitas-das-organizacions-que-integran-rede-acampa-teran-actividades-propias-no-desenvolvemento-do-vi-encontro-internacional-fame-e-refuxio\\\/\"]}]},{\"@type\":\"ImageObject\",\"inLanguage\":\"gl-ES\",\"@id\":\"https:\\\/\\\/blog.redeacampa.org\\\/gl\\\/moitas-das-organizacions-que-integran-rede-acampa-teran-actividades-propias-no-desenvolvemento-do-vi-encontro-internacional-fame-e-refuxio\\\/#primaryimage\",\"url\":\"https:\\\/\\\/blog.redeacampa.org\\\/wp-content\\\/uploads\\\/WEB-ACAMPA-035.jpg\",\"contentUrl\":\"https:\\\/\\\/blog.redeacampa.org\\\/wp-content\\\/uploads\\\/WEB-ACAMPA-035.jpg\",\"width\":1000,\"height\":668},{\"@type\":\"BreadcrumbList\",\"@id\":\"https:\\\/\\\/blog.redeacampa.org\\\/gl\\\/moitas-das-organizacions-que-integran-rede-acampa-teran-actividades-propias-no-desenvolvemento-do-vi-encontro-internacional-fame-e-refuxio\\\/#breadcrumb\",\"itemListElement\":[{\"@type\":\"ListItem\",\"position\":1,\"name\":\"Portada\",\"item\":\"https:\\\/\\\/blog.redeacampa.org\\\/gl\\\/\"},{\"@type\":\"ListItem\",\"position\":2,\"name\":\"MOITAS DAS ORGANIZACI\u00d3NS QUE INTEGRAN REDE ACAMPA TER\u00c1N ACTIVIDADES PROPIAS NO DESENVOLVEMENTO DO VI ENCONTRO INTERNACIONAL FAME E REFUXIO\"}]},{\"@type\":\"WebSite\",\"@id\":\"https:\\\/\\\/blog.redeacampa.org\\\/gl\\\/#website\",\"url\":\"https:\\\/\\\/blog.redeacampa.org\\\/gl\\\/\",\"name\":\"Rede Acampa - Por la paz y el derecho a refugio\",\"description\":\"Una iniciativa ciudadana sin fines de lucro integrada por colectivos sociales, culturales, educativos, veci\u00f1ales, pol\u00edticos, sindicales, art\u00edsticos, de personas solidarias, de instituciones y empresas con responsabilidad social que tienen como objetivo la defensa de los derechos humanos, el Derecho Internacional Humanitario y el Derecho a Refugio\",\"potentialAction\":[{\"@type\":\"SearchAction\",\"target\":{\"@type\":\"EntryPoint\",\"urlTemplate\":\"https:\\\/\\\/blog.redeacampa.org\\\/gl\\\/?s={search_term_string}\"},\"query-input\":{\"@type\":\"PropertyValueSpecification\",\"valueRequired\":true,\"valueName\":\"search_term_string\"}}],\"inLanguage\":\"gl-ES\"},{\"@type\":\"Person\",\"@id\":\"https:\\\/\\\/blog.redeacampa.org\\\/gl\\\/#\\\/schema\\\/person\\\/4af0729a8614cbed1e7078bcc7be966b\",\"name\":\"Comunicaci\u00f3n\",\"image\":{\"@type\":\"ImageObject\",\"inLanguage\":\"gl-ES\",\"@id\":\"https:\\\/\\\/secure.gravatar.com\\\/avatar\\\/8e8fea06f5f2696e331aacd588d2000164152c9aa47459d1e52be3c1ab5f5ca5?s=96&d=mm&r=g\",\"url\":\"https:\\\/\\\/secure.gravatar.com\\\/avatar\\\/8e8fea06f5f2696e331aacd588d2000164152c9aa47459d1e52be3c1ab5f5ca5?s=96&d=mm&r=g\",\"contentUrl\":\"https:\\\/\\\/secure.gravatar.com\\\/avatar\\\/8e8fea06f5f2696e331aacd588d2000164152c9aa47459d1e52be3c1ab5f5ca5?s=96&d=mm&r=g\",\"caption\":\"Comunicaci\u00f3n\"}}]}<\/script>\n<!-- \/ Yoast SEO plugin. -->","yoast_head_json":{"title":"MOITAS DAS ORGANIZACI\u00d3NS QUE INTEGRAN REDE ACAMPA TER\u00c1N ACTIVIDADES PROPIAS NO DESENVOLVEMENTO DO VI ENCONTRO INTERNACIONAL FAME E REFUXIO | Rede Acampa - Por la paz y el derecho a refugio","robots":{"index":"index","follow":"follow","max-snippet":"max-snippet:-1","max-image-preview":"max-image-preview:large","max-video-preview":"max-video-preview:-1"},"canonical":"https:\/\/blog.redeacampa.org\/gl\/moitas-das-organizacions-que-integran-rede-acampa-teran-actividades-propias-no-desenvolvemento-do-vi-encontro-internacional-fame-e-refuxio\/","og_locale":"gl_ES","og_type":"article","og_title":"MOITAS DAS ORGANIZACI\u00d3NS QUE INTEGRAN REDE ACAMPA TER\u00c1N ACTIVIDADES PROPIAS NO DESENVOLVEMENTO DO VI ENCONTRO INTERNACIONAL FAME E REFUXIO | Rede Acampa - Por la paz y el derecho a refugio","og_description":"Ao intenso programa oficial desta cita que abrir\u00e1 \u00e1s s\u00faas portas o 9 de xu\u00f1o s\u00famanse unha infinidade de propostas propias. Haber\u00e1 un posto de asesoramento xur\u00eddico, clases de espa\u00f1ol, xogos populares de distintos pa\u00edses, un xigantesco mapa do espolio de recursos, asesoramento sobre o Sistema Estatal de Acollida\u2026 Suman as\u00ed as s\u00faas propostas ao [&hellip;]","og_url":"https:\/\/blog.redeacampa.org\/gl\/moitas-das-organizacions-que-integran-rede-acampa-teran-actividades-propias-no-desenvolvemento-do-vi-encontro-internacional-fame-e-refuxio\/","og_site_name":"Rede Acampa - Por la paz y el derecho a refugio","article_publisher":"https:\/\/www.facebook.com\/acampapolapazeodereitoarefuxio","article_published_time":"2022-06-01T06:58:10+00:00","og_image":[{"width":1000,"height":668,"url":"https:\/\/blog.redeacampa.org\/wp-content\/uploads\/WEB-ACAMPA-035.jpg","type":"image\/jpeg"}],"author":"Comunicaci\u00f3n","twitter_card":"summary_large_image","twitter_creator":"@Acampa_polapaz","twitter_site":"@Acampa_polapaz","twitter_misc":{"Escrito por":"Comunicaci\u00f3n","Tempo de lectura":"3 minutos"},"schema":{"@context":"https:\/\/schema.org","@graph":[{"@type":"Article","@id":"https:\/\/blog.redeacampa.org\/gl\/moitas-das-organizacions-que-integran-rede-acampa-teran-actividades-propias-no-desenvolvemento-do-vi-encontro-internacional-fame-e-refuxio\/#article","isPartOf":{"@id":"https:\/\/blog.redeacampa.org\/gl\/moitas-das-organizacions-que-integran-rede-acampa-teran-actividades-propias-no-desenvolvemento-do-vi-encontro-internacional-fame-e-refuxio\/"},"author":{"name":"Comunicaci\u00f3n","@id":"https:\/\/blog.redeacampa.org\/gl\/#\/schema\/person\/4af0729a8614cbed1e7078bcc7be966b"},"headline":"MOITAS DAS ORGANIZACI\u00d3NS QUE INTEGRAN REDE ACAMPA TER\u00c1N ACTIVIDADES PROPIAS NO DESENVOLVEMENTO DO VI ENCONTRO INTERNACIONAL FAME E REFUXIO","datePublished":"2022-06-01T06:58:10+00:00","mainEntityOfPage":{"@id":"https:\/\/blog.redeacampa.org\/gl\/moitas-das-organizacions-que-integran-rede-acampa-teran-actividades-propias-no-desenvolvemento-do-vi-encontro-internacional-fame-e-refuxio\/"},"wordCount":558,"commentCount":0,"image":{"@id":"https:\/\/blog.redeacampa.org\/gl\/moitas-das-organizacions-que-integran-rede-acampa-teran-actividades-propias-no-desenvolvemento-do-vi-encontro-internacional-fame-e-refuxio\/#primaryimage"},"thumbnailUrl":"https:\/\/blog.redeacampa.org\/wp-content\/uploads\/WEB-ACAMPA-035.jpg","keywords":["A Coru\u00f1a","dereito a refuxio","dereito de asilo","Dereitos Humanos","Fame","Fame e Refuxio","Fotograf\u00eda","migraci\u00f3ns","migrantes","persoas migrantes","persoas refuxiadas","refuxiadas","refuxiados"],"articleSection":["Presentacios"],"inLanguage":"gl-ES","potentialAction":[{"@type":"CommentAction","name":"Comment","target":["https:\/\/blog.redeacampa.org\/gl\/moitas-das-organizacions-que-integran-rede-acampa-teran-actividades-propias-no-desenvolvemento-do-vi-encontro-internacional-fame-e-refuxio\/#respond"]}]},{"@type":"WebPage","@id":"https:\/\/blog.redeacampa.org\/gl\/moitas-das-organizacions-que-integran-rede-acampa-teran-actividades-propias-no-desenvolvemento-do-vi-encontro-internacional-fame-e-refuxio\/","url":"https:\/\/blog.redeacampa.org\/gl\/moitas-das-organizacions-que-integran-rede-acampa-teran-actividades-propias-no-desenvolvemento-do-vi-encontro-internacional-fame-e-refuxio\/","name":"MOITAS DAS ORGANIZACI\u00d3NS QUE INTEGRAN REDE ACAMPA TER\u00c1N ACTIVIDADES PROPIAS NO DESENVOLVEMENTO DO VI ENCONTRO INTERNACIONAL FAME E REFUXIO | Rede Acampa - Por la paz y el derecho a refugio","isPartOf":{"@id":"https:\/\/blog.redeacampa.org\/gl\/#website"},"primaryImageOfPage":{"@id":"https:\/\/blog.redeacampa.org\/gl\/moitas-das-organizacions-que-integran-rede-acampa-teran-actividades-propias-no-desenvolvemento-do-vi-encontro-internacional-fame-e-refuxio\/#primaryimage"},"image":{"@id":"https:\/\/blog.redeacampa.org\/gl\/moitas-das-organizacions-que-integran-rede-acampa-teran-actividades-propias-no-desenvolvemento-do-vi-encontro-internacional-fame-e-refuxio\/#primaryimage"},"thumbnailUrl":"https:\/\/blog.redeacampa.org\/wp-content\/uploads\/WEB-ACAMPA-035.jpg","datePublished":"2022-06-01T06:58:10+00:00","author":{"@id":"https:\/\/blog.redeacampa.org\/gl\/#\/schema\/person\/4af0729a8614cbed1e7078bcc7be966b"},"breadcrumb":{"@id":"https:\/\/blog.redeacampa.org\/gl\/moitas-das-organizacions-que-integran-rede-acampa-teran-actividades-propias-no-desenvolvemento-do-vi-encontro-internacional-fame-e-refuxio\/#breadcrumb"},"inLanguage":"gl-ES","potentialAction":[{"@type":"ReadAction","target":["https:\/\/blog.redeacampa.org\/gl\/moitas-das-organizacions-que-integran-rede-acampa-teran-actividades-propias-no-desenvolvemento-do-vi-encontro-internacional-fame-e-refuxio\/"]}]},{"@type":"ImageObject","inLanguage":"gl-ES","@id":"https:\/\/blog.redeacampa.org\/gl\/moitas-das-organizacions-que-integran-rede-acampa-teran-actividades-propias-no-desenvolvemento-do-vi-encontro-internacional-fame-e-refuxio\/#primaryimage","url":"https:\/\/blog.redeacampa.org\/wp-content\/uploads\/WEB-ACAMPA-035.jpg","contentUrl":"https:\/\/blog.redeacampa.org\/wp-content\/uploads\/WEB-ACAMPA-035.jpg","width":1000,"height":668},{"@type":"BreadcrumbList","@id":"https:\/\/blog.redeacampa.org\/gl\/moitas-das-organizacions-que-integran-rede-acampa-teran-actividades-propias-no-desenvolvemento-do-vi-encontro-internacional-fame-e-refuxio\/#breadcrumb","itemListElement":[{"@type":"ListItem","position":1,"name":"Portada","item":"https:\/\/blog.redeacampa.org\/gl\/"},{"@type":"ListItem","position":2,"name":"MOITAS DAS ORGANIZACI\u00d3NS QUE INTEGRAN REDE ACAMPA TER\u00c1N ACTIVIDADES PROPIAS NO DESENVOLVEMENTO DO VI ENCONTRO INTERNACIONAL FAME E REFUXIO"}]},{"@type":"WebSite","@id":"https:\/\/blog.redeacampa.org\/gl\/#website","url":"https:\/\/blog.redeacampa.org\/gl\/","name":"Rede Acampa - Por la paz y el derecho a refugio","description":"Una iniciativa ciudadana sin fines de lucro integrada por colectivos sociales, culturales, educativos, veci\u00f1ales, pol\u00edticos, sindicales, art\u00edsticos, de personas solidarias, de instituciones y empresas con responsabilidad social que tienen como objetivo la defensa de los derechos humanos, el Derecho Internacional Humanitario y el Derecho a Refugio","potentialAction":[{"@type":"SearchAction","target":{"@type":"EntryPoint","urlTemplate":"https:\/\/blog.redeacampa.org\/gl\/?s={search_term_string}"},"query-input":{"@type":"PropertyValueSpecification","valueRequired":true,"valueName":"search_term_string"}}],"inLanguage":"gl-ES"},{"@type":"Person","@id":"https:\/\/blog.redeacampa.org\/gl\/#\/schema\/person\/4af0729a8614cbed1e7078bcc7be966b","name":"Comunicaci\u00f3n","image":{"@type":"ImageObject","inLanguage":"gl-ES","@id":"https:\/\/secure.gravatar.com\/avatar\/8e8fea06f5f2696e331aacd588d2000164152c9aa47459d1e52be3c1ab5f5ca5?s=96&d=mm&r=g","url":"https:\/\/secure.gravatar.com\/avatar\/8e8fea06f5f2696e331aacd588d2000164152c9aa47459d1e52be3c1ab5f5ca5?s=96&d=mm&r=g","contentUrl":"https:\/\/secure.gravatar.com\/avatar\/8e8fea06f5f2696e331aacd588d2000164152c9aa47459d1e52be3c1ab5f5ca5?s=96&d=mm&r=g","caption":"Comunicaci\u00f3n"}}]}},"_links":{"self":[{"href":"https:\/\/blog.redeacampa.org\/gl\/wp-json\/wp\/v2\/posts\/38326","targetHints":{"allow":["GET"]}}],"collection":[{"href":"https:\/\/blog.redeacampa.org\/gl\/wp-json\/wp\/v2\/posts"}],"about":[{"href":"https:\/\/blog.redeacampa.org\/gl\/wp-json\/wp\/v2\/types\/post"}],"author":[{"embeddable":true,"href":"https:\/\/blog.redeacampa.org\/gl\/wp-json\/wp\/v2\/users\/25"}],"replies":[{"embeddable":true,"href":"https:\/\/blog.redeacampa.org\/gl\/wp-json\/wp\/v2\/comments?post=38326"}],"version-history":[{"count":2,"href":"https:\/\/blog.redeacampa.org\/gl\/wp-json\/wp\/v2\/posts\/38326\/revisions"}],"predecessor-version":[{"id":38330,"href":"https:\/\/blog.redeacampa.org\/gl\/wp-json\/wp\/v2\/posts\/38326\/revisions\/38330"}],"wp:featuredmedia":[{"embeddable":true,"href":"https:\/\/blog.redeacampa.org\/gl\/wp-json\/wp\/v2\/media\/38327"}],"wp:attachment":[{"href":"https:\/\/blog.redeacampa.org\/gl\/wp-json\/wp\/v2\/media?parent=38326"}],"wp:term":[{"taxonomy":"category","embeddable":true,"href":"https:\/\/blog.redeacampa.org\/gl\/wp-json\/wp\/v2\/categories?post=38326"},{"taxonomy":"post_tag","embeddable":true,"href":"https:\/\/blog.redeacampa.org\/gl\/wp-json\/wp\/v2\/tags?post=38326"}],"curies":[{"name":"wp","href":"https:\/\/api.w.org\/{rel}","templated":true}]}}