{"id":38374,"date":"2022-06-13T11:32:14","date_gmt":"2022-06-13T09:32:14","guid":{"rendered":"https:\/\/blog.redeacampa.org\/?p=38374"},"modified":"2022-06-13T11:32:14","modified_gmt":"2022-06-13T09:32:14","slug":"odio-ou-convivencia-ese-sera-o-marco-no-que-se-desenvolvera-o-encontro-internacional-acampa-pola-paz-e-o-dereito-a-refuxio-o-proximo-ano-na-sua-xa-setima-edicion","status":"publish","type":"post","link":"https:\/\/blog.redeacampa.org\/gl\/odio-ou-convivencia-ese-sera-o-marco-no-que-se-desenvolvera-o-encontro-internacional-acampa-pola-paz-e-o-dereito-a-refuxio-o-proximo-ano-na-sua-xa-setima-edicion\/","title":{"rendered":"\u201cODIO OU CONVIVENCIA\u201d, ESE SER\u00c1 O MARCO NO QUE SE DESENVOLVER\u00c1 O ENCONTRO INTERNACIONAL ACAMPA POLA PAZ E O  DEREITO A  REFUXIO O PR\u00d3XIMO ANO NA S\u00daA XA S\u00c9TIMA EDICI\u00d3N"},"content":{"rendered":"<ul>\n<li><em>Rede Acampa agradece publicamente a entrega da cidadan\u00eda coru\u00f1esa a esta iniciativa, enchendo a carpa central nas distintas propostas que integraron o programa de # FameeRefuxio<\/em><\/li>\n<li><em>As exposici\u00f3ns fotogr\u00e1ficas con imaxes de Ricard Garc\u00eda Vilanova, Juan Carlos Tomasi, Silvia Landi, Lys Arango, Pablo Tosco, Javier Teniente e Rodrigo Zaim, que balizan os Xard\u00edns de M\u00e9ndez N\u00fa\u00f1ez e os Cant\u00f3ns,\u00a0 seguir\u00e1n ata o 7 de xullo<\/em><\/li>\n<\/ul>\n<p>Tres d\u00edas intensos nos que os Xard\u00edns de M\u00e9ndez N\u00fa\u00f1ez transform\u00e1ronse nun espazo para a defensa dos Dereitos Humanos e as persoas vulnerables que padecen Fame. Iso foi\u00a0 #FameeRefuxio, o VI Encontro Acampa pola Paz e o Dereito a Refuxio que se clausurou o s\u00e1bado na Coru\u00f1a. Pero Rede Acampa xa mira cara ao 2023. Toca empezar a pensar no que ser\u00e1 o VII Encontro Internacional, que versar\u00e1 sobre unha dicotom\u00eda \u201cOdio ou Convivencia\u201d en cuxo lado deber\u00eda ser ben f\u00e1cil decantarse\u2026<\/p>\n<p>Nin o vandalismo no Campo de Interpretaci\u00f3n da Fame da noite do xoves -cando un grupo que fac\u00eda botell\u00f3n rompeu algunhas das figuras e roubaron pezas e material- nin a provocaci\u00f3n de catro\u00a0 preadolescentes na caseta dunha das organizaci\u00f3ns integrantes da Rede ao berro de \u2018Somos de\u00a0 VOX\u2019 desluciron en nada o desenvolvemento do VI Encontro Internacional Acampa pola Paz. \u201c\u00c9 verdade que como sociedade deben preocuparnos \u2013e moito- estes incidentes, porque reflicten de maneira preocupante o que estamos a facer mal no campo da educaci\u00f3n\u201d, explicou o coordinador do Movemento Acampa, Xos\u00e9 Abad. \u201cPero \u00e9 unha mancha diminuta se o comparamos coa resposta dos coru\u00f1eses e coru\u00f1esas cara \u00e1 nosa proposta reflexiva. Sabiamos que a cidade \u00e9 unha urbe aberta e tolerante. Pero eses cheos na carpa central para escoitar aos que saben,\u00a0 relatores, activistas e fotoperiodistas, falando sobre a realidade da fame, fainos sentir indiscutiblemente orgullosos e seguros de que o traballo de Rede Acampa ten un p\u00fablico fiel que quere estar informado, con conciencia cr\u00edtica\u201d.<\/p>\n<p>Outro dos aspectos destacables deste VI Encontro Internacional foi a visita de varios colexios e institutos da Coru\u00f1a e a s\u00faa contorna ao Campo de Interpretaci\u00f3n da Fame, un espazo no que puideron escoitar as explicaci\u00f3ns de Marga Gonz\u00e1lez, de Amnist\u00eda Internacional, sobre a realidade da fame, as s\u00faas causas e consecuencias para 811 mill\u00f3ns de persoas no mundo. \u201cA receptividade dos m\u00e1is pequechos \u00e9 incrible. Oxal\u00e1 os adultos reaccion\u00e1semos as\u00ed e sensibiliz\u00e1semosnos como o fan eles\u201d, explica Abad, lembrando que nesa idea coincidiu outro dos convidados, Guillermo\u00a0 Fesser, quen dixo que o mellor que se pod\u00eda facer era sentar a un neno ou unha nena fronte ao documental que dirixiu xunto ao seu irm\u00e1n, \u201cO monstro invisible\u201d, sobre a vida duns nenos filipinos que recollen lixo na entulleira dun poboado de\u00a0 Mindanao. \u201cQue o vexan. Xa pensan eles s\u00f3s. Non hai nada que explicarlles. Son moito m\u00e1is listos que os adultos\u201d.<\/p>\n<p><strong>Odio ou Convivencia<\/strong><\/p>\n<p>Como cada ano, as distintas organizaci\u00f3ns que integran Rede Acampa, m\u00e1is de 80 neste momento, reun\u00edronse no marco do VI Encontro Internacional para elixir o tema sobre o que versar\u00e1 a proposta do seguinte ano. Non houbo moitas d\u00fabidas. \u201cOdio ou Convivencia\u201d ga\u00f1ou por goleada. Non en balde, \u201co crecemento do odio a nivel global, a diminuci\u00f3n da tolerancia social ao diferente, nun momento en que os tr\u00e1nsitos migratorios multiplicaranse e mill\u00f3ns de persoas cami\u00f1ar\u00e1n \u00e1 procura de refuxio, deber\u00eda estar na primeira li\u00f1a das preocupaci\u00f3ns de sociedades, gobernos e estados. \u201cVemos como os Estados Fortaleza atrincheiranse detr\u00e1s dunhas fronteiras cada vez m\u00e1is infranqueables, alimentando o odio e multiplicando o rexeitamento aos que chegan \u00e1s s\u00faas costas ou tentan atravesar os seus pa\u00edses; volvemos invisibles aos m\u00e1is vulnerables, os\u00a0 despersonalizamos. Permitimos que a ultradereita, coas s\u00faas mensaxes xen\u00f3fobas, te\u00f1a voz e estenda a s\u00faa mancha. Permanecemos impasibles ao crecemento do odio\u201d, explica Xos\u00e9 Abad, coordinador de Rede Acampa. \u201cPor iso \u00e9 m\u00e1is que oportuno reflexionar sobre esta dicotom\u00eda, ter claro de que lado hai que estar e estalo dunha forma militante\u201d, conclu\u00edu, non sen antes convidar a todos a visitar e asomar \u00e1s exposici\u00f3ns fotogr\u00e1ficas de #FameeRefuxio que balizan os Xard\u00edns e Cant\u00f3ns que permanecer\u00e1n na r\u00faa ata o 7 de xullo.<\/p>\n","protected":false},"excerpt":{"rendered":"<p>Rede Acampa agradece publicamente a entrega da cidadan\u00eda coru\u00f1esa a esta iniciativa, enchendo a carpa central nas distintas propostas que integraron o programa de # FameeRefuxio As exposici\u00f3ns fotogr\u00e1ficas con imaxes de Ricard Garc\u00eda Vilanova, Juan Carlos Tomasi, Silvia Landi, Lys Arango, Pablo Tosco, Javier Teniente e Rodrigo Zaim, que balizan os Xard\u00edns de M\u00e9ndez [&hellip;]<\/p>\n","protected":false},"author":25,"featured_media":38375,"comment_status":"open","ping_status":"open","sticky":false,"template":"","format":"standard","meta":{"_et_pb_use_builder":"","_et_pb_old_content":"","_et_gb_content_width":"","inline_featured_image":false,"footnotes":""},"categories":[1],"tags":[103,88,89,65,98,220,226,66,166,165,64,63],"class_list":["post-38374","post","type-post","status-publish","format-standard","has-post-thumbnail","hentry","category-presentacios","tag-a-coruna","tag-dereito-a-refuxio","tag-dereito-de-asilo","tag-dereitos-humanos","tag-desprazamientos-forzosos","tag-fame","tag-fame-e-refuxio","tag-inmigracion-gl","tag-persoas-migrantes","tag-persoas-refuxiadas","tag-refuxiadas","tag-refuxiados"],"yoast_head":"<!-- This site is optimized with the Yoast SEO plugin v27.4 - https:\/\/yoast.com\/product\/yoast-seo-wordpress\/ -->\n<title>\u201cODIO OU CONVIVENCIA\u201d, ESE SER\u00c1 O MARCO NO QUE SE DESENVOLVER\u00c1 O ENCONTRO INTERNACIONAL ACAMPA POLA PAZ E O DEREITO A REFUXIO O PR\u00d3XIMO ANO NA S\u00daA XA S\u00c9TIMA EDICI\u00d3N | Rede Acampa - Por la paz y el derecho a refugio<\/title>\n<meta name=\"robots\" content=\"index, follow, max-snippet:-1, max-image-preview:large, max-video-preview:-1\" \/>\n<link rel=\"canonical\" href=\"https:\/\/blog.redeacampa.org\/gl\/odio-ou-convivencia-ese-sera-o-marco-no-que-se-desenvolvera-o-encontro-internacional-acampa-pola-paz-e-o-dereito-a-refuxio-o-proximo-ano-na-sua-xa-setima-edicion\/\" \/>\n<meta property=\"og:locale\" content=\"gl_ES\" \/>\n<meta property=\"og:type\" content=\"article\" \/>\n<meta property=\"og:title\" content=\"\u201cODIO OU CONVIVENCIA\u201d, ESE SER\u00c1 O MARCO NO QUE SE DESENVOLVER\u00c1 O ENCONTRO INTERNACIONAL ACAMPA POLA PAZ E O DEREITO A REFUXIO O PR\u00d3XIMO ANO NA S\u00daA XA S\u00c9TIMA EDICI\u00d3N | Rede Acampa - Por la paz y el derecho a refugio\" \/>\n<meta property=\"og:description\" content=\"Rede Acampa agradece publicamente a entrega da cidadan\u00eda coru\u00f1esa a esta iniciativa, enchendo a carpa central nas distintas propostas que integraron o programa de # FameeRefuxio As exposici\u00f3ns fotogr\u00e1ficas con imaxes de Ricard Garc\u00eda Vilanova, Juan Carlos Tomasi, Silvia Landi, Lys Arango, Pablo Tosco, Javier Teniente e Rodrigo Zaim, que balizan os Xard\u00edns de M\u00e9ndez [&hellip;]\" \/>\n<meta property=\"og:url\" content=\"https:\/\/blog.redeacampa.org\/gl\/odio-ou-convivencia-ese-sera-o-marco-no-que-se-desenvolvera-o-encontro-internacional-acampa-pola-paz-e-o-dereito-a-refuxio-o-proximo-ano-na-sua-xa-setima-edicion\/\" \/>\n<meta property=\"og:site_name\" content=\"Rede Acampa - Por la paz y el derecho a refugio\" \/>\n<meta property=\"article:publisher\" content=\"https:\/\/www.facebook.com\/acampapolapazeodereitoarefuxio\" \/>\n<meta property=\"article:published_time\" content=\"2022-06-13T09:32:14+00:00\" \/>\n<meta property=\"og:image\" content=\"https:\/\/blog.redeacampa.org\/wp-content\/uploads\/N.-Balance-Acampa.jpg\" \/>\n\t<meta property=\"og:image:width\" content=\"512\" \/>\n\t<meta property=\"og:image:height\" content=\"384\" \/>\n\t<meta property=\"og:image:type\" content=\"image\/jpeg\" \/>\n<meta name=\"author\" content=\"Comunicaci\u00f3n\" \/>\n<meta name=\"twitter:card\" content=\"summary_large_image\" \/>\n<meta name=\"twitter:creator\" content=\"@Acampa_polapaz\" \/>\n<meta name=\"twitter:site\" content=\"@Acampa_polapaz\" \/>\n<meta name=\"twitter:label1\" content=\"Escrito por\" \/>\n\t<meta name=\"twitter:data1\" content=\"Comunicaci\u00f3n\" \/>\n\t<meta name=\"twitter:label2\" content=\"Tempo de lectura\" \/>\n\t<meta name=\"twitter:data2\" content=\"4 minutos\" \/>\n<script type=\"application\/ld+json\" class=\"yoast-schema-graph\">{\"@context\":\"https:\\\/\\\/schema.org\",\"@graph\":[{\"@type\":\"Article\",\"@id\":\"https:\\\/\\\/blog.redeacampa.org\\\/gl\\\/odio-ou-convivencia-ese-sera-o-marco-no-que-se-desenvolvera-o-encontro-internacional-acampa-pola-paz-e-o-dereito-a-refuxio-o-proximo-ano-na-sua-xa-setima-edicion\\\/#article\",\"isPartOf\":{\"@id\":\"https:\\\/\\\/blog.redeacampa.org\\\/gl\\\/odio-ou-convivencia-ese-sera-o-marco-no-que-se-desenvolvera-o-encontro-internacional-acampa-pola-paz-e-o-dereito-a-refuxio-o-proximo-ano-na-sua-xa-setima-edicion\\\/\"},\"author\":{\"name\":\"Comunicaci\u00f3n\",\"@id\":\"https:\\\/\\\/blog.redeacampa.org\\\/gl\\\/#\\\/schema\\\/person\\\/4af0729a8614cbed1e7078bcc7be966b\"},\"headline\":\"\u201cODIO OU CONVIVENCIA\u201d, ESE SER\u00c1 O MARCO NO QUE SE DESENVOLVER\u00c1 O ENCONTRO INTERNACIONAL ACAMPA POLA PAZ E O DEREITO A REFUXIO O PR\u00d3XIMO ANO NA S\u00daA XA S\u00c9TIMA EDICI\u00d3N\",\"datePublished\":\"2022-06-13T09:32:14+00:00\",\"mainEntityOfPage\":{\"@id\":\"https:\\\/\\\/blog.redeacampa.org\\\/gl\\\/odio-ou-convivencia-ese-sera-o-marco-no-que-se-desenvolvera-o-encontro-internacional-acampa-pola-paz-e-o-dereito-a-refuxio-o-proximo-ano-na-sua-xa-setima-edicion\\\/\"},\"wordCount\":779,\"commentCount\":0,\"image\":{\"@id\":\"https:\\\/\\\/blog.redeacampa.org\\\/gl\\\/odio-ou-convivencia-ese-sera-o-marco-no-que-se-desenvolvera-o-encontro-internacional-acampa-pola-paz-e-o-dereito-a-refuxio-o-proximo-ano-na-sua-xa-setima-edicion\\\/#primaryimage\"},\"thumbnailUrl\":\"https:\\\/\\\/blog.redeacampa.org\\\/wp-content\\\/uploads\\\/N.-Balance-Acampa.jpg\",\"keywords\":[\"A Coru\u00f1a\",\"dereito a refuxio\",\"dereito de asilo\",\"Dereitos Humanos\",\"desprazamientos forzosos\",\"Fame\",\"Fame e Refuxio\",\"inmigraci\u00f3n\",\"persoas migrantes\",\"persoas refuxiadas\",\"refuxiadas\",\"refuxiados\"],\"articleSection\":[\"Presentacios\"],\"inLanguage\":\"gl-ES\",\"potentialAction\":[{\"@type\":\"CommentAction\",\"name\":\"Comment\",\"target\":[\"https:\\\/\\\/blog.redeacampa.org\\\/gl\\\/odio-ou-convivencia-ese-sera-o-marco-no-que-se-desenvolvera-o-encontro-internacional-acampa-pola-paz-e-o-dereito-a-refuxio-o-proximo-ano-na-sua-xa-setima-edicion\\\/#respond\"]}]},{\"@type\":\"WebPage\",\"@id\":\"https:\\\/\\\/blog.redeacampa.org\\\/gl\\\/odio-ou-convivencia-ese-sera-o-marco-no-que-se-desenvolvera-o-encontro-internacional-acampa-pola-paz-e-o-dereito-a-refuxio-o-proximo-ano-na-sua-xa-setima-edicion\\\/\",\"url\":\"https:\\\/\\\/blog.redeacampa.org\\\/gl\\\/odio-ou-convivencia-ese-sera-o-marco-no-que-se-desenvolvera-o-encontro-internacional-acampa-pola-paz-e-o-dereito-a-refuxio-o-proximo-ano-na-sua-xa-setima-edicion\\\/\",\"name\":\"\u201cODIO OU CONVIVENCIA\u201d, ESE SER\u00c1 O MARCO NO QUE SE DESENVOLVER\u00c1 O ENCONTRO INTERNACIONAL ACAMPA POLA PAZ E O DEREITO A REFUXIO O PR\u00d3XIMO ANO NA S\u00daA XA S\u00c9TIMA EDICI\u00d3N | Rede Acampa - Por la paz y el derecho a refugio\",\"isPartOf\":{\"@id\":\"https:\\\/\\\/blog.redeacampa.org\\\/gl\\\/#website\"},\"primaryImageOfPage\":{\"@id\":\"https:\\\/\\\/blog.redeacampa.org\\\/gl\\\/odio-ou-convivencia-ese-sera-o-marco-no-que-se-desenvolvera-o-encontro-internacional-acampa-pola-paz-e-o-dereito-a-refuxio-o-proximo-ano-na-sua-xa-setima-edicion\\\/#primaryimage\"},\"image\":{\"@id\":\"https:\\\/\\\/blog.redeacampa.org\\\/gl\\\/odio-ou-convivencia-ese-sera-o-marco-no-que-se-desenvolvera-o-encontro-internacional-acampa-pola-paz-e-o-dereito-a-refuxio-o-proximo-ano-na-sua-xa-setima-edicion\\\/#primaryimage\"},\"thumbnailUrl\":\"https:\\\/\\\/blog.redeacampa.org\\\/wp-content\\\/uploads\\\/N.-Balance-Acampa.jpg\",\"datePublished\":\"2022-06-13T09:32:14+00:00\",\"author\":{\"@id\":\"https:\\\/\\\/blog.redeacampa.org\\\/gl\\\/#\\\/schema\\\/person\\\/4af0729a8614cbed1e7078bcc7be966b\"},\"breadcrumb\":{\"@id\":\"https:\\\/\\\/blog.redeacampa.org\\\/gl\\\/odio-ou-convivencia-ese-sera-o-marco-no-que-se-desenvolvera-o-encontro-internacional-acampa-pola-paz-e-o-dereito-a-refuxio-o-proximo-ano-na-sua-xa-setima-edicion\\\/#breadcrumb\"},\"inLanguage\":\"gl-ES\",\"potentialAction\":[{\"@type\":\"ReadAction\",\"target\":[\"https:\\\/\\\/blog.redeacampa.org\\\/gl\\\/odio-ou-convivencia-ese-sera-o-marco-no-que-se-desenvolvera-o-encontro-internacional-acampa-pola-paz-e-o-dereito-a-refuxio-o-proximo-ano-na-sua-xa-setima-edicion\\\/\"]}]},{\"@type\":\"ImageObject\",\"inLanguage\":\"gl-ES\",\"@id\":\"https:\\\/\\\/blog.redeacampa.org\\\/gl\\\/odio-ou-convivencia-ese-sera-o-marco-no-que-se-desenvolvera-o-encontro-internacional-acampa-pola-paz-e-o-dereito-a-refuxio-o-proximo-ano-na-sua-xa-setima-edicion\\\/#primaryimage\",\"url\":\"https:\\\/\\\/blog.redeacampa.org\\\/wp-content\\\/uploads\\\/N.-Balance-Acampa.jpg\",\"contentUrl\":\"https:\\\/\\\/blog.redeacampa.org\\\/wp-content\\\/uploads\\\/N.-Balance-Acampa.jpg\",\"width\":512,\"height\":384},{\"@type\":\"BreadcrumbList\",\"@id\":\"https:\\\/\\\/blog.redeacampa.org\\\/gl\\\/odio-ou-convivencia-ese-sera-o-marco-no-que-se-desenvolvera-o-encontro-internacional-acampa-pola-paz-e-o-dereito-a-refuxio-o-proximo-ano-na-sua-xa-setima-edicion\\\/#breadcrumb\",\"itemListElement\":[{\"@type\":\"ListItem\",\"position\":1,\"name\":\"Portada\",\"item\":\"https:\\\/\\\/blog.redeacampa.org\\\/gl\\\/\"},{\"@type\":\"ListItem\",\"position\":2,\"name\":\"\u201cODIO OU CONVIVENCIA\u201d, ESE SER\u00c1 O MARCO NO QUE SE DESENVOLVER\u00c1 O ENCONTRO INTERNACIONAL ACAMPA POLA PAZ E O DEREITO A REFUXIO O PR\u00d3XIMO ANO NA S\u00daA XA S\u00c9TIMA EDICI\u00d3N\"}]},{\"@type\":\"WebSite\",\"@id\":\"https:\\\/\\\/blog.redeacampa.org\\\/gl\\\/#website\",\"url\":\"https:\\\/\\\/blog.redeacampa.org\\\/gl\\\/\",\"name\":\"Rede Acampa - Por la paz y el derecho a refugio\",\"description\":\"Una iniciativa ciudadana sin fines de lucro integrada por colectivos sociales, culturales, educativos, veci\u00f1ales, pol\u00edticos, sindicales, art\u00edsticos, de personas solidarias, de instituciones y empresas con responsabilidad social que tienen como objetivo la defensa de los derechos humanos, el Derecho Internacional Humanitario y el Derecho a Refugio\",\"potentialAction\":[{\"@type\":\"SearchAction\",\"target\":{\"@type\":\"EntryPoint\",\"urlTemplate\":\"https:\\\/\\\/blog.redeacampa.org\\\/gl\\\/?s={search_term_string}\"},\"query-input\":{\"@type\":\"PropertyValueSpecification\",\"valueRequired\":true,\"valueName\":\"search_term_string\"}}],\"inLanguage\":\"gl-ES\"},{\"@type\":\"Person\",\"@id\":\"https:\\\/\\\/blog.redeacampa.org\\\/gl\\\/#\\\/schema\\\/person\\\/4af0729a8614cbed1e7078bcc7be966b\",\"name\":\"Comunicaci\u00f3n\",\"image\":{\"@type\":\"ImageObject\",\"inLanguage\":\"gl-ES\",\"@id\":\"https:\\\/\\\/secure.gravatar.com\\\/avatar\\\/8e8fea06f5f2696e331aacd588d2000164152c9aa47459d1e52be3c1ab5f5ca5?s=96&d=mm&r=g\",\"url\":\"https:\\\/\\\/secure.gravatar.com\\\/avatar\\\/8e8fea06f5f2696e331aacd588d2000164152c9aa47459d1e52be3c1ab5f5ca5?s=96&d=mm&r=g\",\"contentUrl\":\"https:\\\/\\\/secure.gravatar.com\\\/avatar\\\/8e8fea06f5f2696e331aacd588d2000164152c9aa47459d1e52be3c1ab5f5ca5?s=96&d=mm&r=g\",\"caption\":\"Comunicaci\u00f3n\"}}]}<\/script>\n<!-- \/ Yoast SEO plugin. -->","yoast_head_json":{"title":"\u201cODIO OU CONVIVENCIA\u201d, ESE SER\u00c1 O MARCO NO QUE SE DESENVOLVER\u00c1 O ENCONTRO INTERNACIONAL ACAMPA POLA PAZ E O DEREITO A REFUXIO O PR\u00d3XIMO ANO NA S\u00daA XA S\u00c9TIMA EDICI\u00d3N | Rede Acampa - Por la paz y el derecho a refugio","robots":{"index":"index","follow":"follow","max-snippet":"max-snippet:-1","max-image-preview":"max-image-preview:large","max-video-preview":"max-video-preview:-1"},"canonical":"https:\/\/blog.redeacampa.org\/gl\/odio-ou-convivencia-ese-sera-o-marco-no-que-se-desenvolvera-o-encontro-internacional-acampa-pola-paz-e-o-dereito-a-refuxio-o-proximo-ano-na-sua-xa-setima-edicion\/","og_locale":"gl_ES","og_type":"article","og_title":"\u201cODIO OU CONVIVENCIA\u201d, ESE SER\u00c1 O MARCO NO QUE SE DESENVOLVER\u00c1 O ENCONTRO INTERNACIONAL ACAMPA POLA PAZ E O DEREITO A REFUXIO O PR\u00d3XIMO ANO NA S\u00daA XA S\u00c9TIMA EDICI\u00d3N | Rede Acampa - Por la paz y el derecho a refugio","og_description":"Rede Acampa agradece publicamente a entrega da cidadan\u00eda coru\u00f1esa a esta iniciativa, enchendo a carpa central nas distintas propostas que integraron o programa de # FameeRefuxio As exposici\u00f3ns fotogr\u00e1ficas con imaxes de Ricard Garc\u00eda Vilanova, Juan Carlos Tomasi, Silvia Landi, Lys Arango, Pablo Tosco, Javier Teniente e Rodrigo Zaim, que balizan os Xard\u00edns de M\u00e9ndez [&hellip;]","og_url":"https:\/\/blog.redeacampa.org\/gl\/odio-ou-convivencia-ese-sera-o-marco-no-que-se-desenvolvera-o-encontro-internacional-acampa-pola-paz-e-o-dereito-a-refuxio-o-proximo-ano-na-sua-xa-setima-edicion\/","og_site_name":"Rede Acampa - Por la paz y el derecho a refugio","article_publisher":"https:\/\/www.facebook.com\/acampapolapazeodereitoarefuxio","article_published_time":"2022-06-13T09:32:14+00:00","og_image":[{"width":512,"height":384,"url":"https:\/\/blog.redeacampa.org\/wp-content\/uploads\/N.-Balance-Acampa.jpg","type":"image\/jpeg"}],"author":"Comunicaci\u00f3n","twitter_card":"summary_large_image","twitter_creator":"@Acampa_polapaz","twitter_site":"@Acampa_polapaz","twitter_misc":{"Escrito por":"Comunicaci\u00f3n","Tempo de lectura":"4 minutos"},"schema":{"@context":"https:\/\/schema.org","@graph":[{"@type":"Article","@id":"https:\/\/blog.redeacampa.org\/gl\/odio-ou-convivencia-ese-sera-o-marco-no-que-se-desenvolvera-o-encontro-internacional-acampa-pola-paz-e-o-dereito-a-refuxio-o-proximo-ano-na-sua-xa-setima-edicion\/#article","isPartOf":{"@id":"https:\/\/blog.redeacampa.org\/gl\/odio-ou-convivencia-ese-sera-o-marco-no-que-se-desenvolvera-o-encontro-internacional-acampa-pola-paz-e-o-dereito-a-refuxio-o-proximo-ano-na-sua-xa-setima-edicion\/"},"author":{"name":"Comunicaci\u00f3n","@id":"https:\/\/blog.redeacampa.org\/gl\/#\/schema\/person\/4af0729a8614cbed1e7078bcc7be966b"},"headline":"\u201cODIO OU CONVIVENCIA\u201d, ESE SER\u00c1 O MARCO NO QUE SE DESENVOLVER\u00c1 O ENCONTRO INTERNACIONAL ACAMPA POLA PAZ E O DEREITO A REFUXIO O PR\u00d3XIMO ANO NA S\u00daA XA S\u00c9TIMA EDICI\u00d3N","datePublished":"2022-06-13T09:32:14+00:00","mainEntityOfPage":{"@id":"https:\/\/blog.redeacampa.org\/gl\/odio-ou-convivencia-ese-sera-o-marco-no-que-se-desenvolvera-o-encontro-internacional-acampa-pola-paz-e-o-dereito-a-refuxio-o-proximo-ano-na-sua-xa-setima-edicion\/"},"wordCount":779,"commentCount":0,"image":{"@id":"https:\/\/blog.redeacampa.org\/gl\/odio-ou-convivencia-ese-sera-o-marco-no-que-se-desenvolvera-o-encontro-internacional-acampa-pola-paz-e-o-dereito-a-refuxio-o-proximo-ano-na-sua-xa-setima-edicion\/#primaryimage"},"thumbnailUrl":"https:\/\/blog.redeacampa.org\/wp-content\/uploads\/N.-Balance-Acampa.jpg","keywords":["A Coru\u00f1a","dereito a refuxio","dereito de asilo","Dereitos Humanos","desprazamientos forzosos","Fame","Fame e Refuxio","inmigraci\u00f3n","persoas migrantes","persoas refuxiadas","refuxiadas","refuxiados"],"articleSection":["Presentacios"],"inLanguage":"gl-ES","potentialAction":[{"@type":"CommentAction","name":"Comment","target":["https:\/\/blog.redeacampa.org\/gl\/odio-ou-convivencia-ese-sera-o-marco-no-que-se-desenvolvera-o-encontro-internacional-acampa-pola-paz-e-o-dereito-a-refuxio-o-proximo-ano-na-sua-xa-setima-edicion\/#respond"]}]},{"@type":"WebPage","@id":"https:\/\/blog.redeacampa.org\/gl\/odio-ou-convivencia-ese-sera-o-marco-no-que-se-desenvolvera-o-encontro-internacional-acampa-pola-paz-e-o-dereito-a-refuxio-o-proximo-ano-na-sua-xa-setima-edicion\/","url":"https:\/\/blog.redeacampa.org\/gl\/odio-ou-convivencia-ese-sera-o-marco-no-que-se-desenvolvera-o-encontro-internacional-acampa-pola-paz-e-o-dereito-a-refuxio-o-proximo-ano-na-sua-xa-setima-edicion\/","name":"\u201cODIO OU CONVIVENCIA\u201d, ESE SER\u00c1 O MARCO NO QUE SE DESENVOLVER\u00c1 O ENCONTRO INTERNACIONAL ACAMPA POLA PAZ E O DEREITO A REFUXIO O PR\u00d3XIMO ANO NA S\u00daA XA S\u00c9TIMA EDICI\u00d3N | Rede Acampa - Por la paz y el derecho a refugio","isPartOf":{"@id":"https:\/\/blog.redeacampa.org\/gl\/#website"},"primaryImageOfPage":{"@id":"https:\/\/blog.redeacampa.org\/gl\/odio-ou-convivencia-ese-sera-o-marco-no-que-se-desenvolvera-o-encontro-internacional-acampa-pola-paz-e-o-dereito-a-refuxio-o-proximo-ano-na-sua-xa-setima-edicion\/#primaryimage"},"image":{"@id":"https:\/\/blog.redeacampa.org\/gl\/odio-ou-convivencia-ese-sera-o-marco-no-que-se-desenvolvera-o-encontro-internacional-acampa-pola-paz-e-o-dereito-a-refuxio-o-proximo-ano-na-sua-xa-setima-edicion\/#primaryimage"},"thumbnailUrl":"https:\/\/blog.redeacampa.org\/wp-content\/uploads\/N.-Balance-Acampa.jpg","datePublished":"2022-06-13T09:32:14+00:00","author":{"@id":"https:\/\/blog.redeacampa.org\/gl\/#\/schema\/person\/4af0729a8614cbed1e7078bcc7be966b"},"breadcrumb":{"@id":"https:\/\/blog.redeacampa.org\/gl\/odio-ou-convivencia-ese-sera-o-marco-no-que-se-desenvolvera-o-encontro-internacional-acampa-pola-paz-e-o-dereito-a-refuxio-o-proximo-ano-na-sua-xa-setima-edicion\/#breadcrumb"},"inLanguage":"gl-ES","potentialAction":[{"@type":"ReadAction","target":["https:\/\/blog.redeacampa.org\/gl\/odio-ou-convivencia-ese-sera-o-marco-no-que-se-desenvolvera-o-encontro-internacional-acampa-pola-paz-e-o-dereito-a-refuxio-o-proximo-ano-na-sua-xa-setima-edicion\/"]}]},{"@type":"ImageObject","inLanguage":"gl-ES","@id":"https:\/\/blog.redeacampa.org\/gl\/odio-ou-convivencia-ese-sera-o-marco-no-que-se-desenvolvera-o-encontro-internacional-acampa-pola-paz-e-o-dereito-a-refuxio-o-proximo-ano-na-sua-xa-setima-edicion\/#primaryimage","url":"https:\/\/blog.redeacampa.org\/wp-content\/uploads\/N.-Balance-Acampa.jpg","contentUrl":"https:\/\/blog.redeacampa.org\/wp-content\/uploads\/N.-Balance-Acampa.jpg","width":512,"height":384},{"@type":"BreadcrumbList","@id":"https:\/\/blog.redeacampa.org\/gl\/odio-ou-convivencia-ese-sera-o-marco-no-que-se-desenvolvera-o-encontro-internacional-acampa-pola-paz-e-o-dereito-a-refuxio-o-proximo-ano-na-sua-xa-setima-edicion\/#breadcrumb","itemListElement":[{"@type":"ListItem","position":1,"name":"Portada","item":"https:\/\/blog.redeacampa.org\/gl\/"},{"@type":"ListItem","position":2,"name":"\u201cODIO OU CONVIVENCIA\u201d, ESE SER\u00c1 O MARCO NO QUE SE DESENVOLVER\u00c1 O ENCONTRO INTERNACIONAL ACAMPA POLA PAZ E O DEREITO A REFUXIO O PR\u00d3XIMO ANO NA S\u00daA XA S\u00c9TIMA EDICI\u00d3N"}]},{"@type":"WebSite","@id":"https:\/\/blog.redeacampa.org\/gl\/#website","url":"https:\/\/blog.redeacampa.org\/gl\/","name":"Rede Acampa - Por la paz y el derecho a refugio","description":"Una iniciativa ciudadana sin fines de lucro integrada por colectivos sociales, culturales, educativos, veci\u00f1ales, pol\u00edticos, sindicales, art\u00edsticos, de personas solidarias, de instituciones y empresas con responsabilidad social que tienen como objetivo la defensa de los derechos humanos, el Derecho Internacional Humanitario y el Derecho a Refugio","potentialAction":[{"@type":"SearchAction","target":{"@type":"EntryPoint","urlTemplate":"https:\/\/blog.redeacampa.org\/gl\/?s={search_term_string}"},"query-input":{"@type":"PropertyValueSpecification","valueRequired":true,"valueName":"search_term_string"}}],"inLanguage":"gl-ES"},{"@type":"Person","@id":"https:\/\/blog.redeacampa.org\/gl\/#\/schema\/person\/4af0729a8614cbed1e7078bcc7be966b","name":"Comunicaci\u00f3n","image":{"@type":"ImageObject","inLanguage":"gl-ES","@id":"https:\/\/secure.gravatar.com\/avatar\/8e8fea06f5f2696e331aacd588d2000164152c9aa47459d1e52be3c1ab5f5ca5?s=96&d=mm&r=g","url":"https:\/\/secure.gravatar.com\/avatar\/8e8fea06f5f2696e331aacd588d2000164152c9aa47459d1e52be3c1ab5f5ca5?s=96&d=mm&r=g","contentUrl":"https:\/\/secure.gravatar.com\/avatar\/8e8fea06f5f2696e331aacd588d2000164152c9aa47459d1e52be3c1ab5f5ca5?s=96&d=mm&r=g","caption":"Comunicaci\u00f3n"}}]}},"_links":{"self":[{"href":"https:\/\/blog.redeacampa.org\/gl\/wp-json\/wp\/v2\/posts\/38374","targetHints":{"allow":["GET"]}}],"collection":[{"href":"https:\/\/blog.redeacampa.org\/gl\/wp-json\/wp\/v2\/posts"}],"about":[{"href":"https:\/\/blog.redeacampa.org\/gl\/wp-json\/wp\/v2\/types\/post"}],"author":[{"embeddable":true,"href":"https:\/\/blog.redeacampa.org\/gl\/wp-json\/wp\/v2\/users\/25"}],"replies":[{"embeddable":true,"href":"https:\/\/blog.redeacampa.org\/gl\/wp-json\/wp\/v2\/comments?post=38374"}],"version-history":[{"count":2,"href":"https:\/\/blog.redeacampa.org\/gl\/wp-json\/wp\/v2\/posts\/38374\/revisions"}],"predecessor-version":[{"id":38378,"href":"https:\/\/blog.redeacampa.org\/gl\/wp-json\/wp\/v2\/posts\/38374\/revisions\/38378"}],"wp:featuredmedia":[{"embeddable":true,"href":"https:\/\/blog.redeacampa.org\/gl\/wp-json\/wp\/v2\/media\/38375"}],"wp:attachment":[{"href":"https:\/\/blog.redeacampa.org\/gl\/wp-json\/wp\/v2\/media?parent=38374"}],"wp:term":[{"taxonomy":"category","embeddable":true,"href":"https:\/\/blog.redeacampa.org\/gl\/wp-json\/wp\/v2\/categories?post=38374"},{"taxonomy":"post_tag","embeddable":true,"href":"https:\/\/blog.redeacampa.org\/gl\/wp-json\/wp\/v2\/tags?post=38374"}],"curies":[{"name":"wp","href":"https:\/\/api.w.org\/{rel}","templated":true}]}}