{"id":38382,"date":"2022-06-28T10:34:13","date_gmt":"2022-06-28T08:34:13","guid":{"rendered":"https:\/\/blog.redeacampa.org\/?p=38382"},"modified":"2022-06-28T10:34:13","modified_gmt":"2022-06-28T08:34:13","slug":"rede-acampa-denuncia-a-violacion-dos-dereitos-humanos-no-masacre-do-valo-de-melilla-e-esixe-unha-investigacion-que-permita-xulgar-aos-responsables-non-so-policiais-senon-tamen-gubernamentais-dos-dous","status":"publish","type":"post","link":"https:\/\/blog.redeacampa.org\/gl\/rede-acampa-denuncia-a-violacion-dos-dereitos-humanos-no-masacre-do-valo-de-melilla-e-esixe-unha-investigacion-que-permita-xulgar-aos-responsables-non-so-policiais-senon-tamen-gubernamentais-dos-dous\/","title":{"rendered":"REDE ACAMPA DENUNCIA A VIOLACI\u00d3N DOS DEREITOS HUMANOS NO MASACRE DO VALO DE MELILLA E ESIXE UNHA INVESTIGACI\u00d3N QUE PERMITA XULGAR AOS RESPONSABLES NON S\u00d3 POLICIAIS SEN\u00d3N TAM\u00c9N GUBERNAMENTAIS DOS DOUS LADOS DA FRONTEIRA"},"content":{"rendered":"<p>FOTO: Sergi C\u00e1mara<\/p>\n<ul>\n<li><em>Fai p\u00fablico o seu repudio ao Goberno Espa\u00f1ol pola vergo\u00f1a de calificar os feitos como \u201cun bo traballo\u201d de Marrocos e esixe, unha vez m\u00e1is, o establecemento de v\u00edas seguras<\/em><\/li>\n<li><em>Os acontecementos do pasado venres 25 de xu\u00f1o constit\u00faen unha das maiores violaci\u00f3ns dos Dereitos Humanos producidas pola pol\u00edtica migratoria europea na Historia. M\u00e1is de tres decenas de persoas mozas foron asasinadas como resposta ao seu intento desesperado\u00a0 de atravesar a fronteira en Melilla no medio do acoso violento da polic\u00eda marroqu\u00ed<\/em><\/li>\n<li><em>A maior\u00eda de persoas que trataron de cruzar a fronteira prove\u00f1en de pa\u00edses que arrastran anos de guerra como o son Sud\u00e1n, Sud\u00e1n do Sur e Chad, orixes reco\u00f1ecidas para o dereito de asilo. Pero para poder solicitalo te\u00f1en que cruzar a fronteira. Por iso Rede Acampa leva anos esixindo V\u00edas Seguras<\/em><\/li>\n<\/ul>\n<p>Unha das maiores violaci\u00f3ns dos Dereitos Humanos producidas pola pol\u00edtica migratoria europea na Historia. As\u00ed comeza o Manifesto da Rede Acampa pola Paz e o Dereito a Refuxio na que condena o acontecido o pasado s\u00e1bado no valo de Melilla, cando m\u00e1is de tres deceas de persoas mozas foron asasinadas como resposta ao seu intento desesperado\u00a0 de atravesar a fronteira no medio do acoso violento da polic\u00eda marroqu\u00ed. A Rede esixe unha investigaci\u00f3n en profundidade e que os responsables, tanto policiais coma pol\u00edticos de ambos os lados da fronteira sexan xulgados. Tam\u00e9n urxe o establecemento de v\u00edas seguras para a migraci\u00f3n insistindo en que a maior parte das persoas que trataron de cruzar a fronteira prove\u00f1en de pa\u00edses que arrastran anos de guerras coma son Sud\u00e1n, Sud\u00e1n do Sur ou o Chad e que, por tanto, te\u00f1en reco\u00f1ecido o seu dereito de asilo. Mais para iso te\u00f1en que cruzar a fronteira.<\/p>\n<p>M\u00e1is de 2.000 persoas acheg\u00e1ronse \u00e1 fronteira, das cales s\u00f3 500 chegaron ao valo e 133 \u00e1 cidade. A resposta policial coordinada entre Marrocos e Espa\u00f1a, segundo declaraci\u00f3ns do presidente espa\u00f1ol, produciu m\u00e1is de tres decenas de persoas mortas e un n\u00famero indeterminado de feridos. Esa \u00e9 a fotograf\u00eda da desproporci\u00f3n. O que a Pedro S\u00e1nchez par\u00e9celle \u201cben resolto\u201d, o que cualifica como un \u201ctraballo extraordinario do goberno marroqu\u00ed\u201d para n\u00f3s \u00e9 un masacre inxustificable que debe ser investigada ata as s\u00faas \u00faltimas consecuencias. E os seus responsables deben terminar ante os tribunais, indica Rede Acampa.Rede Acampa leva desde 2016 esixindo v\u00edas de acceso seguras. A non habilitaci\u00f3n de algo tan sinxelo pon de relevo a falta de vontade pol\u00edtica para protexer o Dereito de Asilo. Sen V\u00edas Seguras, as persoas que te\u00f1en dereito a solicitar asilo non chegan nunca a pisar o chan onde poder obtelo.<\/p>\n<p>\u201cO aplauso aos autores do masacre, propio da linguaxe de odio da extrema dereita, confirma a s\u00faa ali\u00f1aci\u00f3n coa pol\u00edtica migratoria da Uni\u00f3n Europea: facer morrer \u00e1s persoas migrantes no cami\u00f1o cara a Europa. O contrario a protexer os Dereitos Humanos\u201d, denuncia Acampa pola Paz. Por iso insisten: os responsables desta pol\u00edtica migratoria deber\u00edan terminar tam\u00e9n ante os tribunais.<\/p>\n<p><strong>Unha monstruosidade e moitas ilegalidades<\/strong><\/p>\n<p>Queda documentado que se efectuaron devoluci\u00f3ns en quente, que a polic\u00eda marroqu\u00ed interveu ilegalmente en territorio espa\u00f1ol, que se denegou a atenci\u00f3n m\u00e9dica a decenas de persoas feridas, moitas das cales est\u00e1n a ser trasladadas ao interior de Marrocos. M\u00e1is ilegalidades que se suman \u00e1 monstruosidade.<\/p>\n<p>Mentres tanto, temos que lamentar a morte de decenas de persoas que fux\u00edan da guerra, que buscaban protexer \u00e1s s\u00faas familias e que est\u00e1n a ser enterradas con urxencia e no anonimato, negando as\u00ed aos asasinados e \u00e1s s\u00faas familias os m\u00e1is m\u00ednimos DD.HH. Desde Rede Acampa pola Paz e o Dereito a Refuxio queremos facer chegar as nosas condolencias aos seus familiares e o noso repudio ao goberno espa\u00f1ol as\u00ed como a esixencia de responsabilidades \u00e1 monarqu\u00eda de Marrocos.<\/p>\n<p>O manifesto foi secundado por moitas das organizaci\u00f3ns que integran a Rede, entre elas Amnist\u00eda Internacional, Oxfam Interm\u00f3n, AIRE, CCOO, Asociaci\u00f3n Fuco Bux\u00e1n, Podemos, BNG, Solidariedade Galega,CGT, Marea Atl\u00e1ntica,Families4Peace, Mundo sen Guerras,o CEESG, o SLG, Vangarda Obreira, Asociaci\u00f3n Campo da Pena\u2026 e por moitas persoas asociadas ao Movemento Acampa a t\u00edtulo particular.<\/p>\n","protected":false},"excerpt":{"rendered":"<p>FOTO: Sergi C\u00e1mara Fai p\u00fablico o seu repudio ao Goberno Espa\u00f1ol pola vergo\u00f1a de calificar os feitos como \u201cun bo traballo\u201d de Marrocos e esixe, unha vez m\u00e1is, o establecemento de v\u00edas seguras Os acontecementos do pasado venres 25 de xu\u00f1o constit\u00faen unha das maiores violaci\u00f3ns dos Dereitos Humanos producidas pola pol\u00edtica migratoria europea na [&hellip;]<\/p>\n","protected":false},"author":25,"featured_media":38383,"comment_status":"open","ping_status":"open","sticky":false,"template":"","format":"standard","meta":{"_et_pb_use_builder":"","_et_pb_old_content":"","_et_gb_content_width":"","inline_featured_image":false,"footnotes":""},"categories":[1],"tags":[88,89,65,87,62,166],"class_list":["post-38382","post","type-post","status-publish","format-standard","has-post-thumbnail","hentry","category-presentacios","tag-dereito-a-refuxio","tag-dereito-de-asilo","tag-dereitos-humanos","tag-inmigrantes","tag-migracions","tag-persoas-migrantes"],"yoast_head":"<!-- This site is optimized with the Yoast SEO plugin v27.4 - https:\/\/yoast.com\/product\/yoast-seo-wordpress\/ -->\n<title>REDE ACAMPA DENUNCIA A VIOLACI\u00d3N DOS DEREITOS HUMANOS NO MASACRE DO VALO DE MELILLA E ESIXE UNHA INVESTIGACI\u00d3N QUE PERMITA XULGAR AOS RESPONSABLES NON S\u00d3 POLICIAIS SEN\u00d3N TAM\u00c9N GUBERNAMENTAIS DOS DOUS LADOS DA FRONTEIRA | Rede Acampa - Por la paz y el derecho a refugio<\/title>\n<meta name=\"robots\" content=\"index, follow, max-snippet:-1, max-image-preview:large, max-video-preview:-1\" \/>\n<link rel=\"canonical\" href=\"https:\/\/blog.redeacampa.org\/gl\/rede-acampa-denuncia-a-violacion-dos-dereitos-humanos-no-masacre-do-valo-de-melilla-e-esixe-unha-investigacion-que-permita-xulgar-aos-responsables-non-so-policiais-senon-tamen-gubernamentais-dos-dous\/\" \/>\n<meta property=\"og:locale\" content=\"gl_ES\" \/>\n<meta property=\"og:type\" content=\"article\" \/>\n<meta property=\"og:title\" content=\"REDE ACAMPA DENUNCIA A VIOLACI\u00d3N DOS DEREITOS HUMANOS NO MASACRE DO VALO DE MELILLA E ESIXE UNHA INVESTIGACI\u00d3N QUE PERMITA XULGAR AOS RESPONSABLES NON S\u00d3 POLICIAIS SEN\u00d3N TAM\u00c9N GUBERNAMENTAIS DOS DOUS LADOS DA FRONTEIRA | Rede Acampa - Por la paz y el derecho a refugio\" \/>\n<meta property=\"og:description\" content=\"FOTO: Sergi C\u00e1mara Fai p\u00fablico o seu repudio ao Goberno Espa\u00f1ol pola vergo\u00f1a de calificar os feitos como \u201cun bo traballo\u201d de Marrocos e esixe, unha vez m\u00e1is, o establecemento de v\u00edas seguras Os acontecementos do pasado venres 25 de xu\u00f1o constit\u00faen unha das maiores violaci\u00f3ns dos Dereitos Humanos producidas pola pol\u00edtica migratoria europea na [&hellip;]\" \/>\n<meta property=\"og:url\" content=\"https:\/\/blog.redeacampa.org\/gl\/rede-acampa-denuncia-a-violacion-dos-dereitos-humanos-no-masacre-do-valo-de-melilla-e-esixe-unha-investigacion-que-permita-xulgar-aos-responsables-non-so-policiais-senon-tamen-gubernamentais-dos-dous\/\" \/>\n<meta property=\"og:site_name\" content=\"Rede Acampa - Por la paz y el derecho a refugio\" \/>\n<meta property=\"article:publisher\" content=\"https:\/\/www.facebook.com\/acampapolapazeodereitoarefuxio\" \/>\n<meta property=\"article:published_time\" content=\"2022-06-28T08:34:13+00:00\" \/>\n<meta property=\"og:image\" content=\"https:\/\/blog.redeacampa.org\/wp-content\/uploads\/Foto-Valo-de-Sergi-Camara.jpg\" \/>\n\t<meta property=\"og:image:width\" content=\"1134\" \/>\n\t<meta property=\"og:image:height\" content=\"754\" \/>\n\t<meta property=\"og:image:type\" content=\"image\/jpeg\" \/>\n<meta name=\"author\" content=\"Comunicaci\u00f3n\" \/>\n<meta name=\"twitter:card\" content=\"summary_large_image\" \/>\n<meta name=\"twitter:creator\" content=\"@Acampa_polapaz\" \/>\n<meta name=\"twitter:site\" content=\"@Acampa_polapaz\" \/>\n<meta name=\"twitter:label1\" content=\"Escrito por\" \/>\n\t<meta name=\"twitter:data1\" content=\"Comunicaci\u00f3n\" \/>\n\t<meta name=\"twitter:label2\" content=\"Tempo de lectura\" \/>\n\t<meta name=\"twitter:data2\" content=\"4 minutos\" \/>\n<script type=\"application\/ld+json\" class=\"yoast-schema-graph\">{\"@context\":\"https:\\\/\\\/schema.org\",\"@graph\":[{\"@type\":\"Article\",\"@id\":\"https:\\\/\\\/blog.redeacampa.org\\\/gl\\\/rede-acampa-denuncia-a-violacion-dos-dereitos-humanos-no-masacre-do-valo-de-melilla-e-esixe-unha-investigacion-que-permita-xulgar-aos-responsables-non-so-policiais-senon-tamen-gubernamentais-dos-dous\\\/#article\",\"isPartOf\":{\"@id\":\"https:\\\/\\\/blog.redeacampa.org\\\/gl\\\/rede-acampa-denuncia-a-violacion-dos-dereitos-humanos-no-masacre-do-valo-de-melilla-e-esixe-unha-investigacion-que-permita-xulgar-aos-responsables-non-so-policiais-senon-tamen-gubernamentais-dos-dous\\\/\"},\"author\":{\"name\":\"Comunicaci\u00f3n\",\"@id\":\"https:\\\/\\\/blog.redeacampa.org\\\/gl\\\/#\\\/schema\\\/person\\\/4af0729a8614cbed1e7078bcc7be966b\"},\"headline\":\"REDE ACAMPA DENUNCIA A VIOLACI\u00d3N DOS DEREITOS HUMANOS NO MASACRE DO VALO DE MELILLA E ESIXE UNHA INVESTIGACI\u00d3N QUE PERMITA XULGAR AOS RESPONSABLES NON S\u00d3 POLICIAIS SEN\u00d3N TAM\u00c9N GUBERNAMENTAIS DOS DOUS LADOS DA FRONTEIRA\",\"datePublished\":\"2022-06-28T08:34:13+00:00\",\"mainEntityOfPage\":{\"@id\":\"https:\\\/\\\/blog.redeacampa.org\\\/gl\\\/rede-acampa-denuncia-a-violacion-dos-dereitos-humanos-no-masacre-do-valo-de-melilla-e-esixe-unha-investigacion-que-permita-xulgar-aos-responsables-non-so-policiais-senon-tamen-gubernamentais-dos-dous\\\/\"},\"wordCount\":797,\"commentCount\":0,\"image\":{\"@id\":\"https:\\\/\\\/blog.redeacampa.org\\\/gl\\\/rede-acampa-denuncia-a-violacion-dos-dereitos-humanos-no-masacre-do-valo-de-melilla-e-esixe-unha-investigacion-que-permita-xulgar-aos-responsables-non-so-policiais-senon-tamen-gubernamentais-dos-dous\\\/#primaryimage\"},\"thumbnailUrl\":\"https:\\\/\\\/blog.redeacampa.org\\\/wp-content\\\/uploads\\\/Foto-Valo-de-Sergi-Camara.jpg\",\"keywords\":[\"dereito a refuxio\",\"dereito de asilo\",\"Dereitos Humanos\",\"inmigrantes\",\"migraci\u00f3ns\",\"persoas migrantes\"],\"articleSection\":[\"Presentacios\"],\"inLanguage\":\"gl-ES\",\"potentialAction\":[{\"@type\":\"CommentAction\",\"name\":\"Comment\",\"target\":[\"https:\\\/\\\/blog.redeacampa.org\\\/gl\\\/rede-acampa-denuncia-a-violacion-dos-dereitos-humanos-no-masacre-do-valo-de-melilla-e-esixe-unha-investigacion-que-permita-xulgar-aos-responsables-non-so-policiais-senon-tamen-gubernamentais-dos-dous\\\/#respond\"]}]},{\"@type\":\"WebPage\",\"@id\":\"https:\\\/\\\/blog.redeacampa.org\\\/gl\\\/rede-acampa-denuncia-a-violacion-dos-dereitos-humanos-no-masacre-do-valo-de-melilla-e-esixe-unha-investigacion-que-permita-xulgar-aos-responsables-non-so-policiais-senon-tamen-gubernamentais-dos-dous\\\/\",\"url\":\"https:\\\/\\\/blog.redeacampa.org\\\/gl\\\/rede-acampa-denuncia-a-violacion-dos-dereitos-humanos-no-masacre-do-valo-de-melilla-e-esixe-unha-investigacion-que-permita-xulgar-aos-responsables-non-so-policiais-senon-tamen-gubernamentais-dos-dous\\\/\",\"name\":\"REDE ACAMPA DENUNCIA A VIOLACI\u00d3N DOS DEREITOS HUMANOS NO MASACRE DO VALO DE MELILLA E ESIXE UNHA INVESTIGACI\u00d3N QUE PERMITA XULGAR AOS RESPONSABLES NON S\u00d3 POLICIAIS SEN\u00d3N TAM\u00c9N GUBERNAMENTAIS DOS DOUS LADOS DA FRONTEIRA | Rede Acampa - Por la paz y el derecho a refugio\",\"isPartOf\":{\"@id\":\"https:\\\/\\\/blog.redeacampa.org\\\/gl\\\/#website\"},\"primaryImageOfPage\":{\"@id\":\"https:\\\/\\\/blog.redeacampa.org\\\/gl\\\/rede-acampa-denuncia-a-violacion-dos-dereitos-humanos-no-masacre-do-valo-de-melilla-e-esixe-unha-investigacion-que-permita-xulgar-aos-responsables-non-so-policiais-senon-tamen-gubernamentais-dos-dous\\\/#primaryimage\"},\"image\":{\"@id\":\"https:\\\/\\\/blog.redeacampa.org\\\/gl\\\/rede-acampa-denuncia-a-violacion-dos-dereitos-humanos-no-masacre-do-valo-de-melilla-e-esixe-unha-investigacion-que-permita-xulgar-aos-responsables-non-so-policiais-senon-tamen-gubernamentais-dos-dous\\\/#primaryimage\"},\"thumbnailUrl\":\"https:\\\/\\\/blog.redeacampa.org\\\/wp-content\\\/uploads\\\/Foto-Valo-de-Sergi-Camara.jpg\",\"datePublished\":\"2022-06-28T08:34:13+00:00\",\"author\":{\"@id\":\"https:\\\/\\\/blog.redeacampa.org\\\/gl\\\/#\\\/schema\\\/person\\\/4af0729a8614cbed1e7078bcc7be966b\"},\"breadcrumb\":{\"@id\":\"https:\\\/\\\/blog.redeacampa.org\\\/gl\\\/rede-acampa-denuncia-a-violacion-dos-dereitos-humanos-no-masacre-do-valo-de-melilla-e-esixe-unha-investigacion-que-permita-xulgar-aos-responsables-non-so-policiais-senon-tamen-gubernamentais-dos-dous\\\/#breadcrumb\"},\"inLanguage\":\"gl-ES\",\"potentialAction\":[{\"@type\":\"ReadAction\",\"target\":[\"https:\\\/\\\/blog.redeacampa.org\\\/gl\\\/rede-acampa-denuncia-a-violacion-dos-dereitos-humanos-no-masacre-do-valo-de-melilla-e-esixe-unha-investigacion-que-permita-xulgar-aos-responsables-non-so-policiais-senon-tamen-gubernamentais-dos-dous\\\/\"]}]},{\"@type\":\"ImageObject\",\"inLanguage\":\"gl-ES\",\"@id\":\"https:\\\/\\\/blog.redeacampa.org\\\/gl\\\/rede-acampa-denuncia-a-violacion-dos-dereitos-humanos-no-masacre-do-valo-de-melilla-e-esixe-unha-investigacion-que-permita-xulgar-aos-responsables-non-so-policiais-senon-tamen-gubernamentais-dos-dous\\\/#primaryimage\",\"url\":\"https:\\\/\\\/blog.redeacampa.org\\\/wp-content\\\/uploads\\\/Foto-Valo-de-Sergi-Camara.jpg\",\"contentUrl\":\"https:\\\/\\\/blog.redeacampa.org\\\/wp-content\\\/uploads\\\/Foto-Valo-de-Sergi-Camara.jpg\",\"width\":1134,\"height\":754},{\"@type\":\"BreadcrumbList\",\"@id\":\"https:\\\/\\\/blog.redeacampa.org\\\/gl\\\/rede-acampa-denuncia-a-violacion-dos-dereitos-humanos-no-masacre-do-valo-de-melilla-e-esixe-unha-investigacion-que-permita-xulgar-aos-responsables-non-so-policiais-senon-tamen-gubernamentais-dos-dous\\\/#breadcrumb\",\"itemListElement\":[{\"@type\":\"ListItem\",\"position\":1,\"name\":\"Portada\",\"item\":\"https:\\\/\\\/blog.redeacampa.org\\\/gl\\\/\"},{\"@type\":\"ListItem\",\"position\":2,\"name\":\"REDE ACAMPA DENUNCIA A VIOLACI\u00d3N DOS DEREITOS HUMANOS NO MASACRE DO VALO DE MELILLA E ESIXE UNHA INVESTIGACI\u00d3N QUE PERMITA XULGAR AOS RESPONSABLES NON S\u00d3 POLICIAIS SEN\u00d3N TAM\u00c9N GUBERNAMENTAIS DOS DOUS LADOS DA FRONTEIRA\"}]},{\"@type\":\"WebSite\",\"@id\":\"https:\\\/\\\/blog.redeacampa.org\\\/gl\\\/#website\",\"url\":\"https:\\\/\\\/blog.redeacampa.org\\\/gl\\\/\",\"name\":\"Rede Acampa - Por la paz y el derecho a refugio\",\"description\":\"Una iniciativa ciudadana sin fines de lucro integrada por colectivos sociales, culturales, educativos, veci\u00f1ales, pol\u00edticos, sindicales, art\u00edsticos, de personas solidarias, de instituciones y empresas con responsabilidad social que tienen como objetivo la defensa de los derechos humanos, el Derecho Internacional Humanitario y el Derecho a Refugio\",\"potentialAction\":[{\"@type\":\"SearchAction\",\"target\":{\"@type\":\"EntryPoint\",\"urlTemplate\":\"https:\\\/\\\/blog.redeacampa.org\\\/gl\\\/?s={search_term_string}\"},\"query-input\":{\"@type\":\"PropertyValueSpecification\",\"valueRequired\":true,\"valueName\":\"search_term_string\"}}],\"inLanguage\":\"gl-ES\"},{\"@type\":\"Person\",\"@id\":\"https:\\\/\\\/blog.redeacampa.org\\\/gl\\\/#\\\/schema\\\/person\\\/4af0729a8614cbed1e7078bcc7be966b\",\"name\":\"Comunicaci\u00f3n\",\"image\":{\"@type\":\"ImageObject\",\"inLanguage\":\"gl-ES\",\"@id\":\"https:\\\/\\\/secure.gravatar.com\\\/avatar\\\/8e8fea06f5f2696e331aacd588d2000164152c9aa47459d1e52be3c1ab5f5ca5?s=96&d=mm&r=g\",\"url\":\"https:\\\/\\\/secure.gravatar.com\\\/avatar\\\/8e8fea06f5f2696e331aacd588d2000164152c9aa47459d1e52be3c1ab5f5ca5?s=96&d=mm&r=g\",\"contentUrl\":\"https:\\\/\\\/secure.gravatar.com\\\/avatar\\\/8e8fea06f5f2696e331aacd588d2000164152c9aa47459d1e52be3c1ab5f5ca5?s=96&d=mm&r=g\",\"caption\":\"Comunicaci\u00f3n\"}}]}<\/script>\n<!-- \/ Yoast SEO plugin. -->","yoast_head_json":{"title":"REDE ACAMPA DENUNCIA A VIOLACI\u00d3N DOS DEREITOS HUMANOS NO MASACRE DO VALO DE MELILLA E ESIXE UNHA INVESTIGACI\u00d3N QUE PERMITA XULGAR AOS RESPONSABLES NON S\u00d3 POLICIAIS SEN\u00d3N TAM\u00c9N GUBERNAMENTAIS DOS DOUS LADOS DA FRONTEIRA | Rede Acampa - Por la paz y el derecho a refugio","robots":{"index":"index","follow":"follow","max-snippet":"max-snippet:-1","max-image-preview":"max-image-preview:large","max-video-preview":"max-video-preview:-1"},"canonical":"https:\/\/blog.redeacampa.org\/gl\/rede-acampa-denuncia-a-violacion-dos-dereitos-humanos-no-masacre-do-valo-de-melilla-e-esixe-unha-investigacion-que-permita-xulgar-aos-responsables-non-so-policiais-senon-tamen-gubernamentais-dos-dous\/","og_locale":"gl_ES","og_type":"article","og_title":"REDE ACAMPA DENUNCIA A VIOLACI\u00d3N DOS DEREITOS HUMANOS NO MASACRE DO VALO DE MELILLA E ESIXE UNHA INVESTIGACI\u00d3N QUE PERMITA XULGAR AOS RESPONSABLES NON S\u00d3 POLICIAIS SEN\u00d3N TAM\u00c9N GUBERNAMENTAIS DOS DOUS LADOS DA FRONTEIRA | Rede Acampa - Por la paz y el derecho a refugio","og_description":"FOTO: Sergi C\u00e1mara Fai p\u00fablico o seu repudio ao Goberno Espa\u00f1ol pola vergo\u00f1a de calificar os feitos como \u201cun bo traballo\u201d de Marrocos e esixe, unha vez m\u00e1is, o establecemento de v\u00edas seguras Os acontecementos do pasado venres 25 de xu\u00f1o constit\u00faen unha das maiores violaci\u00f3ns dos Dereitos Humanos producidas pola pol\u00edtica migratoria europea na [&hellip;]","og_url":"https:\/\/blog.redeacampa.org\/gl\/rede-acampa-denuncia-a-violacion-dos-dereitos-humanos-no-masacre-do-valo-de-melilla-e-esixe-unha-investigacion-que-permita-xulgar-aos-responsables-non-so-policiais-senon-tamen-gubernamentais-dos-dous\/","og_site_name":"Rede Acampa - Por la paz y el derecho a refugio","article_publisher":"https:\/\/www.facebook.com\/acampapolapazeodereitoarefuxio","article_published_time":"2022-06-28T08:34:13+00:00","og_image":[{"width":1134,"height":754,"url":"https:\/\/blog.redeacampa.org\/wp-content\/uploads\/Foto-Valo-de-Sergi-Camara.jpg","type":"image\/jpeg"}],"author":"Comunicaci\u00f3n","twitter_card":"summary_large_image","twitter_creator":"@Acampa_polapaz","twitter_site":"@Acampa_polapaz","twitter_misc":{"Escrito por":"Comunicaci\u00f3n","Tempo de lectura":"4 minutos"},"schema":{"@context":"https:\/\/schema.org","@graph":[{"@type":"Article","@id":"https:\/\/blog.redeacampa.org\/gl\/rede-acampa-denuncia-a-violacion-dos-dereitos-humanos-no-masacre-do-valo-de-melilla-e-esixe-unha-investigacion-que-permita-xulgar-aos-responsables-non-so-policiais-senon-tamen-gubernamentais-dos-dous\/#article","isPartOf":{"@id":"https:\/\/blog.redeacampa.org\/gl\/rede-acampa-denuncia-a-violacion-dos-dereitos-humanos-no-masacre-do-valo-de-melilla-e-esixe-unha-investigacion-que-permita-xulgar-aos-responsables-non-so-policiais-senon-tamen-gubernamentais-dos-dous\/"},"author":{"name":"Comunicaci\u00f3n","@id":"https:\/\/blog.redeacampa.org\/gl\/#\/schema\/person\/4af0729a8614cbed1e7078bcc7be966b"},"headline":"REDE ACAMPA DENUNCIA A VIOLACI\u00d3N DOS DEREITOS HUMANOS NO MASACRE DO VALO DE MELILLA E ESIXE UNHA INVESTIGACI\u00d3N QUE PERMITA XULGAR AOS RESPONSABLES NON S\u00d3 POLICIAIS SEN\u00d3N TAM\u00c9N GUBERNAMENTAIS DOS DOUS LADOS DA FRONTEIRA","datePublished":"2022-06-28T08:34:13+00:00","mainEntityOfPage":{"@id":"https:\/\/blog.redeacampa.org\/gl\/rede-acampa-denuncia-a-violacion-dos-dereitos-humanos-no-masacre-do-valo-de-melilla-e-esixe-unha-investigacion-que-permita-xulgar-aos-responsables-non-so-policiais-senon-tamen-gubernamentais-dos-dous\/"},"wordCount":797,"commentCount":0,"image":{"@id":"https:\/\/blog.redeacampa.org\/gl\/rede-acampa-denuncia-a-violacion-dos-dereitos-humanos-no-masacre-do-valo-de-melilla-e-esixe-unha-investigacion-que-permita-xulgar-aos-responsables-non-so-policiais-senon-tamen-gubernamentais-dos-dous\/#primaryimage"},"thumbnailUrl":"https:\/\/blog.redeacampa.org\/wp-content\/uploads\/Foto-Valo-de-Sergi-Camara.jpg","keywords":["dereito a refuxio","dereito de asilo","Dereitos Humanos","inmigrantes","migraci\u00f3ns","persoas migrantes"],"articleSection":["Presentacios"],"inLanguage":"gl-ES","potentialAction":[{"@type":"CommentAction","name":"Comment","target":["https:\/\/blog.redeacampa.org\/gl\/rede-acampa-denuncia-a-violacion-dos-dereitos-humanos-no-masacre-do-valo-de-melilla-e-esixe-unha-investigacion-que-permita-xulgar-aos-responsables-non-so-policiais-senon-tamen-gubernamentais-dos-dous\/#respond"]}]},{"@type":"WebPage","@id":"https:\/\/blog.redeacampa.org\/gl\/rede-acampa-denuncia-a-violacion-dos-dereitos-humanos-no-masacre-do-valo-de-melilla-e-esixe-unha-investigacion-que-permita-xulgar-aos-responsables-non-so-policiais-senon-tamen-gubernamentais-dos-dous\/","url":"https:\/\/blog.redeacampa.org\/gl\/rede-acampa-denuncia-a-violacion-dos-dereitos-humanos-no-masacre-do-valo-de-melilla-e-esixe-unha-investigacion-que-permita-xulgar-aos-responsables-non-so-policiais-senon-tamen-gubernamentais-dos-dous\/","name":"REDE ACAMPA DENUNCIA A VIOLACI\u00d3N DOS DEREITOS HUMANOS NO MASACRE DO VALO DE MELILLA E ESIXE UNHA INVESTIGACI\u00d3N QUE PERMITA XULGAR AOS RESPONSABLES NON S\u00d3 POLICIAIS SEN\u00d3N TAM\u00c9N GUBERNAMENTAIS DOS DOUS LADOS DA FRONTEIRA | Rede Acampa - Por la paz y el derecho a refugio","isPartOf":{"@id":"https:\/\/blog.redeacampa.org\/gl\/#website"},"primaryImageOfPage":{"@id":"https:\/\/blog.redeacampa.org\/gl\/rede-acampa-denuncia-a-violacion-dos-dereitos-humanos-no-masacre-do-valo-de-melilla-e-esixe-unha-investigacion-que-permita-xulgar-aos-responsables-non-so-policiais-senon-tamen-gubernamentais-dos-dous\/#primaryimage"},"image":{"@id":"https:\/\/blog.redeacampa.org\/gl\/rede-acampa-denuncia-a-violacion-dos-dereitos-humanos-no-masacre-do-valo-de-melilla-e-esixe-unha-investigacion-que-permita-xulgar-aos-responsables-non-so-policiais-senon-tamen-gubernamentais-dos-dous\/#primaryimage"},"thumbnailUrl":"https:\/\/blog.redeacampa.org\/wp-content\/uploads\/Foto-Valo-de-Sergi-Camara.jpg","datePublished":"2022-06-28T08:34:13+00:00","author":{"@id":"https:\/\/blog.redeacampa.org\/gl\/#\/schema\/person\/4af0729a8614cbed1e7078bcc7be966b"},"breadcrumb":{"@id":"https:\/\/blog.redeacampa.org\/gl\/rede-acampa-denuncia-a-violacion-dos-dereitos-humanos-no-masacre-do-valo-de-melilla-e-esixe-unha-investigacion-que-permita-xulgar-aos-responsables-non-so-policiais-senon-tamen-gubernamentais-dos-dous\/#breadcrumb"},"inLanguage":"gl-ES","potentialAction":[{"@type":"ReadAction","target":["https:\/\/blog.redeacampa.org\/gl\/rede-acampa-denuncia-a-violacion-dos-dereitos-humanos-no-masacre-do-valo-de-melilla-e-esixe-unha-investigacion-que-permita-xulgar-aos-responsables-non-so-policiais-senon-tamen-gubernamentais-dos-dous\/"]}]},{"@type":"ImageObject","inLanguage":"gl-ES","@id":"https:\/\/blog.redeacampa.org\/gl\/rede-acampa-denuncia-a-violacion-dos-dereitos-humanos-no-masacre-do-valo-de-melilla-e-esixe-unha-investigacion-que-permita-xulgar-aos-responsables-non-so-policiais-senon-tamen-gubernamentais-dos-dous\/#primaryimage","url":"https:\/\/blog.redeacampa.org\/wp-content\/uploads\/Foto-Valo-de-Sergi-Camara.jpg","contentUrl":"https:\/\/blog.redeacampa.org\/wp-content\/uploads\/Foto-Valo-de-Sergi-Camara.jpg","width":1134,"height":754},{"@type":"BreadcrumbList","@id":"https:\/\/blog.redeacampa.org\/gl\/rede-acampa-denuncia-a-violacion-dos-dereitos-humanos-no-masacre-do-valo-de-melilla-e-esixe-unha-investigacion-que-permita-xulgar-aos-responsables-non-so-policiais-senon-tamen-gubernamentais-dos-dous\/#breadcrumb","itemListElement":[{"@type":"ListItem","position":1,"name":"Portada","item":"https:\/\/blog.redeacampa.org\/gl\/"},{"@type":"ListItem","position":2,"name":"REDE ACAMPA DENUNCIA A VIOLACI\u00d3N DOS DEREITOS HUMANOS NO MASACRE DO VALO DE MELILLA E ESIXE UNHA INVESTIGACI\u00d3N QUE PERMITA XULGAR AOS RESPONSABLES NON S\u00d3 POLICIAIS SEN\u00d3N TAM\u00c9N GUBERNAMENTAIS DOS DOUS LADOS DA FRONTEIRA"}]},{"@type":"WebSite","@id":"https:\/\/blog.redeacampa.org\/gl\/#website","url":"https:\/\/blog.redeacampa.org\/gl\/","name":"Rede Acampa - Por la paz y el derecho a refugio","description":"Una iniciativa ciudadana sin fines de lucro integrada por colectivos sociales, culturales, educativos, veci\u00f1ales, pol\u00edticos, sindicales, art\u00edsticos, de personas solidarias, de instituciones y empresas con responsabilidad social que tienen como objetivo la defensa de los derechos humanos, el Derecho Internacional Humanitario y el Derecho a Refugio","potentialAction":[{"@type":"SearchAction","target":{"@type":"EntryPoint","urlTemplate":"https:\/\/blog.redeacampa.org\/gl\/?s={search_term_string}"},"query-input":{"@type":"PropertyValueSpecification","valueRequired":true,"valueName":"search_term_string"}}],"inLanguage":"gl-ES"},{"@type":"Person","@id":"https:\/\/blog.redeacampa.org\/gl\/#\/schema\/person\/4af0729a8614cbed1e7078bcc7be966b","name":"Comunicaci\u00f3n","image":{"@type":"ImageObject","inLanguage":"gl-ES","@id":"https:\/\/secure.gravatar.com\/avatar\/8e8fea06f5f2696e331aacd588d2000164152c9aa47459d1e52be3c1ab5f5ca5?s=96&d=mm&r=g","url":"https:\/\/secure.gravatar.com\/avatar\/8e8fea06f5f2696e331aacd588d2000164152c9aa47459d1e52be3c1ab5f5ca5?s=96&d=mm&r=g","contentUrl":"https:\/\/secure.gravatar.com\/avatar\/8e8fea06f5f2696e331aacd588d2000164152c9aa47459d1e52be3c1ab5f5ca5?s=96&d=mm&r=g","caption":"Comunicaci\u00f3n"}}]}},"_links":{"self":[{"href":"https:\/\/blog.redeacampa.org\/gl\/wp-json\/wp\/v2\/posts\/38382","targetHints":{"allow":["GET"]}}],"collection":[{"href":"https:\/\/blog.redeacampa.org\/gl\/wp-json\/wp\/v2\/posts"}],"about":[{"href":"https:\/\/blog.redeacampa.org\/gl\/wp-json\/wp\/v2\/types\/post"}],"author":[{"embeddable":true,"href":"https:\/\/blog.redeacampa.org\/gl\/wp-json\/wp\/v2\/users\/25"}],"replies":[{"embeddable":true,"href":"https:\/\/blog.redeacampa.org\/gl\/wp-json\/wp\/v2\/comments?post=38382"}],"version-history":[{"count":1,"href":"https:\/\/blog.redeacampa.org\/gl\/wp-json\/wp\/v2\/posts\/38382\/revisions"}],"predecessor-version":[{"id":38385,"href":"https:\/\/blog.redeacampa.org\/gl\/wp-json\/wp\/v2\/posts\/38382\/revisions\/38385"}],"wp:featuredmedia":[{"embeddable":true,"href":"https:\/\/blog.redeacampa.org\/gl\/wp-json\/wp\/v2\/media\/38383"}],"wp:attachment":[{"href":"https:\/\/blog.redeacampa.org\/gl\/wp-json\/wp\/v2\/media?parent=38382"}],"wp:term":[{"taxonomy":"category","embeddable":true,"href":"https:\/\/blog.redeacampa.org\/gl\/wp-json\/wp\/v2\/categories?post=38382"},{"taxonomy":"post_tag","embeddable":true,"href":"https:\/\/blog.redeacampa.org\/gl\/wp-json\/wp\/v2\/tags?post=38382"}],"curies":[{"name":"wp","href":"https:\/\/api.w.org\/{rel}","templated":true}]}}