{"id":38391,"date":"2022-09-30T09:18:46","date_gmt":"2022-09-30T07:18:46","guid":{"rendered":"https:\/\/blog.redeacampa.org\/?p=38391"},"modified":"2022-09-30T09:18:46","modified_gmt":"2022-09-30T07:18:46","slug":"rede-acampa-e-a-universidade-da-coruna-traballaran-xuntas-en-facer-un-mapeo-dos-discursos-de-odio","status":"publish","type":"post","link":"https:\/\/blog.redeacampa.org\/gl\/rede-acampa-e-a-universidade-da-coruna-traballaran-xuntas-en-facer-un-mapeo-dos-discursos-de-odio\/","title":{"rendered":"REDE ACAMPA E A UNIVERSIDADE DA CORU\u00d1A TRABALLAR\u00c1N XUNTAS EN FACER UN MAPEO DOS DISCURSOS DE ODIO"},"content":{"rendered":"<p><em>O Movemento Acampa pola Paz presentouse aos m\u00e1is de 60 alumnos e alumnas da Facultade de Ciencias da Educaci\u00f3n que realizar\u00e1n este traballo sobre os discuros de odio, tema sobre o que pivotar\u00e1 o Encontro Internacional Acampa pola Paz 2023<\/em><\/p>\n<p><em>Acampa formar\u00e1 parte do curriculo desta iniciativa cuxas responsables son as profesoras Laura Cruz e Mar\u00eda Barba.<\/em><\/p>\n<p><em>Est\u00e1 previsto dar a co\u00f1ecer os resultados desta cardiograf\u00eda \u00a0antes do propio VII Encontro Internacional Acampa pola Paz \u201cOdio ou convivencia\u201d . Este celebrarase coma os anteriores nos Xard\u00edns de M\u00e9ndez N\u00fa\u00f1ez convertendo un ano m\u00e1is a Coru\u00f1a nunha cidade refuxio dos Dereitos Humanos. <\/em><\/p>\n<p><strong>A Coru\u00f1a, 29 de setembro 2022.-<\/strong> Rede Acampa e a Universidade da Coru\u00f1a da man. Colaborando en cartografar os discursos de odio e o seu impacto. Esa \u00e9 a iniciativa que comeza hoxe a rodar, coa presentaci\u00f3n do Movemento Acampa aos m\u00e1is de sesenta alumnos e alumnas da UdC \u00a0-do terceiro curso do Grao de Educaci\u00f3n Social, no marco das materias \u201cAcci\u00f3n Socioeducativa coas Minor\u00edas e Colectivos Vulnerables\u201d e \u201cRecursos e estratexias de Intervenci\u00f3n no tempo libre\u201d- que participar\u00e1n no mapeo do odio. Este traballo estar\u00e1 dirixido pola profesora Laura Cruz, da Facultade de Ciencias da Educaci\u00f3n en el colaborar\u00e1 tam\u00e9n a docente Mar\u00eda Barba. O Encontro Internacional Acampa pola Paz 2023, que alcanzar\u00e1 nesa data a s\u00faa s\u00e9tima edici\u00f3n, estar\u00e1 centrado nun binomio ben actual: \u201cOdio ou convivencia\u201d. Parece pois oportuno co\u00f1ecer a realidade dos discursos do odio e cartografar o seu impacto nos corpos de futuras e futuros profesionais da educaci\u00f3n social e de personas en situaci\u00f3n de vulnerabilidade.<\/p>\n<p>No encontro de hoxe cos estudantes, Natalia Monje, unha das responsables da ong Ecos do Sur, integrada na Rede Acampa, faloulles da construci\u00f3n do discurso de odio e como combatelo. Os resultados deste traballo daranse a co\u00f1ecer nun Encontro Acampa na Universidade coru\u00f1esa, que ter\u00e1 lugar, previsiblemente, un mes antes do inicio do VII Encontro Internacional Acampa pola Paz propiamente dito, e que volver\u00e1, un ano m\u00e1is, aos Xard\u00edns de M\u00e9ndez N\u00fa\u00f1ez.<\/p>\n<p>\u00c9 oportuno lembrar que o tema que centrar\u00e1 este encontro foi elixido polas distintas organizaci\u00f3ns que integran Rede Acampa, m\u00e1is de 80 neste momento, reunidas ao termo do VI Encontro celebrado o pasado xu\u00f1o.\u00a0 Non houbo moitas d\u00fabidas. \u201cOdio ou Convivencia\u201d ga\u00f1ou por goleada. Non en balde, explicaron naquel momento os responsables da Rede Acampa, \u201co crecemento do odio a nivel global, a diminuci\u00f3n da tolerancia social ao diferente, nun momento en que os tr\u00e1nsitos migratorios multiplicaranse e mill\u00f3ns de persoas cami\u00f1ar\u00e1n a procura de refuxio, deber\u00eda estar na primeira li\u00f1a das preocupaci\u00f3ns de sociedades, gobernos e estados\u201d. \u201cVemos como os Estados Fortaleza atrincheiranse detr\u00e1s dunhas fronteiras cada vez m\u00e1is infranqueables alimentando o odio e multiplicando o rexeitamento aos que chegan \u00e1s s\u00faas costas ou tentan atravesar os seus pa\u00edses; volvemos invisibles aos m\u00e1is vulnerables, os despersonalizamos. Permitimos que a ultradereita, coas s\u00faas mensaxes xen\u00f3fobas, te\u00f1a voz e estenda a s\u00faa mancha. Permanecemos impasibles ao crecemento do odio\u201d, explicou Xos\u00e9 Abad, coordinador de Rede Acampa. \u201cPor iso \u00e9 m\u00e1is que oportuno reflexionar sobre esta dicotom\u00eda, ter claro de que lado hai que estar e estalo dunha forma militante\u201d, conclu\u00edu.<\/p>\n<p>&nbsp;<\/p>\n","protected":false},"excerpt":{"rendered":"<p>O Movemento Acampa pola Paz presentouse aos m\u00e1is de 60 alumnos e alumnas da Facultade de Ciencias da Educaci\u00f3n que realizar\u00e1n este traballo sobre os discuros de odio, tema sobre o que pivotar\u00e1 o Encontro Internacional Acampa pola Paz 2023 Acampa formar\u00e1 parte do curriculo desta iniciativa cuxas responsables son as profesoras Laura Cruz e [&hellip;]<\/p>\n","protected":false},"author":25,"featured_media":38394,"comment_status":"open","ping_status":"open","sticky":false,"template":"","format":"standard","meta":{"_et_pb_use_builder":"","_et_pb_old_content":"","_et_gb_content_width":"","inline_featured_image":false,"footnotes":""},"categories":[1],"tags":[],"class_list":["post-38391","post","type-post","status-publish","format-standard","has-post-thumbnail","hentry","category-presentacios"],"yoast_head":"<!-- This site is optimized with the Yoast SEO plugin v27.4 - https:\/\/yoast.com\/product\/yoast-seo-wordpress\/ -->\n<title>REDE ACAMPA E A UNIVERSIDADE DA CORU\u00d1A TRABALLAR\u00c1N XUNTAS EN FACER UN MAPEO DOS DISCURSOS DE ODIO | Rede Acampa - Por la paz y el derecho a refugio<\/title>\n<meta name=\"robots\" content=\"index, follow, max-snippet:-1, max-image-preview:large, max-video-preview:-1\" \/>\n<link rel=\"canonical\" href=\"https:\/\/blog.redeacampa.org\/gl\/rede-acampa-e-a-universidade-da-coruna-traballaran-xuntas-en-facer-un-mapeo-dos-discursos-de-odio\/\" \/>\n<meta property=\"og:locale\" content=\"gl_ES\" \/>\n<meta property=\"og:type\" content=\"article\" \/>\n<meta property=\"og:title\" content=\"REDE ACAMPA E A UNIVERSIDADE DA CORU\u00d1A TRABALLAR\u00c1N XUNTAS EN FACER UN MAPEO DOS DISCURSOS DE ODIO | Rede Acampa - Por la paz y el derecho a refugio\" \/>\n<meta property=\"og:description\" content=\"O Movemento Acampa pola Paz presentouse aos m\u00e1is de 60 alumnos e alumnas da Facultade de Ciencias da Educaci\u00f3n que realizar\u00e1n este traballo sobre os discuros de odio, tema sobre o que pivotar\u00e1 o Encontro Internacional Acampa pola Paz 2023 Acampa formar\u00e1 parte do curriculo desta iniciativa cuxas responsables son as profesoras Laura Cruz e [&hellip;]\" \/>\n<meta property=\"og:url\" content=\"https:\/\/blog.redeacampa.org\/gl\/rede-acampa-e-a-universidade-da-coruna-traballaran-xuntas-en-facer-un-mapeo-dos-discursos-de-odio\/\" \/>\n<meta property=\"og:site_name\" content=\"Rede Acampa - Por la paz y el derecho a refugio\" \/>\n<meta property=\"article:publisher\" content=\"https:\/\/www.facebook.com\/acampapolapazeodereitoarefuxio\" \/>\n<meta property=\"article:published_time\" content=\"2022-09-30T07:18:46+00:00\" \/>\n<meta property=\"og:image\" content=\"https:\/\/blog.redeacampa.org\/wp-content\/uploads\/Presentacion-Acampa-Udc-Mapeo-odio.jpg\" \/>\n\t<meta property=\"og:image:width\" content=\"1600\" \/>\n\t<meta property=\"og:image:height\" content=\"1200\" \/>\n\t<meta property=\"og:image:type\" content=\"image\/jpeg\" \/>\n<meta name=\"author\" content=\"Comunicaci\u00f3n\" \/>\n<meta name=\"twitter:card\" content=\"summary_large_image\" \/>\n<meta name=\"twitter:creator\" content=\"@Acampa_polapaz\" \/>\n<meta name=\"twitter:site\" content=\"@Acampa_polapaz\" \/>\n<meta name=\"twitter:label1\" content=\"Escrito por\" \/>\n\t<meta name=\"twitter:data1\" content=\"Comunicaci\u00f3n\" \/>\n\t<meta name=\"twitter:label2\" content=\"Tempo de lectura\" \/>\n\t<meta name=\"twitter:data2\" content=\"3 minutos\" \/>\n<script type=\"application\/ld+json\" class=\"yoast-schema-graph\">{\"@context\":\"https:\\\/\\\/schema.org\",\"@graph\":[{\"@type\":\"Article\",\"@id\":\"https:\\\/\\\/blog.redeacampa.org\\\/gl\\\/rede-acampa-e-a-universidade-da-coruna-traballaran-xuntas-en-facer-un-mapeo-dos-discursos-de-odio\\\/#article\",\"isPartOf\":{\"@id\":\"https:\\\/\\\/blog.redeacampa.org\\\/gl\\\/rede-acampa-e-a-universidade-da-coruna-traballaran-xuntas-en-facer-un-mapeo-dos-discursos-de-odio\\\/\"},\"author\":{\"name\":\"Comunicaci\u00f3n\",\"@id\":\"https:\\\/\\\/blog.redeacampa.org\\\/gl\\\/#\\\/schema\\\/person\\\/4af0729a8614cbed1e7078bcc7be966b\"},\"headline\":\"REDE ACAMPA E A UNIVERSIDADE DA CORU\u00d1A TRABALLAR\u00c1N XUNTAS EN FACER UN MAPEO DOS DISCURSOS DE ODIO\",\"datePublished\":\"2022-09-30T07:18:46+00:00\",\"mainEntityOfPage\":{\"@id\":\"https:\\\/\\\/blog.redeacampa.org\\\/gl\\\/rede-acampa-e-a-universidade-da-coruna-traballaran-xuntas-en-facer-un-mapeo-dos-discursos-de-odio\\\/\"},\"wordCount\":596,\"commentCount\":0,\"image\":{\"@id\":\"https:\\\/\\\/blog.redeacampa.org\\\/gl\\\/rede-acampa-e-a-universidade-da-coruna-traballaran-xuntas-en-facer-un-mapeo-dos-discursos-de-odio\\\/#primaryimage\"},\"thumbnailUrl\":\"https:\\\/\\\/blog.redeacampa.org\\\/wp-content\\\/uploads\\\/Presentacion-Acampa-Udc-Mapeo-odio.jpg\",\"articleSection\":[\"Presentacios\"],\"inLanguage\":\"gl-ES\",\"potentialAction\":[{\"@type\":\"CommentAction\",\"name\":\"Comment\",\"target\":[\"https:\\\/\\\/blog.redeacampa.org\\\/gl\\\/rede-acampa-e-a-universidade-da-coruna-traballaran-xuntas-en-facer-un-mapeo-dos-discursos-de-odio\\\/#respond\"]}]},{\"@type\":\"WebPage\",\"@id\":\"https:\\\/\\\/blog.redeacampa.org\\\/gl\\\/rede-acampa-e-a-universidade-da-coruna-traballaran-xuntas-en-facer-un-mapeo-dos-discursos-de-odio\\\/\",\"url\":\"https:\\\/\\\/blog.redeacampa.org\\\/gl\\\/rede-acampa-e-a-universidade-da-coruna-traballaran-xuntas-en-facer-un-mapeo-dos-discursos-de-odio\\\/\",\"name\":\"REDE ACAMPA E A UNIVERSIDADE DA CORU\u00d1A TRABALLAR\u00c1N XUNTAS EN FACER UN MAPEO DOS DISCURSOS DE ODIO | Rede Acampa - Por la paz y el derecho a refugio\",\"isPartOf\":{\"@id\":\"https:\\\/\\\/blog.redeacampa.org\\\/gl\\\/#website\"},\"primaryImageOfPage\":{\"@id\":\"https:\\\/\\\/blog.redeacampa.org\\\/gl\\\/rede-acampa-e-a-universidade-da-coruna-traballaran-xuntas-en-facer-un-mapeo-dos-discursos-de-odio\\\/#primaryimage\"},\"image\":{\"@id\":\"https:\\\/\\\/blog.redeacampa.org\\\/gl\\\/rede-acampa-e-a-universidade-da-coruna-traballaran-xuntas-en-facer-un-mapeo-dos-discursos-de-odio\\\/#primaryimage\"},\"thumbnailUrl\":\"https:\\\/\\\/blog.redeacampa.org\\\/wp-content\\\/uploads\\\/Presentacion-Acampa-Udc-Mapeo-odio.jpg\",\"datePublished\":\"2022-09-30T07:18:46+00:00\",\"author\":{\"@id\":\"https:\\\/\\\/blog.redeacampa.org\\\/gl\\\/#\\\/schema\\\/person\\\/4af0729a8614cbed1e7078bcc7be966b\"},\"breadcrumb\":{\"@id\":\"https:\\\/\\\/blog.redeacampa.org\\\/gl\\\/rede-acampa-e-a-universidade-da-coruna-traballaran-xuntas-en-facer-un-mapeo-dos-discursos-de-odio\\\/#breadcrumb\"},\"inLanguage\":\"gl-ES\",\"potentialAction\":[{\"@type\":\"ReadAction\",\"target\":[\"https:\\\/\\\/blog.redeacampa.org\\\/gl\\\/rede-acampa-e-a-universidade-da-coruna-traballaran-xuntas-en-facer-un-mapeo-dos-discursos-de-odio\\\/\"]}]},{\"@type\":\"ImageObject\",\"inLanguage\":\"gl-ES\",\"@id\":\"https:\\\/\\\/blog.redeacampa.org\\\/gl\\\/rede-acampa-e-a-universidade-da-coruna-traballaran-xuntas-en-facer-un-mapeo-dos-discursos-de-odio\\\/#primaryimage\",\"url\":\"https:\\\/\\\/blog.redeacampa.org\\\/wp-content\\\/uploads\\\/Presentacion-Acampa-Udc-Mapeo-odio.jpg\",\"contentUrl\":\"https:\\\/\\\/blog.redeacampa.org\\\/wp-content\\\/uploads\\\/Presentacion-Acampa-Udc-Mapeo-odio.jpg\",\"width\":1600,\"height\":1200},{\"@type\":\"BreadcrumbList\",\"@id\":\"https:\\\/\\\/blog.redeacampa.org\\\/gl\\\/rede-acampa-e-a-universidade-da-coruna-traballaran-xuntas-en-facer-un-mapeo-dos-discursos-de-odio\\\/#breadcrumb\",\"itemListElement\":[{\"@type\":\"ListItem\",\"position\":1,\"name\":\"Portada\",\"item\":\"https:\\\/\\\/blog.redeacampa.org\\\/gl\\\/\"},{\"@type\":\"ListItem\",\"position\":2,\"name\":\"REDE ACAMPA E A UNIVERSIDADE DA CORU\u00d1A TRABALLAR\u00c1N XUNTAS EN FACER UN MAPEO DOS DISCURSOS DE ODIO\"}]},{\"@type\":\"WebSite\",\"@id\":\"https:\\\/\\\/blog.redeacampa.org\\\/gl\\\/#website\",\"url\":\"https:\\\/\\\/blog.redeacampa.org\\\/gl\\\/\",\"name\":\"Rede Acampa - Por la paz y el derecho a refugio\",\"description\":\"Una iniciativa ciudadana sin fines de lucro integrada por colectivos sociales, culturales, educativos, veci\u00f1ales, pol\u00edticos, sindicales, art\u00edsticos, de personas solidarias, de instituciones y empresas con responsabilidad social que tienen como objetivo la defensa de los derechos humanos, el Derecho Internacional Humanitario y el Derecho a Refugio\",\"potentialAction\":[{\"@type\":\"SearchAction\",\"target\":{\"@type\":\"EntryPoint\",\"urlTemplate\":\"https:\\\/\\\/blog.redeacampa.org\\\/gl\\\/?s={search_term_string}\"},\"query-input\":{\"@type\":\"PropertyValueSpecification\",\"valueRequired\":true,\"valueName\":\"search_term_string\"}}],\"inLanguage\":\"gl-ES\"},{\"@type\":\"Person\",\"@id\":\"https:\\\/\\\/blog.redeacampa.org\\\/gl\\\/#\\\/schema\\\/person\\\/4af0729a8614cbed1e7078bcc7be966b\",\"name\":\"Comunicaci\u00f3n\",\"image\":{\"@type\":\"ImageObject\",\"inLanguage\":\"gl-ES\",\"@id\":\"https:\\\/\\\/secure.gravatar.com\\\/avatar\\\/8e8fea06f5f2696e331aacd588d2000164152c9aa47459d1e52be3c1ab5f5ca5?s=96&d=mm&r=g\",\"url\":\"https:\\\/\\\/secure.gravatar.com\\\/avatar\\\/8e8fea06f5f2696e331aacd588d2000164152c9aa47459d1e52be3c1ab5f5ca5?s=96&d=mm&r=g\",\"contentUrl\":\"https:\\\/\\\/secure.gravatar.com\\\/avatar\\\/8e8fea06f5f2696e331aacd588d2000164152c9aa47459d1e52be3c1ab5f5ca5?s=96&d=mm&r=g\",\"caption\":\"Comunicaci\u00f3n\"}}]}<\/script>\n<!-- \/ Yoast SEO plugin. -->","yoast_head_json":{"title":"REDE ACAMPA E A UNIVERSIDADE DA CORU\u00d1A TRABALLAR\u00c1N XUNTAS EN FACER UN MAPEO DOS DISCURSOS DE ODIO | Rede Acampa - Por la paz y el derecho a refugio","robots":{"index":"index","follow":"follow","max-snippet":"max-snippet:-1","max-image-preview":"max-image-preview:large","max-video-preview":"max-video-preview:-1"},"canonical":"https:\/\/blog.redeacampa.org\/gl\/rede-acampa-e-a-universidade-da-coruna-traballaran-xuntas-en-facer-un-mapeo-dos-discursos-de-odio\/","og_locale":"gl_ES","og_type":"article","og_title":"REDE ACAMPA E A UNIVERSIDADE DA CORU\u00d1A TRABALLAR\u00c1N XUNTAS EN FACER UN MAPEO DOS DISCURSOS DE ODIO | Rede Acampa - Por la paz y el derecho a refugio","og_description":"O Movemento Acampa pola Paz presentouse aos m\u00e1is de 60 alumnos e alumnas da Facultade de Ciencias da Educaci\u00f3n que realizar\u00e1n este traballo sobre os discuros de odio, tema sobre o que pivotar\u00e1 o Encontro Internacional Acampa pola Paz 2023 Acampa formar\u00e1 parte do curriculo desta iniciativa cuxas responsables son as profesoras Laura Cruz e [&hellip;]","og_url":"https:\/\/blog.redeacampa.org\/gl\/rede-acampa-e-a-universidade-da-coruna-traballaran-xuntas-en-facer-un-mapeo-dos-discursos-de-odio\/","og_site_name":"Rede Acampa - Por la paz y el derecho a refugio","article_publisher":"https:\/\/www.facebook.com\/acampapolapazeodereitoarefuxio","article_published_time":"2022-09-30T07:18:46+00:00","og_image":[{"width":1600,"height":1200,"url":"https:\/\/blog.redeacampa.org\/wp-content\/uploads\/Presentacion-Acampa-Udc-Mapeo-odio.jpg","type":"image\/jpeg"}],"author":"Comunicaci\u00f3n","twitter_card":"summary_large_image","twitter_creator":"@Acampa_polapaz","twitter_site":"@Acampa_polapaz","twitter_misc":{"Escrito por":"Comunicaci\u00f3n","Tempo de lectura":"3 minutos"},"schema":{"@context":"https:\/\/schema.org","@graph":[{"@type":"Article","@id":"https:\/\/blog.redeacampa.org\/gl\/rede-acampa-e-a-universidade-da-coruna-traballaran-xuntas-en-facer-un-mapeo-dos-discursos-de-odio\/#article","isPartOf":{"@id":"https:\/\/blog.redeacampa.org\/gl\/rede-acampa-e-a-universidade-da-coruna-traballaran-xuntas-en-facer-un-mapeo-dos-discursos-de-odio\/"},"author":{"name":"Comunicaci\u00f3n","@id":"https:\/\/blog.redeacampa.org\/gl\/#\/schema\/person\/4af0729a8614cbed1e7078bcc7be966b"},"headline":"REDE ACAMPA E A UNIVERSIDADE DA CORU\u00d1A TRABALLAR\u00c1N XUNTAS EN FACER UN MAPEO DOS DISCURSOS DE ODIO","datePublished":"2022-09-30T07:18:46+00:00","mainEntityOfPage":{"@id":"https:\/\/blog.redeacampa.org\/gl\/rede-acampa-e-a-universidade-da-coruna-traballaran-xuntas-en-facer-un-mapeo-dos-discursos-de-odio\/"},"wordCount":596,"commentCount":0,"image":{"@id":"https:\/\/blog.redeacampa.org\/gl\/rede-acampa-e-a-universidade-da-coruna-traballaran-xuntas-en-facer-un-mapeo-dos-discursos-de-odio\/#primaryimage"},"thumbnailUrl":"https:\/\/blog.redeacampa.org\/wp-content\/uploads\/Presentacion-Acampa-Udc-Mapeo-odio.jpg","articleSection":["Presentacios"],"inLanguage":"gl-ES","potentialAction":[{"@type":"CommentAction","name":"Comment","target":["https:\/\/blog.redeacampa.org\/gl\/rede-acampa-e-a-universidade-da-coruna-traballaran-xuntas-en-facer-un-mapeo-dos-discursos-de-odio\/#respond"]}]},{"@type":"WebPage","@id":"https:\/\/blog.redeacampa.org\/gl\/rede-acampa-e-a-universidade-da-coruna-traballaran-xuntas-en-facer-un-mapeo-dos-discursos-de-odio\/","url":"https:\/\/blog.redeacampa.org\/gl\/rede-acampa-e-a-universidade-da-coruna-traballaran-xuntas-en-facer-un-mapeo-dos-discursos-de-odio\/","name":"REDE ACAMPA E A UNIVERSIDADE DA CORU\u00d1A TRABALLAR\u00c1N XUNTAS EN FACER UN MAPEO DOS DISCURSOS DE ODIO | Rede Acampa - Por la paz y el derecho a refugio","isPartOf":{"@id":"https:\/\/blog.redeacampa.org\/gl\/#website"},"primaryImageOfPage":{"@id":"https:\/\/blog.redeacampa.org\/gl\/rede-acampa-e-a-universidade-da-coruna-traballaran-xuntas-en-facer-un-mapeo-dos-discursos-de-odio\/#primaryimage"},"image":{"@id":"https:\/\/blog.redeacampa.org\/gl\/rede-acampa-e-a-universidade-da-coruna-traballaran-xuntas-en-facer-un-mapeo-dos-discursos-de-odio\/#primaryimage"},"thumbnailUrl":"https:\/\/blog.redeacampa.org\/wp-content\/uploads\/Presentacion-Acampa-Udc-Mapeo-odio.jpg","datePublished":"2022-09-30T07:18:46+00:00","author":{"@id":"https:\/\/blog.redeacampa.org\/gl\/#\/schema\/person\/4af0729a8614cbed1e7078bcc7be966b"},"breadcrumb":{"@id":"https:\/\/blog.redeacampa.org\/gl\/rede-acampa-e-a-universidade-da-coruna-traballaran-xuntas-en-facer-un-mapeo-dos-discursos-de-odio\/#breadcrumb"},"inLanguage":"gl-ES","potentialAction":[{"@type":"ReadAction","target":["https:\/\/blog.redeacampa.org\/gl\/rede-acampa-e-a-universidade-da-coruna-traballaran-xuntas-en-facer-un-mapeo-dos-discursos-de-odio\/"]}]},{"@type":"ImageObject","inLanguage":"gl-ES","@id":"https:\/\/blog.redeacampa.org\/gl\/rede-acampa-e-a-universidade-da-coruna-traballaran-xuntas-en-facer-un-mapeo-dos-discursos-de-odio\/#primaryimage","url":"https:\/\/blog.redeacampa.org\/wp-content\/uploads\/Presentacion-Acampa-Udc-Mapeo-odio.jpg","contentUrl":"https:\/\/blog.redeacampa.org\/wp-content\/uploads\/Presentacion-Acampa-Udc-Mapeo-odio.jpg","width":1600,"height":1200},{"@type":"BreadcrumbList","@id":"https:\/\/blog.redeacampa.org\/gl\/rede-acampa-e-a-universidade-da-coruna-traballaran-xuntas-en-facer-un-mapeo-dos-discursos-de-odio\/#breadcrumb","itemListElement":[{"@type":"ListItem","position":1,"name":"Portada","item":"https:\/\/blog.redeacampa.org\/gl\/"},{"@type":"ListItem","position":2,"name":"REDE ACAMPA E A UNIVERSIDADE DA CORU\u00d1A TRABALLAR\u00c1N XUNTAS EN FACER UN MAPEO DOS DISCURSOS DE ODIO"}]},{"@type":"WebSite","@id":"https:\/\/blog.redeacampa.org\/gl\/#website","url":"https:\/\/blog.redeacampa.org\/gl\/","name":"Rede Acampa - Por la paz y el derecho a refugio","description":"Una iniciativa ciudadana sin fines de lucro integrada por colectivos sociales, culturales, educativos, veci\u00f1ales, pol\u00edticos, sindicales, art\u00edsticos, de personas solidarias, de instituciones y empresas con responsabilidad social que tienen como objetivo la defensa de los derechos humanos, el Derecho Internacional Humanitario y el Derecho a Refugio","potentialAction":[{"@type":"SearchAction","target":{"@type":"EntryPoint","urlTemplate":"https:\/\/blog.redeacampa.org\/gl\/?s={search_term_string}"},"query-input":{"@type":"PropertyValueSpecification","valueRequired":true,"valueName":"search_term_string"}}],"inLanguage":"gl-ES"},{"@type":"Person","@id":"https:\/\/blog.redeacampa.org\/gl\/#\/schema\/person\/4af0729a8614cbed1e7078bcc7be966b","name":"Comunicaci\u00f3n","image":{"@type":"ImageObject","inLanguage":"gl-ES","@id":"https:\/\/secure.gravatar.com\/avatar\/8e8fea06f5f2696e331aacd588d2000164152c9aa47459d1e52be3c1ab5f5ca5?s=96&d=mm&r=g","url":"https:\/\/secure.gravatar.com\/avatar\/8e8fea06f5f2696e331aacd588d2000164152c9aa47459d1e52be3c1ab5f5ca5?s=96&d=mm&r=g","contentUrl":"https:\/\/secure.gravatar.com\/avatar\/8e8fea06f5f2696e331aacd588d2000164152c9aa47459d1e52be3c1ab5f5ca5?s=96&d=mm&r=g","caption":"Comunicaci\u00f3n"}}]}},"_links":{"self":[{"href":"https:\/\/blog.redeacampa.org\/gl\/wp-json\/wp\/v2\/posts\/38391","targetHints":{"allow":["GET"]}}],"collection":[{"href":"https:\/\/blog.redeacampa.org\/gl\/wp-json\/wp\/v2\/posts"}],"about":[{"href":"https:\/\/blog.redeacampa.org\/gl\/wp-json\/wp\/v2\/types\/post"}],"author":[{"embeddable":true,"href":"https:\/\/blog.redeacampa.org\/gl\/wp-json\/wp\/v2\/users\/25"}],"replies":[{"embeddable":true,"href":"https:\/\/blog.redeacampa.org\/gl\/wp-json\/wp\/v2\/comments?post=38391"}],"version-history":[{"count":2,"href":"https:\/\/blog.redeacampa.org\/gl\/wp-json\/wp\/v2\/posts\/38391\/revisions"}],"predecessor-version":[{"id":38399,"href":"https:\/\/blog.redeacampa.org\/gl\/wp-json\/wp\/v2\/posts\/38391\/revisions\/38399"}],"wp:featuredmedia":[{"embeddable":true,"href":"https:\/\/blog.redeacampa.org\/gl\/wp-json\/wp\/v2\/media\/38394"}],"wp:attachment":[{"href":"https:\/\/blog.redeacampa.org\/gl\/wp-json\/wp\/v2\/media?parent=38391"}],"wp:term":[{"taxonomy":"category","embeddable":true,"href":"https:\/\/blog.redeacampa.org\/gl\/wp-json\/wp\/v2\/categories?post=38391"},{"taxonomy":"post_tag","embeddable":true,"href":"https:\/\/blog.redeacampa.org\/gl\/wp-json\/wp\/v2\/tags?post=38391"}],"curies":[{"name":"wp","href":"https:\/\/api.w.org\/{rel}","templated":true}]}}