{"id":38417,"date":"2022-10-25T08:20:01","date_gmt":"2022-10-25T06:20:01","guid":{"rendered":"https:\/\/blog.redeacampa.org\/?p=38417"},"modified":"2022-10-25T08:20:01","modified_gmt":"2022-10-25T06:20:01","slug":"rede-acampa-cumpre-co-seu-obxectivo-primixenio-e-estendese-celebrando-en-novembro-o-i-encontro-internacional-acampa-pola-paz-en-brasil","status":"publish","type":"post","link":"https:\/\/blog.redeacampa.org\/gl\/rede-acampa-cumpre-co-seu-obxectivo-primixenio-e-estendese-celebrando-en-novembro-o-i-encontro-internacional-acampa-pola-paz-en-brasil\/","title":{"rendered":"REDE ACAMPA CUMPRE CO SEU OBXECTIVO PRIMIXENIO E EST\u00c9NDESE CELEBRANDO EN NOVEMBRO O I ENCONTRO INTERNACIONAL ACAMPA POLA PAZ EN BRASIL"},"content":{"rendered":"<ul>\n<li><em>Entre o 10 de novembro e o 3 de decembro a cidade de Pira\u00e7icaba acoller\u00e1 \u201cFome e Refugio\u201d con charlas de expertos e exposici\u00f3ns fotogr\u00e1ficas sobre as causas e as consecuencias da fame<\/em><\/li>\n<li><em>Entre os relatores, o pai Julio R. Lancellotti, que recoller\u00e1 ademais o I Reco\u00f1ecemento Acampa \u00e1 Defensa dos Dereitos Humanos entregado pola Rede Acampa Brasil que coordina a profesora universitaria C\u00e9lia Regina Rossi<\/em><\/li>\n<\/ul>\n<p>Era un dos obxectivos primixenios do Movemento Acampa pola Paz e o Dereito a Refuxio desde que comezou a s\u00faa andaina na Coru\u00f1a en 2016. Estenderse. Multiplicarse. Chegar a distintas cidades de distintos continentes para sensibilizar, para defender os Dereitos Humanos e o Dereito a Refuxio. O d\u00eda 10 de novembro abrir\u00e1 as s\u00faas portas o I Encontro Internacional Acampa pola Paz al\u00e9n do Atl\u00e1ntico. Ser\u00e1 en Brasil, na cidade de Pira\u00e7icaba e \u00e9 froito do esforzo da Rede Acampa Brasil que coordina a profesora universitaria C\u00e9lia Regina Rossi. As\u00ed, entre o 10 de novembro e o 3 de decembro a cidadan\u00eda de Pira\u00e7icaba poder\u00e1 achegarse \u00e1 realidade da fame, \u00e1s s\u00faas causas e as s\u00faas consecuencias, entendela como motor m\u00e1is que xustificado dos movementos migratorios de miles de persoas que, na actualidade, cami\u00f1an \u00e1 proc\u00fara de refuxio.<\/p>\n<p>O coordinador xeral de Rede Acampa pola Paz e o Dereito a Refuxio, o fotodocumentalista Xos\u00e9 Abad, e a responsable de Acampa Brasil, C\u00e9lia Regina Rossi ser\u00e1n os encargados de abrir o encontro, o xoves 10 de novembro, xornada na que se far\u00e1 entrega do I Reco\u00f1ecemento Acampa \u00e1 Defensa dos Dereitos Humanos con car\u00e1cter local ao Pai Julio R. Lancellotti, pola s\u00faa protecci\u00f3n aos sen teito e o seu compromiso vital na defensa dos m\u00e1is vulnerables, e poderase escoitar de seguido a s\u00faa mensaxe. Na xornada do venres ser\u00e1n a Secretaria Municipal de Agricultura de Pira\u00e7icaba, Nancy Thame, o fotoperiodista Rodrigo Zaim, a refuxiada colombiana Leonor Solano Gonz\u00e1lez e Lucas dos Santos, da Pastoral do Menor de Pira\u00e7icaba -que traballou con mozos refuxiados da guerra de Angola- os participantes na charla, que estar\u00e1 moderada por Josu\u00e9 Adam Lazier. Unha actuaci\u00f3n de danza afropira\u00e7icabana completar\u00e1 a xornada.<\/p>\n<p><strong>Exposici\u00f3ns fotogr\u00e1ficas<\/strong><\/p>\n<p>Como en todos os Encontros Internacionais Acampa, as exposici\u00f3ns fotogr\u00e1ficas son unha das propostas principais. Expo\u00f1er\u00e1n neste I Encontro Acampa Brasil Ricard Garc\u00eda Vilanova, Lys Arango, Juan Carlos Tomasi, Javier Teniente, Pablo Tosco, Silvia Landi, Rodrigo Zaim e Fabio Lima.<\/p>\n<p>Baixo o t\u00edtulo \u201cFome e Refuxio\u201d, este I Encontro Internacional Acampa pola Paz Brasil \u00e9 posible grazas \u00e1 complicidade da SESC, unha sociedade que traballa desde hai d\u00e9cadas no campo da cobertura social e a difusi\u00f3n cultural con intensa actividade en boa parte do pa\u00eds e que patrocina o encontro. Desde fai m\u00e1is de vinte anos, por exemplo, xestiona o Programa Mesa Brasil, importante desde o orixe pero esencial en dar cobertura durante a crise do COVID-19 e alimentar a miles de brasileiros que quedaron sen ingresos e sen sustento durante a pandemia.\u00a0 Todas as actividades deste I Encontro Internacional Acampa Brasil desenvolveranse na sede do SESC en Pira\u00e7icaba, un emblem\u00e1tico e referente contedor cultural da cidade.<\/p>\n","protected":false},"excerpt":{"rendered":"<p>Entre o 10 de novembro e o 3 de decembro a cidade de Pira\u00e7icaba acoller\u00e1 \u201cFome e Refugio\u201d con charlas de expertos e exposici\u00f3ns fotogr\u00e1ficas sobre as causas e as consecuencias da fame Entre os relatores, o pai Julio R. Lancellotti, que recoller\u00e1 ademais o I Reco\u00f1ecemento Acampa \u00e1 Defensa dos Dereitos Humanos entregado pola [&hellip;]<\/p>\n","protected":false},"author":25,"featured_media":38418,"comment_status":"open","ping_status":"open","sticky":false,"template":"","format":"standard","meta":{"_et_pb_use_builder":"","_et_pb_old_content":"","_et_gb_content_width":"","inline_featured_image":false,"footnotes":""},"categories":[1],"tags":[48,88,89,65,146,220,226,113,121,66,87,62,166,165,49,64,63],"class_list":["post-38417","post","type-post","status-publish","format-standard","has-post-thumbnail","hentry","category-presentacios","tag-brasil","tag-dereito-a-refuxio","tag-dereito-de-asilo","tag-dereitos-humanos","tag-desprazamentos-forzosos","tag-fame","tag-fame-e-refuxio","tag-fotografia-gl","tag-fotos-gl","tag-inmigracion-gl","tag-inmigrantes","tag-migracions","tag-persoas-migrantes","tag-persoas-refuxiadas","tag-pobos-indixenas-do-brasil","tag-refuxiadas","tag-refuxiados"],"yoast_head":"<!-- This site is optimized with the Yoast SEO plugin v27.4 - https:\/\/yoast.com\/product\/yoast-seo-wordpress\/ -->\n<title>REDE ACAMPA CUMPRE CO SEU OBXECTIVO PRIMIXENIO E EST\u00c9NDESE CELEBRANDO EN NOVEMBRO O I ENCONTRO INTERNACIONAL ACAMPA POLA PAZ EN BRASIL | Rede Acampa - Por la paz y el derecho a refugio<\/title>\n<meta name=\"robots\" content=\"index, follow, max-snippet:-1, max-image-preview:large, max-video-preview:-1\" \/>\n<link rel=\"canonical\" href=\"https:\/\/blog.redeacampa.org\/gl\/rede-acampa-cumpre-co-seu-obxectivo-primixenio-e-estendese-celebrando-en-novembro-o-i-encontro-internacional-acampa-pola-paz-en-brasil\/\" \/>\n<meta property=\"og:locale\" content=\"gl_ES\" \/>\n<meta property=\"og:type\" content=\"article\" \/>\n<meta property=\"og:title\" content=\"REDE ACAMPA CUMPRE CO SEU OBXECTIVO PRIMIXENIO E EST\u00c9NDESE CELEBRANDO EN NOVEMBRO O I ENCONTRO INTERNACIONAL ACAMPA POLA PAZ EN BRASIL | Rede Acampa - Por la paz y el derecho a refugio\" \/>\n<meta property=\"og:description\" content=\"Entre o 10 de novembro e o 3 de decembro a cidade de Pira\u00e7icaba acoller\u00e1 \u201cFome e Refugio\u201d con charlas de expertos e exposici\u00f3ns fotogr\u00e1ficas sobre as causas e as consecuencias da fame Entre os relatores, o pai Julio R. Lancellotti, que recoller\u00e1 ademais o I Reco\u00f1ecemento Acampa \u00e1 Defensa dos Dereitos Humanos entregado pola [&hellip;]\" \/>\n<meta property=\"og:url\" content=\"https:\/\/blog.redeacampa.org\/gl\/rede-acampa-cumpre-co-seu-obxectivo-primixenio-e-estendese-celebrando-en-novembro-o-i-encontro-internacional-acampa-pola-paz-en-brasil\/\" \/>\n<meta property=\"og:site_name\" content=\"Rede Acampa - Por la paz y el derecho a refugio\" \/>\n<meta property=\"article:publisher\" content=\"https:\/\/www.facebook.com\/acampapolapazeodereitoarefuxio\" \/>\n<meta property=\"article:published_time\" content=\"2022-10-25T06:20:01+00:00\" \/>\n<meta property=\"og:image\" content=\"https:\/\/blog.redeacampa.org\/wp-content\/uploads\/Programa-Acampa-Brasil-2022.jpg\" \/>\n\t<meta property=\"og:image:width\" content=\"1595\" \/>\n\t<meta property=\"og:image:height\" content=\"1595\" \/>\n\t<meta property=\"og:image:type\" content=\"image\/jpeg\" \/>\n<meta name=\"author\" content=\"Comunicaci\u00f3n\" \/>\n<meta name=\"twitter:card\" content=\"summary_large_image\" \/>\n<meta name=\"twitter:creator\" content=\"@Acampa_polapaz\" \/>\n<meta name=\"twitter:site\" content=\"@Acampa_polapaz\" \/>\n<meta name=\"twitter:label1\" content=\"Escrito por\" \/>\n\t<meta name=\"twitter:data1\" content=\"Comunicaci\u00f3n\" \/>\n\t<meta name=\"twitter:label2\" content=\"Tempo de lectura\" \/>\n\t<meta name=\"twitter:data2\" content=\"3 minutos\" \/>\n<script type=\"application\/ld+json\" class=\"yoast-schema-graph\">{\"@context\":\"https:\\\/\\\/schema.org\",\"@graph\":[{\"@type\":\"Article\",\"@id\":\"https:\\\/\\\/blog.redeacampa.org\\\/gl\\\/rede-acampa-cumpre-co-seu-obxectivo-primixenio-e-estendese-celebrando-en-novembro-o-i-encontro-internacional-acampa-pola-paz-en-brasil\\\/#article\",\"isPartOf\":{\"@id\":\"https:\\\/\\\/blog.redeacampa.org\\\/gl\\\/rede-acampa-cumpre-co-seu-obxectivo-primixenio-e-estendese-celebrando-en-novembro-o-i-encontro-internacional-acampa-pola-paz-en-brasil\\\/\"},\"author\":{\"name\":\"Comunicaci\u00f3n\",\"@id\":\"https:\\\/\\\/blog.redeacampa.org\\\/gl\\\/#\\\/schema\\\/person\\\/4af0729a8614cbed1e7078bcc7be966b\"},\"headline\":\"REDE ACAMPA CUMPRE CO SEU OBXECTIVO PRIMIXENIO E EST\u00c9NDESE CELEBRANDO EN NOVEMBRO O I ENCONTRO INTERNACIONAL ACAMPA POLA PAZ EN BRASIL\",\"datePublished\":\"2022-10-25T06:20:01+00:00\",\"mainEntityOfPage\":{\"@id\":\"https:\\\/\\\/blog.redeacampa.org\\\/gl\\\/rede-acampa-cumpre-co-seu-obxectivo-primixenio-e-estendese-celebrando-en-novembro-o-i-encontro-internacional-acampa-pola-paz-en-brasil\\\/\"},\"wordCount\":566,\"commentCount\":0,\"image\":{\"@id\":\"https:\\\/\\\/blog.redeacampa.org\\\/gl\\\/rede-acampa-cumpre-co-seu-obxectivo-primixenio-e-estendese-celebrando-en-novembro-o-i-encontro-internacional-acampa-pola-paz-en-brasil\\\/#primaryimage\"},\"thumbnailUrl\":\"https:\\\/\\\/blog.redeacampa.org\\\/wp-content\\\/uploads\\\/Programa-Acampa-Brasil-2022.jpg\",\"keywords\":[\"Brasil\",\"dereito a refuxio\",\"dereito de asilo\",\"Dereitos Humanos\",\"desprazamentos forzosos\",\"Fame\",\"Fame e Refuxio\",\"Fotograf\u00eda\",\"fotos\",\"inmigraci\u00f3n\",\"inmigrantes\",\"migraci\u00f3ns\",\"persoas migrantes\",\"persoas refuxiadas\",\"pobos ind\u00edxenas do Brasil\",\"refuxiadas\",\"refuxiados\"],\"articleSection\":[\"Presentacios\"],\"inLanguage\":\"gl-ES\",\"potentialAction\":[{\"@type\":\"CommentAction\",\"name\":\"Comment\",\"target\":[\"https:\\\/\\\/blog.redeacampa.org\\\/gl\\\/rede-acampa-cumpre-co-seu-obxectivo-primixenio-e-estendese-celebrando-en-novembro-o-i-encontro-internacional-acampa-pola-paz-en-brasil\\\/#respond\"]}]},{\"@type\":\"WebPage\",\"@id\":\"https:\\\/\\\/blog.redeacampa.org\\\/gl\\\/rede-acampa-cumpre-co-seu-obxectivo-primixenio-e-estendese-celebrando-en-novembro-o-i-encontro-internacional-acampa-pola-paz-en-brasil\\\/\",\"url\":\"https:\\\/\\\/blog.redeacampa.org\\\/gl\\\/rede-acampa-cumpre-co-seu-obxectivo-primixenio-e-estendese-celebrando-en-novembro-o-i-encontro-internacional-acampa-pola-paz-en-brasil\\\/\",\"name\":\"REDE ACAMPA CUMPRE CO SEU OBXECTIVO PRIMIXENIO E EST\u00c9NDESE CELEBRANDO EN NOVEMBRO O I ENCONTRO INTERNACIONAL ACAMPA POLA PAZ EN BRASIL | Rede Acampa - Por la paz y el derecho a refugio\",\"isPartOf\":{\"@id\":\"https:\\\/\\\/blog.redeacampa.org\\\/gl\\\/#website\"},\"primaryImageOfPage\":{\"@id\":\"https:\\\/\\\/blog.redeacampa.org\\\/gl\\\/rede-acampa-cumpre-co-seu-obxectivo-primixenio-e-estendese-celebrando-en-novembro-o-i-encontro-internacional-acampa-pola-paz-en-brasil\\\/#primaryimage\"},\"image\":{\"@id\":\"https:\\\/\\\/blog.redeacampa.org\\\/gl\\\/rede-acampa-cumpre-co-seu-obxectivo-primixenio-e-estendese-celebrando-en-novembro-o-i-encontro-internacional-acampa-pola-paz-en-brasil\\\/#primaryimage\"},\"thumbnailUrl\":\"https:\\\/\\\/blog.redeacampa.org\\\/wp-content\\\/uploads\\\/Programa-Acampa-Brasil-2022.jpg\",\"datePublished\":\"2022-10-25T06:20:01+00:00\",\"author\":{\"@id\":\"https:\\\/\\\/blog.redeacampa.org\\\/gl\\\/#\\\/schema\\\/person\\\/4af0729a8614cbed1e7078bcc7be966b\"},\"breadcrumb\":{\"@id\":\"https:\\\/\\\/blog.redeacampa.org\\\/gl\\\/rede-acampa-cumpre-co-seu-obxectivo-primixenio-e-estendese-celebrando-en-novembro-o-i-encontro-internacional-acampa-pola-paz-en-brasil\\\/#breadcrumb\"},\"inLanguage\":\"gl-ES\",\"potentialAction\":[{\"@type\":\"ReadAction\",\"target\":[\"https:\\\/\\\/blog.redeacampa.org\\\/gl\\\/rede-acampa-cumpre-co-seu-obxectivo-primixenio-e-estendese-celebrando-en-novembro-o-i-encontro-internacional-acampa-pola-paz-en-brasil\\\/\"]}]},{\"@type\":\"ImageObject\",\"inLanguage\":\"gl-ES\",\"@id\":\"https:\\\/\\\/blog.redeacampa.org\\\/gl\\\/rede-acampa-cumpre-co-seu-obxectivo-primixenio-e-estendese-celebrando-en-novembro-o-i-encontro-internacional-acampa-pola-paz-en-brasil\\\/#primaryimage\",\"url\":\"https:\\\/\\\/blog.redeacampa.org\\\/wp-content\\\/uploads\\\/Programa-Acampa-Brasil-2022.jpg\",\"contentUrl\":\"https:\\\/\\\/blog.redeacampa.org\\\/wp-content\\\/uploads\\\/Programa-Acampa-Brasil-2022.jpg\",\"width\":1595,\"height\":1595},{\"@type\":\"BreadcrumbList\",\"@id\":\"https:\\\/\\\/blog.redeacampa.org\\\/gl\\\/rede-acampa-cumpre-co-seu-obxectivo-primixenio-e-estendese-celebrando-en-novembro-o-i-encontro-internacional-acampa-pola-paz-en-brasil\\\/#breadcrumb\",\"itemListElement\":[{\"@type\":\"ListItem\",\"position\":1,\"name\":\"Portada\",\"item\":\"https:\\\/\\\/blog.redeacampa.org\\\/gl\\\/\"},{\"@type\":\"ListItem\",\"position\":2,\"name\":\"REDE ACAMPA CUMPRE CO SEU OBXECTIVO PRIMIXENIO E EST\u00c9NDESE CELEBRANDO EN NOVEMBRO O I ENCONTRO INTERNACIONAL ACAMPA POLA PAZ EN BRASIL\"}]},{\"@type\":\"WebSite\",\"@id\":\"https:\\\/\\\/blog.redeacampa.org\\\/gl\\\/#website\",\"url\":\"https:\\\/\\\/blog.redeacampa.org\\\/gl\\\/\",\"name\":\"Rede Acampa - Por la paz y el derecho a refugio\",\"description\":\"Una iniciativa ciudadana sin fines de lucro integrada por colectivos sociales, culturales, educativos, veci\u00f1ales, pol\u00edticos, sindicales, art\u00edsticos, de personas solidarias, de instituciones y empresas con responsabilidad social que tienen como objetivo la defensa de los derechos humanos, el Derecho Internacional Humanitario y el Derecho a Refugio\",\"potentialAction\":[{\"@type\":\"SearchAction\",\"target\":{\"@type\":\"EntryPoint\",\"urlTemplate\":\"https:\\\/\\\/blog.redeacampa.org\\\/gl\\\/?s={search_term_string}\"},\"query-input\":{\"@type\":\"PropertyValueSpecification\",\"valueRequired\":true,\"valueName\":\"search_term_string\"}}],\"inLanguage\":\"gl-ES\"},{\"@type\":\"Person\",\"@id\":\"https:\\\/\\\/blog.redeacampa.org\\\/gl\\\/#\\\/schema\\\/person\\\/4af0729a8614cbed1e7078bcc7be966b\",\"name\":\"Comunicaci\u00f3n\",\"image\":{\"@type\":\"ImageObject\",\"inLanguage\":\"gl-ES\",\"@id\":\"https:\\\/\\\/secure.gravatar.com\\\/avatar\\\/8e8fea06f5f2696e331aacd588d2000164152c9aa47459d1e52be3c1ab5f5ca5?s=96&d=mm&r=g\",\"url\":\"https:\\\/\\\/secure.gravatar.com\\\/avatar\\\/8e8fea06f5f2696e331aacd588d2000164152c9aa47459d1e52be3c1ab5f5ca5?s=96&d=mm&r=g\",\"contentUrl\":\"https:\\\/\\\/secure.gravatar.com\\\/avatar\\\/8e8fea06f5f2696e331aacd588d2000164152c9aa47459d1e52be3c1ab5f5ca5?s=96&d=mm&r=g\",\"caption\":\"Comunicaci\u00f3n\"}}]}<\/script>\n<!-- \/ Yoast SEO plugin. -->","yoast_head_json":{"title":"REDE ACAMPA CUMPRE CO SEU OBXECTIVO PRIMIXENIO E EST\u00c9NDESE CELEBRANDO EN NOVEMBRO O I ENCONTRO INTERNACIONAL ACAMPA POLA PAZ EN BRASIL | Rede Acampa - Por la paz y el derecho a refugio","robots":{"index":"index","follow":"follow","max-snippet":"max-snippet:-1","max-image-preview":"max-image-preview:large","max-video-preview":"max-video-preview:-1"},"canonical":"https:\/\/blog.redeacampa.org\/gl\/rede-acampa-cumpre-co-seu-obxectivo-primixenio-e-estendese-celebrando-en-novembro-o-i-encontro-internacional-acampa-pola-paz-en-brasil\/","og_locale":"gl_ES","og_type":"article","og_title":"REDE ACAMPA CUMPRE CO SEU OBXECTIVO PRIMIXENIO E EST\u00c9NDESE CELEBRANDO EN NOVEMBRO O I ENCONTRO INTERNACIONAL ACAMPA POLA PAZ EN BRASIL | Rede Acampa - Por la paz y el derecho a refugio","og_description":"Entre o 10 de novembro e o 3 de decembro a cidade de Pira\u00e7icaba acoller\u00e1 \u201cFome e Refugio\u201d con charlas de expertos e exposici\u00f3ns fotogr\u00e1ficas sobre as causas e as consecuencias da fame Entre os relatores, o pai Julio R. Lancellotti, que recoller\u00e1 ademais o I Reco\u00f1ecemento Acampa \u00e1 Defensa dos Dereitos Humanos entregado pola [&hellip;]","og_url":"https:\/\/blog.redeacampa.org\/gl\/rede-acampa-cumpre-co-seu-obxectivo-primixenio-e-estendese-celebrando-en-novembro-o-i-encontro-internacional-acampa-pola-paz-en-brasil\/","og_site_name":"Rede Acampa - Por la paz y el derecho a refugio","article_publisher":"https:\/\/www.facebook.com\/acampapolapazeodereitoarefuxio","article_published_time":"2022-10-25T06:20:01+00:00","og_image":[{"width":1595,"height":1595,"url":"https:\/\/blog.redeacampa.org\/wp-content\/uploads\/Programa-Acampa-Brasil-2022.jpg","type":"image\/jpeg"}],"author":"Comunicaci\u00f3n","twitter_card":"summary_large_image","twitter_creator":"@Acampa_polapaz","twitter_site":"@Acampa_polapaz","twitter_misc":{"Escrito por":"Comunicaci\u00f3n","Tempo de lectura":"3 minutos"},"schema":{"@context":"https:\/\/schema.org","@graph":[{"@type":"Article","@id":"https:\/\/blog.redeacampa.org\/gl\/rede-acampa-cumpre-co-seu-obxectivo-primixenio-e-estendese-celebrando-en-novembro-o-i-encontro-internacional-acampa-pola-paz-en-brasil\/#article","isPartOf":{"@id":"https:\/\/blog.redeacampa.org\/gl\/rede-acampa-cumpre-co-seu-obxectivo-primixenio-e-estendese-celebrando-en-novembro-o-i-encontro-internacional-acampa-pola-paz-en-brasil\/"},"author":{"name":"Comunicaci\u00f3n","@id":"https:\/\/blog.redeacampa.org\/gl\/#\/schema\/person\/4af0729a8614cbed1e7078bcc7be966b"},"headline":"REDE ACAMPA CUMPRE CO SEU OBXECTIVO PRIMIXENIO E EST\u00c9NDESE CELEBRANDO EN NOVEMBRO O I ENCONTRO INTERNACIONAL ACAMPA POLA PAZ EN BRASIL","datePublished":"2022-10-25T06:20:01+00:00","mainEntityOfPage":{"@id":"https:\/\/blog.redeacampa.org\/gl\/rede-acampa-cumpre-co-seu-obxectivo-primixenio-e-estendese-celebrando-en-novembro-o-i-encontro-internacional-acampa-pola-paz-en-brasil\/"},"wordCount":566,"commentCount":0,"image":{"@id":"https:\/\/blog.redeacampa.org\/gl\/rede-acampa-cumpre-co-seu-obxectivo-primixenio-e-estendese-celebrando-en-novembro-o-i-encontro-internacional-acampa-pola-paz-en-brasil\/#primaryimage"},"thumbnailUrl":"https:\/\/blog.redeacampa.org\/wp-content\/uploads\/Programa-Acampa-Brasil-2022.jpg","keywords":["Brasil","dereito a refuxio","dereito de asilo","Dereitos Humanos","desprazamentos forzosos","Fame","Fame e Refuxio","Fotograf\u00eda","fotos","inmigraci\u00f3n","inmigrantes","migraci\u00f3ns","persoas migrantes","persoas refuxiadas","pobos ind\u00edxenas do Brasil","refuxiadas","refuxiados"],"articleSection":["Presentacios"],"inLanguage":"gl-ES","potentialAction":[{"@type":"CommentAction","name":"Comment","target":["https:\/\/blog.redeacampa.org\/gl\/rede-acampa-cumpre-co-seu-obxectivo-primixenio-e-estendese-celebrando-en-novembro-o-i-encontro-internacional-acampa-pola-paz-en-brasil\/#respond"]}]},{"@type":"WebPage","@id":"https:\/\/blog.redeacampa.org\/gl\/rede-acampa-cumpre-co-seu-obxectivo-primixenio-e-estendese-celebrando-en-novembro-o-i-encontro-internacional-acampa-pola-paz-en-brasil\/","url":"https:\/\/blog.redeacampa.org\/gl\/rede-acampa-cumpre-co-seu-obxectivo-primixenio-e-estendese-celebrando-en-novembro-o-i-encontro-internacional-acampa-pola-paz-en-brasil\/","name":"REDE ACAMPA CUMPRE CO SEU OBXECTIVO PRIMIXENIO E EST\u00c9NDESE CELEBRANDO EN NOVEMBRO O I ENCONTRO INTERNACIONAL ACAMPA POLA PAZ EN BRASIL | Rede Acampa - Por la paz y el derecho a refugio","isPartOf":{"@id":"https:\/\/blog.redeacampa.org\/gl\/#website"},"primaryImageOfPage":{"@id":"https:\/\/blog.redeacampa.org\/gl\/rede-acampa-cumpre-co-seu-obxectivo-primixenio-e-estendese-celebrando-en-novembro-o-i-encontro-internacional-acampa-pola-paz-en-brasil\/#primaryimage"},"image":{"@id":"https:\/\/blog.redeacampa.org\/gl\/rede-acampa-cumpre-co-seu-obxectivo-primixenio-e-estendese-celebrando-en-novembro-o-i-encontro-internacional-acampa-pola-paz-en-brasil\/#primaryimage"},"thumbnailUrl":"https:\/\/blog.redeacampa.org\/wp-content\/uploads\/Programa-Acampa-Brasil-2022.jpg","datePublished":"2022-10-25T06:20:01+00:00","author":{"@id":"https:\/\/blog.redeacampa.org\/gl\/#\/schema\/person\/4af0729a8614cbed1e7078bcc7be966b"},"breadcrumb":{"@id":"https:\/\/blog.redeacampa.org\/gl\/rede-acampa-cumpre-co-seu-obxectivo-primixenio-e-estendese-celebrando-en-novembro-o-i-encontro-internacional-acampa-pola-paz-en-brasil\/#breadcrumb"},"inLanguage":"gl-ES","potentialAction":[{"@type":"ReadAction","target":["https:\/\/blog.redeacampa.org\/gl\/rede-acampa-cumpre-co-seu-obxectivo-primixenio-e-estendese-celebrando-en-novembro-o-i-encontro-internacional-acampa-pola-paz-en-brasil\/"]}]},{"@type":"ImageObject","inLanguage":"gl-ES","@id":"https:\/\/blog.redeacampa.org\/gl\/rede-acampa-cumpre-co-seu-obxectivo-primixenio-e-estendese-celebrando-en-novembro-o-i-encontro-internacional-acampa-pola-paz-en-brasil\/#primaryimage","url":"https:\/\/blog.redeacampa.org\/wp-content\/uploads\/Programa-Acampa-Brasil-2022.jpg","contentUrl":"https:\/\/blog.redeacampa.org\/wp-content\/uploads\/Programa-Acampa-Brasil-2022.jpg","width":1595,"height":1595},{"@type":"BreadcrumbList","@id":"https:\/\/blog.redeacampa.org\/gl\/rede-acampa-cumpre-co-seu-obxectivo-primixenio-e-estendese-celebrando-en-novembro-o-i-encontro-internacional-acampa-pola-paz-en-brasil\/#breadcrumb","itemListElement":[{"@type":"ListItem","position":1,"name":"Portada","item":"https:\/\/blog.redeacampa.org\/gl\/"},{"@type":"ListItem","position":2,"name":"REDE ACAMPA CUMPRE CO SEU OBXECTIVO PRIMIXENIO E EST\u00c9NDESE CELEBRANDO EN NOVEMBRO O I ENCONTRO INTERNACIONAL ACAMPA POLA PAZ EN BRASIL"}]},{"@type":"WebSite","@id":"https:\/\/blog.redeacampa.org\/gl\/#website","url":"https:\/\/blog.redeacampa.org\/gl\/","name":"Rede Acampa - Por la paz y el derecho a refugio","description":"Una iniciativa ciudadana sin fines de lucro integrada por colectivos sociales, culturales, educativos, veci\u00f1ales, pol\u00edticos, sindicales, art\u00edsticos, de personas solidarias, de instituciones y empresas con responsabilidad social que tienen como objetivo la defensa de los derechos humanos, el Derecho Internacional Humanitario y el Derecho a Refugio","potentialAction":[{"@type":"SearchAction","target":{"@type":"EntryPoint","urlTemplate":"https:\/\/blog.redeacampa.org\/gl\/?s={search_term_string}"},"query-input":{"@type":"PropertyValueSpecification","valueRequired":true,"valueName":"search_term_string"}}],"inLanguage":"gl-ES"},{"@type":"Person","@id":"https:\/\/blog.redeacampa.org\/gl\/#\/schema\/person\/4af0729a8614cbed1e7078bcc7be966b","name":"Comunicaci\u00f3n","image":{"@type":"ImageObject","inLanguage":"gl-ES","@id":"https:\/\/secure.gravatar.com\/avatar\/8e8fea06f5f2696e331aacd588d2000164152c9aa47459d1e52be3c1ab5f5ca5?s=96&d=mm&r=g","url":"https:\/\/secure.gravatar.com\/avatar\/8e8fea06f5f2696e331aacd588d2000164152c9aa47459d1e52be3c1ab5f5ca5?s=96&d=mm&r=g","contentUrl":"https:\/\/secure.gravatar.com\/avatar\/8e8fea06f5f2696e331aacd588d2000164152c9aa47459d1e52be3c1ab5f5ca5?s=96&d=mm&r=g","caption":"Comunicaci\u00f3n"}}]}},"_links":{"self":[{"href":"https:\/\/blog.redeacampa.org\/gl\/wp-json\/wp\/v2\/posts\/38417","targetHints":{"allow":["GET"]}}],"collection":[{"href":"https:\/\/blog.redeacampa.org\/gl\/wp-json\/wp\/v2\/posts"}],"about":[{"href":"https:\/\/blog.redeacampa.org\/gl\/wp-json\/wp\/v2\/types\/post"}],"author":[{"embeddable":true,"href":"https:\/\/blog.redeacampa.org\/gl\/wp-json\/wp\/v2\/users\/25"}],"replies":[{"embeddable":true,"href":"https:\/\/blog.redeacampa.org\/gl\/wp-json\/wp\/v2\/comments?post=38417"}],"version-history":[{"count":1,"href":"https:\/\/blog.redeacampa.org\/gl\/wp-json\/wp\/v2\/posts\/38417\/revisions"}],"predecessor-version":[{"id":38420,"href":"https:\/\/blog.redeacampa.org\/gl\/wp-json\/wp\/v2\/posts\/38417\/revisions\/38420"}],"wp:featuredmedia":[{"embeddable":true,"href":"https:\/\/blog.redeacampa.org\/gl\/wp-json\/wp\/v2\/media\/38418"}],"wp:attachment":[{"href":"https:\/\/blog.redeacampa.org\/gl\/wp-json\/wp\/v2\/media?parent=38417"}],"wp:term":[{"taxonomy":"category","embeddable":true,"href":"https:\/\/blog.redeacampa.org\/gl\/wp-json\/wp\/v2\/categories?post=38417"},{"taxonomy":"post_tag","embeddable":true,"href":"https:\/\/blog.redeacampa.org\/gl\/wp-json\/wp\/v2\/tags?post=38417"}],"curies":[{"name":"wp","href":"https:\/\/api.w.org\/{rel}","templated":true}]}}