{"id":38424,"date":"2022-10-27T14:49:37","date_gmt":"2022-10-27T12:49:37","guid":{"rendered":"https:\/\/blog.redeacampa.org\/?p=38424"},"modified":"2022-10-27T14:49:37","modified_gmt":"2022-10-27T12:49:37","slug":"apoio-da-fundacion-emalcsa-a-rede-acampa-para-o-desenvolvemento-do-vii-encontro-internacional-odio-ou-convivencia-de-xuno-2023","status":"publish","type":"post","link":"https:\/\/blog.redeacampa.org\/gl\/apoio-da-fundacion-emalcsa-a-rede-acampa-para-o-desenvolvemento-do-vii-encontro-internacional-odio-ou-convivencia-de-xuno-2023\/","title":{"rendered":"APOIO DA FUNDACI\u00d3N EMALCSA \u00c1 REDE ACAMPA PARA O DESENVOLVEMENTO DO VII ENCONTRO INTERNACIONAL \u201cODIO OU CONVIVENCIA\u201d DE XU\u00d1O 2023"},"content":{"rendered":"<ul>\n<li><em>A firma do convenio de colaboraci\u00f3n permitir\u00e1 profundar na difusi\u00f3n da cultura accesible e inclusiva<\/em><\/li>\n<\/ul>\n<p>Fundaci\u00f3n Emalcsa s\u00famase \u00e1 listaxe de patrocinadores da Rede Acampa no seu labor de defensa dos Dereitos Humanos e o Dereito a Refuxio. Este mediod\u00eda tivo lugar a firma do convenio entre a citada Fundaci\u00f3n e o Movemento Acampa para colaborar no desenvolvemento do VII Encontro Internacional Acampa pola Paz e o Dereito a Refuxio que se celebrar\u00e1 na Coru\u00f1a o pr\u00f3ximo mes de xu\u00f1o baixo o lema \u201cOdio ou Convivencia\u201d.<\/p>\n<p>Este acordo, rubricado pola alcaldesa In\u00e9s Rey como presidenta da Fundaci\u00f3n Emalcsa, e o responsable de organizaci\u00f3ns de Rede Acampa pola Paz, Rub\u00e9n S\u00e1nchez Imizcoz, est\u00e1 enmarcado na VII Convocatoria Cultura Accesible e Inclusiva (Axudas para favorecer a inclusi\u00f3n e a accesibilidade na vida cultural) promovida pola citada Fundaci\u00f3n.<\/p>\n<p>A accesibilidade e a inclusi\u00f3n son d\u00faas condici\u00f3ns de partida nas distintas actividades promovidas polo Movemento Acampa desde a s\u00faa creaci\u00f3n no ano 2016. S\u00f3 por citar alg\u00fans exemplos, as charlas e encontros desenvolvidos ao longo dos encontros internacionais que se celebran na Coru\u00f1a anualmente en torno ao Dereito a Refuxio sempre contan con int\u00e9rpretes de linguaxe de signos e son accesibles a persoas en cadeira de rodas. Son diversos, tam\u00e9n, os colectivos vulnerables participantes nas distintas actividades ou membros integrantes da propia rede.<\/p>\n<p>Ser\u00e1 en xu\u00f1o de 2023 cando os Xard\u00edns de M\u00e9ndez N\u00fa\u00f1ez da Coru\u00f1a acollan a s\u00e9tima edici\u00f3n do Encontro Internacional Acampa pola Paz e o Dereito a Refuxio. Durante tres d\u00edas, exposici\u00f3ns, relatores e relatoras, documentais e actividades de denuncia profundar\u00e1n no binomio elixido como tema central desta cita: Odio ou convivencia. Unha vez m\u00e1is, a cidadan\u00eda estar\u00e1 convidada a participar, a reflexionar sobre a realidade dos Dereitos Humanos no mundo e o crecemento de espazos e situaci\u00f3ns onde estes \u00e1chanse conculcados, pisados, ou manipulados pola xenofobia, o racismo, a discriminaci\u00f3n ou o espolio.<\/p>\n","protected":false},"excerpt":{"rendered":"<p>A firma do convenio de colaboraci\u00f3n permitir\u00e1 profundar na difusi\u00f3n da cultura accesible e inclusiva Fundaci\u00f3n Emalcsa s\u00famase \u00e1 listaxe de patrocinadores da Rede Acampa no seu labor de defensa dos Dereitos Humanos e o Dereito a Refuxio. Este mediod\u00eda tivo lugar a firma do convenio entre a citada Fundaci\u00f3n e o Movemento Acampa para [&hellip;]<\/p>\n","protected":false},"author":25,"featured_media":38434,"comment_status":"open","ping_status":"open","sticky":false,"template":"","format":"standard","meta":{"_et_pb_use_builder":"","_et_pb_old_content":"","_et_gb_content_width":"","inline_featured_image":false,"footnotes":""},"categories":[1],"tags":[88,89,65,98,166,165,64,63],"class_list":["post-38424","post","type-post","status-publish","format-standard","has-post-thumbnail","hentry","category-presentacios","tag-dereito-a-refuxio","tag-dereito-de-asilo","tag-dereitos-humanos","tag-desprazamientos-forzosos","tag-persoas-migrantes","tag-persoas-refuxiadas","tag-refuxiadas","tag-refuxiados"],"yoast_head":"<!-- This site is optimized with the Yoast SEO plugin v27.4 - https:\/\/yoast.com\/product\/yoast-seo-wordpress\/ -->\n<title>APOIO DA FUNDACI\u00d3N EMALCSA \u00c1 REDE ACAMPA PARA O DESENVOLVEMENTO DO VII ENCONTRO INTERNACIONAL \u201cODIO OU CONVIVENCIA\u201d DE XU\u00d1O 2023 | Rede Acampa - Por la paz y el derecho a refugio<\/title>\n<meta name=\"robots\" content=\"index, follow, max-snippet:-1, max-image-preview:large, max-video-preview:-1\" \/>\n<link rel=\"canonical\" href=\"https:\/\/blog.redeacampa.org\/gl\/apoio-da-fundacion-emalcsa-a-rede-acampa-para-o-desenvolvemento-do-vii-encontro-internacional-odio-ou-convivencia-de-xuno-2023\/\" \/>\n<meta property=\"og:locale\" content=\"gl_ES\" \/>\n<meta property=\"og:type\" content=\"article\" \/>\n<meta property=\"og:title\" content=\"APOIO DA FUNDACI\u00d3N EMALCSA \u00c1 REDE ACAMPA PARA O DESENVOLVEMENTO DO VII ENCONTRO INTERNACIONAL \u201cODIO OU CONVIVENCIA\u201d DE XU\u00d1O 2023 | Rede Acampa - Por la paz y el derecho a refugio\" \/>\n<meta property=\"og:description\" content=\"A firma do convenio de colaboraci\u00f3n permitir\u00e1 profundar na difusi\u00f3n da cultura accesible e inclusiva Fundaci\u00f3n Emalcsa s\u00famase \u00e1 listaxe de patrocinadores da Rede Acampa no seu labor de defensa dos Dereitos Humanos e o Dereito a Refuxio. Este mediod\u00eda tivo lugar a firma do convenio entre a citada Fundaci\u00f3n e o Movemento Acampa para [&hellip;]\" \/>\n<meta property=\"og:url\" content=\"https:\/\/blog.redeacampa.org\/gl\/apoio-da-fundacion-emalcsa-a-rede-acampa-para-o-desenvolvemento-do-vii-encontro-internacional-odio-ou-convivencia-de-xuno-2023\/\" \/>\n<meta property=\"og:site_name\" content=\"Rede Acampa - Por la paz y el derecho a refugio\" \/>\n<meta property=\"article:publisher\" content=\"https:\/\/www.facebook.com\/acampapolapazeodereitoarefuxio\" \/>\n<meta property=\"article:published_time\" content=\"2022-10-27T12:49:37+00:00\" \/>\n<meta property=\"og:image\" content=\"https:\/\/blog.redeacampa.org\/wp-content\/uploads\/IMG-20221027-WA0008.jpg\" \/>\n\t<meta property=\"og:image:width\" content=\"1887\" \/>\n\t<meta property=\"og:image:height\" content=\"1588\" \/>\n\t<meta property=\"og:image:type\" content=\"image\/jpeg\" \/>\n<meta name=\"author\" content=\"Comunicaci\u00f3n\" \/>\n<meta name=\"twitter:card\" content=\"summary_large_image\" \/>\n<meta name=\"twitter:creator\" content=\"@Acampa_polapaz\" \/>\n<meta name=\"twitter:site\" content=\"@Acampa_polapaz\" \/>\n<meta name=\"twitter:label1\" content=\"Escrito por\" \/>\n\t<meta name=\"twitter:data1\" content=\"Comunicaci\u00f3n\" \/>\n\t<meta name=\"twitter:label2\" content=\"Tempo de lectura\" \/>\n\t<meta name=\"twitter:data2\" content=\"2 minutos\" \/>\n<script type=\"application\/ld+json\" class=\"yoast-schema-graph\">{\"@context\":\"https:\\\/\\\/schema.org\",\"@graph\":[{\"@type\":\"Article\",\"@id\":\"https:\\\/\\\/blog.redeacampa.org\\\/gl\\\/apoio-da-fundacion-emalcsa-a-rede-acampa-para-o-desenvolvemento-do-vii-encontro-internacional-odio-ou-convivencia-de-xuno-2023\\\/#article\",\"isPartOf\":{\"@id\":\"https:\\\/\\\/blog.redeacampa.org\\\/gl\\\/apoio-da-fundacion-emalcsa-a-rede-acampa-para-o-desenvolvemento-do-vii-encontro-internacional-odio-ou-convivencia-de-xuno-2023\\\/\"},\"author\":{\"name\":\"Comunicaci\u00f3n\",\"@id\":\"https:\\\/\\\/blog.redeacampa.org\\\/gl\\\/#\\\/schema\\\/person\\\/4af0729a8614cbed1e7078bcc7be966b\"},\"headline\":\"APOIO DA FUNDACI\u00d3N EMALCSA \u00c1 REDE ACAMPA PARA O DESENVOLVEMENTO DO VII ENCONTRO INTERNACIONAL \u201cODIO OU CONVIVENCIA\u201d DE XU\u00d1O 2023\",\"datePublished\":\"2022-10-27T12:49:37+00:00\",\"mainEntityOfPage\":{\"@id\":\"https:\\\/\\\/blog.redeacampa.org\\\/gl\\\/apoio-da-fundacion-emalcsa-a-rede-acampa-para-o-desenvolvemento-do-vii-encontro-internacional-odio-ou-convivencia-de-xuno-2023\\\/\"},\"wordCount\":369,\"commentCount\":0,\"image\":{\"@id\":\"https:\\\/\\\/blog.redeacampa.org\\\/gl\\\/apoio-da-fundacion-emalcsa-a-rede-acampa-para-o-desenvolvemento-do-vii-encontro-internacional-odio-ou-convivencia-de-xuno-2023\\\/#primaryimage\"},\"thumbnailUrl\":\"https:\\\/\\\/blog.redeacampa.org\\\/wp-content\\\/uploads\\\/IMG-20221027-WA0008.jpg\",\"keywords\":[\"dereito a refuxio\",\"dereito de asilo\",\"Dereitos Humanos\",\"desprazamientos forzosos\",\"persoas migrantes\",\"persoas refuxiadas\",\"refuxiadas\",\"refuxiados\"],\"articleSection\":[\"Presentacios\"],\"inLanguage\":\"gl-ES\",\"potentialAction\":[{\"@type\":\"CommentAction\",\"name\":\"Comment\",\"target\":[\"https:\\\/\\\/blog.redeacampa.org\\\/gl\\\/apoio-da-fundacion-emalcsa-a-rede-acampa-para-o-desenvolvemento-do-vii-encontro-internacional-odio-ou-convivencia-de-xuno-2023\\\/#respond\"]}]},{\"@type\":\"WebPage\",\"@id\":\"https:\\\/\\\/blog.redeacampa.org\\\/gl\\\/apoio-da-fundacion-emalcsa-a-rede-acampa-para-o-desenvolvemento-do-vii-encontro-internacional-odio-ou-convivencia-de-xuno-2023\\\/\",\"url\":\"https:\\\/\\\/blog.redeacampa.org\\\/gl\\\/apoio-da-fundacion-emalcsa-a-rede-acampa-para-o-desenvolvemento-do-vii-encontro-internacional-odio-ou-convivencia-de-xuno-2023\\\/\",\"name\":\"APOIO DA FUNDACI\u00d3N EMALCSA \u00c1 REDE ACAMPA PARA O DESENVOLVEMENTO DO VII ENCONTRO INTERNACIONAL \u201cODIO OU CONVIVENCIA\u201d DE XU\u00d1O 2023 | Rede Acampa - Por la paz y el derecho a refugio\",\"isPartOf\":{\"@id\":\"https:\\\/\\\/blog.redeacampa.org\\\/gl\\\/#website\"},\"primaryImageOfPage\":{\"@id\":\"https:\\\/\\\/blog.redeacampa.org\\\/gl\\\/apoio-da-fundacion-emalcsa-a-rede-acampa-para-o-desenvolvemento-do-vii-encontro-internacional-odio-ou-convivencia-de-xuno-2023\\\/#primaryimage\"},\"image\":{\"@id\":\"https:\\\/\\\/blog.redeacampa.org\\\/gl\\\/apoio-da-fundacion-emalcsa-a-rede-acampa-para-o-desenvolvemento-do-vii-encontro-internacional-odio-ou-convivencia-de-xuno-2023\\\/#primaryimage\"},\"thumbnailUrl\":\"https:\\\/\\\/blog.redeacampa.org\\\/wp-content\\\/uploads\\\/IMG-20221027-WA0008.jpg\",\"datePublished\":\"2022-10-27T12:49:37+00:00\",\"author\":{\"@id\":\"https:\\\/\\\/blog.redeacampa.org\\\/gl\\\/#\\\/schema\\\/person\\\/4af0729a8614cbed1e7078bcc7be966b\"},\"breadcrumb\":{\"@id\":\"https:\\\/\\\/blog.redeacampa.org\\\/gl\\\/apoio-da-fundacion-emalcsa-a-rede-acampa-para-o-desenvolvemento-do-vii-encontro-internacional-odio-ou-convivencia-de-xuno-2023\\\/#breadcrumb\"},\"inLanguage\":\"gl-ES\",\"potentialAction\":[{\"@type\":\"ReadAction\",\"target\":[\"https:\\\/\\\/blog.redeacampa.org\\\/gl\\\/apoio-da-fundacion-emalcsa-a-rede-acampa-para-o-desenvolvemento-do-vii-encontro-internacional-odio-ou-convivencia-de-xuno-2023\\\/\"]}]},{\"@type\":\"ImageObject\",\"inLanguage\":\"gl-ES\",\"@id\":\"https:\\\/\\\/blog.redeacampa.org\\\/gl\\\/apoio-da-fundacion-emalcsa-a-rede-acampa-para-o-desenvolvemento-do-vii-encontro-internacional-odio-ou-convivencia-de-xuno-2023\\\/#primaryimage\",\"url\":\"https:\\\/\\\/blog.redeacampa.org\\\/wp-content\\\/uploads\\\/IMG-20221027-WA0008.jpg\",\"contentUrl\":\"https:\\\/\\\/blog.redeacampa.org\\\/wp-content\\\/uploads\\\/IMG-20221027-WA0008.jpg\",\"width\":1887,\"height\":1588},{\"@type\":\"BreadcrumbList\",\"@id\":\"https:\\\/\\\/blog.redeacampa.org\\\/gl\\\/apoio-da-fundacion-emalcsa-a-rede-acampa-para-o-desenvolvemento-do-vii-encontro-internacional-odio-ou-convivencia-de-xuno-2023\\\/#breadcrumb\",\"itemListElement\":[{\"@type\":\"ListItem\",\"position\":1,\"name\":\"Portada\",\"item\":\"https:\\\/\\\/blog.redeacampa.org\\\/gl\\\/\"},{\"@type\":\"ListItem\",\"position\":2,\"name\":\"APOIO DA FUNDACI\u00d3N EMALCSA \u00c1 REDE ACAMPA PARA O DESENVOLVEMENTO DO VII ENCONTRO INTERNACIONAL \u201cODIO OU CONVIVENCIA\u201d DE XU\u00d1O 2023\"}]},{\"@type\":\"WebSite\",\"@id\":\"https:\\\/\\\/blog.redeacampa.org\\\/gl\\\/#website\",\"url\":\"https:\\\/\\\/blog.redeacampa.org\\\/gl\\\/\",\"name\":\"Rede Acampa - Por la paz y el derecho a refugio\",\"description\":\"Una iniciativa ciudadana sin fines de lucro integrada por colectivos sociales, culturales, educativos, veci\u00f1ales, pol\u00edticos, sindicales, art\u00edsticos, de personas solidarias, de instituciones y empresas con responsabilidad social que tienen como objetivo la defensa de los derechos humanos, el Derecho Internacional Humanitario y el Derecho a Refugio\",\"potentialAction\":[{\"@type\":\"SearchAction\",\"target\":{\"@type\":\"EntryPoint\",\"urlTemplate\":\"https:\\\/\\\/blog.redeacampa.org\\\/gl\\\/?s={search_term_string}\"},\"query-input\":{\"@type\":\"PropertyValueSpecification\",\"valueRequired\":true,\"valueName\":\"search_term_string\"}}],\"inLanguage\":\"gl-ES\"},{\"@type\":\"Person\",\"@id\":\"https:\\\/\\\/blog.redeacampa.org\\\/gl\\\/#\\\/schema\\\/person\\\/4af0729a8614cbed1e7078bcc7be966b\",\"name\":\"Comunicaci\u00f3n\",\"image\":{\"@type\":\"ImageObject\",\"inLanguage\":\"gl-ES\",\"@id\":\"https:\\\/\\\/secure.gravatar.com\\\/avatar\\\/8e8fea06f5f2696e331aacd588d2000164152c9aa47459d1e52be3c1ab5f5ca5?s=96&d=mm&r=g\",\"url\":\"https:\\\/\\\/secure.gravatar.com\\\/avatar\\\/8e8fea06f5f2696e331aacd588d2000164152c9aa47459d1e52be3c1ab5f5ca5?s=96&d=mm&r=g\",\"contentUrl\":\"https:\\\/\\\/secure.gravatar.com\\\/avatar\\\/8e8fea06f5f2696e331aacd588d2000164152c9aa47459d1e52be3c1ab5f5ca5?s=96&d=mm&r=g\",\"caption\":\"Comunicaci\u00f3n\"}}]}<\/script>\n<!-- \/ Yoast SEO plugin. -->","yoast_head_json":{"title":"APOIO DA FUNDACI\u00d3N EMALCSA \u00c1 REDE ACAMPA PARA O DESENVOLVEMENTO DO VII ENCONTRO INTERNACIONAL \u201cODIO OU CONVIVENCIA\u201d DE XU\u00d1O 2023 | Rede Acampa - Por la paz y el derecho a refugio","robots":{"index":"index","follow":"follow","max-snippet":"max-snippet:-1","max-image-preview":"max-image-preview:large","max-video-preview":"max-video-preview:-1"},"canonical":"https:\/\/blog.redeacampa.org\/gl\/apoio-da-fundacion-emalcsa-a-rede-acampa-para-o-desenvolvemento-do-vii-encontro-internacional-odio-ou-convivencia-de-xuno-2023\/","og_locale":"gl_ES","og_type":"article","og_title":"APOIO DA FUNDACI\u00d3N EMALCSA \u00c1 REDE ACAMPA PARA O DESENVOLVEMENTO DO VII ENCONTRO INTERNACIONAL \u201cODIO OU CONVIVENCIA\u201d DE XU\u00d1O 2023 | Rede Acampa - Por la paz y el derecho a refugio","og_description":"A firma do convenio de colaboraci\u00f3n permitir\u00e1 profundar na difusi\u00f3n da cultura accesible e inclusiva Fundaci\u00f3n Emalcsa s\u00famase \u00e1 listaxe de patrocinadores da Rede Acampa no seu labor de defensa dos Dereitos Humanos e o Dereito a Refuxio. Este mediod\u00eda tivo lugar a firma do convenio entre a citada Fundaci\u00f3n e o Movemento Acampa para [&hellip;]","og_url":"https:\/\/blog.redeacampa.org\/gl\/apoio-da-fundacion-emalcsa-a-rede-acampa-para-o-desenvolvemento-do-vii-encontro-internacional-odio-ou-convivencia-de-xuno-2023\/","og_site_name":"Rede Acampa - Por la paz y el derecho a refugio","article_publisher":"https:\/\/www.facebook.com\/acampapolapazeodereitoarefuxio","article_published_time":"2022-10-27T12:49:37+00:00","og_image":[{"width":1887,"height":1588,"url":"https:\/\/blog.redeacampa.org\/wp-content\/uploads\/IMG-20221027-WA0008.jpg","type":"image\/jpeg"}],"author":"Comunicaci\u00f3n","twitter_card":"summary_large_image","twitter_creator":"@Acampa_polapaz","twitter_site":"@Acampa_polapaz","twitter_misc":{"Escrito por":"Comunicaci\u00f3n","Tempo de lectura":"2 minutos"},"schema":{"@context":"https:\/\/schema.org","@graph":[{"@type":"Article","@id":"https:\/\/blog.redeacampa.org\/gl\/apoio-da-fundacion-emalcsa-a-rede-acampa-para-o-desenvolvemento-do-vii-encontro-internacional-odio-ou-convivencia-de-xuno-2023\/#article","isPartOf":{"@id":"https:\/\/blog.redeacampa.org\/gl\/apoio-da-fundacion-emalcsa-a-rede-acampa-para-o-desenvolvemento-do-vii-encontro-internacional-odio-ou-convivencia-de-xuno-2023\/"},"author":{"name":"Comunicaci\u00f3n","@id":"https:\/\/blog.redeacampa.org\/gl\/#\/schema\/person\/4af0729a8614cbed1e7078bcc7be966b"},"headline":"APOIO DA FUNDACI\u00d3N EMALCSA \u00c1 REDE ACAMPA PARA O DESENVOLVEMENTO DO VII ENCONTRO INTERNACIONAL \u201cODIO OU CONVIVENCIA\u201d DE XU\u00d1O 2023","datePublished":"2022-10-27T12:49:37+00:00","mainEntityOfPage":{"@id":"https:\/\/blog.redeacampa.org\/gl\/apoio-da-fundacion-emalcsa-a-rede-acampa-para-o-desenvolvemento-do-vii-encontro-internacional-odio-ou-convivencia-de-xuno-2023\/"},"wordCount":369,"commentCount":0,"image":{"@id":"https:\/\/blog.redeacampa.org\/gl\/apoio-da-fundacion-emalcsa-a-rede-acampa-para-o-desenvolvemento-do-vii-encontro-internacional-odio-ou-convivencia-de-xuno-2023\/#primaryimage"},"thumbnailUrl":"https:\/\/blog.redeacampa.org\/wp-content\/uploads\/IMG-20221027-WA0008.jpg","keywords":["dereito a refuxio","dereito de asilo","Dereitos Humanos","desprazamientos forzosos","persoas migrantes","persoas refuxiadas","refuxiadas","refuxiados"],"articleSection":["Presentacios"],"inLanguage":"gl-ES","potentialAction":[{"@type":"CommentAction","name":"Comment","target":["https:\/\/blog.redeacampa.org\/gl\/apoio-da-fundacion-emalcsa-a-rede-acampa-para-o-desenvolvemento-do-vii-encontro-internacional-odio-ou-convivencia-de-xuno-2023\/#respond"]}]},{"@type":"WebPage","@id":"https:\/\/blog.redeacampa.org\/gl\/apoio-da-fundacion-emalcsa-a-rede-acampa-para-o-desenvolvemento-do-vii-encontro-internacional-odio-ou-convivencia-de-xuno-2023\/","url":"https:\/\/blog.redeacampa.org\/gl\/apoio-da-fundacion-emalcsa-a-rede-acampa-para-o-desenvolvemento-do-vii-encontro-internacional-odio-ou-convivencia-de-xuno-2023\/","name":"APOIO DA FUNDACI\u00d3N EMALCSA \u00c1 REDE ACAMPA PARA O DESENVOLVEMENTO DO VII ENCONTRO INTERNACIONAL \u201cODIO OU CONVIVENCIA\u201d DE XU\u00d1O 2023 | Rede Acampa - Por la paz y el derecho a refugio","isPartOf":{"@id":"https:\/\/blog.redeacampa.org\/gl\/#website"},"primaryImageOfPage":{"@id":"https:\/\/blog.redeacampa.org\/gl\/apoio-da-fundacion-emalcsa-a-rede-acampa-para-o-desenvolvemento-do-vii-encontro-internacional-odio-ou-convivencia-de-xuno-2023\/#primaryimage"},"image":{"@id":"https:\/\/blog.redeacampa.org\/gl\/apoio-da-fundacion-emalcsa-a-rede-acampa-para-o-desenvolvemento-do-vii-encontro-internacional-odio-ou-convivencia-de-xuno-2023\/#primaryimage"},"thumbnailUrl":"https:\/\/blog.redeacampa.org\/wp-content\/uploads\/IMG-20221027-WA0008.jpg","datePublished":"2022-10-27T12:49:37+00:00","author":{"@id":"https:\/\/blog.redeacampa.org\/gl\/#\/schema\/person\/4af0729a8614cbed1e7078bcc7be966b"},"breadcrumb":{"@id":"https:\/\/blog.redeacampa.org\/gl\/apoio-da-fundacion-emalcsa-a-rede-acampa-para-o-desenvolvemento-do-vii-encontro-internacional-odio-ou-convivencia-de-xuno-2023\/#breadcrumb"},"inLanguage":"gl-ES","potentialAction":[{"@type":"ReadAction","target":["https:\/\/blog.redeacampa.org\/gl\/apoio-da-fundacion-emalcsa-a-rede-acampa-para-o-desenvolvemento-do-vii-encontro-internacional-odio-ou-convivencia-de-xuno-2023\/"]}]},{"@type":"ImageObject","inLanguage":"gl-ES","@id":"https:\/\/blog.redeacampa.org\/gl\/apoio-da-fundacion-emalcsa-a-rede-acampa-para-o-desenvolvemento-do-vii-encontro-internacional-odio-ou-convivencia-de-xuno-2023\/#primaryimage","url":"https:\/\/blog.redeacampa.org\/wp-content\/uploads\/IMG-20221027-WA0008.jpg","contentUrl":"https:\/\/blog.redeacampa.org\/wp-content\/uploads\/IMG-20221027-WA0008.jpg","width":1887,"height":1588},{"@type":"BreadcrumbList","@id":"https:\/\/blog.redeacampa.org\/gl\/apoio-da-fundacion-emalcsa-a-rede-acampa-para-o-desenvolvemento-do-vii-encontro-internacional-odio-ou-convivencia-de-xuno-2023\/#breadcrumb","itemListElement":[{"@type":"ListItem","position":1,"name":"Portada","item":"https:\/\/blog.redeacampa.org\/gl\/"},{"@type":"ListItem","position":2,"name":"APOIO DA FUNDACI\u00d3N EMALCSA \u00c1 REDE ACAMPA PARA O DESENVOLVEMENTO DO VII ENCONTRO INTERNACIONAL \u201cODIO OU CONVIVENCIA\u201d DE XU\u00d1O 2023"}]},{"@type":"WebSite","@id":"https:\/\/blog.redeacampa.org\/gl\/#website","url":"https:\/\/blog.redeacampa.org\/gl\/","name":"Rede Acampa - Por la paz y el derecho a refugio","description":"Una iniciativa ciudadana sin fines de lucro integrada por colectivos sociales, culturales, educativos, veci\u00f1ales, pol\u00edticos, sindicales, art\u00edsticos, de personas solidarias, de instituciones y empresas con responsabilidad social que tienen como objetivo la defensa de los derechos humanos, el Derecho Internacional Humanitario y el Derecho a Refugio","potentialAction":[{"@type":"SearchAction","target":{"@type":"EntryPoint","urlTemplate":"https:\/\/blog.redeacampa.org\/gl\/?s={search_term_string}"},"query-input":{"@type":"PropertyValueSpecification","valueRequired":true,"valueName":"search_term_string"}}],"inLanguage":"gl-ES"},{"@type":"Person","@id":"https:\/\/blog.redeacampa.org\/gl\/#\/schema\/person\/4af0729a8614cbed1e7078bcc7be966b","name":"Comunicaci\u00f3n","image":{"@type":"ImageObject","inLanguage":"gl-ES","@id":"https:\/\/secure.gravatar.com\/avatar\/8e8fea06f5f2696e331aacd588d2000164152c9aa47459d1e52be3c1ab5f5ca5?s=96&d=mm&r=g","url":"https:\/\/secure.gravatar.com\/avatar\/8e8fea06f5f2696e331aacd588d2000164152c9aa47459d1e52be3c1ab5f5ca5?s=96&d=mm&r=g","contentUrl":"https:\/\/secure.gravatar.com\/avatar\/8e8fea06f5f2696e331aacd588d2000164152c9aa47459d1e52be3c1ab5f5ca5?s=96&d=mm&r=g","caption":"Comunicaci\u00f3n"}}]}},"_links":{"self":[{"href":"https:\/\/blog.redeacampa.org\/gl\/wp-json\/wp\/v2\/posts\/38424","targetHints":{"allow":["GET"]}}],"collection":[{"href":"https:\/\/blog.redeacampa.org\/gl\/wp-json\/wp\/v2\/posts"}],"about":[{"href":"https:\/\/blog.redeacampa.org\/gl\/wp-json\/wp\/v2\/types\/post"}],"author":[{"embeddable":true,"href":"https:\/\/blog.redeacampa.org\/gl\/wp-json\/wp\/v2\/users\/25"}],"replies":[{"embeddable":true,"href":"https:\/\/blog.redeacampa.org\/gl\/wp-json\/wp\/v2\/comments?post=38424"}],"version-history":[{"count":4,"href":"https:\/\/blog.redeacampa.org\/gl\/wp-json\/wp\/v2\/posts\/38424\/revisions"}],"predecessor-version":[{"id":38433,"href":"https:\/\/blog.redeacampa.org\/gl\/wp-json\/wp\/v2\/posts\/38424\/revisions\/38433"}],"wp:featuredmedia":[{"embeddable":true,"href":"https:\/\/blog.redeacampa.org\/gl\/wp-json\/wp\/v2\/media\/38434"}],"wp:attachment":[{"href":"https:\/\/blog.redeacampa.org\/gl\/wp-json\/wp\/v2\/media?parent=38424"}],"wp:term":[{"taxonomy":"category","embeddable":true,"href":"https:\/\/blog.redeacampa.org\/gl\/wp-json\/wp\/v2\/categories?post=38424"},{"taxonomy":"post_tag","embeddable":true,"href":"https:\/\/blog.redeacampa.org\/gl\/wp-json\/wp\/v2\/tags?post=38424"}],"curies":[{"name":"wp","href":"https:\/\/api.w.org\/{rel}","templated":true}]}}