{"id":38439,"date":"2022-11-11T17:03:21","date_gmt":"2022-11-11T16:03:21","guid":{"rendered":"https:\/\/blog.redeacampa.org\/?p=38439"},"modified":"2022-11-11T17:10:22","modified_gmt":"2022-11-11T16:10:22","slug":"non-podemos-agocharnos-vivir-na-indiferenza-e-na-inhumana-neutralidade-temos-que-tomar-un-lado-saber-de-que-rede-formamos-parte","status":"publish","type":"post","link":"https:\/\/blog.redeacampa.org\/gl\/non-podemos-agocharnos-vivir-na-indiferenza-e-na-inhumana-neutralidade-temos-que-tomar-un-lado-saber-de-que-rede-formamos-parte\/","title":{"rendered":"\u201cNON PODEMOS AGOCHARNOS, VIVIR NA INDIFERENZA E NA INHUMANA NEUTRALIDADE. TEMOS QUE TOMAR UN LADO, SABER DE QUE REDE FORMAMOS PARTE\u201d"},"content":{"rendered":"<ul>\n<li><em>Mensaxe do Pai Julio Lancellotti, o defensor dos vulnerables de Sao Paulo, ao recoller o I Reco\u00f1ecemento Acampa \u00e1 Defensa dos Dereitos Humanos que se entrega en Brasil<\/em><\/li>\n<li><em>O coordinador do Movemento Acampa, Xos\u00e9 Abad trasladou aos asistentes a importancia de organizaci\u00f3ns como Rede Acampa que axunta as voces de centos de organizaci\u00f3ns e entidades de toda \u00edndole constitu\u00edndo unha forza transformadora e poderosa en materia de defensa dos Dereitos Humanos<\/em><\/li>\n<\/ul>\n<p>Un referente do compromiso cara aos m\u00e1is vulnerables. O Pai Julio Lancellotti recibiu o I Reco\u00f1ecemento Acampa \u00e1 Defensa dos Dereitos Humanos e o seu discurso non deixou a ningu\u00e9n indiferente. Foi un canto \u00e1 militancia humana. Despois de destacar a importancia do Movemento Acampa pola Paz e o Dereito a Refuxio, rede creada na Coru\u00f1a en 2016 e que agora cruza o Atl\u00e1ntico e se replica en Brasil, Lancellotti foi contundente: \u201cA nosa realidade \u00e9 conflitiva, nos desaf\u00eda e comprom\u00e9tenos. Vostedes saben por medio do compromiso de Acampa que non nos podemos esconder e omitir a nosa voz, a nosa palabra. Cantos desaf\u00edos podemos enfrontar e de que Rede formamos parte? \u00c9 importante que nunha cidade como Piracicaba esa rede de solidariedade e de resistencia sexa ben explicitada e co\u00f1ecida\u201d. \u201cNon podemos vivir na indiferenza nin na inhumana neutralidade. Temos que tomar un lado, hai que enfrontarse con criterios de humanizaci\u00f3n, loitar por cidades m\u00e1is humanas, m\u00e1is humanizadas e m\u00e1is humanizadoras\u201d.<\/p>\n<p>O Pai Lancellotti traballa desde hai anos con delincuentes xuven\u00eds, presos en liberdade condicionada, pacientes con VIH\/sida e poboaci\u00f3ns de baixos ingresos e persoas sen fogar. Cre na persoa humana por encima de todo e considera que todos os cidad\u00e1ns deben ver respectados os seus dereitos e ser respectados nas s\u00faas diferenzas. Est\u00e1 \u00e1 fronte de varios proxectos municipais na cidade de Sao Paulo para atender \u00e1 poboaci\u00f3n necesitada, aos invisibles, aos inmigrantes, aos refuxiados. O Pai Lancellotti non abandonou as r\u00faas na pandemia, traballando tam\u00e9n para conseguir vacinas para as persoas sen fogar e enfrontouse ao poder cando o Concello de Sao Paulo colocou obst\u00e1culos de pedra en espazos p\u00fablicos (baixo viadutos, prazas, etc.) para que os indixentes non puidesen usalos para durmir. Lancelotti, machada en man, foi quitalos \u2013unha imaxe que se fixo viral- conseguindo que a cidade deixase de po\u00f1er eses obst\u00e1culos. Polo seu labor vinculado aos Dereitos Humanos, foi reco\u00f1ecido pola Unesco e recibiu o seu primeiro t\u00edtulo de Doutor Honoris Causa da PUC.<\/p>\n<p>Na s\u00faa intervenci\u00f3n no I Encontro Acampa Brasil, o coordinador xeral da Rede, Xos\u00e9 Abad, destacou a forza transformadora de Movementos como Acampa que aglutinan e replican o traballo que centos de organizaci\u00f3ns desenvolven en distintas \u00e1reas da defensa dos Dereitos Humanos e o Dereito a Refuxio. \u201cEn Brasil, a 2020, exist\u00edan 815.676 oenegu\u00e9s traballando neste campo; no mundo son m\u00e1is de 10 mill\u00f3ns, alcanzando a bill\u00f3ns de persoas interesadas en actuar na defensa dos Dereitos Humanos. Por iso \u00e9 importante articular unha estratexia com\u00fan a partir dos elementos que nos unen\u201d, sinalou.<\/p>\n<p>Hoxe rematan as charlas deste I Encontro Internacional Acampa Brasil, coordinado pola Profesora Universitaria C\u00e9lia Regina Rossi, cun debate no que participan a Secretaria Municipal de Agricultura de Piracicaba, Nancy Thame, o fotoperiodista Rodrigo Zaim, a refuxiada colombiana Leonor Solano Gonz\u00e1lez e Lucas dos Santos, da Pastoral do Menor de Pira\u00e7icaba que traballou con mozos refuxiados da guerra de Angola. A charla estar\u00e1 moderada por Josu\u00e9 Adam Lazier. Unha actuaci\u00f3n de danza afropira\u00e7icabana completar\u00e1 a xornada.<\/p>\n<p><strong>Exposici\u00f3ns fotogr\u00e1ficas<\/strong><\/p>\n<p>Como en todos os Encontros Internacionais Acampa, as exposici\u00f3ns fotogr\u00e1ficas son unha das propostas principais. Expo\u00f1er\u00e1n neste I Encontro Acampa Brasil Ricard Garc\u00eda Vilanova, Lys Arango, Juan Carlos Tomasi, Javier Teniente, Pablo Tosco, Silvia Landi, Rodrigo Zaim e Fabio Lima. As mostras permanecer\u00e1n abertas ata o 3 de decembro.<\/p>\n<p>Baixo o t\u00edtulo \u201cFome e Refuxio\u201d, este I Encontro Internacional Acampa pola Paz Brasil \u00e9 posible grazas \u00e1 complicidade da SESC, unha sociedade que traballa desde hai d\u00e9cadas no campo da cobertura social e a difusi\u00f3n cultural con intensa actividade en boa parte do pa\u00eds e que patrocina o encontro. Desde fai m\u00e1is de vinte anos, por exemplo, xestiona o Programa Mesa Brasil, importante desde o orixe pero esencial en dar cobertura durante a crise do COVID-19 e alimentar a miles de brasileiros que quedaron sen ingresos e sen sustento durante a pandemia.\u00a0 Todas as actividades deste I Encontro Internacional Acampa Brasil celebranse na sede do SESC en Pira\u00e7icaba, un emblem\u00e1tico e referente contedor cultural da cidade.<\/p>\n","protected":false},"excerpt":{"rendered":"<p>Mensaxe do Pai Julio Lancellotti, o defensor dos vulnerables de Sao Paulo, ao recoller o I Reco\u00f1ecemento Acampa \u00e1 Defensa dos Dereitos Humanos que se entrega en Brasil O coordinador do Movemento Acampa, Xos\u00e9 Abad trasladou aos asistentes a importancia de organizaci\u00f3ns como Rede Acampa que axunta as voces de centos de organizaci\u00f3ns e entidades [&hellip;]<\/p>\n","protected":false},"author":25,"featured_media":38444,"comment_status":"open","ping_status":"open","sticky":false,"template":"","format":"standard","meta":{"_et_pb_use_builder":"","_et_pb_old_content":"","_et_gb_content_width":"","inline_featured_image":false,"footnotes":""},"categories":[1],"tags":[48,88,89,65,98,220,226,113,66,62],"class_list":["post-38439","post","type-post","status-publish","format-standard","has-post-thumbnail","hentry","category-presentacios","tag-brasil","tag-dereito-a-refuxio","tag-dereito-de-asilo","tag-dereitos-humanos","tag-desprazamientos-forzosos","tag-fame","tag-fame-e-refuxio","tag-fotografia-gl","tag-inmigracion-gl","tag-migracions"],"yoast_head":"<!-- This site is optimized with the Yoast SEO plugin v27.4 - https:\/\/yoast.com\/product\/yoast-seo-wordpress\/ -->\n<title>\u201cNON PODEMOS AGOCHARNOS, VIVIR NA INDIFERENZA E NA INHUMANA NEUTRALIDADE. TEMOS QUE TOMAR UN LADO, SABER DE QUE REDE FORMAMOS PARTE\u201d | Rede Acampa - Por la paz y el derecho a refugio<\/title>\n<meta name=\"robots\" content=\"index, follow, max-snippet:-1, max-image-preview:large, max-video-preview:-1\" \/>\n<link rel=\"canonical\" href=\"https:\/\/blog.redeacampa.org\/gl\/non-podemos-agocharnos-vivir-na-indiferenza-e-na-inhumana-neutralidade-temos-que-tomar-un-lado-saber-de-que-rede-formamos-parte\/\" \/>\n<meta property=\"og:locale\" content=\"gl_ES\" \/>\n<meta property=\"og:type\" content=\"article\" \/>\n<meta property=\"og:title\" content=\"\u201cNON PODEMOS AGOCHARNOS, VIVIR NA INDIFERENZA E NA INHUMANA NEUTRALIDADE. TEMOS QUE TOMAR UN LADO, SABER DE QUE REDE FORMAMOS PARTE\u201d | Rede Acampa - Por la paz y el derecho a refugio\" \/>\n<meta property=\"og:description\" content=\"Mensaxe do Pai Julio Lancellotti, o defensor dos vulnerables de Sao Paulo, ao recoller o I Reco\u00f1ecemento Acampa \u00e1 Defensa dos Dereitos Humanos que se entrega en Brasil O coordinador do Movemento Acampa, Xos\u00e9 Abad trasladou aos asistentes a importancia de organizaci\u00f3ns como Rede Acampa que axunta as voces de centos de organizaci\u00f3ns e entidades [&hellip;]\" \/>\n<meta property=\"og:url\" content=\"https:\/\/blog.redeacampa.org\/gl\/non-podemos-agocharnos-vivir-na-indiferenza-e-na-inhumana-neutralidade-temos-que-tomar-un-lado-saber-de-que-rede-formamos-parte\/\" \/>\n<meta property=\"og:site_name\" content=\"Rede Acampa - Por la paz y el derecho a refugio\" \/>\n<meta property=\"article:publisher\" content=\"https:\/\/www.facebook.com\/acampapolapazeodereitoarefuxio\" \/>\n<meta property=\"article:published_time\" content=\"2022-11-11T16:03:21+00:00\" \/>\n<meta property=\"article:modified_time\" content=\"2022-11-11T16:10:22+00:00\" \/>\n<meta property=\"og:image\" content=\"https:\/\/blog.redeacampa.org\/wp-content\/uploads\/Entrega-Rec-Pai-Lancellotti.jpg\" \/>\n\t<meta property=\"og:image:width\" content=\"2048\" \/>\n\t<meta property=\"og:image:height\" content=\"923\" \/>\n\t<meta property=\"og:image:type\" content=\"image\/jpeg\" \/>\n<meta name=\"author\" content=\"Comunicaci\u00f3n\" \/>\n<meta name=\"twitter:card\" content=\"summary_large_image\" \/>\n<meta name=\"twitter:creator\" content=\"@Acampa_polapaz\" \/>\n<meta name=\"twitter:site\" content=\"@Acampa_polapaz\" \/>\n<meta name=\"twitter:label1\" content=\"Escrito por\" \/>\n\t<meta name=\"twitter:data1\" content=\"Comunicaci\u00f3n\" \/>\n\t<meta name=\"twitter:label2\" content=\"Tempo de lectura\" \/>\n\t<meta name=\"twitter:data2\" content=\"4 minutos\" \/>\n<script type=\"application\/ld+json\" class=\"yoast-schema-graph\">{\"@context\":\"https:\\\/\\\/schema.org\",\"@graph\":[{\"@type\":\"Article\",\"@id\":\"https:\\\/\\\/blog.redeacampa.org\\\/gl\\\/non-podemos-agocharnos-vivir-na-indiferenza-e-na-inhumana-neutralidade-temos-que-tomar-un-lado-saber-de-que-rede-formamos-parte\\\/#article\",\"isPartOf\":{\"@id\":\"https:\\\/\\\/blog.redeacampa.org\\\/gl\\\/non-podemos-agocharnos-vivir-na-indiferenza-e-na-inhumana-neutralidade-temos-que-tomar-un-lado-saber-de-que-rede-formamos-parte\\\/\"},\"author\":{\"name\":\"Comunicaci\u00f3n\",\"@id\":\"https:\\\/\\\/blog.redeacampa.org\\\/gl\\\/#\\\/schema\\\/person\\\/4af0729a8614cbed1e7078bcc7be966b\"},\"headline\":\"\u201cNON PODEMOS AGOCHARNOS, VIVIR NA INDIFERENZA E NA INHUMANA NEUTRALIDADE. TEMOS QUE TOMAR UN LADO, SABER DE QUE REDE FORMAMOS PARTE\u201d\",\"datePublished\":\"2022-11-11T16:03:21+00:00\",\"dateModified\":\"2022-11-11T16:10:22+00:00\",\"mainEntityOfPage\":{\"@id\":\"https:\\\/\\\/blog.redeacampa.org\\\/gl\\\/non-podemos-agocharnos-vivir-na-indiferenza-e-na-inhumana-neutralidade-temos-que-tomar-un-lado-saber-de-que-rede-formamos-parte\\\/\"},\"wordCount\":804,\"commentCount\":0,\"image\":{\"@id\":\"https:\\\/\\\/blog.redeacampa.org\\\/gl\\\/non-podemos-agocharnos-vivir-na-indiferenza-e-na-inhumana-neutralidade-temos-que-tomar-un-lado-saber-de-que-rede-formamos-parte\\\/#primaryimage\"},\"thumbnailUrl\":\"https:\\\/\\\/blog.redeacampa.org\\\/wp-content\\\/uploads\\\/Entrega-Rec-Pai-Lancellotti.jpg\",\"keywords\":[\"Brasil\",\"dereito a refuxio\",\"dereito de asilo\",\"Dereitos Humanos\",\"desprazamientos forzosos\",\"Fame\",\"Fame e Refuxio\",\"Fotograf\u00eda\",\"inmigraci\u00f3n\",\"migraci\u00f3ns\"],\"articleSection\":[\"Presentacios\"],\"inLanguage\":\"gl-ES\",\"potentialAction\":[{\"@type\":\"CommentAction\",\"name\":\"Comment\",\"target\":[\"https:\\\/\\\/blog.redeacampa.org\\\/gl\\\/non-podemos-agocharnos-vivir-na-indiferenza-e-na-inhumana-neutralidade-temos-que-tomar-un-lado-saber-de-que-rede-formamos-parte\\\/#respond\"]}]},{\"@type\":\"WebPage\",\"@id\":\"https:\\\/\\\/blog.redeacampa.org\\\/gl\\\/non-podemos-agocharnos-vivir-na-indiferenza-e-na-inhumana-neutralidade-temos-que-tomar-un-lado-saber-de-que-rede-formamos-parte\\\/\",\"url\":\"https:\\\/\\\/blog.redeacampa.org\\\/gl\\\/non-podemos-agocharnos-vivir-na-indiferenza-e-na-inhumana-neutralidade-temos-que-tomar-un-lado-saber-de-que-rede-formamos-parte\\\/\",\"name\":\"\u201cNON PODEMOS AGOCHARNOS, VIVIR NA INDIFERENZA E NA INHUMANA NEUTRALIDADE. TEMOS QUE TOMAR UN LADO, SABER DE QUE REDE FORMAMOS PARTE\u201d | Rede Acampa - Por la paz y el derecho a refugio\",\"isPartOf\":{\"@id\":\"https:\\\/\\\/blog.redeacampa.org\\\/gl\\\/#website\"},\"primaryImageOfPage\":{\"@id\":\"https:\\\/\\\/blog.redeacampa.org\\\/gl\\\/non-podemos-agocharnos-vivir-na-indiferenza-e-na-inhumana-neutralidade-temos-que-tomar-un-lado-saber-de-que-rede-formamos-parte\\\/#primaryimage\"},\"image\":{\"@id\":\"https:\\\/\\\/blog.redeacampa.org\\\/gl\\\/non-podemos-agocharnos-vivir-na-indiferenza-e-na-inhumana-neutralidade-temos-que-tomar-un-lado-saber-de-que-rede-formamos-parte\\\/#primaryimage\"},\"thumbnailUrl\":\"https:\\\/\\\/blog.redeacampa.org\\\/wp-content\\\/uploads\\\/Entrega-Rec-Pai-Lancellotti.jpg\",\"datePublished\":\"2022-11-11T16:03:21+00:00\",\"dateModified\":\"2022-11-11T16:10:22+00:00\",\"author\":{\"@id\":\"https:\\\/\\\/blog.redeacampa.org\\\/gl\\\/#\\\/schema\\\/person\\\/4af0729a8614cbed1e7078bcc7be966b\"},\"breadcrumb\":{\"@id\":\"https:\\\/\\\/blog.redeacampa.org\\\/gl\\\/non-podemos-agocharnos-vivir-na-indiferenza-e-na-inhumana-neutralidade-temos-que-tomar-un-lado-saber-de-que-rede-formamos-parte\\\/#breadcrumb\"},\"inLanguage\":\"gl-ES\",\"potentialAction\":[{\"@type\":\"ReadAction\",\"target\":[\"https:\\\/\\\/blog.redeacampa.org\\\/gl\\\/non-podemos-agocharnos-vivir-na-indiferenza-e-na-inhumana-neutralidade-temos-que-tomar-un-lado-saber-de-que-rede-formamos-parte\\\/\"]}]},{\"@type\":\"ImageObject\",\"inLanguage\":\"gl-ES\",\"@id\":\"https:\\\/\\\/blog.redeacampa.org\\\/gl\\\/non-podemos-agocharnos-vivir-na-indiferenza-e-na-inhumana-neutralidade-temos-que-tomar-un-lado-saber-de-que-rede-formamos-parte\\\/#primaryimage\",\"url\":\"https:\\\/\\\/blog.redeacampa.org\\\/wp-content\\\/uploads\\\/Entrega-Rec-Pai-Lancellotti.jpg\",\"contentUrl\":\"https:\\\/\\\/blog.redeacampa.org\\\/wp-content\\\/uploads\\\/Entrega-Rec-Pai-Lancellotti.jpg\",\"width\":2048,\"height\":923},{\"@type\":\"BreadcrumbList\",\"@id\":\"https:\\\/\\\/blog.redeacampa.org\\\/gl\\\/non-podemos-agocharnos-vivir-na-indiferenza-e-na-inhumana-neutralidade-temos-que-tomar-un-lado-saber-de-que-rede-formamos-parte\\\/#breadcrumb\",\"itemListElement\":[{\"@type\":\"ListItem\",\"position\":1,\"name\":\"Portada\",\"item\":\"https:\\\/\\\/blog.redeacampa.org\\\/gl\\\/\"},{\"@type\":\"ListItem\",\"position\":2,\"name\":\"\u201cNON PODEMOS AGOCHARNOS, VIVIR NA INDIFERENZA E NA INHUMANA NEUTRALIDADE. TEMOS QUE TOMAR UN LADO, SABER DE QUE REDE FORMAMOS PARTE\u201d\"}]},{\"@type\":\"WebSite\",\"@id\":\"https:\\\/\\\/blog.redeacampa.org\\\/gl\\\/#website\",\"url\":\"https:\\\/\\\/blog.redeacampa.org\\\/gl\\\/\",\"name\":\"Rede Acampa - Por la paz y el derecho a refugio\",\"description\":\"Una iniciativa ciudadana sin fines de lucro integrada por colectivos sociales, culturales, educativos, veci\u00f1ales, pol\u00edticos, sindicales, art\u00edsticos, de personas solidarias, de instituciones y empresas con responsabilidad social que tienen como objetivo la defensa de los derechos humanos, el Derecho Internacional Humanitario y el Derecho a Refugio\",\"potentialAction\":[{\"@type\":\"SearchAction\",\"target\":{\"@type\":\"EntryPoint\",\"urlTemplate\":\"https:\\\/\\\/blog.redeacampa.org\\\/gl\\\/?s={search_term_string}\"},\"query-input\":{\"@type\":\"PropertyValueSpecification\",\"valueRequired\":true,\"valueName\":\"search_term_string\"}}],\"inLanguage\":\"gl-ES\"},{\"@type\":\"Person\",\"@id\":\"https:\\\/\\\/blog.redeacampa.org\\\/gl\\\/#\\\/schema\\\/person\\\/4af0729a8614cbed1e7078bcc7be966b\",\"name\":\"Comunicaci\u00f3n\",\"image\":{\"@type\":\"ImageObject\",\"inLanguage\":\"gl-ES\",\"@id\":\"https:\\\/\\\/secure.gravatar.com\\\/avatar\\\/8e8fea06f5f2696e331aacd588d2000164152c9aa47459d1e52be3c1ab5f5ca5?s=96&d=mm&r=g\",\"url\":\"https:\\\/\\\/secure.gravatar.com\\\/avatar\\\/8e8fea06f5f2696e331aacd588d2000164152c9aa47459d1e52be3c1ab5f5ca5?s=96&d=mm&r=g\",\"contentUrl\":\"https:\\\/\\\/secure.gravatar.com\\\/avatar\\\/8e8fea06f5f2696e331aacd588d2000164152c9aa47459d1e52be3c1ab5f5ca5?s=96&d=mm&r=g\",\"caption\":\"Comunicaci\u00f3n\"}}]}<\/script>\n<!-- \/ Yoast SEO plugin. -->","yoast_head_json":{"title":"\u201cNON PODEMOS AGOCHARNOS, VIVIR NA INDIFERENZA E NA INHUMANA NEUTRALIDADE. TEMOS QUE TOMAR UN LADO, SABER DE QUE REDE FORMAMOS PARTE\u201d | Rede Acampa - Por la paz y el derecho a refugio","robots":{"index":"index","follow":"follow","max-snippet":"max-snippet:-1","max-image-preview":"max-image-preview:large","max-video-preview":"max-video-preview:-1"},"canonical":"https:\/\/blog.redeacampa.org\/gl\/non-podemos-agocharnos-vivir-na-indiferenza-e-na-inhumana-neutralidade-temos-que-tomar-un-lado-saber-de-que-rede-formamos-parte\/","og_locale":"gl_ES","og_type":"article","og_title":"\u201cNON PODEMOS AGOCHARNOS, VIVIR NA INDIFERENZA E NA INHUMANA NEUTRALIDADE. TEMOS QUE TOMAR UN LADO, SABER DE QUE REDE FORMAMOS PARTE\u201d | Rede Acampa - Por la paz y el derecho a refugio","og_description":"Mensaxe do Pai Julio Lancellotti, o defensor dos vulnerables de Sao Paulo, ao recoller o I Reco\u00f1ecemento Acampa \u00e1 Defensa dos Dereitos Humanos que se entrega en Brasil O coordinador do Movemento Acampa, Xos\u00e9 Abad trasladou aos asistentes a importancia de organizaci\u00f3ns como Rede Acampa que axunta as voces de centos de organizaci\u00f3ns e entidades [&hellip;]","og_url":"https:\/\/blog.redeacampa.org\/gl\/non-podemos-agocharnos-vivir-na-indiferenza-e-na-inhumana-neutralidade-temos-que-tomar-un-lado-saber-de-que-rede-formamos-parte\/","og_site_name":"Rede Acampa - Por la paz y el derecho a refugio","article_publisher":"https:\/\/www.facebook.com\/acampapolapazeodereitoarefuxio","article_published_time":"2022-11-11T16:03:21+00:00","article_modified_time":"2022-11-11T16:10:22+00:00","og_image":[{"width":2048,"height":923,"url":"https:\/\/blog.redeacampa.org\/wp-content\/uploads\/Entrega-Rec-Pai-Lancellotti.jpg","type":"image\/jpeg"}],"author":"Comunicaci\u00f3n","twitter_card":"summary_large_image","twitter_creator":"@Acampa_polapaz","twitter_site":"@Acampa_polapaz","twitter_misc":{"Escrito por":"Comunicaci\u00f3n","Tempo de lectura":"4 minutos"},"schema":{"@context":"https:\/\/schema.org","@graph":[{"@type":"Article","@id":"https:\/\/blog.redeacampa.org\/gl\/non-podemos-agocharnos-vivir-na-indiferenza-e-na-inhumana-neutralidade-temos-que-tomar-un-lado-saber-de-que-rede-formamos-parte\/#article","isPartOf":{"@id":"https:\/\/blog.redeacampa.org\/gl\/non-podemos-agocharnos-vivir-na-indiferenza-e-na-inhumana-neutralidade-temos-que-tomar-un-lado-saber-de-que-rede-formamos-parte\/"},"author":{"name":"Comunicaci\u00f3n","@id":"https:\/\/blog.redeacampa.org\/gl\/#\/schema\/person\/4af0729a8614cbed1e7078bcc7be966b"},"headline":"\u201cNON PODEMOS AGOCHARNOS, VIVIR NA INDIFERENZA E NA INHUMANA NEUTRALIDADE. TEMOS QUE TOMAR UN LADO, SABER DE QUE REDE FORMAMOS PARTE\u201d","datePublished":"2022-11-11T16:03:21+00:00","dateModified":"2022-11-11T16:10:22+00:00","mainEntityOfPage":{"@id":"https:\/\/blog.redeacampa.org\/gl\/non-podemos-agocharnos-vivir-na-indiferenza-e-na-inhumana-neutralidade-temos-que-tomar-un-lado-saber-de-que-rede-formamos-parte\/"},"wordCount":804,"commentCount":0,"image":{"@id":"https:\/\/blog.redeacampa.org\/gl\/non-podemos-agocharnos-vivir-na-indiferenza-e-na-inhumana-neutralidade-temos-que-tomar-un-lado-saber-de-que-rede-formamos-parte\/#primaryimage"},"thumbnailUrl":"https:\/\/blog.redeacampa.org\/wp-content\/uploads\/Entrega-Rec-Pai-Lancellotti.jpg","keywords":["Brasil","dereito a refuxio","dereito de asilo","Dereitos Humanos","desprazamientos forzosos","Fame","Fame e Refuxio","Fotograf\u00eda","inmigraci\u00f3n","migraci\u00f3ns"],"articleSection":["Presentacios"],"inLanguage":"gl-ES","potentialAction":[{"@type":"CommentAction","name":"Comment","target":["https:\/\/blog.redeacampa.org\/gl\/non-podemos-agocharnos-vivir-na-indiferenza-e-na-inhumana-neutralidade-temos-que-tomar-un-lado-saber-de-que-rede-formamos-parte\/#respond"]}]},{"@type":"WebPage","@id":"https:\/\/blog.redeacampa.org\/gl\/non-podemos-agocharnos-vivir-na-indiferenza-e-na-inhumana-neutralidade-temos-que-tomar-un-lado-saber-de-que-rede-formamos-parte\/","url":"https:\/\/blog.redeacampa.org\/gl\/non-podemos-agocharnos-vivir-na-indiferenza-e-na-inhumana-neutralidade-temos-que-tomar-un-lado-saber-de-que-rede-formamos-parte\/","name":"\u201cNON PODEMOS AGOCHARNOS, VIVIR NA INDIFERENZA E NA INHUMANA NEUTRALIDADE. TEMOS QUE TOMAR UN LADO, SABER DE QUE REDE FORMAMOS PARTE\u201d | Rede Acampa - Por la paz y el derecho a refugio","isPartOf":{"@id":"https:\/\/blog.redeacampa.org\/gl\/#website"},"primaryImageOfPage":{"@id":"https:\/\/blog.redeacampa.org\/gl\/non-podemos-agocharnos-vivir-na-indiferenza-e-na-inhumana-neutralidade-temos-que-tomar-un-lado-saber-de-que-rede-formamos-parte\/#primaryimage"},"image":{"@id":"https:\/\/blog.redeacampa.org\/gl\/non-podemos-agocharnos-vivir-na-indiferenza-e-na-inhumana-neutralidade-temos-que-tomar-un-lado-saber-de-que-rede-formamos-parte\/#primaryimage"},"thumbnailUrl":"https:\/\/blog.redeacampa.org\/wp-content\/uploads\/Entrega-Rec-Pai-Lancellotti.jpg","datePublished":"2022-11-11T16:03:21+00:00","dateModified":"2022-11-11T16:10:22+00:00","author":{"@id":"https:\/\/blog.redeacampa.org\/gl\/#\/schema\/person\/4af0729a8614cbed1e7078bcc7be966b"},"breadcrumb":{"@id":"https:\/\/blog.redeacampa.org\/gl\/non-podemos-agocharnos-vivir-na-indiferenza-e-na-inhumana-neutralidade-temos-que-tomar-un-lado-saber-de-que-rede-formamos-parte\/#breadcrumb"},"inLanguage":"gl-ES","potentialAction":[{"@type":"ReadAction","target":["https:\/\/blog.redeacampa.org\/gl\/non-podemos-agocharnos-vivir-na-indiferenza-e-na-inhumana-neutralidade-temos-que-tomar-un-lado-saber-de-que-rede-formamos-parte\/"]}]},{"@type":"ImageObject","inLanguage":"gl-ES","@id":"https:\/\/blog.redeacampa.org\/gl\/non-podemos-agocharnos-vivir-na-indiferenza-e-na-inhumana-neutralidade-temos-que-tomar-un-lado-saber-de-que-rede-formamos-parte\/#primaryimage","url":"https:\/\/blog.redeacampa.org\/wp-content\/uploads\/Entrega-Rec-Pai-Lancellotti.jpg","contentUrl":"https:\/\/blog.redeacampa.org\/wp-content\/uploads\/Entrega-Rec-Pai-Lancellotti.jpg","width":2048,"height":923},{"@type":"BreadcrumbList","@id":"https:\/\/blog.redeacampa.org\/gl\/non-podemos-agocharnos-vivir-na-indiferenza-e-na-inhumana-neutralidade-temos-que-tomar-un-lado-saber-de-que-rede-formamos-parte\/#breadcrumb","itemListElement":[{"@type":"ListItem","position":1,"name":"Portada","item":"https:\/\/blog.redeacampa.org\/gl\/"},{"@type":"ListItem","position":2,"name":"\u201cNON PODEMOS AGOCHARNOS, VIVIR NA INDIFERENZA E NA INHUMANA NEUTRALIDADE. TEMOS QUE TOMAR UN LADO, SABER DE QUE REDE FORMAMOS PARTE\u201d"}]},{"@type":"WebSite","@id":"https:\/\/blog.redeacampa.org\/gl\/#website","url":"https:\/\/blog.redeacampa.org\/gl\/","name":"Rede Acampa - Por la paz y el derecho a refugio","description":"Una iniciativa ciudadana sin fines de lucro integrada por colectivos sociales, culturales, educativos, veci\u00f1ales, pol\u00edticos, sindicales, art\u00edsticos, de personas solidarias, de instituciones y empresas con responsabilidad social que tienen como objetivo la defensa de los derechos humanos, el Derecho Internacional Humanitario y el Derecho a Refugio","potentialAction":[{"@type":"SearchAction","target":{"@type":"EntryPoint","urlTemplate":"https:\/\/blog.redeacampa.org\/gl\/?s={search_term_string}"},"query-input":{"@type":"PropertyValueSpecification","valueRequired":true,"valueName":"search_term_string"}}],"inLanguage":"gl-ES"},{"@type":"Person","@id":"https:\/\/blog.redeacampa.org\/gl\/#\/schema\/person\/4af0729a8614cbed1e7078bcc7be966b","name":"Comunicaci\u00f3n","image":{"@type":"ImageObject","inLanguage":"gl-ES","@id":"https:\/\/secure.gravatar.com\/avatar\/8e8fea06f5f2696e331aacd588d2000164152c9aa47459d1e52be3c1ab5f5ca5?s=96&d=mm&r=g","url":"https:\/\/secure.gravatar.com\/avatar\/8e8fea06f5f2696e331aacd588d2000164152c9aa47459d1e52be3c1ab5f5ca5?s=96&d=mm&r=g","contentUrl":"https:\/\/secure.gravatar.com\/avatar\/8e8fea06f5f2696e331aacd588d2000164152c9aa47459d1e52be3c1ab5f5ca5?s=96&d=mm&r=g","caption":"Comunicaci\u00f3n"}}]}},"_links":{"self":[{"href":"https:\/\/blog.redeacampa.org\/gl\/wp-json\/wp\/v2\/posts\/38439","targetHints":{"allow":["GET"]}}],"collection":[{"href":"https:\/\/blog.redeacampa.org\/gl\/wp-json\/wp\/v2\/posts"}],"about":[{"href":"https:\/\/blog.redeacampa.org\/gl\/wp-json\/wp\/v2\/types\/post"}],"author":[{"embeddable":true,"href":"https:\/\/blog.redeacampa.org\/gl\/wp-json\/wp\/v2\/users\/25"}],"replies":[{"embeddable":true,"href":"https:\/\/blog.redeacampa.org\/gl\/wp-json\/wp\/v2\/comments?post=38439"}],"version-history":[{"count":5,"href":"https:\/\/blog.redeacampa.org\/gl\/wp-json\/wp\/v2\/posts\/38439\/revisions"}],"predecessor-version":[{"id":38453,"href":"https:\/\/blog.redeacampa.org\/gl\/wp-json\/wp\/v2\/posts\/38439\/revisions\/38453"}],"wp:featuredmedia":[{"embeddable":true,"href":"https:\/\/blog.redeacampa.org\/gl\/wp-json\/wp\/v2\/media\/38444"}],"wp:attachment":[{"href":"https:\/\/blog.redeacampa.org\/gl\/wp-json\/wp\/v2\/media?parent=38439"}],"wp:term":[{"taxonomy":"category","embeddable":true,"href":"https:\/\/blog.redeacampa.org\/gl\/wp-json\/wp\/v2\/categories?post=38439"},{"taxonomy":"post_tag","embeddable":true,"href":"https:\/\/blog.redeacampa.org\/gl\/wp-json\/wp\/v2\/tags?post=38439"}],"curies":[{"name":"wp","href":"https:\/\/api.w.org\/{rel}","templated":true}]}}