{"id":38546,"date":"2023-04-13T16:07:45","date_gmt":"2023-04-13T14:07:45","guid":{"rendered":"https:\/\/blog.redeacampa.org\/?p=38546"},"modified":"2024-04-03T15:23:26","modified_gmt":"2024-04-03T13:23:26","slug":"odio-ou-convivencia-o-vii-encontro-internacional-acampa-pola-paz-xa-ten-cartel","status":"publish","type":"post","link":"https:\/\/blog.redeacampa.org\/gl\/odio-ou-convivencia-o-vii-encontro-internacional-acampa-pola-paz-xa-ten-cartel\/","title":{"rendered":"&#8220;ODIO OU CONVIVENCIA&#8221;, O VII ENCONTRO INTERNACIONAL ACAMPA POLA PAZ, XA TEN CARTEL"},"content":{"rendered":"<p><em>Tr\u00e1tase dunha composici\u00f3n con imaxes de d\u00faas das exposici\u00f3ns que formar\u00e1n parte do programa, a de Jordi Borr\u00e0s documentando o auxe da ultradereita en Europa, e unha de Javier Bernardo, quen co seu obxectivo foi testemu\u00f1a directa do acontecido no lado espa\u00f1ol do valo de Melilla durante o masacre do 24 de xu\u00f1o do 2022<\/em><\/p>\n<p><em>O expresidente de Uruguai, Pepe Mujica, a responsable de investigaci\u00f3n e pol\u00edtica interior de Amnist\u00eda Internacional Virginia \u00c1lvarez ou Virginia Mielgo, coordinadora de proxecto do buque de rescate Geo Barents de MSF ser\u00e1n alg\u00fans dos relatores e relatoras que poderemos escoitar na Coru\u00f1a<\/em><\/p>\n<p><em>Sete mostras fotogr\u00e1ficas que suman case 200 imaxes en gran formato volver\u00e1n converter os Xard\u00edns de M\u00e9ndez N\u00fa\u00f1ez nun espazo referente na defensa dos Dereitos Humanos<\/em><\/p>\n<p><strong>A Coru\u00f1a, 13 de abril de 2023.-<\/strong> O odio ser\u00e1 o f\u00edo condutor do Encontro Internacional Acampa pola Paz e o Dereito a Refuxio que se celebrar\u00e1 na Coru\u00f1a entre os d\u00edas 16 e 18 de xu\u00f1o, alcanzando xa a s\u00e9tima edici\u00f3n. Esta cita, que sen ningunha d\u00fabida converte \u00e1 urbe coru\u00f1esa durante uns d\u00edas en cidade refuxio dos Dereitos Humanos, permitir\u00e1 reflexionar sobre o auxe do odio contrapo\u00f1endo exemplos e experiencias de convivencia. Farao, como en anteriores ocasi\u00f3ns, cun intenso programa que combina exposici\u00f3ns dos m\u00e1is destacados fotoperiodistas con charlas e debates de relatores que traballan a p\u00e9 de terreo naqueles espazos onde os Dereitos Humanos son pisados. Haber\u00e1, ademais, m\u00fasica, actividades paralelas das distintas organizaci\u00f3ns que integran o Movemento Acampa pola Paz (actualmente m\u00e1is de oitenta) e visitas guiadas ao xa tam\u00e9n tradicional campo simulado ou \u00e1s mostras fotogr\u00e1ficas de gran formato que balizar\u00e1n os Xard\u00edns.<\/p>\n<p>\u201cOdio ou convivencia\u201d xa ten cartel. Tr\u00e1tase dunha composici\u00f3n que convidar\u00e1 o p\u00fablico a reflexionar sobre dous espazos de odio e desprop\u00f3sito: o que imp\u00f3n o auxe do fascismo en toda Europa e o masacre acontecido no valo de Melilla o 24 de xu\u00f1o do pasado ano. As imaxes elixidas pertencen ao fotoperiodista Jordi Borr\u00e0s, que leva anos documentando o crecemento da extrema dereita en Europa, e a Javier Bernardo, fotoperiodista sevillano testemu\u00f1a directa do masacre de Melilla no lado espa\u00f1ol.<\/p>\n<p>O expresidente uruguaio Pepe Mujica, que no marco do Encontro recibir\u00e1 o III Reco\u00f1ecemento Acampa \u00e1 Defensa dos Dereitos Humanos na categor\u00eda internacional, ser\u00e1 ademais un dos relatores participantes. A s\u00faa idade e estado de sa\u00fade fan imposible a s\u00faa viaxe ata Coru\u00f1a pero estar\u00e1 presente nunha das mesas de debate programadas, entrando en <em>streaming<\/em>, desde a s\u00faa casa en Uruguai. Tam\u00e9n contaremos con Virginia \u00c1lvarez, a m\u00e1xima responsable de investigaci\u00f3n e pol\u00edtica interior de Amnist\u00eda Internacional, que nestes momentos pilota a investigaci\u00f3n que a s\u00faa organizaci\u00f3n leva a cabo sobre o acontecido no valo de Melilla hai agora un ano, onde se produciu un masacre que deixou decenas de migrantes mortos e feridos e se conculcaron todos os dereitos a ambos os dous lados do valo. Outra das invitadas \u00e9 Virginia Mielgo, a responsable de proxecto do buque de rescate Geo Barents, co que M\u00e9dicos sen Fronteiras salva centos de vidas no Mediterr\u00e1neo Central.<\/p>\n<p><strong>Muxes, o terceiro x\u00e9nero na cultura zapoteca do sur de M\u00e9xico<\/strong><\/p>\n<p>Entre as propostas expositivas programadas e como adianto, citar tres. Nuria Torres permitir\u00e1 ao espectador asomarse \u00e1 realidade dos muxes, un aut\u00e9ntico terceiro x\u00e9nero na cultura zapoteca do sur de M\u00e9xico, quen se integran na organizaci\u00f3n xen\u00e9rica da comunidade e desenvolven roles socialmente reco\u00f1ecidos tanto na organizaci\u00f3n sociocultural como no seo da familia. Hai unha actitude naturalmente permisiva cara \u00e1 homosexualidade, o afeminamiento e o travestismo nesta parte do estado mexicano de Oaxaca onde as nais educan a un dos seus fillos en roles femininos tradicionais.<\/p>\n<p>En segundo lugar, e da man de \u00d3scar Corral, o p\u00fablico poder\u00e1 subirse a cuberta do buque Aquarius naqueles d\u00edas en que deambulaba sen rumbo, cunha carga humana de centos de migrantes extenuados, \u00e1 espera dun pa\u00eds que lle acollese, cousa que finalmente fixo Espa\u00f1a a trav\u00e9s do porto de Valencia.<\/p>\n<p>A fot\u00f3grafa polaca Hanna Jarzabek levar\u00e1 ao observador que se enfronte \u00e1s s\u00faas imaxes ao centro mesmo do Bosque de Bialowieza, na fronteira entre Polonia e Bioelorrusia, un roteiro migratorio dur\u00edsimo para calquera e a\u00ednda m\u00e1is para as persoas non preparadas e alleas ao clima do nord\u00e9s de Europa. Un espazo en que fronte \u00e1 dureza e a inhumanidad da polic\u00eda polaca, os veci\u00f1os de varios pobos pen\u00e9tran no bosque para levar a alimentos e medicinas aos migrantes desorientados, ateridos de fr\u00edo ou feridos que se esconden nel.<\/p>\n<p>En definitiva, un ano m\u00e1is, Rede Acampa pola Paz convida \u00e1 cidadan\u00eda para reflexionar respecto a os espazos nos que crece o odio ao diferente, ao pobre, a todos aquilo que supo\u00f1a un reto \u00e1 c\u00f3moda sociedade capitalista, e a pararse a pensar o que iso significa, unha diminuci\u00f3n preocupante dos dereitos de mill\u00f3ns de persoas e unha vulneraci\u00f3n flagrante dos Dereitos Humanos; en definitiva, un enfraquecemento da sociedade que a aboca a repetir os erros do pasado.<\/p>\n","protected":false},"excerpt":{"rendered":"<p>Tr\u00e1tase dunha composici\u00f3n con imaxes de d\u00faas das exposici\u00f3ns que formar\u00e1n parte do programa, a de Jordi Borr\u00e0s documentando o auxe da ultradereita en Europa, e unha de Javier Bernardo, quen co seu obxectivo foi testemu\u00f1a directa do acontecido no lado espa\u00f1ol do valo de Melilla durante o masacre do 24 de xu\u00f1o do 2022 [&hellip;]<\/p>\n","protected":false},"author":1,"featured_media":38535,"comment_status":"open","ping_status":"open","sticky":false,"template":"","format":"standard","meta":{"_et_pb_use_builder":"","_et_pb_old_content":"","_et_gb_content_width":"","inline_featured_image":false,"footnotes":""},"categories":[1],"tags":[],"class_list":["post-38546","post","type-post","status-publish","format-standard","has-post-thumbnail","hentry","category-presentacios"],"yoast_head":"<!-- This site is optimized with the Yoast SEO plugin v27.4 - https:\/\/yoast.com\/product\/yoast-seo-wordpress\/ -->\n<title>&quot;ODIO OU CONVIVENCIA&quot;, O VII ENCONTRO INTERNACIONAL ACAMPA POLA PAZ, XA TEN CARTEL | Rede Acampa - Por la paz y el derecho a refugio<\/title>\n<meta name=\"robots\" content=\"index, follow, max-snippet:-1, max-image-preview:large, max-video-preview:-1\" \/>\n<link rel=\"canonical\" href=\"https:\/\/blog.redeacampa.org\/gl\/odio-ou-convivencia-o-vii-encontro-internacional-acampa-pola-paz-xa-ten-cartel\/\" \/>\n<meta property=\"og:locale\" content=\"gl_ES\" \/>\n<meta property=\"og:type\" content=\"article\" \/>\n<meta property=\"og:title\" content=\"&quot;ODIO OU CONVIVENCIA&quot;, O VII ENCONTRO INTERNACIONAL ACAMPA POLA PAZ, XA TEN CARTEL | Rede Acampa - Por la paz y el derecho a refugio\" \/>\n<meta property=\"og:description\" content=\"Tr\u00e1tase dunha composici\u00f3n con imaxes de d\u00faas das exposici\u00f3ns que formar\u00e1n parte do programa, a de Jordi Borr\u00e0s documentando o auxe da ultradereita en Europa, e unha de Javier Bernardo, quen co seu obxectivo foi testemu\u00f1a directa do acontecido no lado espa\u00f1ol do valo de Melilla durante o masacre do 24 de xu\u00f1o do 2022 [&hellip;]\" \/>\n<meta property=\"og:url\" content=\"https:\/\/blog.redeacampa.org\/gl\/odio-ou-convivencia-o-vii-encontro-internacional-acampa-pola-paz-xa-ten-cartel\/\" \/>\n<meta property=\"og:site_name\" content=\"Rede Acampa - Por la paz y el derecho a refugio\" \/>\n<meta property=\"article:publisher\" content=\"https:\/\/www.facebook.com\/acampapolapazeodereitoarefuxio\" \/>\n<meta property=\"article:published_time\" content=\"2023-04-13T14:07:45+00:00\" \/>\n<meta property=\"article:modified_time\" content=\"2024-04-03T13:23:26+00:00\" \/>\n<meta property=\"og:image\" content=\"https:\/\/blog.redeacampa.org\/wp-content\/uploads\/CARTEL-SIN-LOGOS-r.jpg\" \/>\n\t<meta property=\"og:image:width\" content=\"443\" \/>\n\t<meta property=\"og:image:height\" content=\"553\" \/>\n\t<meta property=\"og:image:type\" content=\"image\/jpeg\" \/>\n<meta name=\"author\" content=\"Acampa\" \/>\n<meta name=\"twitter:card\" content=\"summary_large_image\" \/>\n<meta name=\"twitter:creator\" content=\"@Acampa_polapaz\" \/>\n<meta name=\"twitter:site\" content=\"@Acampa_polapaz\" \/>\n<meta name=\"twitter:label1\" content=\"Escrito por\" \/>\n\t<meta name=\"twitter:data1\" content=\"Acampa\" \/>\n\t<meta name=\"twitter:label2\" content=\"Tempo de lectura\" \/>\n\t<meta name=\"twitter:data2\" content=\"4 minutos\" \/>\n<script type=\"application\/ld+json\" class=\"yoast-schema-graph\">{\"@context\":\"https:\\\/\\\/schema.org\",\"@graph\":[{\"@type\":\"Article\",\"@id\":\"https:\\\/\\\/blog.redeacampa.org\\\/gl\\\/odio-ou-convivencia-o-vii-encontro-internacional-acampa-pola-paz-xa-ten-cartel\\\/#article\",\"isPartOf\":{\"@id\":\"https:\\\/\\\/blog.redeacampa.org\\\/gl\\\/odio-ou-convivencia-o-vii-encontro-internacional-acampa-pola-paz-xa-ten-cartel\\\/\"},\"author\":{\"name\":\"Acampa\",\"@id\":\"https:\\\/\\\/blog.redeacampa.org\\\/gl\\\/#\\\/schema\\\/person\\\/e0116deb18c46c82878269ac5c9b67af\"},\"headline\":\"&#8220;ODIO OU CONVIVENCIA&#8221;, O VII ENCONTRO INTERNACIONAL ACAMPA POLA PAZ, XA TEN CARTEL\",\"datePublished\":\"2023-04-13T14:07:45+00:00\",\"dateModified\":\"2024-04-03T13:23:26+00:00\",\"mainEntityOfPage\":{\"@id\":\"https:\\\/\\\/blog.redeacampa.org\\\/gl\\\/odio-ou-convivencia-o-vii-encontro-internacional-acampa-pola-paz-xa-ten-cartel\\\/\"},\"wordCount\":917,\"commentCount\":0,\"image\":{\"@id\":\"https:\\\/\\\/blog.redeacampa.org\\\/gl\\\/odio-ou-convivencia-o-vii-encontro-internacional-acampa-pola-paz-xa-ten-cartel\\\/#primaryimage\"},\"thumbnailUrl\":\"https:\\\/\\\/blog.redeacampa.org\\\/wp-content\\\/uploads\\\/CARTEL-SIN-LOGOS-r.jpg\",\"articleSection\":[\"Presentacios\"],\"inLanguage\":\"gl-ES\",\"potentialAction\":[{\"@type\":\"CommentAction\",\"name\":\"Comment\",\"target\":[\"https:\\\/\\\/blog.redeacampa.org\\\/gl\\\/odio-ou-convivencia-o-vii-encontro-internacional-acampa-pola-paz-xa-ten-cartel\\\/#respond\"]}]},{\"@type\":\"WebPage\",\"@id\":\"https:\\\/\\\/blog.redeacampa.org\\\/gl\\\/odio-ou-convivencia-o-vii-encontro-internacional-acampa-pola-paz-xa-ten-cartel\\\/\",\"url\":\"https:\\\/\\\/blog.redeacampa.org\\\/gl\\\/odio-ou-convivencia-o-vii-encontro-internacional-acampa-pola-paz-xa-ten-cartel\\\/\",\"name\":\"\\\"ODIO OU CONVIVENCIA\\\", O VII ENCONTRO INTERNACIONAL ACAMPA POLA PAZ, XA TEN CARTEL | Rede Acampa - Por la paz y el derecho a refugio\",\"isPartOf\":{\"@id\":\"https:\\\/\\\/blog.redeacampa.org\\\/gl\\\/#website\"},\"primaryImageOfPage\":{\"@id\":\"https:\\\/\\\/blog.redeacampa.org\\\/gl\\\/odio-ou-convivencia-o-vii-encontro-internacional-acampa-pola-paz-xa-ten-cartel\\\/#primaryimage\"},\"image\":{\"@id\":\"https:\\\/\\\/blog.redeacampa.org\\\/gl\\\/odio-ou-convivencia-o-vii-encontro-internacional-acampa-pola-paz-xa-ten-cartel\\\/#primaryimage\"},\"thumbnailUrl\":\"https:\\\/\\\/blog.redeacampa.org\\\/wp-content\\\/uploads\\\/CARTEL-SIN-LOGOS-r.jpg\",\"datePublished\":\"2023-04-13T14:07:45+00:00\",\"dateModified\":\"2024-04-03T13:23:26+00:00\",\"author\":{\"@id\":\"https:\\\/\\\/blog.redeacampa.org\\\/gl\\\/#\\\/schema\\\/person\\\/e0116deb18c46c82878269ac5c9b67af\"},\"breadcrumb\":{\"@id\":\"https:\\\/\\\/blog.redeacampa.org\\\/gl\\\/odio-ou-convivencia-o-vii-encontro-internacional-acampa-pola-paz-xa-ten-cartel\\\/#breadcrumb\"},\"inLanguage\":\"gl-ES\",\"potentialAction\":[{\"@type\":\"ReadAction\",\"target\":[\"https:\\\/\\\/blog.redeacampa.org\\\/gl\\\/odio-ou-convivencia-o-vii-encontro-internacional-acampa-pola-paz-xa-ten-cartel\\\/\"]}]},{\"@type\":\"ImageObject\",\"inLanguage\":\"gl-ES\",\"@id\":\"https:\\\/\\\/blog.redeacampa.org\\\/gl\\\/odio-ou-convivencia-o-vii-encontro-internacional-acampa-pola-paz-xa-ten-cartel\\\/#primaryimage\",\"url\":\"https:\\\/\\\/blog.redeacampa.org\\\/wp-content\\\/uploads\\\/CARTEL-SIN-LOGOS-r.jpg\",\"contentUrl\":\"https:\\\/\\\/blog.redeacampa.org\\\/wp-content\\\/uploads\\\/CARTEL-SIN-LOGOS-r.jpg\",\"width\":443,\"height\":553},{\"@type\":\"BreadcrumbList\",\"@id\":\"https:\\\/\\\/blog.redeacampa.org\\\/gl\\\/odio-ou-convivencia-o-vii-encontro-internacional-acampa-pola-paz-xa-ten-cartel\\\/#breadcrumb\",\"itemListElement\":[{\"@type\":\"ListItem\",\"position\":1,\"name\":\"Portada\",\"item\":\"https:\\\/\\\/blog.redeacampa.org\\\/gl\\\/\"},{\"@type\":\"ListItem\",\"position\":2,\"name\":\"\u00abODIO OU CONVIVENCIA\u00bb, O VII ENCONTRO INTERNACIONAL ACAMPA POLA PAZ, XA TEN CARTEL\"}]},{\"@type\":\"WebSite\",\"@id\":\"https:\\\/\\\/blog.redeacampa.org\\\/gl\\\/#website\",\"url\":\"https:\\\/\\\/blog.redeacampa.org\\\/gl\\\/\",\"name\":\"Rede Acampa - Por la paz y el derecho a refugio\",\"description\":\"Una iniciativa ciudadana sin fines de lucro integrada por colectivos sociales, culturales, educativos, veci\u00f1ales, pol\u00edticos, sindicales, art\u00edsticos, de personas solidarias, de instituciones y empresas con responsabilidad social que tienen como objetivo la defensa de los derechos humanos, el Derecho Internacional Humanitario y el Derecho a Refugio\",\"potentialAction\":[{\"@type\":\"SearchAction\",\"target\":{\"@type\":\"EntryPoint\",\"urlTemplate\":\"https:\\\/\\\/blog.redeacampa.org\\\/gl\\\/?s={search_term_string}\"},\"query-input\":{\"@type\":\"PropertyValueSpecification\",\"valueRequired\":true,\"valueName\":\"search_term_string\"}}],\"inLanguage\":\"gl-ES\"},{\"@type\":\"Person\",\"@id\":\"https:\\\/\\\/blog.redeacampa.org\\\/gl\\\/#\\\/schema\\\/person\\\/e0116deb18c46c82878269ac5c9b67af\",\"name\":\"Acampa\",\"image\":{\"@type\":\"ImageObject\",\"inLanguage\":\"gl-ES\",\"@id\":\"https:\\\/\\\/secure.gravatar.com\\\/avatar\\\/d46c4a8e1596f95adc7cfd6a153300b744f3b125acc340f15588ad5b06b61bf7?s=96&d=mm&r=g\",\"url\":\"https:\\\/\\\/secure.gravatar.com\\\/avatar\\\/d46c4a8e1596f95adc7cfd6a153300b744f3b125acc340f15588ad5b06b61bf7?s=96&d=mm&r=g\",\"contentUrl\":\"https:\\\/\\\/secure.gravatar.com\\\/avatar\\\/d46c4a8e1596f95adc7cfd6a153300b744f3b125acc340f15588ad5b06b61bf7?s=96&d=mm&r=g\",\"caption\":\"Acampa\"}}]}<\/script>\n<!-- \/ Yoast SEO plugin. -->","yoast_head_json":{"title":"\"ODIO OU CONVIVENCIA\", O VII ENCONTRO INTERNACIONAL ACAMPA POLA PAZ, XA TEN CARTEL | Rede Acampa - Por la paz y el derecho a refugio","robots":{"index":"index","follow":"follow","max-snippet":"max-snippet:-1","max-image-preview":"max-image-preview:large","max-video-preview":"max-video-preview:-1"},"canonical":"https:\/\/blog.redeacampa.org\/gl\/odio-ou-convivencia-o-vii-encontro-internacional-acampa-pola-paz-xa-ten-cartel\/","og_locale":"gl_ES","og_type":"article","og_title":"\"ODIO OU CONVIVENCIA\", O VII ENCONTRO INTERNACIONAL ACAMPA POLA PAZ, XA TEN CARTEL | Rede Acampa - Por la paz y el derecho a refugio","og_description":"Tr\u00e1tase dunha composici\u00f3n con imaxes de d\u00faas das exposici\u00f3ns que formar\u00e1n parte do programa, a de Jordi Borr\u00e0s documentando o auxe da ultradereita en Europa, e unha de Javier Bernardo, quen co seu obxectivo foi testemu\u00f1a directa do acontecido no lado espa\u00f1ol do valo de Melilla durante o masacre do 24 de xu\u00f1o do 2022 [&hellip;]","og_url":"https:\/\/blog.redeacampa.org\/gl\/odio-ou-convivencia-o-vii-encontro-internacional-acampa-pola-paz-xa-ten-cartel\/","og_site_name":"Rede Acampa - Por la paz y el derecho a refugio","article_publisher":"https:\/\/www.facebook.com\/acampapolapazeodereitoarefuxio","article_published_time":"2023-04-13T14:07:45+00:00","article_modified_time":"2024-04-03T13:23:26+00:00","og_image":[{"width":443,"height":553,"url":"https:\/\/blog.redeacampa.org\/wp-content\/uploads\/CARTEL-SIN-LOGOS-r.jpg","type":"image\/jpeg"}],"author":"Acampa","twitter_card":"summary_large_image","twitter_creator":"@Acampa_polapaz","twitter_site":"@Acampa_polapaz","twitter_misc":{"Escrito por":"Acampa","Tempo de lectura":"4 minutos"},"schema":{"@context":"https:\/\/schema.org","@graph":[{"@type":"Article","@id":"https:\/\/blog.redeacampa.org\/gl\/odio-ou-convivencia-o-vii-encontro-internacional-acampa-pola-paz-xa-ten-cartel\/#article","isPartOf":{"@id":"https:\/\/blog.redeacampa.org\/gl\/odio-ou-convivencia-o-vii-encontro-internacional-acampa-pola-paz-xa-ten-cartel\/"},"author":{"name":"Acampa","@id":"https:\/\/blog.redeacampa.org\/gl\/#\/schema\/person\/e0116deb18c46c82878269ac5c9b67af"},"headline":"&#8220;ODIO OU CONVIVENCIA&#8221;, O VII ENCONTRO INTERNACIONAL ACAMPA POLA PAZ, XA TEN CARTEL","datePublished":"2023-04-13T14:07:45+00:00","dateModified":"2024-04-03T13:23:26+00:00","mainEntityOfPage":{"@id":"https:\/\/blog.redeacampa.org\/gl\/odio-ou-convivencia-o-vii-encontro-internacional-acampa-pola-paz-xa-ten-cartel\/"},"wordCount":917,"commentCount":0,"image":{"@id":"https:\/\/blog.redeacampa.org\/gl\/odio-ou-convivencia-o-vii-encontro-internacional-acampa-pola-paz-xa-ten-cartel\/#primaryimage"},"thumbnailUrl":"https:\/\/blog.redeacampa.org\/wp-content\/uploads\/CARTEL-SIN-LOGOS-r.jpg","articleSection":["Presentacios"],"inLanguage":"gl-ES","potentialAction":[{"@type":"CommentAction","name":"Comment","target":["https:\/\/blog.redeacampa.org\/gl\/odio-ou-convivencia-o-vii-encontro-internacional-acampa-pola-paz-xa-ten-cartel\/#respond"]}]},{"@type":"WebPage","@id":"https:\/\/blog.redeacampa.org\/gl\/odio-ou-convivencia-o-vii-encontro-internacional-acampa-pola-paz-xa-ten-cartel\/","url":"https:\/\/blog.redeacampa.org\/gl\/odio-ou-convivencia-o-vii-encontro-internacional-acampa-pola-paz-xa-ten-cartel\/","name":"\"ODIO OU CONVIVENCIA\", O VII ENCONTRO INTERNACIONAL ACAMPA POLA PAZ, XA TEN CARTEL | Rede Acampa - Por la paz y el derecho a refugio","isPartOf":{"@id":"https:\/\/blog.redeacampa.org\/gl\/#website"},"primaryImageOfPage":{"@id":"https:\/\/blog.redeacampa.org\/gl\/odio-ou-convivencia-o-vii-encontro-internacional-acampa-pola-paz-xa-ten-cartel\/#primaryimage"},"image":{"@id":"https:\/\/blog.redeacampa.org\/gl\/odio-ou-convivencia-o-vii-encontro-internacional-acampa-pola-paz-xa-ten-cartel\/#primaryimage"},"thumbnailUrl":"https:\/\/blog.redeacampa.org\/wp-content\/uploads\/CARTEL-SIN-LOGOS-r.jpg","datePublished":"2023-04-13T14:07:45+00:00","dateModified":"2024-04-03T13:23:26+00:00","author":{"@id":"https:\/\/blog.redeacampa.org\/gl\/#\/schema\/person\/e0116deb18c46c82878269ac5c9b67af"},"breadcrumb":{"@id":"https:\/\/blog.redeacampa.org\/gl\/odio-ou-convivencia-o-vii-encontro-internacional-acampa-pola-paz-xa-ten-cartel\/#breadcrumb"},"inLanguage":"gl-ES","potentialAction":[{"@type":"ReadAction","target":["https:\/\/blog.redeacampa.org\/gl\/odio-ou-convivencia-o-vii-encontro-internacional-acampa-pola-paz-xa-ten-cartel\/"]}]},{"@type":"ImageObject","inLanguage":"gl-ES","@id":"https:\/\/blog.redeacampa.org\/gl\/odio-ou-convivencia-o-vii-encontro-internacional-acampa-pola-paz-xa-ten-cartel\/#primaryimage","url":"https:\/\/blog.redeacampa.org\/wp-content\/uploads\/CARTEL-SIN-LOGOS-r.jpg","contentUrl":"https:\/\/blog.redeacampa.org\/wp-content\/uploads\/CARTEL-SIN-LOGOS-r.jpg","width":443,"height":553},{"@type":"BreadcrumbList","@id":"https:\/\/blog.redeacampa.org\/gl\/odio-ou-convivencia-o-vii-encontro-internacional-acampa-pola-paz-xa-ten-cartel\/#breadcrumb","itemListElement":[{"@type":"ListItem","position":1,"name":"Portada","item":"https:\/\/blog.redeacampa.org\/gl\/"},{"@type":"ListItem","position":2,"name":"\u00abODIO OU CONVIVENCIA\u00bb, O VII ENCONTRO INTERNACIONAL ACAMPA POLA PAZ, XA TEN CARTEL"}]},{"@type":"WebSite","@id":"https:\/\/blog.redeacampa.org\/gl\/#website","url":"https:\/\/blog.redeacampa.org\/gl\/","name":"Rede Acampa - Por la paz y el derecho a refugio","description":"Una iniciativa ciudadana sin fines de lucro integrada por colectivos sociales, culturales, educativos, veci\u00f1ales, pol\u00edticos, sindicales, art\u00edsticos, de personas solidarias, de instituciones y empresas con responsabilidad social que tienen como objetivo la defensa de los derechos humanos, el Derecho Internacional Humanitario y el Derecho a Refugio","potentialAction":[{"@type":"SearchAction","target":{"@type":"EntryPoint","urlTemplate":"https:\/\/blog.redeacampa.org\/gl\/?s={search_term_string}"},"query-input":{"@type":"PropertyValueSpecification","valueRequired":true,"valueName":"search_term_string"}}],"inLanguage":"gl-ES"},{"@type":"Person","@id":"https:\/\/blog.redeacampa.org\/gl\/#\/schema\/person\/e0116deb18c46c82878269ac5c9b67af","name":"Acampa","image":{"@type":"ImageObject","inLanguage":"gl-ES","@id":"https:\/\/secure.gravatar.com\/avatar\/d46c4a8e1596f95adc7cfd6a153300b744f3b125acc340f15588ad5b06b61bf7?s=96&d=mm&r=g","url":"https:\/\/secure.gravatar.com\/avatar\/d46c4a8e1596f95adc7cfd6a153300b744f3b125acc340f15588ad5b06b61bf7?s=96&d=mm&r=g","contentUrl":"https:\/\/secure.gravatar.com\/avatar\/d46c4a8e1596f95adc7cfd6a153300b744f3b125acc340f15588ad5b06b61bf7?s=96&d=mm&r=g","caption":"Acampa"}}]}},"_links":{"self":[{"href":"https:\/\/blog.redeacampa.org\/gl\/wp-json\/wp\/v2\/posts\/38546","targetHints":{"allow":["GET"]}}],"collection":[{"href":"https:\/\/blog.redeacampa.org\/gl\/wp-json\/wp\/v2\/posts"}],"about":[{"href":"https:\/\/blog.redeacampa.org\/gl\/wp-json\/wp\/v2\/types\/post"}],"author":[{"embeddable":true,"href":"https:\/\/blog.redeacampa.org\/gl\/wp-json\/wp\/v2\/users\/1"}],"replies":[{"embeddable":true,"href":"https:\/\/blog.redeacampa.org\/gl\/wp-json\/wp\/v2\/comments?post=38546"}],"version-history":[{"count":1,"href":"https:\/\/blog.redeacampa.org\/gl\/wp-json\/wp\/v2\/posts\/38546\/revisions"}],"predecessor-version":[{"id":38547,"href":"https:\/\/blog.redeacampa.org\/gl\/wp-json\/wp\/v2\/posts\/38546\/revisions\/38547"}],"wp:featuredmedia":[{"embeddable":true,"href":"https:\/\/blog.redeacampa.org\/gl\/wp-json\/wp\/v2\/media\/38535"}],"wp:attachment":[{"href":"https:\/\/blog.redeacampa.org\/gl\/wp-json\/wp\/v2\/media?parent=38546"}],"wp:term":[{"taxonomy":"category","embeddable":true,"href":"https:\/\/blog.redeacampa.org\/gl\/wp-json\/wp\/v2\/categories?post=38546"},{"taxonomy":"post_tag","embeddable":true,"href":"https:\/\/blog.redeacampa.org\/gl\/wp-json\/wp\/v2\/tags?post=38546"}],"curies":[{"name":"wp","href":"https:\/\/api.w.org\/{rel}","templated":true}]}}