{"id":39139,"date":"2024-05-16T09:43:29","date_gmt":"2024-05-16T07:43:29","guid":{"rendered":"https:\/\/blog.redeacampa.org\/?p=39139"},"modified":"2024-05-16T09:43:29","modified_gmt":"2024-05-16T07:43:29","slug":"acampa-solicita-a-todos-os-concellos-da-comarca-corunesa-unha-declaracion-institucional-de-apoio-a-palestina","status":"publish","type":"post","link":"https:\/\/blog.redeacampa.org\/gl\/acampa-solicita-a-todos-os-concellos-da-comarca-corunesa-unha-declaracion-institucional-de-apoio-a-palestina\/","title":{"rendered":"ACAMPA SOLICITA A TODOS OS CONCELLOS DA COMARCA CORU\u00d1ESA UNHA DECLARACI\u00d3N INSTITUCIONAL DE APOIO A PALESTINA"},"content":{"rendered":"<p><em>Conv\u00eddaos a participar no Minuto de Silencio pola Infancia Asasinada do d\u00eda 9 de xu\u00f1o na Coru\u00f1a, e a convocar\u00a0 Minutos de silencio antes dos plenos nos seus respectivos concellos.<\/em><\/p>\n<p>Os d\u00edas 7, 8 e 9 de xu\u00f1o celebrarase o VIII Encontro Internacional Acampa pola Paz 2024, que este ano ter\u00e1 como tema troncal a \u201cInfancia e Mocidade Refuxiada\u201d. A barbarie de Israel sobre Gaza protagoniza o cartel desta convocatoria.<br \/>\nDentro das actividades, est\u00e1 previsto po\u00f1er en p\u00e9 un Memorial pola Infancia asasinada en Gaza. Tr\u00e1tase dunha instalaci\u00f3n colaborativa de mil elementos\u00a0 que render\u00e1 unha homenaxe a m\u00e1is de 14\u2009000 nenas e nenos asasinados en Gaza; fronte a el est\u00e1 previsto gardar un Minuto de Silencio o domingo, 9 de xu\u00f1o, \u00e1s 12 horas.<br \/>\nNa asemblea celebrada por Acampa, aberta \u00e1s entidades que quixeran colaborar, presentouse unha proposta que trasladamos a todos os Concellos da comarca da Coru\u00f1a:<br \/>\n1. Aprobar nos plenos municipais que se celebren nas pr\u00f3ximas semanas unha declaraci\u00f3n institucional de solidariedade con Palestina, de rexeitamento \u00e1 ocupaci\u00f3n de Gaza por Israel \u2014que xa se cobrou m\u00e1is de 35\u2009000 mortes, a destruci\u00f3n de centos de miles de vivendas, hospitais e edificios p\u00fablicos\u2014 e de apoio \u00e1 resoluci\u00f3n aprobada pola ONU para que Palestina sexa admitida como Estado membro.<br \/>\n2. Participar no minuto de silencio convocado para o 9 de xu\u00f1o diante do monumento de homenaxe \u00e1s nenas e nenos asasinados en Gaza e difundir esta convocatoria en cada concello.<br \/>\n3. Convocar un minuto de silencio antes do inicio do pleno da Corporaci\u00f3n municipal, nas portas da Casa do Concello e coa bandeira de Palestina, en solidariedade con Gaza.<br \/>\n4. Colaborar na construci\u00f3n do Memorial, facendo unha doaz\u00f3n urxente na conta da Asociaci\u00f3n sociocultural Acampa: ES79 2100 2323 9602 0043 2009<\/p>\n","protected":false},"excerpt":{"rendered":"<p>Conv\u00eddaos a participar no Minuto de Silencio pola Infancia Asasinada do d\u00eda 9 de xu\u00f1o na Coru\u00f1a, e a convocar\u00a0 Minutos de silencio antes dos plenos nos seus respectivos concellos. Os d\u00edas 7, 8 e 9 de xu\u00f1o celebrarase o VIII Encontro Internacional Acampa pola Paz 2024, que este ano ter\u00e1 como tema troncal a [&hellip;]<\/p>\n","protected":false},"author":25,"featured_media":39140,"comment_status":"open","ping_status":"open","sticky":false,"template":"","format":"standard","meta":{"_et_pb_use_builder":"","_et_pb_old_content":"","_et_gb_content_width":"","inline_featured_image":false,"footnotes":""},"categories":[1],"tags":[],"class_list":["post-39139","post","type-post","status-publish","format-standard","has-post-thumbnail","hentry","category-presentacios"],"yoast_head":"<!-- This site is optimized with the Yoast SEO plugin v27.4 - https:\/\/yoast.com\/product\/yoast-seo-wordpress\/ -->\n<title>ACAMPA SOLICITA A TODOS OS CONCELLOS DA COMARCA CORU\u00d1ESA UNHA DECLARACI\u00d3N INSTITUCIONAL DE APOIO A PALESTINA | Rede Acampa - Por la paz y el derecho a refugio<\/title>\n<meta name=\"robots\" content=\"index, follow, max-snippet:-1, max-image-preview:large, max-video-preview:-1\" \/>\n<link rel=\"canonical\" href=\"https:\/\/blog.redeacampa.org\/gl\/acampa-solicita-a-todos-os-concellos-da-comarca-corunesa-unha-declaracion-institucional-de-apoio-a-palestina\/\" \/>\n<meta property=\"og:locale\" content=\"gl_ES\" \/>\n<meta property=\"og:type\" content=\"article\" \/>\n<meta property=\"og:title\" content=\"ACAMPA SOLICITA A TODOS OS CONCELLOS DA COMARCA CORU\u00d1ESA UNHA DECLARACI\u00d3N INSTITUCIONAL DE APOIO A PALESTINA | Rede Acampa - Por la paz y el derecho a refugio\" \/>\n<meta property=\"og:description\" content=\"Conv\u00eddaos a participar no Minuto de Silencio pola Infancia Asasinada do d\u00eda 9 de xu\u00f1o na Coru\u00f1a, e a convocar\u00a0 Minutos de silencio antes dos plenos nos seus respectivos concellos. Os d\u00edas 7, 8 e 9 de xu\u00f1o celebrarase o VIII Encontro Internacional Acampa pola Paz 2024, que este ano ter\u00e1 como tema troncal a [&hellip;]\" \/>\n<meta property=\"og:url\" content=\"https:\/\/blog.redeacampa.org\/gl\/acampa-solicita-a-todos-os-concellos-da-comarca-corunesa-unha-declaracion-institucional-de-apoio-a-palestina\/\" \/>\n<meta property=\"og:site_name\" content=\"Rede Acampa - Por la paz y el derecho a refugio\" \/>\n<meta property=\"article:publisher\" content=\"https:\/\/www.facebook.com\/acampapolapazeodereitoarefuxio\" \/>\n<meta property=\"article:published_time\" content=\"2024-05-16T07:43:29+00:00\" \/>\n<meta property=\"og:image\" content=\"https:\/\/blog.redeacampa.org\/wp-content\/uploads\/Cartel-sin-logos-para-redes-1.jpg\" \/>\n\t<meta property=\"og:image:width\" content=\"1110\" \/>\n\t<meta property=\"og:image:height\" content=\"1394\" \/>\n\t<meta property=\"og:image:type\" content=\"image\/jpeg\" \/>\n<meta name=\"author\" content=\"Comunicaci\u00f3n\" \/>\n<meta name=\"twitter:card\" content=\"summary_large_image\" \/>\n<meta name=\"twitter:creator\" content=\"@Acampa_polapaz\" \/>\n<meta name=\"twitter:site\" content=\"@Acampa_polapaz\" \/>\n<meta name=\"twitter:label1\" content=\"Escrito por\" \/>\n\t<meta name=\"twitter:data1\" content=\"Comunicaci\u00f3n\" \/>\n\t<meta name=\"twitter:label2\" content=\"Tempo de lectura\" \/>\n\t<meta name=\"twitter:data2\" content=\"2 minutos\" \/>\n<script type=\"application\/ld+json\" class=\"yoast-schema-graph\">{\"@context\":\"https:\\\/\\\/schema.org\",\"@graph\":[{\"@type\":\"Article\",\"@id\":\"https:\\\/\\\/blog.redeacampa.org\\\/gl\\\/acampa-solicita-a-todos-os-concellos-da-comarca-corunesa-unha-declaracion-institucional-de-apoio-a-palestina\\\/#article\",\"isPartOf\":{\"@id\":\"https:\\\/\\\/blog.redeacampa.org\\\/gl\\\/acampa-solicita-a-todos-os-concellos-da-comarca-corunesa-unha-declaracion-institucional-de-apoio-a-palestina\\\/\"},\"author\":{\"name\":\"Comunicaci\u00f3n\",\"@id\":\"https:\\\/\\\/blog.redeacampa.org\\\/gl\\\/#\\\/schema\\\/person\\\/4af0729a8614cbed1e7078bcc7be966b\"},\"headline\":\"ACAMPA SOLICITA A TODOS OS CONCELLOS DA COMARCA CORU\u00d1ESA UNHA DECLARACI\u00d3N INSTITUCIONAL DE APOIO A PALESTINA\",\"datePublished\":\"2024-05-16T07:43:29+00:00\",\"mainEntityOfPage\":{\"@id\":\"https:\\\/\\\/blog.redeacampa.org\\\/gl\\\/acampa-solicita-a-todos-os-concellos-da-comarca-corunesa-unha-declaracion-institucional-de-apoio-a-palestina\\\/\"},\"wordCount\":313,\"commentCount\":0,\"image\":{\"@id\":\"https:\\\/\\\/blog.redeacampa.org\\\/gl\\\/acampa-solicita-a-todos-os-concellos-da-comarca-corunesa-unha-declaracion-institucional-de-apoio-a-palestina\\\/#primaryimage\"},\"thumbnailUrl\":\"https:\\\/\\\/blog.redeacampa.org\\\/wp-content\\\/uploads\\\/Cartel-sin-logos-para-redes-1.jpg\",\"articleSection\":[\"Presentacios\"],\"inLanguage\":\"gl-ES\",\"potentialAction\":[{\"@type\":\"CommentAction\",\"name\":\"Comment\",\"target\":[\"https:\\\/\\\/blog.redeacampa.org\\\/gl\\\/acampa-solicita-a-todos-os-concellos-da-comarca-corunesa-unha-declaracion-institucional-de-apoio-a-palestina\\\/#respond\"]}]},{\"@type\":\"WebPage\",\"@id\":\"https:\\\/\\\/blog.redeacampa.org\\\/gl\\\/acampa-solicita-a-todos-os-concellos-da-comarca-corunesa-unha-declaracion-institucional-de-apoio-a-palestina\\\/\",\"url\":\"https:\\\/\\\/blog.redeacampa.org\\\/gl\\\/acampa-solicita-a-todos-os-concellos-da-comarca-corunesa-unha-declaracion-institucional-de-apoio-a-palestina\\\/\",\"name\":\"ACAMPA SOLICITA A TODOS OS CONCELLOS DA COMARCA CORU\u00d1ESA UNHA DECLARACI\u00d3N INSTITUCIONAL DE APOIO A PALESTINA | Rede Acampa - Por la paz y el derecho a refugio\",\"isPartOf\":{\"@id\":\"https:\\\/\\\/blog.redeacampa.org\\\/gl\\\/#website\"},\"primaryImageOfPage\":{\"@id\":\"https:\\\/\\\/blog.redeacampa.org\\\/gl\\\/acampa-solicita-a-todos-os-concellos-da-comarca-corunesa-unha-declaracion-institucional-de-apoio-a-palestina\\\/#primaryimage\"},\"image\":{\"@id\":\"https:\\\/\\\/blog.redeacampa.org\\\/gl\\\/acampa-solicita-a-todos-os-concellos-da-comarca-corunesa-unha-declaracion-institucional-de-apoio-a-palestina\\\/#primaryimage\"},\"thumbnailUrl\":\"https:\\\/\\\/blog.redeacampa.org\\\/wp-content\\\/uploads\\\/Cartel-sin-logos-para-redes-1.jpg\",\"datePublished\":\"2024-05-16T07:43:29+00:00\",\"author\":{\"@id\":\"https:\\\/\\\/blog.redeacampa.org\\\/gl\\\/#\\\/schema\\\/person\\\/4af0729a8614cbed1e7078bcc7be966b\"},\"breadcrumb\":{\"@id\":\"https:\\\/\\\/blog.redeacampa.org\\\/gl\\\/acampa-solicita-a-todos-os-concellos-da-comarca-corunesa-unha-declaracion-institucional-de-apoio-a-palestina\\\/#breadcrumb\"},\"inLanguage\":\"gl-ES\",\"potentialAction\":[{\"@type\":\"ReadAction\",\"target\":[\"https:\\\/\\\/blog.redeacampa.org\\\/gl\\\/acampa-solicita-a-todos-os-concellos-da-comarca-corunesa-unha-declaracion-institucional-de-apoio-a-palestina\\\/\"]}]},{\"@type\":\"ImageObject\",\"inLanguage\":\"gl-ES\",\"@id\":\"https:\\\/\\\/blog.redeacampa.org\\\/gl\\\/acampa-solicita-a-todos-os-concellos-da-comarca-corunesa-unha-declaracion-institucional-de-apoio-a-palestina\\\/#primaryimage\",\"url\":\"https:\\\/\\\/blog.redeacampa.org\\\/wp-content\\\/uploads\\\/Cartel-sin-logos-para-redes-1.jpg\",\"contentUrl\":\"https:\\\/\\\/blog.redeacampa.org\\\/wp-content\\\/uploads\\\/Cartel-sin-logos-para-redes-1.jpg\",\"width\":1110,\"height\":1394},{\"@type\":\"BreadcrumbList\",\"@id\":\"https:\\\/\\\/blog.redeacampa.org\\\/gl\\\/acampa-solicita-a-todos-os-concellos-da-comarca-corunesa-unha-declaracion-institucional-de-apoio-a-palestina\\\/#breadcrumb\",\"itemListElement\":[{\"@type\":\"ListItem\",\"position\":1,\"name\":\"Portada\",\"item\":\"https:\\\/\\\/blog.redeacampa.org\\\/gl\\\/\"},{\"@type\":\"ListItem\",\"position\":2,\"name\":\"ACAMPA SOLICITA A TODOS OS CONCELLOS DA COMARCA CORU\u00d1ESA UNHA DECLARACI\u00d3N INSTITUCIONAL DE APOIO A PALESTINA\"}]},{\"@type\":\"WebSite\",\"@id\":\"https:\\\/\\\/blog.redeacampa.org\\\/gl\\\/#website\",\"url\":\"https:\\\/\\\/blog.redeacampa.org\\\/gl\\\/\",\"name\":\"Rede Acampa - Por la paz y el derecho a refugio\",\"description\":\"Una iniciativa ciudadana sin fines de lucro integrada por colectivos sociales, culturales, educativos, veci\u00f1ales, pol\u00edticos, sindicales, art\u00edsticos, de personas solidarias, de instituciones y empresas con responsabilidad social que tienen como objetivo la defensa de los derechos humanos, el Derecho Internacional Humanitario y el Derecho a Refugio\",\"potentialAction\":[{\"@type\":\"SearchAction\",\"target\":{\"@type\":\"EntryPoint\",\"urlTemplate\":\"https:\\\/\\\/blog.redeacampa.org\\\/gl\\\/?s={search_term_string}\"},\"query-input\":{\"@type\":\"PropertyValueSpecification\",\"valueRequired\":true,\"valueName\":\"search_term_string\"}}],\"inLanguage\":\"gl-ES\"},{\"@type\":\"Person\",\"@id\":\"https:\\\/\\\/blog.redeacampa.org\\\/gl\\\/#\\\/schema\\\/person\\\/4af0729a8614cbed1e7078bcc7be966b\",\"name\":\"Comunicaci\u00f3n\",\"image\":{\"@type\":\"ImageObject\",\"inLanguage\":\"gl-ES\",\"@id\":\"https:\\\/\\\/secure.gravatar.com\\\/avatar\\\/8e8fea06f5f2696e331aacd588d2000164152c9aa47459d1e52be3c1ab5f5ca5?s=96&d=mm&r=g\",\"url\":\"https:\\\/\\\/secure.gravatar.com\\\/avatar\\\/8e8fea06f5f2696e331aacd588d2000164152c9aa47459d1e52be3c1ab5f5ca5?s=96&d=mm&r=g\",\"contentUrl\":\"https:\\\/\\\/secure.gravatar.com\\\/avatar\\\/8e8fea06f5f2696e331aacd588d2000164152c9aa47459d1e52be3c1ab5f5ca5?s=96&d=mm&r=g\",\"caption\":\"Comunicaci\u00f3n\"}}]}<\/script>\n<!-- \/ Yoast SEO plugin. -->","yoast_head_json":{"title":"ACAMPA SOLICITA A TODOS OS CONCELLOS DA COMARCA CORU\u00d1ESA UNHA DECLARACI\u00d3N INSTITUCIONAL DE APOIO A PALESTINA | Rede Acampa - Por la paz y el derecho a refugio","robots":{"index":"index","follow":"follow","max-snippet":"max-snippet:-1","max-image-preview":"max-image-preview:large","max-video-preview":"max-video-preview:-1"},"canonical":"https:\/\/blog.redeacampa.org\/gl\/acampa-solicita-a-todos-os-concellos-da-comarca-corunesa-unha-declaracion-institucional-de-apoio-a-palestina\/","og_locale":"gl_ES","og_type":"article","og_title":"ACAMPA SOLICITA A TODOS OS CONCELLOS DA COMARCA CORU\u00d1ESA UNHA DECLARACI\u00d3N INSTITUCIONAL DE APOIO A PALESTINA | Rede Acampa - Por la paz y el derecho a refugio","og_description":"Conv\u00eddaos a participar no Minuto de Silencio pola Infancia Asasinada do d\u00eda 9 de xu\u00f1o na Coru\u00f1a, e a convocar\u00a0 Minutos de silencio antes dos plenos nos seus respectivos concellos. Os d\u00edas 7, 8 e 9 de xu\u00f1o celebrarase o VIII Encontro Internacional Acampa pola Paz 2024, que este ano ter\u00e1 como tema troncal a [&hellip;]","og_url":"https:\/\/blog.redeacampa.org\/gl\/acampa-solicita-a-todos-os-concellos-da-comarca-corunesa-unha-declaracion-institucional-de-apoio-a-palestina\/","og_site_name":"Rede Acampa - Por la paz y el derecho a refugio","article_publisher":"https:\/\/www.facebook.com\/acampapolapazeodereitoarefuxio","article_published_time":"2024-05-16T07:43:29+00:00","og_image":[{"width":1110,"height":1394,"url":"https:\/\/blog.redeacampa.org\/wp-content\/uploads\/Cartel-sin-logos-para-redes-1.jpg","type":"image\/jpeg"}],"author":"Comunicaci\u00f3n","twitter_card":"summary_large_image","twitter_creator":"@Acampa_polapaz","twitter_site":"@Acampa_polapaz","twitter_misc":{"Escrito por":"Comunicaci\u00f3n","Tempo de lectura":"2 minutos"},"schema":{"@context":"https:\/\/schema.org","@graph":[{"@type":"Article","@id":"https:\/\/blog.redeacampa.org\/gl\/acampa-solicita-a-todos-os-concellos-da-comarca-corunesa-unha-declaracion-institucional-de-apoio-a-palestina\/#article","isPartOf":{"@id":"https:\/\/blog.redeacampa.org\/gl\/acampa-solicita-a-todos-os-concellos-da-comarca-corunesa-unha-declaracion-institucional-de-apoio-a-palestina\/"},"author":{"name":"Comunicaci\u00f3n","@id":"https:\/\/blog.redeacampa.org\/gl\/#\/schema\/person\/4af0729a8614cbed1e7078bcc7be966b"},"headline":"ACAMPA SOLICITA A TODOS OS CONCELLOS DA COMARCA CORU\u00d1ESA UNHA DECLARACI\u00d3N INSTITUCIONAL DE APOIO A PALESTINA","datePublished":"2024-05-16T07:43:29+00:00","mainEntityOfPage":{"@id":"https:\/\/blog.redeacampa.org\/gl\/acampa-solicita-a-todos-os-concellos-da-comarca-corunesa-unha-declaracion-institucional-de-apoio-a-palestina\/"},"wordCount":313,"commentCount":0,"image":{"@id":"https:\/\/blog.redeacampa.org\/gl\/acampa-solicita-a-todos-os-concellos-da-comarca-corunesa-unha-declaracion-institucional-de-apoio-a-palestina\/#primaryimage"},"thumbnailUrl":"https:\/\/blog.redeacampa.org\/wp-content\/uploads\/Cartel-sin-logos-para-redes-1.jpg","articleSection":["Presentacios"],"inLanguage":"gl-ES","potentialAction":[{"@type":"CommentAction","name":"Comment","target":["https:\/\/blog.redeacampa.org\/gl\/acampa-solicita-a-todos-os-concellos-da-comarca-corunesa-unha-declaracion-institucional-de-apoio-a-palestina\/#respond"]}]},{"@type":"WebPage","@id":"https:\/\/blog.redeacampa.org\/gl\/acampa-solicita-a-todos-os-concellos-da-comarca-corunesa-unha-declaracion-institucional-de-apoio-a-palestina\/","url":"https:\/\/blog.redeacampa.org\/gl\/acampa-solicita-a-todos-os-concellos-da-comarca-corunesa-unha-declaracion-institucional-de-apoio-a-palestina\/","name":"ACAMPA SOLICITA A TODOS OS CONCELLOS DA COMARCA CORU\u00d1ESA UNHA DECLARACI\u00d3N INSTITUCIONAL DE APOIO A PALESTINA | Rede Acampa - Por la paz y el derecho a refugio","isPartOf":{"@id":"https:\/\/blog.redeacampa.org\/gl\/#website"},"primaryImageOfPage":{"@id":"https:\/\/blog.redeacampa.org\/gl\/acampa-solicita-a-todos-os-concellos-da-comarca-corunesa-unha-declaracion-institucional-de-apoio-a-palestina\/#primaryimage"},"image":{"@id":"https:\/\/blog.redeacampa.org\/gl\/acampa-solicita-a-todos-os-concellos-da-comarca-corunesa-unha-declaracion-institucional-de-apoio-a-palestina\/#primaryimage"},"thumbnailUrl":"https:\/\/blog.redeacampa.org\/wp-content\/uploads\/Cartel-sin-logos-para-redes-1.jpg","datePublished":"2024-05-16T07:43:29+00:00","author":{"@id":"https:\/\/blog.redeacampa.org\/gl\/#\/schema\/person\/4af0729a8614cbed1e7078bcc7be966b"},"breadcrumb":{"@id":"https:\/\/blog.redeacampa.org\/gl\/acampa-solicita-a-todos-os-concellos-da-comarca-corunesa-unha-declaracion-institucional-de-apoio-a-palestina\/#breadcrumb"},"inLanguage":"gl-ES","potentialAction":[{"@type":"ReadAction","target":["https:\/\/blog.redeacampa.org\/gl\/acampa-solicita-a-todos-os-concellos-da-comarca-corunesa-unha-declaracion-institucional-de-apoio-a-palestina\/"]}]},{"@type":"ImageObject","inLanguage":"gl-ES","@id":"https:\/\/blog.redeacampa.org\/gl\/acampa-solicita-a-todos-os-concellos-da-comarca-corunesa-unha-declaracion-institucional-de-apoio-a-palestina\/#primaryimage","url":"https:\/\/blog.redeacampa.org\/wp-content\/uploads\/Cartel-sin-logos-para-redes-1.jpg","contentUrl":"https:\/\/blog.redeacampa.org\/wp-content\/uploads\/Cartel-sin-logos-para-redes-1.jpg","width":1110,"height":1394},{"@type":"BreadcrumbList","@id":"https:\/\/blog.redeacampa.org\/gl\/acampa-solicita-a-todos-os-concellos-da-comarca-corunesa-unha-declaracion-institucional-de-apoio-a-palestina\/#breadcrumb","itemListElement":[{"@type":"ListItem","position":1,"name":"Portada","item":"https:\/\/blog.redeacampa.org\/gl\/"},{"@type":"ListItem","position":2,"name":"ACAMPA SOLICITA A TODOS OS CONCELLOS DA COMARCA CORU\u00d1ESA UNHA DECLARACI\u00d3N INSTITUCIONAL DE APOIO A PALESTINA"}]},{"@type":"WebSite","@id":"https:\/\/blog.redeacampa.org\/gl\/#website","url":"https:\/\/blog.redeacampa.org\/gl\/","name":"Rede Acampa - Por la paz y el derecho a refugio","description":"Una iniciativa ciudadana sin fines de lucro integrada por colectivos sociales, culturales, educativos, veci\u00f1ales, pol\u00edticos, sindicales, art\u00edsticos, de personas solidarias, de instituciones y empresas con responsabilidad social que tienen como objetivo la defensa de los derechos humanos, el Derecho Internacional Humanitario y el Derecho a Refugio","potentialAction":[{"@type":"SearchAction","target":{"@type":"EntryPoint","urlTemplate":"https:\/\/blog.redeacampa.org\/gl\/?s={search_term_string}"},"query-input":{"@type":"PropertyValueSpecification","valueRequired":true,"valueName":"search_term_string"}}],"inLanguage":"gl-ES"},{"@type":"Person","@id":"https:\/\/blog.redeacampa.org\/gl\/#\/schema\/person\/4af0729a8614cbed1e7078bcc7be966b","name":"Comunicaci\u00f3n","image":{"@type":"ImageObject","inLanguage":"gl-ES","@id":"https:\/\/secure.gravatar.com\/avatar\/8e8fea06f5f2696e331aacd588d2000164152c9aa47459d1e52be3c1ab5f5ca5?s=96&d=mm&r=g","url":"https:\/\/secure.gravatar.com\/avatar\/8e8fea06f5f2696e331aacd588d2000164152c9aa47459d1e52be3c1ab5f5ca5?s=96&d=mm&r=g","contentUrl":"https:\/\/secure.gravatar.com\/avatar\/8e8fea06f5f2696e331aacd588d2000164152c9aa47459d1e52be3c1ab5f5ca5?s=96&d=mm&r=g","caption":"Comunicaci\u00f3n"}}]}},"_links":{"self":[{"href":"https:\/\/blog.redeacampa.org\/gl\/wp-json\/wp\/v2\/posts\/39139","targetHints":{"allow":["GET"]}}],"collection":[{"href":"https:\/\/blog.redeacampa.org\/gl\/wp-json\/wp\/v2\/posts"}],"about":[{"href":"https:\/\/blog.redeacampa.org\/gl\/wp-json\/wp\/v2\/types\/post"}],"author":[{"embeddable":true,"href":"https:\/\/blog.redeacampa.org\/gl\/wp-json\/wp\/v2\/users\/25"}],"replies":[{"embeddable":true,"href":"https:\/\/blog.redeacampa.org\/gl\/wp-json\/wp\/v2\/comments?post=39139"}],"version-history":[{"count":2,"href":"https:\/\/blog.redeacampa.org\/gl\/wp-json\/wp\/v2\/posts\/39139\/revisions"}],"predecessor-version":[{"id":39143,"href":"https:\/\/blog.redeacampa.org\/gl\/wp-json\/wp\/v2\/posts\/39139\/revisions\/39143"}],"wp:featuredmedia":[{"embeddable":true,"href":"https:\/\/blog.redeacampa.org\/gl\/wp-json\/wp\/v2\/media\/39140"}],"wp:attachment":[{"href":"https:\/\/blog.redeacampa.org\/gl\/wp-json\/wp\/v2\/media?parent=39139"}],"wp:term":[{"taxonomy":"category","embeddable":true,"href":"https:\/\/blog.redeacampa.org\/gl\/wp-json\/wp\/v2\/categories?post=39139"},{"taxonomy":"post_tag","embeddable":true,"href":"https:\/\/blog.redeacampa.org\/gl\/wp-json\/wp\/v2\/tags?post=39139"}],"curies":[{"name":"wp","href":"https:\/\/api.w.org\/{rel}","templated":true}]}}